{"id":56389,"date":"2019-10-29T14:39:15","date_gmt":"2019-10-29T14:39:15","guid":{"rendered":"https:\/\/copealcoi.es\/?p=56389"},"modified":"2019-10-29T14:39:15","modified_gmt":"2019-10-29T14:39:15","slug":"maria-albero-la-alcoyana-que-esta-detras-de-saboreanda","status":"publish","type":"post","link":"https:\/\/www.copealcoy.es\/es\/maria-albero-la-alcoyana-que-esta-detras-de-saboreanda\/","title":{"rendered":"Mar\u00eda Albero, la alcoyana que est\u00e1 detr\u00e1s de Saboreanda"},"content":{"rendered":"<p style=\"text-align: justify;\">La alcoyana <strong>Mar\u00eda Albero<\/strong> es <strong>la impulsora del proyecto gastron\u00f3mico &#8216;Saboreanda&#8217;<\/strong>, un Blog destinado a dar a conocer <strong>las recetas de los platos que se elaboran en estas tierras<\/strong> enclavadas a las faldas de la Serra de Mariola. Albero ha pasado por #LaMa\u00f1anaEnAlcoy y nos ha contado en COPE ALCOY que <strong>lleva m\u00e1s de dos a\u00f1os haciendo realidad un sue\u00f1o<\/strong> que ahora cuenta con <strong>una gran repercusi\u00f3n<\/strong> a trav\u00e9s de las plataformas digitales &#8220;<em>a mi siempre me ha gustado cocinar e incluso cuando sal\u00eda por ah\u00ed de viaje ten\u00eda la costumbre de hacer fotos a todos los men\u00fas que probaba para compartirlas en Instagram. Esto me llev\u00f3 a lanzar mi propio blog como herramienta para difundir aquellas recetas que hacemos en nuestra zona y que est\u00e1n elaboradas por productos de proximidad<\/em>&#8220;, afirma.<\/p>\n<p style=\"text-align: justify;\">Mar\u00eda Albero, adem\u00e1s del Blog, difunde todo su contenido por <strong>Facebook e Instagram<\/strong> y cuenta con <strong>gran cantidad de personas<\/strong> que siguen todo<strong> lo que nos ofrece a diario<\/strong> por estos canales. Adem\u00e1s, recientemente, gan\u00f3 el concurso de Canal Cocina y esto le permiti\u00f3 que<strong> poder mostrar por la televisi\u00f3n<\/strong> todo lo que hace &#8220;<em>incluso vinieron a grabar a Alcoy para captar mi d\u00eda a d\u00eda. Ha sido una experiencia fant\u00e1stica que me ha permitido estar cerca de personas tan interesantes como Jordi Cruz y estoy muy contenta de todo lo que me est\u00e1 permitiendo conocer la actividad profesional que desempelo<\/em>&#8220;, asever\u00f3.<\/p>\n<p style=\"text-align: justify;\">Pod\u00e9is seguir Saboreanda en el <a href=\"https:\/\/www.saboreanda.com\">blog<\/a> de Mar\u00eda Albero, <strong>una herramienta muy \u00fatil para aprender a cocinar y apreciar<\/strong> todo lo bueno que nos ofrece la gastronom\u00eda de nuestra tierra.<\/p>\n","protected":false},"excerpt":{"rendered":"<p>La alcoyana Mar\u00eda Albero es la impulsora del proyecto gastron\u00f3mico &#8216;Saboreanda&#8217;, un Blog destinado a dar a conocer las recetas&#8230;<\/p>\n","protected":false},"author":1,"featured_media":56388,"comment_status":"open","ping_status":"open","sticky":false,"template":"","format":"standard","meta":{"footnotes":""},"categories":[97,75],"tags":[2554,9369,716,9370,9371],"class_list":["post-56389","post","type-post","status-publish","format-standard","has-post-thumbnail","hentry","category-alcoy","category-noticias","tag-alcoyana","tag-blog","tag-gastronomia","tag-maria-albero","tag-saboreanda"],"yoast_head":"<!-- This site is optimized with the Yoast SEO plugin v27.3 - https:\/\/yoast.com\/product\/yoast-seo-wordpress\/ -->\n<title>Mar\u00eda Albero, la alcoyana que est\u00e1 detr\u00e1s de Saboreanda - COPE Alcoy<\/title>\n<meta name=\"robots\" content=\"index, follow, max-snippet:-1, max-image-preview:large, max-video-preview:-1\" \/>\n<link rel=\"canonical\" href=\"https:\/\/www.copealcoy.es\/es\/maria-albero-la-alcoyana-que-esta-detras-de-saboreanda\/\" \/>\n<meta property=\"og:locale\" content=\"es_ES\" \/>\n<meta property=\"og:type\" content=\"article\" \/>\n<meta property=\"og:title\" content=\"Mar\u00eda Albero, la alcoyana que est\u00e1 detr\u00e1s de Saboreanda - COPE Alcoy\" \/>\n<meta property=\"og:description\" content=\"La alcoyana Mar\u00eda Albero es la impulsora del proyecto gastron\u00f3mico &#8216;Saboreanda&#8217;, un Blog destinado a dar a conocer las recetas...\" \/>\n<meta property=\"og:url\" content=\"https:\/\/www.copealcoy.es\/es\/maria-albero-la-alcoyana-que-esta-detras-de-saboreanda\/\" \/>\n<meta property=\"og:site_name\" content=\"COPE Alcoy\" \/>\n<meta property=\"article:published_time\" content=\"2019-10-29T14:39:15+00:00\" \/>\n<meta name=\"author\" content=\"Cope Alcoy\" \/>\n<meta name=\"twitter:label1\" content=\"Escrito por\" \/>\n\t<meta name=\"twitter:data1\" content=\"Cope Alcoy\" \/>\n\t<meta name=\"twitter:label2\" content=\"Tiempo de lectura\" \/>\n\t<meta name=\"twitter:data2\" content=\"1 minuto\" \/>\n<script type=\"application\/ld+json\" class=\"yoast-schema-graph\">{\"@context\":\"https:\\\/\\\/schema.org\",\"@graph\":[{\"@type\":\"Article\",\"@id\":\"https:\\\/\\\/www.copealcoy.es\\\/es\\\/maria-albero-la-alcoyana-que-esta-detras-de-saboreanda\\\/#article\",\"isPartOf\":{\"@id\":\"https:\\\/\\\/www.copealcoy.es\\\/es\\\/maria-albero-la-alcoyana-que-esta-detras-de-saboreanda\\\/\"},\"author\":{\"name\":\"Cope Alcoy\",\"@id\":\"https:\\\/\\\/www.copealcoy.es\\\/es\\\/#\\\/schema\\\/person\\\/e777c87fa024e57d40170af9df39882c\"},\"headline\":\"Mar\u00eda Albero, la alcoyana que est\u00e1 detr\u00e1s de Saboreanda\",\"datePublished\":\"2019-10-29T14:39:15+00:00\",\"mainEntityOfPage\":{\"@id\":\"https:\\\/\\\/www.copealcoy.es\\\/es\\\/maria-albero-la-alcoyana-que-esta-detras-de-saboreanda\\\/\"},\"wordCount\":297,\"commentCount\":0,\"image\":{\"@id\":\"https:\\\/\\\/www.copealcoy.es\\\/es\\\/maria-albero-la-alcoyana-que-esta-detras-de-saboreanda\\\/#primaryimage\"},\"thumbnailUrl\":\"\",\"keywords\":[\"alcoyana\",\"Blog\",\"Gastronom\u00eda\",\"Mar\u00eda Albero\",\"Saboreanda\"],\"articleSection\":[\"Alcoy\",\"Noticias\"],\"inLanguage\":\"es\"},{\"@type\":\"WebPage\",\"@id\":\"https:\\\/\\\/www.copealcoy.es\\\/es\\\/maria-albero-la-alcoyana-que-esta-detras-de-saboreanda\\\/\",\"url\":\"https:\\\/\\\/www.copealcoy.es\\\/es\\\/maria-albero-la-alcoyana-que-esta-detras-de-saboreanda\\\/\",\"name\":\"Mar\u00eda Albero, la alcoyana que est\u00e1 detr\u00e1s de Saboreanda - COPE Alcoy\",\"isPartOf\":{\"@id\":\"https:\\\/\\\/www.copealcoy.es\\\/es\\\/#website\"},\"primaryImageOfPage\":{\"@id\":\"https:\\\/\\\/www.copealcoy.es\\\/es\\\/maria-albero-la-alcoyana-que-esta-detras-de-saboreanda\\\/#primaryimage\"},\"image\":{\"@id\":\"https:\\\/\\\/www.copealcoy.es\\\/es\\\/maria-albero-la-alcoyana-que-esta-detras-de-saboreanda\\\/#primaryimage\"},\"thumbnailUrl\":\"\",\"datePublished\":\"2019-10-29T14:39:15+00:00\",\"author\":{\"@id\":\"https:\\\/\\\/www.copealcoy.es\\\/es\\\/#\\\/schema\\\/person\\\/e777c87fa024e57d40170af9df39882c\"},\"breadcrumb\":{\"@id\":\"https:\\\/\\\/www.copealcoy.es\\\/es\\\/maria-albero-la-alcoyana-que-esta-detras-de-saboreanda\\\/#breadcrumb\"},\"inLanguage\":\"es\",\"potentialAction\":[{\"@type\":\"ReadAction\",\"target\":[\"https:\\\/\\\/www.copealcoy.es\\\/es\\\/maria-albero-la-alcoyana-que-esta-detras-de-saboreanda\\\/\"]}]},{\"@type\":\"ImageObject\",\"inLanguage\":\"es\",\"@id\":\"https:\\\/\\\/www.copealcoy.es\\\/es\\\/maria-albero-la-alcoyana-que-esta-detras-de-saboreanda\\\/#primaryimage\",\"url\":\"\",\"contentUrl\":\"\"},{\"@type\":\"BreadcrumbList\",\"@id\":\"https:\\\/\\\/www.copealcoy.es\\\/es\\\/maria-albero-la-alcoyana-que-esta-detras-de-saboreanda\\\/#breadcrumb\",\"itemListElement\":[{\"@type\":\"ListItem\",\"position\":1,\"name\":\"Portada\",\"item\":\"https:\\\/\\\/www.copealcoy.es\\\/es\\\/\"},{\"@type\":\"ListItem\",\"position\":2,\"name\":\"Mar\u00eda Albero, la alcoyana que est\u00e1 detr\u00e1s de Saboreanda\"}]},{\"@type\":\"WebSite\",\"@id\":\"https:\\\/\\\/www.copealcoy.es\\\/es\\\/#website\",\"url\":\"https:\\\/\\\/www.copealcoy.es\\\/es\\\/\",\"name\":\"COPE Alcoy\",\"description\":\"Emisora COPE de radio local con emisi\u00f3n online. Pont de Sant Jordi 8-10 03803 Alcoy\",\"potentialAction\":[{\"@type\":\"SearchAction\",\"target\":{\"@type\":\"EntryPoint\",\"urlTemplate\":\"https:\\\/\\\/www.copealcoy.es\\\/es\\\/?s={search_term_string}\"},\"query-input\":{\"@type\":\"PropertyValueSpecification\",\"valueRequired\":true,\"valueName\":\"search_term_string\"}}],\"inLanguage\":\"es\"},{\"@type\":\"Person\",\"@id\":\"https:\\\/\\\/www.copealcoy.es\\\/es\\\/#\\\/schema\\\/person\\\/e777c87fa024e57d40170af9df39882c\",\"name\":\"Cope Alcoy\",\"image\":{\"@type\":\"ImageObject\",\"inLanguage\":\"es\",\"@id\":\"https:\\\/\\\/secure.gravatar.com\\\/avatar\\\/bb65d0283347e303893ba14f0692005417c1e0e690a325a4c5d8bb2b3943ee14?s=96&d=mm&r=g\",\"url\":\"https:\\\/\\\/secure.gravatar.com\\\/avatar\\\/bb65d0283347e303893ba14f0692005417c1e0e690a325a4c5d8bb2b3943ee14?s=96&d=mm&r=g\",\"contentUrl\":\"https:\\\/\\\/secure.gravatar.com\\\/avatar\\\/bb65d0283347e303893ba14f0692005417c1e0e690a325a4c5d8bb2b3943ee14?s=96&d=mm&r=g\",\"caption\":\"Cope Alcoy\"}}]}<\/script>\n<!-- \/ Yoast SEO plugin. -->","yoast_head_json":{"title":"Mar\u00eda Albero, la alcoyana que est\u00e1 detr\u00e1s de Saboreanda - COPE Alcoy","robots":{"index":"index","follow":"follow","max-snippet":"max-snippet:-1","max-image-preview":"max-image-preview:large","max-video-preview":"max-video-preview:-1"},"canonical":"https:\/\/www.copealcoy.es\/es\/maria-albero-la-alcoyana-que-esta-detras-de-saboreanda\/","og_locale":"es_ES","og_type":"article","og_title":"Mar\u00eda Albero, la alcoyana que est\u00e1 detr\u00e1s de Saboreanda - COPE Alcoy","og_description":"La alcoyana Mar\u00eda Albero es la impulsora del proyecto gastron\u00f3mico &#8216;Saboreanda&#8217;, un Blog destinado a dar a conocer las recetas...","og_url":"https:\/\/www.copealcoy.es\/es\/maria-albero-la-alcoyana-que-esta-detras-de-saboreanda\/","og_site_name":"COPE Alcoy","article_published_time":"2019-10-29T14:39:15+00:00","author":"Cope Alcoy","twitter_misc":{"Escrito por":"Cope Alcoy","Tiempo de lectura":"1 minuto"},"schema":{"@context":"https:\/\/schema.org","@graph":[{"@type":"Article","@id":"https:\/\/www.copealcoy.es\/es\/maria-albero-la-alcoyana-que-esta-detras-de-saboreanda\/#article","isPartOf":{"@id":"https:\/\/www.copealcoy.es\/es\/maria-albero-la-alcoyana-que-esta-detras-de-saboreanda\/"},"author":{"name":"Cope Alcoy","@id":"https:\/\/www.copealcoy.es\/es\/#\/schema\/person\/e777c87fa024e57d40170af9df39882c"},"headline":"Mar\u00eda Albero, la alcoyana que est\u00e1 detr\u00e1s de Saboreanda","datePublished":"2019-10-29T14:39:15+00:00","mainEntityOfPage":{"@id":"https:\/\/www.copealcoy.es\/es\/maria-albero-la-alcoyana-que-esta-detras-de-saboreanda\/"},"wordCount":297,"commentCount":0,"image":{"@id":"https:\/\/www.copealcoy.es\/es\/maria-albero-la-alcoyana-que-esta-detras-de-saboreanda\/#primaryimage"},"thumbnailUrl":"","keywords":["alcoyana","Blog","Gastronom\u00eda","Mar\u00eda Albero","Saboreanda"],"articleSection":["Alcoy","Noticias"],"inLanguage":"es"},{"@type":"WebPage","@id":"https:\/\/www.copealcoy.es\/es\/maria-albero-la-alcoyana-que-esta-detras-de-saboreanda\/","url":"https:\/\/www.copealcoy.es\/es\/maria-albero-la-alcoyana-que-esta-detras-de-saboreanda\/","name":"Mar\u00eda Albero, la alcoyana que est\u00e1 detr\u00e1s de Saboreanda - COPE Alcoy","isPartOf":{"@id":"https:\/\/www.copealcoy.es\/es\/#website"},"primaryImageOfPage":{"@id":"https:\/\/www.copealcoy.es\/es\/maria-albero-la-alcoyana-que-esta-detras-de-saboreanda\/#primaryimage"},"image":{"@id":"https:\/\/www.copealcoy.es\/es\/maria-albero-la-alcoyana-que-esta-detras-de-saboreanda\/#primaryimage"},"thumbnailUrl":"","datePublished":"2019-10-29T14:39:15+00:00","author":{"@id":"https:\/\/www.copealcoy.es\/es\/#\/schema\/person\/e777c87fa024e57d40170af9df39882c"},"breadcrumb":{"@id":"https:\/\/www.copealcoy.es\/es\/maria-albero-la-alcoyana-que-esta-detras-de-saboreanda\/#breadcrumb"},"inLanguage":"es","potentialAction":[{"@type":"ReadAction","target":["https:\/\/www.copealcoy.es\/es\/maria-albero-la-alcoyana-que-esta-detras-de-saboreanda\/"]}]},{"@type":"ImageObject","inLanguage":"es","@id":"https:\/\/www.copealcoy.es\/es\/maria-albero-la-alcoyana-que-esta-detras-de-saboreanda\/#primaryimage","url":"","contentUrl":""},{"@type":"BreadcrumbList","@id":"https:\/\/www.copealcoy.es\/es\/maria-albero-la-alcoyana-que-esta-detras-de-saboreanda\/#breadcrumb","itemListElement":[{"@type":"ListItem","position":1,"name":"Portada","item":"https:\/\/www.copealcoy.es\/es\/"},{"@type":"ListItem","position":2,"name":"Mar\u00eda Albero, la alcoyana que est\u00e1 detr\u00e1s de Saboreanda"}]},{"@type":"WebSite","@id":"https:\/\/www.copealcoy.es\/es\/#website","url":"https:\/\/www.copealcoy.es\/es\/","name":"COPE Alcoy","description":"Emisora COPE de radio local con emisi\u00f3n online. Pont de Sant Jordi 8-10 03803 Alcoy","potentialAction":[{"@type":"SearchAction","target":{"@type":"EntryPoint","urlTemplate":"https:\/\/www.copealcoy.es\/es\/?s={search_term_string}"},"query-input":{"@type":"PropertyValueSpecification","valueRequired":true,"valueName":"search_term_string"}}],"inLanguage":"es"},{"@type":"Person","@id":"https:\/\/www.copealcoy.es\/es\/#\/schema\/person\/e777c87fa024e57d40170af9df39882c","name":"Cope Alcoy","image":{"@type":"ImageObject","inLanguage":"es","@id":"https:\/\/secure.gravatar.com\/avatar\/bb65d0283347e303893ba14f0692005417c1e0e690a325a4c5d8bb2b3943ee14?s=96&d=mm&r=g","url":"https:\/\/secure.gravatar.com\/avatar\/bb65d0283347e303893ba14f0692005417c1e0e690a325a4c5d8bb2b3943ee14?s=96&d=mm&r=g","contentUrl":"https:\/\/secure.gravatar.com\/avatar\/bb65d0283347e303893ba14f0692005417c1e0e690a325a4c5d8bb2b3943ee14?s=96&d=mm&r=g","caption":"Cope Alcoy"}}]}},"_links":{"self":[{"href":"https:\/\/www.copealcoy.es\/es\/wp-json\/wp\/v2\/posts\/56389","targetHints":{"allow":["GET"]}}],"collection":[{"href":"https:\/\/www.copealcoy.es\/es\/wp-json\/wp\/v2\/posts"}],"about":[{"href":"https:\/\/www.copealcoy.es\/es\/wp-json\/wp\/v2\/types\/post"}],"author":[{"embeddable":true,"href":"https:\/\/www.copealcoy.es\/es\/wp-json\/wp\/v2\/users\/1"}],"replies":[{"embeddable":true,"href":"https:\/\/www.copealcoy.es\/es\/wp-json\/wp\/v2\/comments?post=56389"}],"version-history":[{"count":0,"href":"https:\/\/www.copealcoy.es\/es\/wp-json\/wp\/v2\/posts\/56389\/revisions"}],"wp:featuredmedia":[{"embeddable":true,"href":"https:\/\/www.copealcoy.es\/es\/wp-json\/"}],"wp:attachment":[{"href":"https:\/\/www.copealcoy.es\/es\/wp-json\/wp\/v2\/media?parent=56389"}],"wp:term":[{"taxonomy":"category","embeddable":true,"href":"https:\/\/www.copealcoy.es\/es\/wp-json\/wp\/v2\/categories?post=56389"},{"taxonomy":"post_tag","embeddable":true,"href":"https:\/\/www.copealcoy.es\/es\/wp-json\/wp\/v2\/tags?post=56389"}],"curies":[{"name":"wp","href":"https:\/\/api.w.org\/{rel}","templated":true}]}}