{"id":56331,"date":"2019-10-28T14:48:28","date_gmt":"2019-10-28T14:48:28","guid":{"rendered":"https:\/\/copealcoi.es\/?p=56331"},"modified":"2019-10-28T14:48:28","modified_gmt":"2019-10-28T14:48:28","slug":"la-fira-se-adapta-a-las-personas-con-movilidad-reducida","status":"publish","type":"post","link":"https:\/\/www.copealcoy.es\/es\/la-fira-se-adapta-a-las-personas-con-movilidad-reducida\/","title":{"rendered":"La Fira se adapta a las personas con movilidad reducida"},"content":{"rendered":"<p style=\"text-align: justify;\">La <strong>Fira de Tots Sants de Cocentaina<\/strong> contar\u00e1 este a\u00f1o con <strong>diferentes medidas<\/strong> para <strong>facilitar la visita de las persones con movilidad reducida<\/strong>. Una de las iniciativas m\u00e1s destacadas, seg\u00fan informa el \u00e1rea de Fira del Ayuntamiento de la Villa Condal, \u00a0es<strong> la habilitaci\u00f3n de espacios <\/strong>durante las actuaciones en las zonas de <em>Fira i Festa<\/em>, <em>Petit Palau<\/em>, <em>Palau a Escena<\/em>, <em>Sol a Sol\u00a0<\/em>o la\u00a0Monta y Doma de Caballos; para que <strong>puedan disfrutar de todas ellas con las mejores condiciones<\/strong>.\u00a0Adem\u00e1s, en los planos informativos estar\u00e1n marcadas <strong>las calles m\u00e1s apropiadas<\/strong> para poder circular con facilidad y todas aquellas personas que lo necesiten podr\u00e1n disponer en los Puntos de Informaci\u00f3n de <strong>accesorios<\/strong> que faciliten la movilidad.<\/p>\n<p style=\"text-align: justify;\">La concejala de Fira, <strong>Mariona Carbonell<\/strong>, valora muy positivamente l<strong>a aplicaci\u00f3n de estas medidas<\/strong> y recuerda que el Certamen contestano <strong>avanza ahora hacia la sostenibilidad y la inclusi\u00f3n<\/strong> &#8220;<em>queremos que todas las personas puedan disfrutar de nuestra feria con las mismas condiciones, y cada edici\u00f3n intentamos adaptarnos a las posibles necesidades&#8221;, asevera<\/em>. Todas estas medidas se suman a las que ya se estaban realizando en ediciones anteriores, como <strong>el aparcamiento de Textiflok para personas con discapacidad<\/strong>, o<strong> los servicios adaptados<\/strong> &#8220;<em>este a\u00f1o hemos aumentado este tipo de lavabos y en total hay once repartidos por todo el per\u00edmetro de la Fira&#8221;, <\/em>indica.<\/p>\n<p style=\"text-align: justify;\">Apuntar que al margen de esto <strong>se aplicar\u00e1n otras medidas en materia de sostenibilidad<\/strong>. Por ejemplo, en <strong>la calle Alfonso V<\/strong> se habilitar\u00e1 <strong>un aparcamiento para 100 bicicletas el\u00e9ctricas<\/strong> y, adem\u00e1s, en los aparcamientos de la periferia<strong> se seguir\u00e1 dando el servicio de autob\u00fas para desplazarse a la feria<\/strong> y descongestionar la poblaci\u00f3n de veh\u00edculos. Asimismo <strong>se fomenta de nuevo el transporte p\u00fablico<\/strong> con <strong>un aumento de los horarios del tren Valencia-Alcoy<\/strong> mientras que en las zonas de restauraci\u00f3n se repartir\u00e1n <strong>vasos reutilizables<\/strong> para las bebidas. Por \u00faltimo todos los expositores<strong> dispondr\u00e1n de iluminaci\u00f3n de bajo consumo<\/strong> y los Stands institucionales<strong> utilizar\u00e1n materiales renovables<\/strong>.<\/p>\n","protected":false},"excerpt":{"rendered":"<p>La Fira de Tots Sants de Cocentaina contar\u00e1 este a\u00f1o con diferentes medidas para facilitar la visita de las persones&#8230;<\/p>\n","protected":false},"author":1,"featured_media":56332,"comment_status":"open","ping_status":"open","sticky":false,"template":"","format":"standard","meta":{"footnotes":""},"categories":[98,75],"tags":[9360,132,676,2199,5718],"class_list":["post-56331","post","type-post","status-publish","format-standard","has-post-thumbnail","hentry","category-comarcas","category-noticias","tag-adapta","tag-cocentaina","tag-fira","tag-movilidad-reducida","tag-personas"],"yoast_head":"<!-- This site is optimized with the Yoast SEO plugin v27.3 - https:\/\/yoast.com\/product\/yoast-seo-wordpress\/ -->\n<title>La Fira se adapta a las personas con movilidad reducida - COPE Alcoy<\/title>\n<meta name=\"robots\" content=\"index, follow, max-snippet:-1, max-image-preview:large, max-video-preview:-1\" \/>\n<link rel=\"canonical\" href=\"https:\/\/www.copealcoy.es\/es\/la-fira-se-adapta-a-las-personas-con-movilidad-reducida\/\" \/>\n<meta property=\"og:locale\" content=\"es_ES\" \/>\n<meta property=\"og:type\" content=\"article\" \/>\n<meta property=\"og:title\" content=\"La Fira se adapta a las personas con movilidad reducida - COPE Alcoy\" \/>\n<meta property=\"og:description\" content=\"La Fira de Tots Sants de Cocentaina contar\u00e1 este a\u00f1o con diferentes medidas para facilitar la visita de las persones...\" \/>\n<meta property=\"og:url\" content=\"https:\/\/www.copealcoy.es\/es\/la-fira-se-adapta-a-las-personas-con-movilidad-reducida\/\" \/>\n<meta property=\"og:site_name\" content=\"COPE Alcoy\" \/>\n<meta property=\"article:published_time\" content=\"2019-10-28T14:48:28+00:00\" \/>\n<meta name=\"author\" content=\"Cope Alcoy\" \/>\n<meta name=\"twitter:label1\" content=\"Escrito por\" \/>\n\t<meta name=\"twitter:data1\" content=\"Cope Alcoy\" \/>\n\t<meta name=\"twitter:label2\" content=\"Tiempo de lectura\" \/>\n\t<meta name=\"twitter:data2\" content=\"2 minutos\" \/>\n<script type=\"application\/ld+json\" class=\"yoast-schema-graph\">{\"@context\":\"https:\\\/\\\/schema.org\",\"@graph\":[{\"@type\":\"Article\",\"@id\":\"https:\\\/\\\/www.copealcoy.es\\\/es\\\/la-fira-se-adapta-a-las-personas-con-movilidad-reducida\\\/#article\",\"isPartOf\":{\"@id\":\"https:\\\/\\\/www.copealcoy.es\\\/es\\\/la-fira-se-adapta-a-las-personas-con-movilidad-reducida\\\/\"},\"author\":{\"name\":\"Cope Alcoy\",\"@id\":\"https:\\\/\\\/www.copealcoy.es\\\/es\\\/#\\\/schema\\\/person\\\/e777c87fa024e57d40170af9df39882c\"},\"headline\":\"La Fira se adapta a las personas con movilidad reducida\",\"datePublished\":\"2019-10-28T14:48:28+00:00\",\"mainEntityOfPage\":{\"@id\":\"https:\\\/\\\/www.copealcoy.es\\\/es\\\/la-fira-se-adapta-a-las-personas-con-movilidad-reducida\\\/\"},\"wordCount\":359,\"commentCount\":0,\"image\":{\"@id\":\"https:\\\/\\\/www.copealcoy.es\\\/es\\\/la-fira-se-adapta-a-las-personas-con-movilidad-reducida\\\/#primaryimage\"},\"thumbnailUrl\":\"\",\"keywords\":[\"adapta\",\"Cocentaina\",\"Fira\",\"Movilidad Reducida\",\"personas\"],\"articleSection\":[\"Comarcas\",\"Noticias\"],\"inLanguage\":\"es\"},{\"@type\":\"WebPage\",\"@id\":\"https:\\\/\\\/www.copealcoy.es\\\/es\\\/la-fira-se-adapta-a-las-personas-con-movilidad-reducida\\\/\",\"url\":\"https:\\\/\\\/www.copealcoy.es\\\/es\\\/la-fira-se-adapta-a-las-personas-con-movilidad-reducida\\\/\",\"name\":\"La Fira se adapta a las personas con movilidad reducida - COPE Alcoy\",\"isPartOf\":{\"@id\":\"https:\\\/\\\/www.copealcoy.es\\\/es\\\/#website\"},\"primaryImageOfPage\":{\"@id\":\"https:\\\/\\\/www.copealcoy.es\\\/es\\\/la-fira-se-adapta-a-las-personas-con-movilidad-reducida\\\/#primaryimage\"},\"image\":{\"@id\":\"https:\\\/\\\/www.copealcoy.es\\\/es\\\/la-fira-se-adapta-a-las-personas-con-movilidad-reducida\\\/#primaryimage\"},\"thumbnailUrl\":\"\",\"datePublished\":\"2019-10-28T14:48:28+00:00\",\"author\":{\"@id\":\"https:\\\/\\\/www.copealcoy.es\\\/es\\\/#\\\/schema\\\/person\\\/e777c87fa024e57d40170af9df39882c\"},\"breadcrumb\":{\"@id\":\"https:\\\/\\\/www.copealcoy.es\\\/es\\\/la-fira-se-adapta-a-las-personas-con-movilidad-reducida\\\/#breadcrumb\"},\"inLanguage\":\"es\",\"potentialAction\":[{\"@type\":\"ReadAction\",\"target\":[\"https:\\\/\\\/www.copealcoy.es\\\/es\\\/la-fira-se-adapta-a-las-personas-con-movilidad-reducida\\\/\"]}]},{\"@type\":\"ImageObject\",\"inLanguage\":\"es\",\"@id\":\"https:\\\/\\\/www.copealcoy.es\\\/es\\\/la-fira-se-adapta-a-las-personas-con-movilidad-reducida\\\/#primaryimage\",\"url\":\"\",\"contentUrl\":\"\"},{\"@type\":\"BreadcrumbList\",\"@id\":\"https:\\\/\\\/www.copealcoy.es\\\/es\\\/la-fira-se-adapta-a-las-personas-con-movilidad-reducida\\\/#breadcrumb\",\"itemListElement\":[{\"@type\":\"ListItem\",\"position\":1,\"name\":\"Portada\",\"item\":\"https:\\\/\\\/www.copealcoy.es\\\/es\\\/\"},{\"@type\":\"ListItem\",\"position\":2,\"name\":\"La Fira se adapta a las personas con movilidad reducida\"}]},{\"@type\":\"WebSite\",\"@id\":\"https:\\\/\\\/www.copealcoy.es\\\/es\\\/#website\",\"url\":\"https:\\\/\\\/www.copealcoy.es\\\/es\\\/\",\"name\":\"COPE Alcoy\",\"description\":\"Emisora COPE de radio local con emisi\u00f3n online. Pont de Sant Jordi 8-10 03803 Alcoy\",\"potentialAction\":[{\"@type\":\"SearchAction\",\"target\":{\"@type\":\"EntryPoint\",\"urlTemplate\":\"https:\\\/\\\/www.copealcoy.es\\\/es\\\/?s={search_term_string}\"},\"query-input\":{\"@type\":\"PropertyValueSpecification\",\"valueRequired\":true,\"valueName\":\"search_term_string\"}}],\"inLanguage\":\"es\"},{\"@type\":\"Person\",\"@id\":\"https:\\\/\\\/www.copealcoy.es\\\/es\\\/#\\\/schema\\\/person\\\/e777c87fa024e57d40170af9df39882c\",\"name\":\"Cope Alcoy\",\"image\":{\"@type\":\"ImageObject\",\"inLanguage\":\"es\",\"@id\":\"https:\\\/\\\/secure.gravatar.com\\\/avatar\\\/bb65d0283347e303893ba14f0692005417c1e0e690a325a4c5d8bb2b3943ee14?s=96&d=mm&r=g\",\"url\":\"https:\\\/\\\/secure.gravatar.com\\\/avatar\\\/bb65d0283347e303893ba14f0692005417c1e0e690a325a4c5d8bb2b3943ee14?s=96&d=mm&r=g\",\"contentUrl\":\"https:\\\/\\\/secure.gravatar.com\\\/avatar\\\/bb65d0283347e303893ba14f0692005417c1e0e690a325a4c5d8bb2b3943ee14?s=96&d=mm&r=g\",\"caption\":\"Cope Alcoy\"}}]}<\/script>\n<!-- \/ Yoast SEO plugin. -->","yoast_head_json":{"title":"La Fira se adapta a las personas con movilidad reducida - COPE Alcoy","robots":{"index":"index","follow":"follow","max-snippet":"max-snippet:-1","max-image-preview":"max-image-preview:large","max-video-preview":"max-video-preview:-1"},"canonical":"https:\/\/www.copealcoy.es\/es\/la-fira-se-adapta-a-las-personas-con-movilidad-reducida\/","og_locale":"es_ES","og_type":"article","og_title":"La Fira se adapta a las personas con movilidad reducida - COPE Alcoy","og_description":"La Fira de Tots Sants de Cocentaina contar\u00e1 este a\u00f1o con diferentes medidas para facilitar la visita de las persones...","og_url":"https:\/\/www.copealcoy.es\/es\/la-fira-se-adapta-a-las-personas-con-movilidad-reducida\/","og_site_name":"COPE Alcoy","article_published_time":"2019-10-28T14:48:28+00:00","author":"Cope Alcoy","twitter_misc":{"Escrito por":"Cope Alcoy","Tiempo de lectura":"2 minutos"},"schema":{"@context":"https:\/\/schema.org","@graph":[{"@type":"Article","@id":"https:\/\/www.copealcoy.es\/es\/la-fira-se-adapta-a-las-personas-con-movilidad-reducida\/#article","isPartOf":{"@id":"https:\/\/www.copealcoy.es\/es\/la-fira-se-adapta-a-las-personas-con-movilidad-reducida\/"},"author":{"name":"Cope Alcoy","@id":"https:\/\/www.copealcoy.es\/es\/#\/schema\/person\/e777c87fa024e57d40170af9df39882c"},"headline":"La Fira se adapta a las personas con movilidad reducida","datePublished":"2019-10-28T14:48:28+00:00","mainEntityOfPage":{"@id":"https:\/\/www.copealcoy.es\/es\/la-fira-se-adapta-a-las-personas-con-movilidad-reducida\/"},"wordCount":359,"commentCount":0,"image":{"@id":"https:\/\/www.copealcoy.es\/es\/la-fira-se-adapta-a-las-personas-con-movilidad-reducida\/#primaryimage"},"thumbnailUrl":"","keywords":["adapta","Cocentaina","Fira","Movilidad Reducida","personas"],"articleSection":["Comarcas","Noticias"],"inLanguage":"es"},{"@type":"WebPage","@id":"https:\/\/www.copealcoy.es\/es\/la-fira-se-adapta-a-las-personas-con-movilidad-reducida\/","url":"https:\/\/www.copealcoy.es\/es\/la-fira-se-adapta-a-las-personas-con-movilidad-reducida\/","name":"La Fira se adapta a las personas con movilidad reducida - COPE Alcoy","isPartOf":{"@id":"https:\/\/www.copealcoy.es\/es\/#website"},"primaryImageOfPage":{"@id":"https:\/\/www.copealcoy.es\/es\/la-fira-se-adapta-a-las-personas-con-movilidad-reducida\/#primaryimage"},"image":{"@id":"https:\/\/www.copealcoy.es\/es\/la-fira-se-adapta-a-las-personas-con-movilidad-reducida\/#primaryimage"},"thumbnailUrl":"","datePublished":"2019-10-28T14:48:28+00:00","author":{"@id":"https:\/\/www.copealcoy.es\/es\/#\/schema\/person\/e777c87fa024e57d40170af9df39882c"},"breadcrumb":{"@id":"https:\/\/www.copealcoy.es\/es\/la-fira-se-adapta-a-las-personas-con-movilidad-reducida\/#breadcrumb"},"inLanguage":"es","potentialAction":[{"@type":"ReadAction","target":["https:\/\/www.copealcoy.es\/es\/la-fira-se-adapta-a-las-personas-con-movilidad-reducida\/"]}]},{"@type":"ImageObject","inLanguage":"es","@id":"https:\/\/www.copealcoy.es\/es\/la-fira-se-adapta-a-las-personas-con-movilidad-reducida\/#primaryimage","url":"","contentUrl":""},{"@type":"BreadcrumbList","@id":"https:\/\/www.copealcoy.es\/es\/la-fira-se-adapta-a-las-personas-con-movilidad-reducida\/#breadcrumb","itemListElement":[{"@type":"ListItem","position":1,"name":"Portada","item":"https:\/\/www.copealcoy.es\/es\/"},{"@type":"ListItem","position":2,"name":"La Fira se adapta a las personas con movilidad reducida"}]},{"@type":"WebSite","@id":"https:\/\/www.copealcoy.es\/es\/#website","url":"https:\/\/www.copealcoy.es\/es\/","name":"COPE Alcoy","description":"Emisora COPE de radio local con emisi\u00f3n online. Pont de Sant Jordi 8-10 03803 Alcoy","potentialAction":[{"@type":"SearchAction","target":{"@type":"EntryPoint","urlTemplate":"https:\/\/www.copealcoy.es\/es\/?s={search_term_string}"},"query-input":{"@type":"PropertyValueSpecification","valueRequired":true,"valueName":"search_term_string"}}],"inLanguage":"es"},{"@type":"Person","@id":"https:\/\/www.copealcoy.es\/es\/#\/schema\/person\/e777c87fa024e57d40170af9df39882c","name":"Cope Alcoy","image":{"@type":"ImageObject","inLanguage":"es","@id":"https:\/\/secure.gravatar.com\/avatar\/bb65d0283347e303893ba14f0692005417c1e0e690a325a4c5d8bb2b3943ee14?s=96&d=mm&r=g","url":"https:\/\/secure.gravatar.com\/avatar\/bb65d0283347e303893ba14f0692005417c1e0e690a325a4c5d8bb2b3943ee14?s=96&d=mm&r=g","contentUrl":"https:\/\/secure.gravatar.com\/avatar\/bb65d0283347e303893ba14f0692005417c1e0e690a325a4c5d8bb2b3943ee14?s=96&d=mm&r=g","caption":"Cope Alcoy"}}]}},"_links":{"self":[{"href":"https:\/\/www.copealcoy.es\/es\/wp-json\/wp\/v2\/posts\/56331","targetHints":{"allow":["GET"]}}],"collection":[{"href":"https:\/\/www.copealcoy.es\/es\/wp-json\/wp\/v2\/posts"}],"about":[{"href":"https:\/\/www.copealcoy.es\/es\/wp-json\/wp\/v2\/types\/post"}],"author":[{"embeddable":true,"href":"https:\/\/www.copealcoy.es\/es\/wp-json\/wp\/v2\/users\/1"}],"replies":[{"embeddable":true,"href":"https:\/\/www.copealcoy.es\/es\/wp-json\/wp\/v2\/comments?post=56331"}],"version-history":[{"count":0,"href":"https:\/\/www.copealcoy.es\/es\/wp-json\/wp\/v2\/posts\/56331\/revisions"}],"wp:featuredmedia":[{"embeddable":true,"href":"https:\/\/www.copealcoy.es\/es\/wp-json\/"}],"wp:attachment":[{"href":"https:\/\/www.copealcoy.es\/es\/wp-json\/wp\/v2\/media?parent=56331"}],"wp:term":[{"taxonomy":"category","embeddable":true,"href":"https:\/\/www.copealcoy.es\/es\/wp-json\/wp\/v2\/categories?post=56331"},{"taxonomy":"post_tag","embeddable":true,"href":"https:\/\/www.copealcoy.es\/es\/wp-json\/wp\/v2\/tags?post=56331"}],"curies":[{"name":"wp","href":"https:\/\/api.w.org\/{rel}","templated":true}]}}