{"id":56301,"date":"2019-10-25T22:18:44","date_gmt":"2019-10-25T22:18:44","guid":{"rendered":"https:\/\/copealcoi.es\/?p=56301"},"modified":"2019-10-25T22:18:44","modified_gmt":"2019-10-25T22:18:44","slug":"la-fira-estrena-una-amplia-oferta-de-exposiciones-culturales","status":"publish","type":"post","link":"https:\/\/www.copealcoy.es\/es\/la-fira-estrena-una-amplia-oferta-de-exposiciones-culturales\/","title":{"rendered":"La Fira estrena una amplia oferta de exposiciones culturales"},"content":{"rendered":"<p style=\"text-align: justify;\">La <strong>Sala Daurada del Palau Comtal de Cocentaina<\/strong> acogi\u00f3 a \u00faltima hora de la tarde de ayer viernes <strong>la inauguraci\u00f3n oficial de las exposiciones culturales de la Fira de Tots Sants<\/strong>, una cita que presidieron la alcaldesa del municipio, <strong>Mireia Estepa<\/strong>; la edil de Fira, <strong>Mariona Carbonell<\/strong>, y el concejal de Cultura; <strong>Iv\u00e1n Jover<\/strong>.<\/p>\n<p style=\"text-align: justify;\">En la oferta expositiva de este a\u00f1o encontramos una muestra que ahonda en <strong>la embarcaci\u00f3n romana que hallaron en 1999 los buceadores deportivos Jos\u00e9 Bou y Antoine Ferrer<\/strong> y que se podr\u00e1 visitar en la Sala de Actos del Palau Comtal. Adem\u00e1s en la Sala de la Torre de les Monges podremos ver <strong>una exposici\u00f3n centrada en el pintor Jeroni Jacint d\u2019Espinosa<\/strong> y en la Torre Suroeste descubriremos <strong>la historia del Colegio del Convento de los Padres Franciscanos<\/strong> con ocasi\u00f3n de <strong>los 200 a\u00f1os de docencia a ni\u00f1os<\/strong> que celebra el centro educativo en este 2019.<\/p>\n<p style=\"text-align: justify;\">La Sala de Les Finestres del Palau est\u00e1 reservada para <strong>la colecci\u00f3n antol\u00f3gica del recordado escultor contestano Vicent de Pa\u00fal Agull\u00f3<\/strong>, conocido como <em>Agull\u00f3 de Cocentaina<\/em>, y en la Sala de la Biga <strong>Antoni Mir\u00f3 rinde un homenaje a Antonio Gades<\/strong> que fusiona pintura y poes\u00eda. La <strong>Mare de D\u00e9u del Miracle<\/strong> vuelve a estar presente en la Fira con<strong> la apertura del Monasterio de las Clarisas<\/strong> durante los d\u00edas del Certamen as\u00ed como <strong>una exposici\u00f3n en la Capilla de San Antonio Abad<\/strong> centrada en los 500 a\u00f1os de devoci\u00f3n que la Villa Condal le profesa a su patrona. A esto se le une la sexta edici\u00f3n de la muestra<strong> \u2018Espai de Sentiments\u2019<\/strong>, habilitada en la Sala de Armas del Palau, y en la que participan numerosos artistas locales presentando interesantes propuestas en diferentes disciplinas.<\/p>\n<p style=\"text-align: justify;\">Por su parte los m\u00e1s peque\u00f1os tendr\u00e1n a su alcance en el Palau <strong>el llamado \u2018Espai Sambori\u2019<\/strong>, con diferentes propuestas l\u00fadicas y la exposici\u00f3n de los trabajos infantiles presentados a este concurso, al mismo tiempo que en los balcones de la calle Santos M\u00e9dicos la Asociaci\u00f3n ISA <strong>volver\u00e1 a plasmar diferentes aspectos de la Fira en tapices de tela<\/strong>. Este abanico de propuestas culturales se completa con <strong>la apertura de la iglesia de Santa Mar\u00eda<\/strong> para conocer su arte sacro, <strong>la ruta de arte local por los talleres de varios artistas locales<\/strong> y <strong>la cl\u00e1sica exposici\u00f3n de bons\u00e1is<\/strong> que mostrar\u00e1 numerosos ejemplares en el Patronat.<\/p>\n<p style=\"text-align: justify;\">Recordar que la programaci\u00f3n previa a la Fira sigue esta tarde con <strong>el concierto a cargo de la Uni\u00f3n Musical Contestana y la Orquesta de Pulso y P\u00faa La Paloma<\/strong> que tendr\u00e1 lugar en el Auditorio Jos\u00e9 P\u00e9rez Vilaplana a partir de las seis y media de la tarde.<\/p>\n","protected":false},"excerpt":{"rendered":"<p>La Sala Daurada del Palau Comtal de Cocentaina acogi\u00f3 a \u00faltima hora de la tarde de ayer viernes la inauguraci\u00f3n&#8230;<\/p>\n","protected":false},"author":1,"featured_media":56302,"comment_status":"open","ping_status":"open","sticky":false,"template":"","format":"standard","meta":{"footnotes":""},"categories":[98,75],"tags":[132,4817,676,1550,1101],"class_list":["post-56301","post","type-post","status-publish","format-standard","has-post-thumbnail","hentry","category-comarcas","category-noticias","tag-cocentaina","tag-exposiciones-culturales","tag-fira","tag-inauguracion","tag-oferta"],"yoast_head":"<!-- This site is optimized with the Yoast SEO plugin v27.3 - https:\/\/yoast.com\/product\/yoast-seo-wordpress\/ -->\n<title>La Fira estrena una amplia oferta de exposiciones culturales - COPE Alcoy<\/title>\n<meta name=\"robots\" content=\"index, follow, max-snippet:-1, max-image-preview:large, max-video-preview:-1\" \/>\n<link rel=\"canonical\" href=\"https:\/\/www.copealcoy.es\/es\/la-fira-estrena-una-amplia-oferta-de-exposiciones-culturales\/\" \/>\n<meta property=\"og:locale\" content=\"es_ES\" \/>\n<meta property=\"og:type\" content=\"article\" \/>\n<meta property=\"og:title\" content=\"La Fira estrena una amplia oferta de exposiciones culturales - COPE Alcoy\" \/>\n<meta property=\"og:description\" content=\"La Sala Daurada del Palau Comtal de Cocentaina acogi\u00f3 a \u00faltima hora de la tarde de ayer viernes la inauguraci\u00f3n...\" \/>\n<meta property=\"og:url\" content=\"https:\/\/www.copealcoy.es\/es\/la-fira-estrena-una-amplia-oferta-de-exposiciones-culturales\/\" \/>\n<meta property=\"og:site_name\" content=\"COPE Alcoy\" \/>\n<meta property=\"article:published_time\" content=\"2019-10-25T22:18:44+00:00\" \/>\n<meta name=\"author\" content=\"Cope Alcoy\" \/>\n<meta name=\"twitter:label1\" content=\"Escrito por\" \/>\n\t<meta name=\"twitter:data1\" content=\"Cope Alcoy\" \/>\n\t<meta name=\"twitter:label2\" content=\"Tiempo de lectura\" \/>\n\t<meta name=\"twitter:data2\" content=\"2 minutos\" \/>\n<script type=\"application\/ld+json\" class=\"yoast-schema-graph\">{\"@context\":\"https:\\\/\\\/schema.org\",\"@graph\":[{\"@type\":\"Article\",\"@id\":\"https:\\\/\\\/www.copealcoy.es\\\/es\\\/la-fira-estrena-una-amplia-oferta-de-exposiciones-culturales\\\/#article\",\"isPartOf\":{\"@id\":\"https:\\\/\\\/www.copealcoy.es\\\/es\\\/la-fira-estrena-una-amplia-oferta-de-exposiciones-culturales\\\/\"},\"author\":{\"name\":\"Cope Alcoy\",\"@id\":\"https:\\\/\\\/www.copealcoy.es\\\/es\\\/#\\\/schema\\\/person\\\/e777c87fa024e57d40170af9df39882c\"},\"headline\":\"La Fira estrena una amplia oferta de exposiciones culturales\",\"datePublished\":\"2019-10-25T22:18:44+00:00\",\"mainEntityOfPage\":{\"@id\":\"https:\\\/\\\/www.copealcoy.es\\\/es\\\/la-fira-estrena-una-amplia-oferta-de-exposiciones-culturales\\\/\"},\"wordCount\":479,\"commentCount\":0,\"image\":{\"@id\":\"https:\\\/\\\/www.copealcoy.es\\\/es\\\/la-fira-estrena-una-amplia-oferta-de-exposiciones-culturales\\\/#primaryimage\"},\"thumbnailUrl\":\"\",\"keywords\":[\"Cocentaina\",\"Exposiciones Culturales\",\"Fira\",\"Inauguraci\u00f3n\",\"oferta\"],\"articleSection\":[\"Comarcas\",\"Noticias\"],\"inLanguage\":\"es\"},{\"@type\":\"WebPage\",\"@id\":\"https:\\\/\\\/www.copealcoy.es\\\/es\\\/la-fira-estrena-una-amplia-oferta-de-exposiciones-culturales\\\/\",\"url\":\"https:\\\/\\\/www.copealcoy.es\\\/es\\\/la-fira-estrena-una-amplia-oferta-de-exposiciones-culturales\\\/\",\"name\":\"La Fira estrena una amplia oferta de exposiciones culturales - COPE Alcoy\",\"isPartOf\":{\"@id\":\"https:\\\/\\\/www.copealcoy.es\\\/es\\\/#website\"},\"primaryImageOfPage\":{\"@id\":\"https:\\\/\\\/www.copealcoy.es\\\/es\\\/la-fira-estrena-una-amplia-oferta-de-exposiciones-culturales\\\/#primaryimage\"},\"image\":{\"@id\":\"https:\\\/\\\/www.copealcoy.es\\\/es\\\/la-fira-estrena-una-amplia-oferta-de-exposiciones-culturales\\\/#primaryimage\"},\"thumbnailUrl\":\"\",\"datePublished\":\"2019-10-25T22:18:44+00:00\",\"author\":{\"@id\":\"https:\\\/\\\/www.copealcoy.es\\\/es\\\/#\\\/schema\\\/person\\\/e777c87fa024e57d40170af9df39882c\"},\"breadcrumb\":{\"@id\":\"https:\\\/\\\/www.copealcoy.es\\\/es\\\/la-fira-estrena-una-amplia-oferta-de-exposiciones-culturales\\\/#breadcrumb\"},\"inLanguage\":\"es\",\"potentialAction\":[{\"@type\":\"ReadAction\",\"target\":[\"https:\\\/\\\/www.copealcoy.es\\\/es\\\/la-fira-estrena-una-amplia-oferta-de-exposiciones-culturales\\\/\"]}]},{\"@type\":\"ImageObject\",\"inLanguage\":\"es\",\"@id\":\"https:\\\/\\\/www.copealcoy.es\\\/es\\\/la-fira-estrena-una-amplia-oferta-de-exposiciones-culturales\\\/#primaryimage\",\"url\":\"\",\"contentUrl\":\"\"},{\"@type\":\"BreadcrumbList\",\"@id\":\"https:\\\/\\\/www.copealcoy.es\\\/es\\\/la-fira-estrena-una-amplia-oferta-de-exposiciones-culturales\\\/#breadcrumb\",\"itemListElement\":[{\"@type\":\"ListItem\",\"position\":1,\"name\":\"Portada\",\"item\":\"https:\\\/\\\/www.copealcoy.es\\\/es\\\/\"},{\"@type\":\"ListItem\",\"position\":2,\"name\":\"La Fira estrena una amplia oferta de exposiciones culturales\"}]},{\"@type\":\"WebSite\",\"@id\":\"https:\\\/\\\/www.copealcoy.es\\\/es\\\/#website\",\"url\":\"https:\\\/\\\/www.copealcoy.es\\\/es\\\/\",\"name\":\"COPE Alcoy\",\"description\":\"Emisora COPE de radio local con emisi\u00f3n online. Pont de Sant Jordi 8-10 03803 Alcoy\",\"potentialAction\":[{\"@type\":\"SearchAction\",\"target\":{\"@type\":\"EntryPoint\",\"urlTemplate\":\"https:\\\/\\\/www.copealcoy.es\\\/es\\\/?s={search_term_string}\"},\"query-input\":{\"@type\":\"PropertyValueSpecification\",\"valueRequired\":true,\"valueName\":\"search_term_string\"}}],\"inLanguage\":\"es\"},{\"@type\":\"Person\",\"@id\":\"https:\\\/\\\/www.copealcoy.es\\\/es\\\/#\\\/schema\\\/person\\\/e777c87fa024e57d40170af9df39882c\",\"name\":\"Cope Alcoy\",\"image\":{\"@type\":\"ImageObject\",\"inLanguage\":\"es\",\"@id\":\"https:\\\/\\\/secure.gravatar.com\\\/avatar\\\/bb65d0283347e303893ba14f0692005417c1e0e690a325a4c5d8bb2b3943ee14?s=96&d=mm&r=g\",\"url\":\"https:\\\/\\\/secure.gravatar.com\\\/avatar\\\/bb65d0283347e303893ba14f0692005417c1e0e690a325a4c5d8bb2b3943ee14?s=96&d=mm&r=g\",\"contentUrl\":\"https:\\\/\\\/secure.gravatar.com\\\/avatar\\\/bb65d0283347e303893ba14f0692005417c1e0e690a325a4c5d8bb2b3943ee14?s=96&d=mm&r=g\",\"caption\":\"Cope Alcoy\"}}]}<\/script>\n<!-- \/ Yoast SEO plugin. -->","yoast_head_json":{"title":"La Fira estrena una amplia oferta de exposiciones culturales - COPE Alcoy","robots":{"index":"index","follow":"follow","max-snippet":"max-snippet:-1","max-image-preview":"max-image-preview:large","max-video-preview":"max-video-preview:-1"},"canonical":"https:\/\/www.copealcoy.es\/es\/la-fira-estrena-una-amplia-oferta-de-exposiciones-culturales\/","og_locale":"es_ES","og_type":"article","og_title":"La Fira estrena una amplia oferta de exposiciones culturales - COPE Alcoy","og_description":"La Sala Daurada del Palau Comtal de Cocentaina acogi\u00f3 a \u00faltima hora de la tarde de ayer viernes la inauguraci\u00f3n...","og_url":"https:\/\/www.copealcoy.es\/es\/la-fira-estrena-una-amplia-oferta-de-exposiciones-culturales\/","og_site_name":"COPE Alcoy","article_published_time":"2019-10-25T22:18:44+00:00","author":"Cope Alcoy","twitter_misc":{"Escrito por":"Cope Alcoy","Tiempo de lectura":"2 minutos"},"schema":{"@context":"https:\/\/schema.org","@graph":[{"@type":"Article","@id":"https:\/\/www.copealcoy.es\/es\/la-fira-estrena-una-amplia-oferta-de-exposiciones-culturales\/#article","isPartOf":{"@id":"https:\/\/www.copealcoy.es\/es\/la-fira-estrena-una-amplia-oferta-de-exposiciones-culturales\/"},"author":{"name":"Cope Alcoy","@id":"https:\/\/www.copealcoy.es\/es\/#\/schema\/person\/e777c87fa024e57d40170af9df39882c"},"headline":"La Fira estrena una amplia oferta de exposiciones culturales","datePublished":"2019-10-25T22:18:44+00:00","mainEntityOfPage":{"@id":"https:\/\/www.copealcoy.es\/es\/la-fira-estrena-una-amplia-oferta-de-exposiciones-culturales\/"},"wordCount":479,"commentCount":0,"image":{"@id":"https:\/\/www.copealcoy.es\/es\/la-fira-estrena-una-amplia-oferta-de-exposiciones-culturales\/#primaryimage"},"thumbnailUrl":"","keywords":["Cocentaina","Exposiciones Culturales","Fira","Inauguraci\u00f3n","oferta"],"articleSection":["Comarcas","Noticias"],"inLanguage":"es"},{"@type":"WebPage","@id":"https:\/\/www.copealcoy.es\/es\/la-fira-estrena-una-amplia-oferta-de-exposiciones-culturales\/","url":"https:\/\/www.copealcoy.es\/es\/la-fira-estrena-una-amplia-oferta-de-exposiciones-culturales\/","name":"La Fira estrena una amplia oferta de exposiciones culturales - COPE Alcoy","isPartOf":{"@id":"https:\/\/www.copealcoy.es\/es\/#website"},"primaryImageOfPage":{"@id":"https:\/\/www.copealcoy.es\/es\/la-fira-estrena-una-amplia-oferta-de-exposiciones-culturales\/#primaryimage"},"image":{"@id":"https:\/\/www.copealcoy.es\/es\/la-fira-estrena-una-amplia-oferta-de-exposiciones-culturales\/#primaryimage"},"thumbnailUrl":"","datePublished":"2019-10-25T22:18:44+00:00","author":{"@id":"https:\/\/www.copealcoy.es\/es\/#\/schema\/person\/e777c87fa024e57d40170af9df39882c"},"breadcrumb":{"@id":"https:\/\/www.copealcoy.es\/es\/la-fira-estrena-una-amplia-oferta-de-exposiciones-culturales\/#breadcrumb"},"inLanguage":"es","potentialAction":[{"@type":"ReadAction","target":["https:\/\/www.copealcoy.es\/es\/la-fira-estrena-una-amplia-oferta-de-exposiciones-culturales\/"]}]},{"@type":"ImageObject","inLanguage":"es","@id":"https:\/\/www.copealcoy.es\/es\/la-fira-estrena-una-amplia-oferta-de-exposiciones-culturales\/#primaryimage","url":"","contentUrl":""},{"@type":"BreadcrumbList","@id":"https:\/\/www.copealcoy.es\/es\/la-fira-estrena-una-amplia-oferta-de-exposiciones-culturales\/#breadcrumb","itemListElement":[{"@type":"ListItem","position":1,"name":"Portada","item":"https:\/\/www.copealcoy.es\/es\/"},{"@type":"ListItem","position":2,"name":"La Fira estrena una amplia oferta de exposiciones culturales"}]},{"@type":"WebSite","@id":"https:\/\/www.copealcoy.es\/es\/#website","url":"https:\/\/www.copealcoy.es\/es\/","name":"COPE Alcoy","description":"Emisora COPE de radio local con emisi\u00f3n online. Pont de Sant Jordi 8-10 03803 Alcoy","potentialAction":[{"@type":"SearchAction","target":{"@type":"EntryPoint","urlTemplate":"https:\/\/www.copealcoy.es\/es\/?s={search_term_string}"},"query-input":{"@type":"PropertyValueSpecification","valueRequired":true,"valueName":"search_term_string"}}],"inLanguage":"es"},{"@type":"Person","@id":"https:\/\/www.copealcoy.es\/es\/#\/schema\/person\/e777c87fa024e57d40170af9df39882c","name":"Cope Alcoy","image":{"@type":"ImageObject","inLanguage":"es","@id":"https:\/\/secure.gravatar.com\/avatar\/bb65d0283347e303893ba14f0692005417c1e0e690a325a4c5d8bb2b3943ee14?s=96&d=mm&r=g","url":"https:\/\/secure.gravatar.com\/avatar\/bb65d0283347e303893ba14f0692005417c1e0e690a325a4c5d8bb2b3943ee14?s=96&d=mm&r=g","contentUrl":"https:\/\/secure.gravatar.com\/avatar\/bb65d0283347e303893ba14f0692005417c1e0e690a325a4c5d8bb2b3943ee14?s=96&d=mm&r=g","caption":"Cope Alcoy"}}]}},"_links":{"self":[{"href":"https:\/\/www.copealcoy.es\/es\/wp-json\/wp\/v2\/posts\/56301","targetHints":{"allow":["GET"]}}],"collection":[{"href":"https:\/\/www.copealcoy.es\/es\/wp-json\/wp\/v2\/posts"}],"about":[{"href":"https:\/\/www.copealcoy.es\/es\/wp-json\/wp\/v2\/types\/post"}],"author":[{"embeddable":true,"href":"https:\/\/www.copealcoy.es\/es\/wp-json\/wp\/v2\/users\/1"}],"replies":[{"embeddable":true,"href":"https:\/\/www.copealcoy.es\/es\/wp-json\/wp\/v2\/comments?post=56301"}],"version-history":[{"count":0,"href":"https:\/\/www.copealcoy.es\/es\/wp-json\/wp\/v2\/posts\/56301\/revisions"}],"wp:featuredmedia":[{"embeddable":true,"href":"https:\/\/www.copealcoy.es\/es\/wp-json\/"}],"wp:attachment":[{"href":"https:\/\/www.copealcoy.es\/es\/wp-json\/wp\/v2\/media?parent=56301"}],"wp:term":[{"taxonomy":"category","embeddable":true,"href":"https:\/\/www.copealcoy.es\/es\/wp-json\/wp\/v2\/categories?post=56301"},{"taxonomy":"post_tag","embeddable":true,"href":"https:\/\/www.copealcoy.es\/es\/wp-json\/wp\/v2\/tags?post=56301"}],"curies":[{"name":"wp","href":"https:\/\/api.w.org\/{rel}","templated":true}]}}