{"id":56240,"date":"2019-10-24T17:30:06","date_gmt":"2019-10-24T17:30:06","guid":{"rendered":"https:\/\/copealcoi.es\/?p=56240"},"modified":"2019-10-24T17:30:06","modified_gmt":"2019-10-24T17:30:06","slug":"alcoy-da-un-multitudinario-ultimo-adios-a-camilo-sesto","status":"publish","type":"post","link":"https:\/\/www.copealcoy.es\/es\/alcoy-da-un-multitudinario-ultimo-adios-a-camilo-sesto\/","title":{"rendered":"Alcoy da un multitudinario \u00faltimo adi\u00f3s a Camilo Sesto"},"content":{"rendered":"<p style=\"text-align: justify;\">Centenares de personas han pasado este jueves por <strong>la Capilla Ardiente<\/strong> instalada en el <strong>Sal\u00f3n de Plenos del Ayuntamiento de Alcoy<\/strong> para despedir a Camilo Sesto.<\/p>\n<p style=\"text-align: justify;\">Las puertas del Consistorio han abierto a las once de la ma\u00f1ana y a esa hora \u00a0<strong>ya se hab\u00eda formada una cola considerable<\/strong> que alcanzaba el Centro de Salud de la Plaza de Espa\u00f1a. La afluencia <strong>ha sido masiva<\/strong> durante la ma\u00f1ana y todos los asistentes a la despedida<strong> han tenido oportunidad de fotografiarse ante las cenizas del cantante<\/strong> o rendirle tributo por medio de <strong>una dedicatoria en los libros de condolencias<\/strong>. El ritual se ha repetido durante la tarde, con un ligero descenso de personas durante el mediod\u00eda, y hasta la ciudad han llegado <strong>fans procedentes de Alcoy y de nuestras comarcas<\/strong> as\u00ed como de<strong> varios puntos del \u00e1mbito auton\u00f3mico o nacional<\/strong> &#8220;<em>a esta hora no sabemos con exactitud el n\u00famero de personas que habr\u00e1n pasado por el Sal\u00f3n de Plenos pero en momentos puntuales se han formado largas colas para rendir homenaje a un artista internacional que atesora las m\u00e1s altas distinciones a nivel municipal, auton\u00f3mico y nacional. Camilo Sesto marc\u00f3 una \u00e9poca y supo conectar con diferentes generaciones a trav\u00e9s de sus canciones<\/em>&#8220;, dijo esta tarde el alcalde, <strong>Antonio Franc\u00e9s<\/strong>, al ser preguntado por esta casa.<\/p>\n<p style=\"text-align: justify;\">Tambi\u00e9n COPE ALCOY <strong>pudo hablar con algunos fans del cantante<\/strong> y todos coincidieron en <strong>la gran trayectoria musical de Camilo Sesto<\/strong> al mismo tiempo que <strong>lamentaban su p\u00e9rdida<\/strong>. Es el caso de la valenciana <strong>Ana<\/strong> y de la peruana <strong>Maria del Carmen<\/strong>, las cu\u00e1les afirmaban en #LaMa\u00f1anaEnAlcoy que para ellas Camilo Sesto <strong>era un grande entre los grandes<\/strong> &#8220;<em>como \u00e9l no habr\u00e1 ninguno m\u00e1s. Todas sus canciones son maravillosas, ten\u00eda una voz muy potente y supo cantarle al amor poniendo gran sentimiento<\/em>&#8220;, indicaban.<\/p>\n<p style=\"text-align: justify;\">La jornada transcurri\u00f3 con normalidad y fueron muchos los que le dedicaron su particular homenaje a Camilo Sesto <strong>depositando unos ramos de flores<\/strong> dentro de la Capilla Ardiente. Tras este \u00faltimo adi\u00f3s, el Consistorio <strong>seguir\u00e1 trabajando en hacer realidad el museo<\/strong> que albergar\u00e1 e<strong>l legado<\/strong> de Camilo Sesto, una voluntad que el artista <strong>dej\u00f3 manifiesta<\/strong> en su testamento.<\/p>\n","protected":false},"excerpt":{"rendered":"<p>Centenares de personas han pasado este jueves por la Capilla Ardiente instalada en el Sal\u00f3n de Plenos del Ayuntamiento de&#8230;<\/p>\n","protected":false},"author":1,"featured_media":56241,"comment_status":"open","ping_status":"open","sticky":false,"template":"","format":"standard","meta":{"footnotes":""},"categories":[97,78,75,125],"tags":[1494,2559,3495,9172],"class_list":["post-56240","post","type-post","status-publish","format-standard","has-post-thumbnail","hentry","category-alcoy","category-fiestaycultura","category-noticias","category-portada","tag-alcoy","tag-camilo-sesto","tag-capilla-ardiente","tag-multitudinario-adios"],"yoast_head":"<!-- This site is optimized with the Yoast SEO plugin v27.3 - https:\/\/yoast.com\/product\/yoast-seo-wordpress\/ -->\n<title>Alcoy da un multitudinario \u00faltimo adi\u00f3s a Camilo Sesto - COPE Alcoy<\/title>\n<meta name=\"robots\" content=\"index, follow, max-snippet:-1, max-image-preview:large, max-video-preview:-1\" \/>\n<link rel=\"canonical\" href=\"https:\/\/www.copealcoy.es\/es\/alcoy-da-un-multitudinario-ultimo-adios-a-camilo-sesto\/\" \/>\n<meta property=\"og:locale\" content=\"es_ES\" \/>\n<meta property=\"og:type\" content=\"article\" \/>\n<meta property=\"og:title\" content=\"Alcoy da un multitudinario \u00faltimo adi\u00f3s a Camilo Sesto - COPE Alcoy\" \/>\n<meta property=\"og:description\" content=\"Centenares de personas han pasado este jueves por la Capilla Ardiente instalada en el Sal\u00f3n de Plenos del Ayuntamiento de...\" \/>\n<meta property=\"og:url\" content=\"https:\/\/www.copealcoy.es\/es\/alcoy-da-un-multitudinario-ultimo-adios-a-camilo-sesto\/\" \/>\n<meta property=\"og:site_name\" content=\"COPE Alcoy\" \/>\n<meta property=\"article:published_time\" content=\"2019-10-24T17:30:06+00:00\" \/>\n<meta name=\"author\" content=\"Cope Alcoy\" \/>\n<meta name=\"twitter:label1\" content=\"Escrito por\" \/>\n\t<meta name=\"twitter:data1\" content=\"Cope Alcoy\" \/>\n\t<meta name=\"twitter:label2\" content=\"Tiempo de lectura\" \/>\n\t<meta name=\"twitter:data2\" content=\"2 minutos\" \/>\n<script type=\"application\/ld+json\" class=\"yoast-schema-graph\">{\"@context\":\"https:\\\/\\\/schema.org\",\"@graph\":[{\"@type\":\"Article\",\"@id\":\"https:\\\/\\\/www.copealcoy.es\\\/es\\\/alcoy-da-un-multitudinario-ultimo-adios-a-camilo-sesto\\\/#article\",\"isPartOf\":{\"@id\":\"https:\\\/\\\/www.copealcoy.es\\\/es\\\/alcoy-da-un-multitudinario-ultimo-adios-a-camilo-sesto\\\/\"},\"author\":{\"name\":\"Cope Alcoy\",\"@id\":\"https:\\\/\\\/www.copealcoy.es\\\/es\\\/#\\\/schema\\\/person\\\/e777c87fa024e57d40170af9df39882c\"},\"headline\":\"Alcoy da un multitudinario \u00faltimo adi\u00f3s a Camilo Sesto\",\"datePublished\":\"2019-10-24T17:30:06+00:00\",\"mainEntityOfPage\":{\"@id\":\"https:\\\/\\\/www.copealcoy.es\\\/es\\\/alcoy-da-un-multitudinario-ultimo-adios-a-camilo-sesto\\\/\"},\"wordCount\":387,\"commentCount\":0,\"image\":{\"@id\":\"https:\\\/\\\/www.copealcoy.es\\\/es\\\/alcoy-da-un-multitudinario-ultimo-adios-a-camilo-sesto\\\/#primaryimage\"},\"thumbnailUrl\":\"\",\"keywords\":[\"Alcoy\",\"Camilo Sesto\",\"Capilla Ardiente\",\"multitudinario adi\u00f3s\"],\"articleSection\":[\"Alcoy\",\"Fiesta y Cultura\",\"Noticias\",\"Portada\"],\"inLanguage\":\"es\"},{\"@type\":\"WebPage\",\"@id\":\"https:\\\/\\\/www.copealcoy.es\\\/es\\\/alcoy-da-un-multitudinario-ultimo-adios-a-camilo-sesto\\\/\",\"url\":\"https:\\\/\\\/www.copealcoy.es\\\/es\\\/alcoy-da-un-multitudinario-ultimo-adios-a-camilo-sesto\\\/\",\"name\":\"Alcoy da un multitudinario \u00faltimo adi\u00f3s a Camilo Sesto - COPE Alcoy\",\"isPartOf\":{\"@id\":\"https:\\\/\\\/www.copealcoy.es\\\/es\\\/#website\"},\"primaryImageOfPage\":{\"@id\":\"https:\\\/\\\/www.copealcoy.es\\\/es\\\/alcoy-da-un-multitudinario-ultimo-adios-a-camilo-sesto\\\/#primaryimage\"},\"image\":{\"@id\":\"https:\\\/\\\/www.copealcoy.es\\\/es\\\/alcoy-da-un-multitudinario-ultimo-adios-a-camilo-sesto\\\/#primaryimage\"},\"thumbnailUrl\":\"\",\"datePublished\":\"2019-10-24T17:30:06+00:00\",\"author\":{\"@id\":\"https:\\\/\\\/www.copealcoy.es\\\/es\\\/#\\\/schema\\\/person\\\/e777c87fa024e57d40170af9df39882c\"},\"breadcrumb\":{\"@id\":\"https:\\\/\\\/www.copealcoy.es\\\/es\\\/alcoy-da-un-multitudinario-ultimo-adios-a-camilo-sesto\\\/#breadcrumb\"},\"inLanguage\":\"es\",\"potentialAction\":[{\"@type\":\"ReadAction\",\"target\":[\"https:\\\/\\\/www.copealcoy.es\\\/es\\\/alcoy-da-un-multitudinario-ultimo-adios-a-camilo-sesto\\\/\"]}]},{\"@type\":\"ImageObject\",\"inLanguage\":\"es\",\"@id\":\"https:\\\/\\\/www.copealcoy.es\\\/es\\\/alcoy-da-un-multitudinario-ultimo-adios-a-camilo-sesto\\\/#primaryimage\",\"url\":\"\",\"contentUrl\":\"\"},{\"@type\":\"BreadcrumbList\",\"@id\":\"https:\\\/\\\/www.copealcoy.es\\\/es\\\/alcoy-da-un-multitudinario-ultimo-adios-a-camilo-sesto\\\/#breadcrumb\",\"itemListElement\":[{\"@type\":\"ListItem\",\"position\":1,\"name\":\"Portada\",\"item\":\"https:\\\/\\\/www.copealcoy.es\\\/es\\\/\"},{\"@type\":\"ListItem\",\"position\":2,\"name\":\"Alcoy da un multitudinario \u00faltimo adi\u00f3s a Camilo Sesto\"}]},{\"@type\":\"WebSite\",\"@id\":\"https:\\\/\\\/www.copealcoy.es\\\/es\\\/#website\",\"url\":\"https:\\\/\\\/www.copealcoy.es\\\/es\\\/\",\"name\":\"COPE Alcoy\",\"description\":\"Emisora COPE de radio local con emisi\u00f3n online. Pont de Sant Jordi 8-10 03803 Alcoy\",\"potentialAction\":[{\"@type\":\"SearchAction\",\"target\":{\"@type\":\"EntryPoint\",\"urlTemplate\":\"https:\\\/\\\/www.copealcoy.es\\\/es\\\/?s={search_term_string}\"},\"query-input\":{\"@type\":\"PropertyValueSpecification\",\"valueRequired\":true,\"valueName\":\"search_term_string\"}}],\"inLanguage\":\"es\"},{\"@type\":\"Person\",\"@id\":\"https:\\\/\\\/www.copealcoy.es\\\/es\\\/#\\\/schema\\\/person\\\/e777c87fa024e57d40170af9df39882c\",\"name\":\"Cope Alcoy\",\"image\":{\"@type\":\"ImageObject\",\"inLanguage\":\"es\",\"@id\":\"https:\\\/\\\/secure.gravatar.com\\\/avatar\\\/bb65d0283347e303893ba14f0692005417c1e0e690a325a4c5d8bb2b3943ee14?s=96&d=mm&r=g\",\"url\":\"https:\\\/\\\/secure.gravatar.com\\\/avatar\\\/bb65d0283347e303893ba14f0692005417c1e0e690a325a4c5d8bb2b3943ee14?s=96&d=mm&r=g\",\"contentUrl\":\"https:\\\/\\\/secure.gravatar.com\\\/avatar\\\/bb65d0283347e303893ba14f0692005417c1e0e690a325a4c5d8bb2b3943ee14?s=96&d=mm&r=g\",\"caption\":\"Cope Alcoy\"}}]}<\/script>\n<!-- \/ Yoast SEO plugin. -->","yoast_head_json":{"title":"Alcoy da un multitudinario \u00faltimo adi\u00f3s a Camilo Sesto - COPE Alcoy","robots":{"index":"index","follow":"follow","max-snippet":"max-snippet:-1","max-image-preview":"max-image-preview:large","max-video-preview":"max-video-preview:-1"},"canonical":"https:\/\/www.copealcoy.es\/es\/alcoy-da-un-multitudinario-ultimo-adios-a-camilo-sesto\/","og_locale":"es_ES","og_type":"article","og_title":"Alcoy da un multitudinario \u00faltimo adi\u00f3s a Camilo Sesto - COPE Alcoy","og_description":"Centenares de personas han pasado este jueves por la Capilla Ardiente instalada en el Sal\u00f3n de Plenos del Ayuntamiento de...","og_url":"https:\/\/www.copealcoy.es\/es\/alcoy-da-un-multitudinario-ultimo-adios-a-camilo-sesto\/","og_site_name":"COPE Alcoy","article_published_time":"2019-10-24T17:30:06+00:00","author":"Cope Alcoy","twitter_misc":{"Escrito por":"Cope Alcoy","Tiempo de lectura":"2 minutos"},"schema":{"@context":"https:\/\/schema.org","@graph":[{"@type":"Article","@id":"https:\/\/www.copealcoy.es\/es\/alcoy-da-un-multitudinario-ultimo-adios-a-camilo-sesto\/#article","isPartOf":{"@id":"https:\/\/www.copealcoy.es\/es\/alcoy-da-un-multitudinario-ultimo-adios-a-camilo-sesto\/"},"author":{"name":"Cope Alcoy","@id":"https:\/\/www.copealcoy.es\/es\/#\/schema\/person\/e777c87fa024e57d40170af9df39882c"},"headline":"Alcoy da un multitudinario \u00faltimo adi\u00f3s a Camilo Sesto","datePublished":"2019-10-24T17:30:06+00:00","mainEntityOfPage":{"@id":"https:\/\/www.copealcoy.es\/es\/alcoy-da-un-multitudinario-ultimo-adios-a-camilo-sesto\/"},"wordCount":387,"commentCount":0,"image":{"@id":"https:\/\/www.copealcoy.es\/es\/alcoy-da-un-multitudinario-ultimo-adios-a-camilo-sesto\/#primaryimage"},"thumbnailUrl":"","keywords":["Alcoy","Camilo Sesto","Capilla Ardiente","multitudinario adi\u00f3s"],"articleSection":["Alcoy","Fiesta y Cultura","Noticias","Portada"],"inLanguage":"es"},{"@type":"WebPage","@id":"https:\/\/www.copealcoy.es\/es\/alcoy-da-un-multitudinario-ultimo-adios-a-camilo-sesto\/","url":"https:\/\/www.copealcoy.es\/es\/alcoy-da-un-multitudinario-ultimo-adios-a-camilo-sesto\/","name":"Alcoy da un multitudinario \u00faltimo adi\u00f3s a Camilo Sesto - COPE Alcoy","isPartOf":{"@id":"https:\/\/www.copealcoy.es\/es\/#website"},"primaryImageOfPage":{"@id":"https:\/\/www.copealcoy.es\/es\/alcoy-da-un-multitudinario-ultimo-adios-a-camilo-sesto\/#primaryimage"},"image":{"@id":"https:\/\/www.copealcoy.es\/es\/alcoy-da-un-multitudinario-ultimo-adios-a-camilo-sesto\/#primaryimage"},"thumbnailUrl":"","datePublished":"2019-10-24T17:30:06+00:00","author":{"@id":"https:\/\/www.copealcoy.es\/es\/#\/schema\/person\/e777c87fa024e57d40170af9df39882c"},"breadcrumb":{"@id":"https:\/\/www.copealcoy.es\/es\/alcoy-da-un-multitudinario-ultimo-adios-a-camilo-sesto\/#breadcrumb"},"inLanguage":"es","potentialAction":[{"@type":"ReadAction","target":["https:\/\/www.copealcoy.es\/es\/alcoy-da-un-multitudinario-ultimo-adios-a-camilo-sesto\/"]}]},{"@type":"ImageObject","inLanguage":"es","@id":"https:\/\/www.copealcoy.es\/es\/alcoy-da-un-multitudinario-ultimo-adios-a-camilo-sesto\/#primaryimage","url":"","contentUrl":""},{"@type":"BreadcrumbList","@id":"https:\/\/www.copealcoy.es\/es\/alcoy-da-un-multitudinario-ultimo-adios-a-camilo-sesto\/#breadcrumb","itemListElement":[{"@type":"ListItem","position":1,"name":"Portada","item":"https:\/\/www.copealcoy.es\/es\/"},{"@type":"ListItem","position":2,"name":"Alcoy da un multitudinario \u00faltimo adi\u00f3s a Camilo Sesto"}]},{"@type":"WebSite","@id":"https:\/\/www.copealcoy.es\/es\/#website","url":"https:\/\/www.copealcoy.es\/es\/","name":"COPE Alcoy","description":"Emisora COPE de radio local con emisi\u00f3n online. Pont de Sant Jordi 8-10 03803 Alcoy","potentialAction":[{"@type":"SearchAction","target":{"@type":"EntryPoint","urlTemplate":"https:\/\/www.copealcoy.es\/es\/?s={search_term_string}"},"query-input":{"@type":"PropertyValueSpecification","valueRequired":true,"valueName":"search_term_string"}}],"inLanguage":"es"},{"@type":"Person","@id":"https:\/\/www.copealcoy.es\/es\/#\/schema\/person\/e777c87fa024e57d40170af9df39882c","name":"Cope Alcoy","image":{"@type":"ImageObject","inLanguage":"es","@id":"https:\/\/secure.gravatar.com\/avatar\/bb65d0283347e303893ba14f0692005417c1e0e690a325a4c5d8bb2b3943ee14?s=96&d=mm&r=g","url":"https:\/\/secure.gravatar.com\/avatar\/bb65d0283347e303893ba14f0692005417c1e0e690a325a4c5d8bb2b3943ee14?s=96&d=mm&r=g","contentUrl":"https:\/\/secure.gravatar.com\/avatar\/bb65d0283347e303893ba14f0692005417c1e0e690a325a4c5d8bb2b3943ee14?s=96&d=mm&r=g","caption":"Cope Alcoy"}}]}},"_links":{"self":[{"href":"https:\/\/www.copealcoy.es\/es\/wp-json\/wp\/v2\/posts\/56240","targetHints":{"allow":["GET"]}}],"collection":[{"href":"https:\/\/www.copealcoy.es\/es\/wp-json\/wp\/v2\/posts"}],"about":[{"href":"https:\/\/www.copealcoy.es\/es\/wp-json\/wp\/v2\/types\/post"}],"author":[{"embeddable":true,"href":"https:\/\/www.copealcoy.es\/es\/wp-json\/wp\/v2\/users\/1"}],"replies":[{"embeddable":true,"href":"https:\/\/www.copealcoy.es\/es\/wp-json\/wp\/v2\/comments?post=56240"}],"version-history":[{"count":0,"href":"https:\/\/www.copealcoy.es\/es\/wp-json\/wp\/v2\/posts\/56240\/revisions"}],"wp:featuredmedia":[{"embeddable":true,"href":"https:\/\/www.copealcoy.es\/es\/wp-json\/"}],"wp:attachment":[{"href":"https:\/\/www.copealcoy.es\/es\/wp-json\/wp\/v2\/media?parent=56240"}],"wp:term":[{"taxonomy":"category","embeddable":true,"href":"https:\/\/www.copealcoy.es\/es\/wp-json\/wp\/v2\/categories?post=56240"},{"taxonomy":"post_tag","embeddable":true,"href":"https:\/\/www.copealcoy.es\/es\/wp-json\/wp\/v2\/tags?post=56240"}],"curies":[{"name":"wp","href":"https:\/\/api.w.org\/{rel}","templated":true}]}}