{"id":56196,"date":"2019-10-24T13:55:19","date_gmt":"2019-10-24T13:55:19","guid":{"rendered":"https:\/\/copealcoi.es\/?p=56196"},"modified":"2019-10-24T13:55:19","modified_gmt":"2019-10-24T13:55:19","slug":"las-cenizas-de-camilo-sesto-reposaran-en-alcoy-junto-a-sus-padres","status":"publish","type":"post","link":"https:\/\/www.copealcoy.es\/es\/las-cenizas-de-camilo-sesto-reposaran-en-alcoy-junto-a-sus-padres\/","title":{"rendered":"Las cenizas de Camilo Sesto reposar\u00e1n en Alcoy junto a sus padres"},"content":{"rendered":"<p style=\"text-align: justify;\">Las <strong>cenizas <\/strong>del cantante&nbsp;<strong>Camilo Sesto descansar\u00e1n en el Cementerio Municipal de Alcoy<\/strong>, junto a sus padres, tal y como era <strong>voluntad<\/strong> del universal artista. Lo ha anunciado este jueves el hijo del alcoyano, <strong>Camilo Blanes Ornelas<\/strong>, durante la visita que ha hecho a la ciudad para <strong>presidir la Capilla Ardiente<\/strong> que se ha instalado en el Sal\u00f3n de Plenos del Consistorio de su pueblo natal para que <strong>alcoyanos y fans pudieran dar el \u00faltimo adi\u00f3s<\/strong> a esta gran figura de la m\u00fasica. &nbsp;Camilo Blanes Ornelas ha agradecido <strong>el respaldo que le ha dado la tierra<\/strong>&nbsp;a la que tanto amaba su padre &#8220;<em>gracias a todos por tanto. Estoy seguro que mi padre estar\u00e1 orgulloso de todo esto all\u00e1 donde est\u00e9. Sus cenizas descansar\u00e1n junto a mis abuelos y se est\u00e1 haciendo todo tal y como quiso \u00e9l<\/em>&#8220;, ha afirmado con cierta emoci\u00f3n.<\/p>\n<p style=\"text-align: justify;\">Desde primera hora de esta ma\u00f1ana, <strong>cientos de personas hacen cola en la Plaza de Espa\u00f1a<\/strong>, en la entrada principal del Ayuntamiento de Alcoy; para <strong>acceder a la citada Sala de Plenos<\/strong> en la que est\u00e1n ubicadas las cenizas. Un busto del cantante, flores y dos Polic\u00edas uniformados de gala <strong>acompa\u00f1an las citadas cenizas en una tarima a modo de alta<\/strong>r ante la que van desfilando sus fans y conocidos. Tambi\u00e9n se encuentran junto al hijo del artista <strong>familiares residentes en Alcoy y miembros de la Corporaci\u00f3n Local<\/strong> de la ciudad &#8220;<em>ahora vamos a trabajar en inventariar todos los materiales que forman parte del legado art\u00edstico de Camilo Sesto para crear en nuestra ciudad un museo que har\u00e1 que su memoria se mantenga siempre viva entre nosotros<\/em>&#8220;, coment\u00f3 el alcalde de Alcoy; Antonio Franc\u00e9s.<\/p>\n<p style=\"text-align: justify;\">La Capilla Ardiente de Camilo Sesto <strong>se podr\u00e1 visitar hasta las ocho de la tarde<\/strong> de este jueves 24 de octubre.<\/p>\n","protected":false},"excerpt":{"rendered":"<p>Las cenizas del cantante&nbsp;Camilo Sesto descansar\u00e1n en el Cementerio Municipal de Alcoy, junto a sus padres, tal y como era&#8230;<\/p>\n","protected":false},"author":1,"featured_media":56197,"comment_status":"open","ping_status":"open","sticky":false,"template":"","format":"standard","meta":{"footnotes":""},"categories":[97,78,75,125],"tags":[1494,9338,2559,9187,9343],"class_list":["post-56196","post","type-post","status-publish","format-standard","has-post-thumbnail","hentry","category-alcoy","category-fiestaycultura","category-noticias","category-portada","tag-alcoy","tag-camilo-blanes-ornelas","tag-camilo-sesto","tag-cenizas","tag-reposaran"],"yoast_head":"<!-- This site is optimized with the Yoast SEO plugin v27.3 - https:\/\/yoast.com\/product\/yoast-seo-wordpress\/ -->\n<title>Las cenizas de Camilo Sesto reposar\u00e1n en Alcoy junto a sus padres - COPE Alcoy<\/title>\n<meta name=\"robots\" content=\"index, follow, max-snippet:-1, max-image-preview:large, max-video-preview:-1\" \/>\n<link rel=\"canonical\" href=\"https:\/\/www.copealcoy.es\/es\/las-cenizas-de-camilo-sesto-reposaran-en-alcoy-junto-a-sus-padres\/\" \/>\n<meta property=\"og:locale\" content=\"es_ES\" \/>\n<meta property=\"og:type\" content=\"article\" \/>\n<meta property=\"og:title\" content=\"Las cenizas de Camilo Sesto reposar\u00e1n en Alcoy junto a sus padres - COPE Alcoy\" \/>\n<meta property=\"og:description\" content=\"Las cenizas del cantante&nbsp;Camilo Sesto descansar\u00e1n en el Cementerio Municipal de Alcoy, junto a sus padres, tal y como era...\" \/>\n<meta property=\"og:url\" content=\"https:\/\/www.copealcoy.es\/es\/las-cenizas-de-camilo-sesto-reposaran-en-alcoy-junto-a-sus-padres\/\" \/>\n<meta property=\"og:site_name\" content=\"COPE Alcoy\" \/>\n<meta property=\"article:published_time\" content=\"2019-10-24T13:55:19+00:00\" \/>\n<meta name=\"author\" content=\"Cope Alcoy\" \/>\n<meta name=\"twitter:label1\" content=\"Escrito por\" \/>\n\t<meta name=\"twitter:data1\" content=\"Cope Alcoy\" \/>\n\t<meta name=\"twitter:label2\" content=\"Tiempo de lectura\" \/>\n\t<meta name=\"twitter:data2\" content=\"2 minutos\" \/>\n<script type=\"application\/ld+json\" class=\"yoast-schema-graph\">{\"@context\":\"https:\\\/\\\/schema.org\",\"@graph\":[{\"@type\":\"Article\",\"@id\":\"https:\\\/\\\/www.copealcoy.es\\\/es\\\/las-cenizas-de-camilo-sesto-reposaran-en-alcoy-junto-a-sus-padres\\\/#article\",\"isPartOf\":{\"@id\":\"https:\\\/\\\/www.copealcoy.es\\\/es\\\/las-cenizas-de-camilo-sesto-reposaran-en-alcoy-junto-a-sus-padres\\\/\"},\"author\":{\"name\":\"Cope Alcoy\",\"@id\":\"https:\\\/\\\/www.copealcoy.es\\\/es\\\/#\\\/schema\\\/person\\\/e777c87fa024e57d40170af9df39882c\"},\"headline\":\"Las cenizas de Camilo Sesto reposar\u00e1n en Alcoy junto a sus padres\",\"datePublished\":\"2019-10-24T13:55:19+00:00\",\"mainEntityOfPage\":{\"@id\":\"https:\\\/\\\/www.copealcoy.es\\\/es\\\/las-cenizas-de-camilo-sesto-reposaran-en-alcoy-junto-a-sus-padres\\\/\"},\"wordCount\":328,\"commentCount\":0,\"image\":{\"@id\":\"https:\\\/\\\/www.copealcoy.es\\\/es\\\/las-cenizas-de-camilo-sesto-reposaran-en-alcoy-junto-a-sus-padres\\\/#primaryimage\"},\"thumbnailUrl\":\"\",\"keywords\":[\"Alcoy\",\"Camilo Blanes Ornelas\",\"Camilo Sesto\",\"cenizas\",\"reposar\u00e1n\"],\"articleSection\":[\"Alcoy\",\"Fiesta y Cultura\",\"Noticias\",\"Portada\"],\"inLanguage\":\"es\"},{\"@type\":\"WebPage\",\"@id\":\"https:\\\/\\\/www.copealcoy.es\\\/es\\\/las-cenizas-de-camilo-sesto-reposaran-en-alcoy-junto-a-sus-padres\\\/\",\"url\":\"https:\\\/\\\/www.copealcoy.es\\\/es\\\/las-cenizas-de-camilo-sesto-reposaran-en-alcoy-junto-a-sus-padres\\\/\",\"name\":\"Las cenizas de Camilo Sesto reposar\u00e1n en Alcoy junto a sus padres - COPE Alcoy\",\"isPartOf\":{\"@id\":\"https:\\\/\\\/www.copealcoy.es\\\/es\\\/#website\"},\"primaryImageOfPage\":{\"@id\":\"https:\\\/\\\/www.copealcoy.es\\\/es\\\/las-cenizas-de-camilo-sesto-reposaran-en-alcoy-junto-a-sus-padres\\\/#primaryimage\"},\"image\":{\"@id\":\"https:\\\/\\\/www.copealcoy.es\\\/es\\\/las-cenizas-de-camilo-sesto-reposaran-en-alcoy-junto-a-sus-padres\\\/#primaryimage\"},\"thumbnailUrl\":\"\",\"datePublished\":\"2019-10-24T13:55:19+00:00\",\"author\":{\"@id\":\"https:\\\/\\\/www.copealcoy.es\\\/es\\\/#\\\/schema\\\/person\\\/e777c87fa024e57d40170af9df39882c\"},\"breadcrumb\":{\"@id\":\"https:\\\/\\\/www.copealcoy.es\\\/es\\\/las-cenizas-de-camilo-sesto-reposaran-en-alcoy-junto-a-sus-padres\\\/#breadcrumb\"},\"inLanguage\":\"es\",\"potentialAction\":[{\"@type\":\"ReadAction\",\"target\":[\"https:\\\/\\\/www.copealcoy.es\\\/es\\\/las-cenizas-de-camilo-sesto-reposaran-en-alcoy-junto-a-sus-padres\\\/\"]}]},{\"@type\":\"ImageObject\",\"inLanguage\":\"es\",\"@id\":\"https:\\\/\\\/www.copealcoy.es\\\/es\\\/las-cenizas-de-camilo-sesto-reposaran-en-alcoy-junto-a-sus-padres\\\/#primaryimage\",\"url\":\"\",\"contentUrl\":\"\"},{\"@type\":\"BreadcrumbList\",\"@id\":\"https:\\\/\\\/www.copealcoy.es\\\/es\\\/las-cenizas-de-camilo-sesto-reposaran-en-alcoy-junto-a-sus-padres\\\/#breadcrumb\",\"itemListElement\":[{\"@type\":\"ListItem\",\"position\":1,\"name\":\"Portada\",\"item\":\"https:\\\/\\\/www.copealcoy.es\\\/es\\\/\"},{\"@type\":\"ListItem\",\"position\":2,\"name\":\"Las cenizas de Camilo Sesto reposar\u00e1n en Alcoy junto a sus padres\"}]},{\"@type\":\"WebSite\",\"@id\":\"https:\\\/\\\/www.copealcoy.es\\\/es\\\/#website\",\"url\":\"https:\\\/\\\/www.copealcoy.es\\\/es\\\/\",\"name\":\"COPE Alcoy\",\"description\":\"Emisora COPE de radio local con emisi\u00f3n online. Pont de Sant Jordi 8-10 03803 Alcoy\",\"potentialAction\":[{\"@type\":\"SearchAction\",\"target\":{\"@type\":\"EntryPoint\",\"urlTemplate\":\"https:\\\/\\\/www.copealcoy.es\\\/es\\\/?s={search_term_string}\"},\"query-input\":{\"@type\":\"PropertyValueSpecification\",\"valueRequired\":true,\"valueName\":\"search_term_string\"}}],\"inLanguage\":\"es\"},{\"@type\":\"Person\",\"@id\":\"https:\\\/\\\/www.copealcoy.es\\\/es\\\/#\\\/schema\\\/person\\\/e777c87fa024e57d40170af9df39882c\",\"name\":\"Cope Alcoy\",\"image\":{\"@type\":\"ImageObject\",\"inLanguage\":\"es\",\"@id\":\"https:\\\/\\\/secure.gravatar.com\\\/avatar\\\/bb65d0283347e303893ba14f0692005417c1e0e690a325a4c5d8bb2b3943ee14?s=96&d=mm&r=g\",\"url\":\"https:\\\/\\\/secure.gravatar.com\\\/avatar\\\/bb65d0283347e303893ba14f0692005417c1e0e690a325a4c5d8bb2b3943ee14?s=96&d=mm&r=g\",\"contentUrl\":\"https:\\\/\\\/secure.gravatar.com\\\/avatar\\\/bb65d0283347e303893ba14f0692005417c1e0e690a325a4c5d8bb2b3943ee14?s=96&d=mm&r=g\",\"caption\":\"Cope Alcoy\"}}]}<\/script>\n<!-- \/ Yoast SEO plugin. -->","yoast_head_json":{"title":"Las cenizas de Camilo Sesto reposar\u00e1n en Alcoy junto a sus padres - COPE Alcoy","robots":{"index":"index","follow":"follow","max-snippet":"max-snippet:-1","max-image-preview":"max-image-preview:large","max-video-preview":"max-video-preview:-1"},"canonical":"https:\/\/www.copealcoy.es\/es\/las-cenizas-de-camilo-sesto-reposaran-en-alcoy-junto-a-sus-padres\/","og_locale":"es_ES","og_type":"article","og_title":"Las cenizas de Camilo Sesto reposar\u00e1n en Alcoy junto a sus padres - COPE Alcoy","og_description":"Las cenizas del cantante&nbsp;Camilo Sesto descansar\u00e1n en el Cementerio Municipal de Alcoy, junto a sus padres, tal y como era...","og_url":"https:\/\/www.copealcoy.es\/es\/las-cenizas-de-camilo-sesto-reposaran-en-alcoy-junto-a-sus-padres\/","og_site_name":"COPE Alcoy","article_published_time":"2019-10-24T13:55:19+00:00","author":"Cope Alcoy","twitter_misc":{"Escrito por":"Cope Alcoy","Tiempo de lectura":"2 minutos"},"schema":{"@context":"https:\/\/schema.org","@graph":[{"@type":"Article","@id":"https:\/\/www.copealcoy.es\/es\/las-cenizas-de-camilo-sesto-reposaran-en-alcoy-junto-a-sus-padres\/#article","isPartOf":{"@id":"https:\/\/www.copealcoy.es\/es\/las-cenizas-de-camilo-sesto-reposaran-en-alcoy-junto-a-sus-padres\/"},"author":{"name":"Cope Alcoy","@id":"https:\/\/www.copealcoy.es\/es\/#\/schema\/person\/e777c87fa024e57d40170af9df39882c"},"headline":"Las cenizas de Camilo Sesto reposar\u00e1n en Alcoy junto a sus padres","datePublished":"2019-10-24T13:55:19+00:00","mainEntityOfPage":{"@id":"https:\/\/www.copealcoy.es\/es\/las-cenizas-de-camilo-sesto-reposaran-en-alcoy-junto-a-sus-padres\/"},"wordCount":328,"commentCount":0,"image":{"@id":"https:\/\/www.copealcoy.es\/es\/las-cenizas-de-camilo-sesto-reposaran-en-alcoy-junto-a-sus-padres\/#primaryimage"},"thumbnailUrl":"","keywords":["Alcoy","Camilo Blanes Ornelas","Camilo Sesto","cenizas","reposar\u00e1n"],"articleSection":["Alcoy","Fiesta y Cultura","Noticias","Portada"],"inLanguage":"es"},{"@type":"WebPage","@id":"https:\/\/www.copealcoy.es\/es\/las-cenizas-de-camilo-sesto-reposaran-en-alcoy-junto-a-sus-padres\/","url":"https:\/\/www.copealcoy.es\/es\/las-cenizas-de-camilo-sesto-reposaran-en-alcoy-junto-a-sus-padres\/","name":"Las cenizas de Camilo Sesto reposar\u00e1n en Alcoy junto a sus padres - COPE Alcoy","isPartOf":{"@id":"https:\/\/www.copealcoy.es\/es\/#website"},"primaryImageOfPage":{"@id":"https:\/\/www.copealcoy.es\/es\/las-cenizas-de-camilo-sesto-reposaran-en-alcoy-junto-a-sus-padres\/#primaryimage"},"image":{"@id":"https:\/\/www.copealcoy.es\/es\/las-cenizas-de-camilo-sesto-reposaran-en-alcoy-junto-a-sus-padres\/#primaryimage"},"thumbnailUrl":"","datePublished":"2019-10-24T13:55:19+00:00","author":{"@id":"https:\/\/www.copealcoy.es\/es\/#\/schema\/person\/e777c87fa024e57d40170af9df39882c"},"breadcrumb":{"@id":"https:\/\/www.copealcoy.es\/es\/las-cenizas-de-camilo-sesto-reposaran-en-alcoy-junto-a-sus-padres\/#breadcrumb"},"inLanguage":"es","potentialAction":[{"@type":"ReadAction","target":["https:\/\/www.copealcoy.es\/es\/las-cenizas-de-camilo-sesto-reposaran-en-alcoy-junto-a-sus-padres\/"]}]},{"@type":"ImageObject","inLanguage":"es","@id":"https:\/\/www.copealcoy.es\/es\/las-cenizas-de-camilo-sesto-reposaran-en-alcoy-junto-a-sus-padres\/#primaryimage","url":"","contentUrl":""},{"@type":"BreadcrumbList","@id":"https:\/\/www.copealcoy.es\/es\/las-cenizas-de-camilo-sesto-reposaran-en-alcoy-junto-a-sus-padres\/#breadcrumb","itemListElement":[{"@type":"ListItem","position":1,"name":"Portada","item":"https:\/\/www.copealcoy.es\/es\/"},{"@type":"ListItem","position":2,"name":"Las cenizas de Camilo Sesto reposar\u00e1n en Alcoy junto a sus padres"}]},{"@type":"WebSite","@id":"https:\/\/www.copealcoy.es\/es\/#website","url":"https:\/\/www.copealcoy.es\/es\/","name":"COPE Alcoy","description":"Emisora COPE de radio local con emisi\u00f3n online. Pont de Sant Jordi 8-10 03803 Alcoy","potentialAction":[{"@type":"SearchAction","target":{"@type":"EntryPoint","urlTemplate":"https:\/\/www.copealcoy.es\/es\/?s={search_term_string}"},"query-input":{"@type":"PropertyValueSpecification","valueRequired":true,"valueName":"search_term_string"}}],"inLanguage":"es"},{"@type":"Person","@id":"https:\/\/www.copealcoy.es\/es\/#\/schema\/person\/e777c87fa024e57d40170af9df39882c","name":"Cope Alcoy","image":{"@type":"ImageObject","inLanguage":"es","@id":"https:\/\/secure.gravatar.com\/avatar\/bb65d0283347e303893ba14f0692005417c1e0e690a325a4c5d8bb2b3943ee14?s=96&d=mm&r=g","url":"https:\/\/secure.gravatar.com\/avatar\/bb65d0283347e303893ba14f0692005417c1e0e690a325a4c5d8bb2b3943ee14?s=96&d=mm&r=g","contentUrl":"https:\/\/secure.gravatar.com\/avatar\/bb65d0283347e303893ba14f0692005417c1e0e690a325a4c5d8bb2b3943ee14?s=96&d=mm&r=g","caption":"Cope Alcoy"}}]}},"_links":{"self":[{"href":"https:\/\/www.copealcoy.es\/es\/wp-json\/wp\/v2\/posts\/56196","targetHints":{"allow":["GET"]}}],"collection":[{"href":"https:\/\/www.copealcoy.es\/es\/wp-json\/wp\/v2\/posts"}],"about":[{"href":"https:\/\/www.copealcoy.es\/es\/wp-json\/wp\/v2\/types\/post"}],"author":[{"embeddable":true,"href":"https:\/\/www.copealcoy.es\/es\/wp-json\/wp\/v2\/users\/1"}],"replies":[{"embeddable":true,"href":"https:\/\/www.copealcoy.es\/es\/wp-json\/wp\/v2\/comments?post=56196"}],"version-history":[{"count":0,"href":"https:\/\/www.copealcoy.es\/es\/wp-json\/wp\/v2\/posts\/56196\/revisions"}],"wp:featuredmedia":[{"embeddable":true,"href":"https:\/\/www.copealcoy.es\/es\/wp-json\/"}],"wp:attachment":[{"href":"https:\/\/www.copealcoy.es\/es\/wp-json\/wp\/v2\/media?parent=56196"}],"wp:term":[{"taxonomy":"category","embeddable":true,"href":"https:\/\/www.copealcoy.es\/es\/wp-json\/wp\/v2\/categories?post=56196"},{"taxonomy":"post_tag","embeddable":true,"href":"https:\/\/www.copealcoy.es\/es\/wp-json\/wp\/v2\/tags?post=56196"}],"curies":[{"name":"wp","href":"https:\/\/api.w.org\/{rel}","templated":true}]}}