{"id":56142,"date":"2019-10-23T13:35:02","date_gmt":"2019-10-23T13:35:02","guid":{"rendered":"https:\/\/copealcoi.es\/?p=56142"},"modified":"2019-10-23T13:35:02","modified_gmt":"2019-10-23T13:35:02","slug":"alcoy-tendra-oportunidad-de-despedir-a-camilo-sesto","status":"publish","type":"post","link":"https:\/\/www.copealcoy.es\/es\/alcoy-tendra-oportunidad-de-despedir-a-camilo-sesto\/","title":{"rendered":"Alcoy tendr\u00e1 oportunidad de despedir a Camilo Sesto"},"content":{"rendered":"<p style=\"text-align: justify;\">Alcoy dar\u00e1 <strong>su \u00faltimo adi\u00f3s a Camilo Sesto<\/strong> en este jueves 24 de octubre por medio de <strong>un sencillo acto<\/strong> que tendr\u00e1 lugar en el <strong>Sal\u00f3n de Plenos<\/strong> del Consistorio. Hasta all\u00ed llegar\u00e1n las cenizas de nuestro artista m\u00e1s internacional, previsiblemente portadas por su hijo <strong>Camilo Blanes Ornelas<\/strong>, y las mismas ser\u00e1n depositadas en la citada Sala de Plenos del Ayuntamiento en <strong>una Capilla Ardiente<\/strong> que estar\u00e1 abierta al p\u00fablico <strong>entre las 11h de la ma\u00f1ana y las 20h de la tarde<\/strong>.\u00a0 Este homenaje ha despertado <strong>un gran inter\u00e9s medi\u00e1tico<\/strong> y para cubrir el mismo se han acreditado medios de comunicaci\u00f3n nacionales e internacionales adem\u00e1s de los locales como por ejemplo COPE ALCOY. Adem\u00e1s est\u00e1 prevista<strong> la llegada de fans<\/strong> procedentes de Valencia, Murcia, Andaluc\u00eda, Madrid, Barcelona, Canarias e incluso de pa\u00edses de latinoam\u00e9rica en los que Camilo Sesto era muy admirado &#8220;<em>esperamos que en ese horario ininterrumpido, entre las once de la ma\u00f1ana y las ocho de la tarde, puedan pasar aqu\u00ed todos los fans y alcoyanos que lo deseen para poder dar un merecido adi\u00f3s a un cantante que llev\u00f3 el nombre de nuestra ciudad por todo el mundo gracias a su m\u00fasica<\/em>&#8220;, asevera el edil de Cultura; <strong>Ra\u00fcl Llopis<\/strong>.<\/p>\n<p style=\"text-align: justify;\">Indicar que por el momento <strong>no ha trascendido donde reposar\u00e1n las cenizas de Camilo Sesto<\/strong> aunque todo apunta que <strong>ser\u00e1 en el Cementerio Municipal<\/strong>, <strong>junto a sus padres<\/strong>, tal\u00a0y como era la expresa voluntad del cantante.<\/p>\n","protected":false},"excerpt":{"rendered":"<p>Alcoy dar\u00e1 su \u00faltimo adi\u00f3s a Camilo Sesto en este jueves 24 de octubre por medio de un sencillo acto&#8230;<\/p>\n","protected":false},"author":1,"featured_media":26675,"comment_status":"open","ping_status":"open","sticky":false,"template":"","format":"standard","meta":{"footnotes":""},"categories":[97,75,125],"tags":[1494,9338,2559,3495,2027,7011],"class_list":["post-56142","post","type-post","status-publish","format-standard","has-post-thumbnail","hentry","category-alcoy","category-noticias","category-portada","tag-alcoy","tag-camilo-blanes-ornelas","tag-camilo-sesto","tag-capilla-ardiente","tag-despedida","tag-ultimo-adios"],"yoast_head":"<!-- This site is optimized with the Yoast SEO plugin v27.3 - https:\/\/yoast.com\/product\/yoast-seo-wordpress\/ -->\n<title>Alcoy tendr\u00e1 oportunidad de despedir a Camilo Sesto - COPE Alcoy<\/title>\n<meta name=\"robots\" content=\"index, follow, max-snippet:-1, max-image-preview:large, max-video-preview:-1\" \/>\n<link rel=\"canonical\" href=\"https:\/\/www.copealcoy.es\/es\/alcoy-tendra-oportunidad-de-despedir-a-camilo-sesto\/\" \/>\n<meta property=\"og:locale\" content=\"es_ES\" \/>\n<meta property=\"og:type\" content=\"article\" \/>\n<meta property=\"og:title\" content=\"Alcoy tendr\u00e1 oportunidad de despedir a Camilo Sesto - COPE Alcoy\" \/>\n<meta property=\"og:description\" content=\"Alcoy dar\u00e1 su \u00faltimo adi\u00f3s a Camilo Sesto en este jueves 24 de octubre por medio de un sencillo acto...\" \/>\n<meta property=\"og:url\" content=\"https:\/\/www.copealcoy.es\/es\/alcoy-tendra-oportunidad-de-despedir-a-camilo-sesto\/\" \/>\n<meta property=\"og:site_name\" content=\"COPE Alcoy\" \/>\n<meta property=\"article:published_time\" content=\"2019-10-23T13:35:02+00:00\" \/>\n<meta property=\"og:image\" content=\"https:\/\/www.copealcoy.es\/wp-content\/uploads\/2016\/11\/IMG_5654.jpg\" \/>\n\t<meta property=\"og:image:width\" content=\"2048\" \/>\n\t<meta property=\"og:image:height\" content=\"1356\" \/>\n\t<meta property=\"og:image:type\" content=\"image\/jpeg\" \/>\n<meta name=\"author\" content=\"Cope Alcoy\" \/>\n<meta name=\"twitter:label1\" content=\"Escrito por\" \/>\n\t<meta name=\"twitter:data1\" content=\"Cope Alcoy\" \/>\n\t<meta name=\"twitter:label2\" content=\"Tiempo de lectura\" \/>\n\t<meta name=\"twitter:data2\" content=\"1 minuto\" \/>\n<script type=\"application\/ld+json\" class=\"yoast-schema-graph\">{\"@context\":\"https:\\\/\\\/schema.org\",\"@graph\":[{\"@type\":\"Article\",\"@id\":\"https:\\\/\\\/www.copealcoy.es\\\/es\\\/alcoy-tendra-oportunidad-de-despedir-a-camilo-sesto\\\/#article\",\"isPartOf\":{\"@id\":\"https:\\\/\\\/www.copealcoy.es\\\/es\\\/alcoy-tendra-oportunidad-de-despedir-a-camilo-sesto\\\/\"},\"author\":{\"name\":\"Cope Alcoy\",\"@id\":\"https:\\\/\\\/www.copealcoy.es\\\/es\\\/#\\\/schema\\\/person\\\/e777c87fa024e57d40170af9df39882c\"},\"headline\":\"Alcoy tendr\u00e1 oportunidad de despedir a Camilo Sesto\",\"datePublished\":\"2019-10-23T13:35:02+00:00\",\"mainEntityOfPage\":{\"@id\":\"https:\\\/\\\/www.copealcoy.es\\\/es\\\/alcoy-tendra-oportunidad-de-despedir-a-camilo-sesto\\\/\"},\"wordCount\":266,\"commentCount\":0,\"image\":{\"@id\":\"https:\\\/\\\/www.copealcoy.es\\\/es\\\/alcoy-tendra-oportunidad-de-despedir-a-camilo-sesto\\\/#primaryimage\"},\"thumbnailUrl\":\"https:\\\/\\\/www.copealcoy.es\\\/wp-content\\\/uploads\\\/2016\\\/11\\\/IMG_5654.jpg\",\"keywords\":[\"Alcoy\",\"Camilo Blanes Ornelas\",\"Camilo Sesto\",\"Capilla Ardiente\",\"Despedida\",\"\u00faltimo adi\u00f3s\"],\"articleSection\":[\"Alcoy\",\"Noticias\",\"Portada\"],\"inLanguage\":\"es\"},{\"@type\":\"WebPage\",\"@id\":\"https:\\\/\\\/www.copealcoy.es\\\/es\\\/alcoy-tendra-oportunidad-de-despedir-a-camilo-sesto\\\/\",\"url\":\"https:\\\/\\\/www.copealcoy.es\\\/es\\\/alcoy-tendra-oportunidad-de-despedir-a-camilo-sesto\\\/\",\"name\":\"Alcoy tendr\u00e1 oportunidad de despedir a Camilo Sesto - COPE Alcoy\",\"isPartOf\":{\"@id\":\"https:\\\/\\\/www.copealcoy.es\\\/es\\\/#website\"},\"primaryImageOfPage\":{\"@id\":\"https:\\\/\\\/www.copealcoy.es\\\/es\\\/alcoy-tendra-oportunidad-de-despedir-a-camilo-sesto\\\/#primaryimage\"},\"image\":{\"@id\":\"https:\\\/\\\/www.copealcoy.es\\\/es\\\/alcoy-tendra-oportunidad-de-despedir-a-camilo-sesto\\\/#primaryimage\"},\"thumbnailUrl\":\"https:\\\/\\\/www.copealcoy.es\\\/wp-content\\\/uploads\\\/2016\\\/11\\\/IMG_5654.jpg\",\"datePublished\":\"2019-10-23T13:35:02+00:00\",\"author\":{\"@id\":\"https:\\\/\\\/www.copealcoy.es\\\/es\\\/#\\\/schema\\\/person\\\/e777c87fa024e57d40170af9df39882c\"},\"breadcrumb\":{\"@id\":\"https:\\\/\\\/www.copealcoy.es\\\/es\\\/alcoy-tendra-oportunidad-de-despedir-a-camilo-sesto\\\/#breadcrumb\"},\"inLanguage\":\"es\",\"potentialAction\":[{\"@type\":\"ReadAction\",\"target\":[\"https:\\\/\\\/www.copealcoy.es\\\/es\\\/alcoy-tendra-oportunidad-de-despedir-a-camilo-sesto\\\/\"]}]},{\"@type\":\"ImageObject\",\"inLanguage\":\"es\",\"@id\":\"https:\\\/\\\/www.copealcoy.es\\\/es\\\/alcoy-tendra-oportunidad-de-despedir-a-camilo-sesto\\\/#primaryimage\",\"url\":\"https:\\\/\\\/www.copealcoy.es\\\/wp-content\\\/uploads\\\/2016\\\/11\\\/IMG_5654.jpg\",\"contentUrl\":\"https:\\\/\\\/www.copealcoy.es\\\/wp-content\\\/uploads\\\/2016\\\/11\\\/IMG_5654.jpg\",\"width\":2048,\"height\":1356},{\"@type\":\"BreadcrumbList\",\"@id\":\"https:\\\/\\\/www.copealcoy.es\\\/es\\\/alcoy-tendra-oportunidad-de-despedir-a-camilo-sesto\\\/#breadcrumb\",\"itemListElement\":[{\"@type\":\"ListItem\",\"position\":1,\"name\":\"Portada\",\"item\":\"https:\\\/\\\/www.copealcoy.es\\\/es\\\/\"},{\"@type\":\"ListItem\",\"position\":2,\"name\":\"Alcoy tendr\u00e1 oportunidad de despedir a Camilo Sesto\"}]},{\"@type\":\"WebSite\",\"@id\":\"https:\\\/\\\/www.copealcoy.es\\\/es\\\/#website\",\"url\":\"https:\\\/\\\/www.copealcoy.es\\\/es\\\/\",\"name\":\"COPE Alcoy\",\"description\":\"Emisora COPE de radio local con emisi\u00f3n online. Pont de Sant Jordi 8-10 03803 Alcoy\",\"potentialAction\":[{\"@type\":\"SearchAction\",\"target\":{\"@type\":\"EntryPoint\",\"urlTemplate\":\"https:\\\/\\\/www.copealcoy.es\\\/es\\\/?s={search_term_string}\"},\"query-input\":{\"@type\":\"PropertyValueSpecification\",\"valueRequired\":true,\"valueName\":\"search_term_string\"}}],\"inLanguage\":\"es\"},{\"@type\":\"Person\",\"@id\":\"https:\\\/\\\/www.copealcoy.es\\\/es\\\/#\\\/schema\\\/person\\\/e777c87fa024e57d40170af9df39882c\",\"name\":\"Cope Alcoy\",\"image\":{\"@type\":\"ImageObject\",\"inLanguage\":\"es\",\"@id\":\"https:\\\/\\\/secure.gravatar.com\\\/avatar\\\/bb65d0283347e303893ba14f0692005417c1e0e690a325a4c5d8bb2b3943ee14?s=96&d=mm&r=g\",\"url\":\"https:\\\/\\\/secure.gravatar.com\\\/avatar\\\/bb65d0283347e303893ba14f0692005417c1e0e690a325a4c5d8bb2b3943ee14?s=96&d=mm&r=g\",\"contentUrl\":\"https:\\\/\\\/secure.gravatar.com\\\/avatar\\\/bb65d0283347e303893ba14f0692005417c1e0e690a325a4c5d8bb2b3943ee14?s=96&d=mm&r=g\",\"caption\":\"Cope Alcoy\"}}]}<\/script>\n<!-- \/ Yoast SEO plugin. -->","yoast_head_json":{"title":"Alcoy tendr\u00e1 oportunidad de despedir a Camilo Sesto - COPE Alcoy","robots":{"index":"index","follow":"follow","max-snippet":"max-snippet:-1","max-image-preview":"max-image-preview:large","max-video-preview":"max-video-preview:-1"},"canonical":"https:\/\/www.copealcoy.es\/es\/alcoy-tendra-oportunidad-de-despedir-a-camilo-sesto\/","og_locale":"es_ES","og_type":"article","og_title":"Alcoy tendr\u00e1 oportunidad de despedir a Camilo Sesto - COPE Alcoy","og_description":"Alcoy dar\u00e1 su \u00faltimo adi\u00f3s a Camilo Sesto en este jueves 24 de octubre por medio de un sencillo acto...","og_url":"https:\/\/www.copealcoy.es\/es\/alcoy-tendra-oportunidad-de-despedir-a-camilo-sesto\/","og_site_name":"COPE Alcoy","article_published_time":"2019-10-23T13:35:02+00:00","og_image":[{"width":2048,"height":1356,"url":"https:\/\/www.copealcoy.es\/wp-content\/uploads\/2016\/11\/IMG_5654.jpg","type":"image\/jpeg"}],"author":"Cope Alcoy","twitter_misc":{"Escrito por":"Cope Alcoy","Tiempo de lectura":"1 minuto"},"schema":{"@context":"https:\/\/schema.org","@graph":[{"@type":"Article","@id":"https:\/\/www.copealcoy.es\/es\/alcoy-tendra-oportunidad-de-despedir-a-camilo-sesto\/#article","isPartOf":{"@id":"https:\/\/www.copealcoy.es\/es\/alcoy-tendra-oportunidad-de-despedir-a-camilo-sesto\/"},"author":{"name":"Cope Alcoy","@id":"https:\/\/www.copealcoy.es\/es\/#\/schema\/person\/e777c87fa024e57d40170af9df39882c"},"headline":"Alcoy tendr\u00e1 oportunidad de despedir a Camilo Sesto","datePublished":"2019-10-23T13:35:02+00:00","mainEntityOfPage":{"@id":"https:\/\/www.copealcoy.es\/es\/alcoy-tendra-oportunidad-de-despedir-a-camilo-sesto\/"},"wordCount":266,"commentCount":0,"image":{"@id":"https:\/\/www.copealcoy.es\/es\/alcoy-tendra-oportunidad-de-despedir-a-camilo-sesto\/#primaryimage"},"thumbnailUrl":"https:\/\/www.copealcoy.es\/wp-content\/uploads\/2016\/11\/IMG_5654.jpg","keywords":["Alcoy","Camilo Blanes Ornelas","Camilo Sesto","Capilla Ardiente","Despedida","\u00faltimo adi\u00f3s"],"articleSection":["Alcoy","Noticias","Portada"],"inLanguage":"es"},{"@type":"WebPage","@id":"https:\/\/www.copealcoy.es\/es\/alcoy-tendra-oportunidad-de-despedir-a-camilo-sesto\/","url":"https:\/\/www.copealcoy.es\/es\/alcoy-tendra-oportunidad-de-despedir-a-camilo-sesto\/","name":"Alcoy tendr\u00e1 oportunidad de despedir a Camilo Sesto - COPE Alcoy","isPartOf":{"@id":"https:\/\/www.copealcoy.es\/es\/#website"},"primaryImageOfPage":{"@id":"https:\/\/www.copealcoy.es\/es\/alcoy-tendra-oportunidad-de-despedir-a-camilo-sesto\/#primaryimage"},"image":{"@id":"https:\/\/www.copealcoy.es\/es\/alcoy-tendra-oportunidad-de-despedir-a-camilo-sesto\/#primaryimage"},"thumbnailUrl":"https:\/\/www.copealcoy.es\/wp-content\/uploads\/2016\/11\/IMG_5654.jpg","datePublished":"2019-10-23T13:35:02+00:00","author":{"@id":"https:\/\/www.copealcoy.es\/es\/#\/schema\/person\/e777c87fa024e57d40170af9df39882c"},"breadcrumb":{"@id":"https:\/\/www.copealcoy.es\/es\/alcoy-tendra-oportunidad-de-despedir-a-camilo-sesto\/#breadcrumb"},"inLanguage":"es","potentialAction":[{"@type":"ReadAction","target":["https:\/\/www.copealcoy.es\/es\/alcoy-tendra-oportunidad-de-despedir-a-camilo-sesto\/"]}]},{"@type":"ImageObject","inLanguage":"es","@id":"https:\/\/www.copealcoy.es\/es\/alcoy-tendra-oportunidad-de-despedir-a-camilo-sesto\/#primaryimage","url":"https:\/\/www.copealcoy.es\/wp-content\/uploads\/2016\/11\/IMG_5654.jpg","contentUrl":"https:\/\/www.copealcoy.es\/wp-content\/uploads\/2016\/11\/IMG_5654.jpg","width":2048,"height":1356},{"@type":"BreadcrumbList","@id":"https:\/\/www.copealcoy.es\/es\/alcoy-tendra-oportunidad-de-despedir-a-camilo-sesto\/#breadcrumb","itemListElement":[{"@type":"ListItem","position":1,"name":"Portada","item":"https:\/\/www.copealcoy.es\/es\/"},{"@type":"ListItem","position":2,"name":"Alcoy tendr\u00e1 oportunidad de despedir a Camilo Sesto"}]},{"@type":"WebSite","@id":"https:\/\/www.copealcoy.es\/es\/#website","url":"https:\/\/www.copealcoy.es\/es\/","name":"COPE Alcoy","description":"Emisora COPE de radio local con emisi\u00f3n online. Pont de Sant Jordi 8-10 03803 Alcoy","potentialAction":[{"@type":"SearchAction","target":{"@type":"EntryPoint","urlTemplate":"https:\/\/www.copealcoy.es\/es\/?s={search_term_string}"},"query-input":{"@type":"PropertyValueSpecification","valueRequired":true,"valueName":"search_term_string"}}],"inLanguage":"es"},{"@type":"Person","@id":"https:\/\/www.copealcoy.es\/es\/#\/schema\/person\/e777c87fa024e57d40170af9df39882c","name":"Cope Alcoy","image":{"@type":"ImageObject","inLanguage":"es","@id":"https:\/\/secure.gravatar.com\/avatar\/bb65d0283347e303893ba14f0692005417c1e0e690a325a4c5d8bb2b3943ee14?s=96&d=mm&r=g","url":"https:\/\/secure.gravatar.com\/avatar\/bb65d0283347e303893ba14f0692005417c1e0e690a325a4c5d8bb2b3943ee14?s=96&d=mm&r=g","contentUrl":"https:\/\/secure.gravatar.com\/avatar\/bb65d0283347e303893ba14f0692005417c1e0e690a325a4c5d8bb2b3943ee14?s=96&d=mm&r=g","caption":"Cope Alcoy"}}]}},"_links":{"self":[{"href":"https:\/\/www.copealcoy.es\/es\/wp-json\/wp\/v2\/posts\/56142","targetHints":{"allow":["GET"]}}],"collection":[{"href":"https:\/\/www.copealcoy.es\/es\/wp-json\/wp\/v2\/posts"}],"about":[{"href":"https:\/\/www.copealcoy.es\/es\/wp-json\/wp\/v2\/types\/post"}],"author":[{"embeddable":true,"href":"https:\/\/www.copealcoy.es\/es\/wp-json\/wp\/v2\/users\/1"}],"replies":[{"embeddable":true,"href":"https:\/\/www.copealcoy.es\/es\/wp-json\/wp\/v2\/comments?post=56142"}],"version-history":[{"count":0,"href":"https:\/\/www.copealcoy.es\/es\/wp-json\/wp\/v2\/posts\/56142\/revisions"}],"wp:featuredmedia":[{"embeddable":true,"href":"https:\/\/www.copealcoy.es\/es\/wp-json\/wp\/v2\/media\/26675"}],"wp:attachment":[{"href":"https:\/\/www.copealcoy.es\/es\/wp-json\/wp\/v2\/media?parent=56142"}],"wp:term":[{"taxonomy":"category","embeddable":true,"href":"https:\/\/www.copealcoy.es\/es\/wp-json\/wp\/v2\/categories?post=56142"},{"taxonomy":"post_tag","embeddable":true,"href":"https:\/\/www.copealcoy.es\/es\/wp-json\/wp\/v2\/tags?post=56142"}],"curies":[{"name":"wp","href":"https:\/\/api.w.org\/{rel}","templated":true}]}}