{"id":56035,"date":"2019-10-21T14:06:36","date_gmt":"2019-10-21T14:06:36","guid":{"rendered":"https:\/\/copealcoi.es\/?p=56035"},"modified":"2019-10-21T14:06:36","modified_gmt":"2019-10-21T14:06:36","slug":"ninguna-candidatura-opta-a-presidir-la-junta-de-fiestas-de-cocentaina","status":"publish","type":"post","link":"https:\/\/www.copealcoy.es\/es\/ninguna-candidatura-opta-a-presidir-la-junta-de-fiestas-de-cocentaina\/","title":{"rendered":"Ninguna candidatura opta a presidir la Junta de Fiestas de Cocentaina"},"content":{"rendered":"<p style=\"text-align: justify;\">El pasado viernes 18 de octubre finaliz\u00f3 el proceso de <strong>presentaci\u00f3n de candidaturas<\/strong> para <strong>presidir la Junta de Fiestas de Moros y Cristianos de Cocentaina<\/strong> sin que <strong>ning\u00fan candidato<\/strong>, arropado por un equipo de festeras y de festeros para formar su Junta Directiva, <strong>haya optado a asumir esta responsabilidad<\/strong>.&nbsp; De esta forma la entidad festera contestana, cumpliendo con su Reglamento Interno,&nbsp; <strong>pasar\u00e1 a estar regida por una Comisi\u00f3n Gestora<\/strong> formada por todos los Caps de Fil\u00e0, o representantes que estos \u00faltimos designen; al haber manifestado la \u00faltima Junta de Fiestas <strong>la voluntad expresa de cesar de sus funciones de forma definitiva<\/strong> una vez finalizado su periodo reglamentario de tres a\u00f1os al frente de la misma.<\/p>\n<p style=\"text-align: justify;\">Esta Comisi\u00f3n Gestora se reunir\u00e1 esta noche en la Casa del Fester para <strong>recibir las correspondientes indicaciones de la Junta Electoral<\/strong> y su principal funci\u00f3n a partir de este momento ser\u00e1 fomentar<strong> la presentaci\u00f3n de candidaturas en un periodo m\u00e1ximo de cuatro meses<\/strong>. El hasta ahora Presidente de la Junta de Fiestas de Cocentaina, <strong>Hip\u00f2lit Borr\u00e0s<\/strong>, se\u00f1ala que esta situaci\u00f3n ya <strong>se ha dado en ocasiones anteriores<\/strong> al mismo tiempo que <strong>vuelve a hacer un llamamiento de cara a que se presente alguna candidatura<\/strong> para presidir la instituci\u00f3n \u201c<em>es una situaci\u00f3n un tanto extraordinaria pero vuelvo a hacer un llamamiento para que todas aquellas personas que quieran trabajar por la Fiesta de Cocentaina, con responsabilidad e ilusi\u00f3n, tiren hacia adelante con el fin de dar continuidad a la entidad y comenzar ya a preparar las Fiestas en honor a San Hip\u00f3lito M\u00e1rtir del 2020<\/em>\u201d, afirma.<\/p>\n<p style=\"text-align: justify;\">Indicar que al margen de este proceso para elegir Presidente <strong>la Junta de Fiestas mantiene su actividad<\/strong> y entre las pr\u00f3ximas citas previstas destaca <strong>la visita de la Mare de D\u00e9u del Miracle a la Casa del Fester el pr\u00f3ximo 17 de noviembre<\/strong> con ocasi\u00f3n del<strong> V Centenario<\/strong> del milagro de las l\u00e1grimas de la patrona de la Villa Condal.<\/p>\n","protected":false},"excerpt":{"rendered":"<p>El pasado viernes 18 de octubre finaliz\u00f3 el proceso de presentaci\u00f3n de candidaturas para presidir la Junta de Fiestas de&#8230;<\/p>\n","protected":false},"author":1,"featured_media":56062,"comment_status":"open","ping_status":"open","sticky":false,"template":"","format":"standard","meta":{"footnotes":""},"categories":[98,75],"tags":[5263,132,3220,2192,609],"class_list":["post-56035","post","type-post","status-publish","format-standard","has-post-thumbnail","hentry","category-comarcas","category-noticias","tag-candidatura","tag-cocentaina","tag-hipolit-borras","tag-junta-de-fiestas","tag-moros-y-cristianos"],"yoast_head":"<!-- This site is optimized with the Yoast SEO plugin v27.3 - https:\/\/yoast.com\/product\/yoast-seo-wordpress\/ -->\n<title>Ninguna candidatura opta a presidir la Junta de Fiestas de Cocentaina - COPE Alcoy<\/title>\n<meta name=\"robots\" content=\"index, follow, max-snippet:-1, max-image-preview:large, max-video-preview:-1\" \/>\n<link rel=\"canonical\" href=\"https:\/\/www.copealcoy.es\/es\/ninguna-candidatura-opta-a-presidir-la-junta-de-fiestas-de-cocentaina\/\" \/>\n<meta property=\"og:locale\" content=\"es_ES\" \/>\n<meta property=\"og:type\" content=\"article\" \/>\n<meta property=\"og:title\" content=\"Ninguna candidatura opta a presidir la Junta de Fiestas de Cocentaina - COPE Alcoy\" \/>\n<meta property=\"og:description\" content=\"El pasado viernes 18 de octubre finaliz\u00f3 el proceso de presentaci\u00f3n de candidaturas para presidir la Junta de Fiestas de...\" \/>\n<meta property=\"og:url\" content=\"https:\/\/www.copealcoy.es\/es\/ninguna-candidatura-opta-a-presidir-la-junta-de-fiestas-de-cocentaina\/\" \/>\n<meta property=\"og:site_name\" content=\"COPE Alcoy\" \/>\n<meta property=\"article:published_time\" content=\"2019-10-21T14:06:36+00:00\" \/>\n<meta name=\"author\" content=\"Cope Alcoy\" \/>\n<meta name=\"twitter:label1\" content=\"Escrito por\" \/>\n\t<meta name=\"twitter:data1\" content=\"Cope Alcoy\" \/>\n\t<meta name=\"twitter:label2\" content=\"Tiempo de lectura\" \/>\n\t<meta name=\"twitter:data2\" content=\"2 minutos\" \/>\n<script type=\"application\/ld+json\" class=\"yoast-schema-graph\">{\"@context\":\"https:\\\/\\\/schema.org\",\"@graph\":[{\"@type\":\"Article\",\"@id\":\"https:\\\/\\\/www.copealcoy.es\\\/es\\\/ninguna-candidatura-opta-a-presidir-la-junta-de-fiestas-de-cocentaina\\\/#article\",\"isPartOf\":{\"@id\":\"https:\\\/\\\/www.copealcoy.es\\\/es\\\/ninguna-candidatura-opta-a-presidir-la-junta-de-fiestas-de-cocentaina\\\/\"},\"author\":{\"name\":\"Cope Alcoy\",\"@id\":\"https:\\\/\\\/www.copealcoy.es\\\/es\\\/#\\\/schema\\\/person\\\/e777c87fa024e57d40170af9df39882c\"},\"headline\":\"Ninguna candidatura opta a presidir la Junta de Fiestas de Cocentaina\",\"datePublished\":\"2019-10-21T14:06:36+00:00\",\"mainEntityOfPage\":{\"@id\":\"https:\\\/\\\/www.copealcoy.es\\\/es\\\/ninguna-candidatura-opta-a-presidir-la-junta-de-fiestas-de-cocentaina\\\/\"},\"wordCount\":352,\"commentCount\":0,\"image\":{\"@id\":\"https:\\\/\\\/www.copealcoy.es\\\/es\\\/ninguna-candidatura-opta-a-presidir-la-junta-de-fiestas-de-cocentaina\\\/#primaryimage\"},\"thumbnailUrl\":\"\",\"keywords\":[\"Candidatura\",\"Cocentaina\",\"Hip\u00f2lit Borr\u00e1s\",\"Junta de Fiestas\",\"Moros Y Cristianos\"],\"articleSection\":[\"Comarcas\",\"Noticias\"],\"inLanguage\":\"es\"},{\"@type\":\"WebPage\",\"@id\":\"https:\\\/\\\/www.copealcoy.es\\\/es\\\/ninguna-candidatura-opta-a-presidir-la-junta-de-fiestas-de-cocentaina\\\/\",\"url\":\"https:\\\/\\\/www.copealcoy.es\\\/es\\\/ninguna-candidatura-opta-a-presidir-la-junta-de-fiestas-de-cocentaina\\\/\",\"name\":\"Ninguna candidatura opta a presidir la Junta de Fiestas de Cocentaina - COPE Alcoy\",\"isPartOf\":{\"@id\":\"https:\\\/\\\/www.copealcoy.es\\\/es\\\/#website\"},\"primaryImageOfPage\":{\"@id\":\"https:\\\/\\\/www.copealcoy.es\\\/es\\\/ninguna-candidatura-opta-a-presidir-la-junta-de-fiestas-de-cocentaina\\\/#primaryimage\"},\"image\":{\"@id\":\"https:\\\/\\\/www.copealcoy.es\\\/es\\\/ninguna-candidatura-opta-a-presidir-la-junta-de-fiestas-de-cocentaina\\\/#primaryimage\"},\"thumbnailUrl\":\"\",\"datePublished\":\"2019-10-21T14:06:36+00:00\",\"author\":{\"@id\":\"https:\\\/\\\/www.copealcoy.es\\\/es\\\/#\\\/schema\\\/person\\\/e777c87fa024e57d40170af9df39882c\"},\"breadcrumb\":{\"@id\":\"https:\\\/\\\/www.copealcoy.es\\\/es\\\/ninguna-candidatura-opta-a-presidir-la-junta-de-fiestas-de-cocentaina\\\/#breadcrumb\"},\"inLanguage\":\"es\",\"potentialAction\":[{\"@type\":\"ReadAction\",\"target\":[\"https:\\\/\\\/www.copealcoy.es\\\/es\\\/ninguna-candidatura-opta-a-presidir-la-junta-de-fiestas-de-cocentaina\\\/\"]}]},{\"@type\":\"ImageObject\",\"inLanguage\":\"es\",\"@id\":\"https:\\\/\\\/www.copealcoy.es\\\/es\\\/ninguna-candidatura-opta-a-presidir-la-junta-de-fiestas-de-cocentaina\\\/#primaryimage\",\"url\":\"\",\"contentUrl\":\"\"},{\"@type\":\"BreadcrumbList\",\"@id\":\"https:\\\/\\\/www.copealcoy.es\\\/es\\\/ninguna-candidatura-opta-a-presidir-la-junta-de-fiestas-de-cocentaina\\\/#breadcrumb\",\"itemListElement\":[{\"@type\":\"ListItem\",\"position\":1,\"name\":\"Portada\",\"item\":\"https:\\\/\\\/www.copealcoy.es\\\/es\\\/\"},{\"@type\":\"ListItem\",\"position\":2,\"name\":\"Ninguna candidatura opta a presidir la Junta de Fiestas de Cocentaina\"}]},{\"@type\":\"WebSite\",\"@id\":\"https:\\\/\\\/www.copealcoy.es\\\/es\\\/#website\",\"url\":\"https:\\\/\\\/www.copealcoy.es\\\/es\\\/\",\"name\":\"COPE Alcoy\",\"description\":\"Emisora COPE de radio local con emisi\u00f3n online. Pont de Sant Jordi 8-10 03803 Alcoy\",\"potentialAction\":[{\"@type\":\"SearchAction\",\"target\":{\"@type\":\"EntryPoint\",\"urlTemplate\":\"https:\\\/\\\/www.copealcoy.es\\\/es\\\/?s={search_term_string}\"},\"query-input\":{\"@type\":\"PropertyValueSpecification\",\"valueRequired\":true,\"valueName\":\"search_term_string\"}}],\"inLanguage\":\"es\"},{\"@type\":\"Person\",\"@id\":\"https:\\\/\\\/www.copealcoy.es\\\/es\\\/#\\\/schema\\\/person\\\/e777c87fa024e57d40170af9df39882c\",\"name\":\"Cope Alcoy\",\"image\":{\"@type\":\"ImageObject\",\"inLanguage\":\"es\",\"@id\":\"https:\\\/\\\/secure.gravatar.com\\\/avatar\\\/bb65d0283347e303893ba14f0692005417c1e0e690a325a4c5d8bb2b3943ee14?s=96&d=mm&r=g\",\"url\":\"https:\\\/\\\/secure.gravatar.com\\\/avatar\\\/bb65d0283347e303893ba14f0692005417c1e0e690a325a4c5d8bb2b3943ee14?s=96&d=mm&r=g\",\"contentUrl\":\"https:\\\/\\\/secure.gravatar.com\\\/avatar\\\/bb65d0283347e303893ba14f0692005417c1e0e690a325a4c5d8bb2b3943ee14?s=96&d=mm&r=g\",\"caption\":\"Cope Alcoy\"}}]}<\/script>\n<!-- \/ Yoast SEO plugin. -->","yoast_head_json":{"title":"Ninguna candidatura opta a presidir la Junta de Fiestas de Cocentaina - COPE Alcoy","robots":{"index":"index","follow":"follow","max-snippet":"max-snippet:-1","max-image-preview":"max-image-preview:large","max-video-preview":"max-video-preview:-1"},"canonical":"https:\/\/www.copealcoy.es\/es\/ninguna-candidatura-opta-a-presidir-la-junta-de-fiestas-de-cocentaina\/","og_locale":"es_ES","og_type":"article","og_title":"Ninguna candidatura opta a presidir la Junta de Fiestas de Cocentaina - COPE Alcoy","og_description":"El pasado viernes 18 de octubre finaliz\u00f3 el proceso de presentaci\u00f3n de candidaturas para presidir la Junta de Fiestas de...","og_url":"https:\/\/www.copealcoy.es\/es\/ninguna-candidatura-opta-a-presidir-la-junta-de-fiestas-de-cocentaina\/","og_site_name":"COPE Alcoy","article_published_time":"2019-10-21T14:06:36+00:00","author":"Cope Alcoy","twitter_misc":{"Escrito por":"Cope Alcoy","Tiempo de lectura":"2 minutos"},"schema":{"@context":"https:\/\/schema.org","@graph":[{"@type":"Article","@id":"https:\/\/www.copealcoy.es\/es\/ninguna-candidatura-opta-a-presidir-la-junta-de-fiestas-de-cocentaina\/#article","isPartOf":{"@id":"https:\/\/www.copealcoy.es\/es\/ninguna-candidatura-opta-a-presidir-la-junta-de-fiestas-de-cocentaina\/"},"author":{"name":"Cope Alcoy","@id":"https:\/\/www.copealcoy.es\/es\/#\/schema\/person\/e777c87fa024e57d40170af9df39882c"},"headline":"Ninguna candidatura opta a presidir la Junta de Fiestas de Cocentaina","datePublished":"2019-10-21T14:06:36+00:00","mainEntityOfPage":{"@id":"https:\/\/www.copealcoy.es\/es\/ninguna-candidatura-opta-a-presidir-la-junta-de-fiestas-de-cocentaina\/"},"wordCount":352,"commentCount":0,"image":{"@id":"https:\/\/www.copealcoy.es\/es\/ninguna-candidatura-opta-a-presidir-la-junta-de-fiestas-de-cocentaina\/#primaryimage"},"thumbnailUrl":"","keywords":["Candidatura","Cocentaina","Hip\u00f2lit Borr\u00e1s","Junta de Fiestas","Moros Y Cristianos"],"articleSection":["Comarcas","Noticias"],"inLanguage":"es"},{"@type":"WebPage","@id":"https:\/\/www.copealcoy.es\/es\/ninguna-candidatura-opta-a-presidir-la-junta-de-fiestas-de-cocentaina\/","url":"https:\/\/www.copealcoy.es\/es\/ninguna-candidatura-opta-a-presidir-la-junta-de-fiestas-de-cocentaina\/","name":"Ninguna candidatura opta a presidir la Junta de Fiestas de Cocentaina - COPE Alcoy","isPartOf":{"@id":"https:\/\/www.copealcoy.es\/es\/#website"},"primaryImageOfPage":{"@id":"https:\/\/www.copealcoy.es\/es\/ninguna-candidatura-opta-a-presidir-la-junta-de-fiestas-de-cocentaina\/#primaryimage"},"image":{"@id":"https:\/\/www.copealcoy.es\/es\/ninguna-candidatura-opta-a-presidir-la-junta-de-fiestas-de-cocentaina\/#primaryimage"},"thumbnailUrl":"","datePublished":"2019-10-21T14:06:36+00:00","author":{"@id":"https:\/\/www.copealcoy.es\/es\/#\/schema\/person\/e777c87fa024e57d40170af9df39882c"},"breadcrumb":{"@id":"https:\/\/www.copealcoy.es\/es\/ninguna-candidatura-opta-a-presidir-la-junta-de-fiestas-de-cocentaina\/#breadcrumb"},"inLanguage":"es","potentialAction":[{"@type":"ReadAction","target":["https:\/\/www.copealcoy.es\/es\/ninguna-candidatura-opta-a-presidir-la-junta-de-fiestas-de-cocentaina\/"]}]},{"@type":"ImageObject","inLanguage":"es","@id":"https:\/\/www.copealcoy.es\/es\/ninguna-candidatura-opta-a-presidir-la-junta-de-fiestas-de-cocentaina\/#primaryimage","url":"","contentUrl":""},{"@type":"BreadcrumbList","@id":"https:\/\/www.copealcoy.es\/es\/ninguna-candidatura-opta-a-presidir-la-junta-de-fiestas-de-cocentaina\/#breadcrumb","itemListElement":[{"@type":"ListItem","position":1,"name":"Portada","item":"https:\/\/www.copealcoy.es\/es\/"},{"@type":"ListItem","position":2,"name":"Ninguna candidatura opta a presidir la Junta de Fiestas de Cocentaina"}]},{"@type":"WebSite","@id":"https:\/\/www.copealcoy.es\/es\/#website","url":"https:\/\/www.copealcoy.es\/es\/","name":"COPE Alcoy","description":"Emisora COPE de radio local con emisi\u00f3n online. Pont de Sant Jordi 8-10 03803 Alcoy","potentialAction":[{"@type":"SearchAction","target":{"@type":"EntryPoint","urlTemplate":"https:\/\/www.copealcoy.es\/es\/?s={search_term_string}"},"query-input":{"@type":"PropertyValueSpecification","valueRequired":true,"valueName":"search_term_string"}}],"inLanguage":"es"},{"@type":"Person","@id":"https:\/\/www.copealcoy.es\/es\/#\/schema\/person\/e777c87fa024e57d40170af9df39882c","name":"Cope Alcoy","image":{"@type":"ImageObject","inLanguage":"es","@id":"https:\/\/secure.gravatar.com\/avatar\/bb65d0283347e303893ba14f0692005417c1e0e690a325a4c5d8bb2b3943ee14?s=96&d=mm&r=g","url":"https:\/\/secure.gravatar.com\/avatar\/bb65d0283347e303893ba14f0692005417c1e0e690a325a4c5d8bb2b3943ee14?s=96&d=mm&r=g","contentUrl":"https:\/\/secure.gravatar.com\/avatar\/bb65d0283347e303893ba14f0692005417c1e0e690a325a4c5d8bb2b3943ee14?s=96&d=mm&r=g","caption":"Cope Alcoy"}}]}},"_links":{"self":[{"href":"https:\/\/www.copealcoy.es\/es\/wp-json\/wp\/v2\/posts\/56035","targetHints":{"allow":["GET"]}}],"collection":[{"href":"https:\/\/www.copealcoy.es\/es\/wp-json\/wp\/v2\/posts"}],"about":[{"href":"https:\/\/www.copealcoy.es\/es\/wp-json\/wp\/v2\/types\/post"}],"author":[{"embeddable":true,"href":"https:\/\/www.copealcoy.es\/es\/wp-json\/wp\/v2\/users\/1"}],"replies":[{"embeddable":true,"href":"https:\/\/www.copealcoy.es\/es\/wp-json\/wp\/v2\/comments?post=56035"}],"version-history":[{"count":0,"href":"https:\/\/www.copealcoy.es\/es\/wp-json\/wp\/v2\/posts\/56035\/revisions"}],"wp:featuredmedia":[{"embeddable":true,"href":"https:\/\/www.copealcoy.es\/es\/wp-json\/"}],"wp:attachment":[{"href":"https:\/\/www.copealcoy.es\/es\/wp-json\/wp\/v2\/media?parent=56035"}],"wp:term":[{"taxonomy":"category","embeddable":true,"href":"https:\/\/www.copealcoy.es\/es\/wp-json\/wp\/v2\/categories?post=56035"},{"taxonomy":"post_tag","embeddable":true,"href":"https:\/\/www.copealcoy.es\/es\/wp-json\/wp\/v2\/tags?post=56035"}],"curies":[{"name":"wp","href":"https:\/\/api.w.org\/{rel}","templated":true}]}}