{"id":55895,"date":"2019-10-17T18:52:38","date_gmt":"2019-10-17T18:52:38","guid":{"rendered":"https:\/\/copealcoi.es\/?p=55895"},"modified":"2019-10-17T18:52:38","modified_gmt":"2019-10-17T18:52:38","slug":"celia-torregrosa-recitara-la-suplica-a-la-mareta-en-2020","status":"publish","type":"post","link":"https:\/\/www.copealcoy.es\/es\/celia-torregrosa-recitara-la-suplica-a-la-mareta-en-2020\/","title":{"rendered":"Celia Torregrosa recitar\u00e1 La S\u00faplica a la Mareta en 2020"},"content":{"rendered":"<p style=\"text-align: justify;\">La contestana <strong>Celia Torregrosa<\/strong> ser\u00e1 la encargada de<strong> declamar La S\u00faplica<\/strong> a la Mare de D\u00e9u del Miracle de Cocentaina el pr\u00f3ximo a\u00f1o 2020, unas Fiestas Patronales especiales ya que <strong>coincidir\u00e1n con el V Centenario del prodigio de las 27 l\u00e1grimas de sangre<\/strong> que se produjo <strong>el 19 de abril de 1.520<\/strong> en la Capilla de San Antonio Abad del Palau Comtal.<\/p>\n<p style=\"text-align: justify;\">As\u00ed \u00a0lo decidi\u00f3 el sorteo celebrado esta tarde en el <strong>Monasterio de las Clarisas<\/strong> de la Villa Condal dentro de las actividades de <strong>la Semana de Exaltaci\u00f3n en honor a la Mareta<\/strong> que se est\u00e1n desarrollando durante estos d\u00edas. En el acto, adem\u00e1s, se escogieron a <strong>los ni\u00f1os que asumir\u00e1n los papeles de Condes, Condesa y Moss\u00e9n<\/strong> durante los festejos de abril del a\u00f1o que viene. Se trata de <strong>Pablo Jord\u00e0 Torr\u00f3<\/strong> (Conde), <strong>Celia Boyero Cerd\u00e0<\/strong> (Condesa) y<strong> Joan Ferri Cortell<\/strong> (Moss\u00e9n). Todos ellos <strong>ser\u00e1n proclamados oficialmente en sus cargos en el pr\u00f3ximo mes de enero<\/strong> cuando se celebren <strong>las fiestas de San Antonio Abad<\/strong> que organiza la P\u00eda Uni\u00f3n anualmente para recordar al titular de la Capilla en la que tuvo lugar <strong>el citado milagro<\/strong> de la Mareta.<\/p>\n<p style=\"text-align: justify;\">La jornada de este jueves ha incluido tambi\u00e9n <strong>la lectura del acta de los premios de los concursos escolares de dibujo y redacci\u00f3n<\/strong> al mismo tiempo que los ganadores de este \u00faltimo <strong>han podido leer sus poes\u00edas dedicadas a la Mareta<\/strong>. Por \u00faltimo se ha efectuado<strong> la lectura del acta de los ganadores del concurso de fotograf\u00eda<\/strong> de la Mare de D\u00e9u del Miracle y se ha inaugurado <strong>una exposici\u00f3n<\/strong> con todos los trabajos presentados a estos cert\u00e1menes que <strong>se puede visitar en la sala del Palau Comtal<\/strong> en la que estaba la antigua Biblioteca Municipal.<\/p>\n","protected":false},"excerpt":{"rendered":"<p>La contestana Celia Torregrosa ser\u00e1 la encargada de declamar La S\u00faplica a la Mare de D\u00e9u del Miracle de Cocentaina&#8230;<\/p>\n","protected":false},"author":1,"featured_media":41378,"comment_status":"open","ping_status":"open","sticky":false,"template":"","format":"standard","meta":{"footnotes":""},"categories":[98,75],"tags":[9325,132,237,9326,1984,864,6844],"class_list":["post-55895","post","type-post","status-publish","format-standard","has-post-thumbnail","hentry","category-comarcas","category-noticias","tag-celia-torregrosa","tag-cocentaina","tag-comtat","tag-la-suplica","tag-mare-de-deu-del-miracle","tag-mareta","tag-recitara"],"yoast_head":"<!-- This site is optimized with the Yoast SEO plugin v27.3 - https:\/\/yoast.com\/product\/yoast-seo-wordpress\/ -->\n<title>Celia Torregrosa recitar\u00e1 La S\u00faplica a la Mareta en 2020 - COPE Alcoy<\/title>\n<meta name=\"robots\" content=\"index, follow, max-snippet:-1, max-image-preview:large, max-video-preview:-1\" \/>\n<link rel=\"canonical\" href=\"https:\/\/www.copealcoy.es\/es\/celia-torregrosa-recitara-la-suplica-a-la-mareta-en-2020\/\" \/>\n<meta property=\"og:locale\" content=\"es_ES\" \/>\n<meta property=\"og:type\" content=\"article\" \/>\n<meta property=\"og:title\" content=\"Celia Torregrosa recitar\u00e1 La S\u00faplica a la Mareta en 2020 - COPE Alcoy\" \/>\n<meta property=\"og:description\" content=\"La contestana Celia Torregrosa ser\u00e1 la encargada de declamar La S\u00faplica a la Mare de D\u00e9u del Miracle de Cocentaina...\" \/>\n<meta property=\"og:url\" content=\"https:\/\/www.copealcoy.es\/es\/celia-torregrosa-recitara-la-suplica-a-la-mareta-en-2020\/\" \/>\n<meta property=\"og:site_name\" content=\"COPE Alcoy\" \/>\n<meta property=\"article:published_time\" content=\"2019-10-17T18:52:38+00:00\" \/>\n<meta property=\"og:image\" content=\"https:\/\/www.copealcoy.es\/wp-content\/uploads\/2018\/04\/13012806_1687814484813682_8476929455346420921_n-e1524002838618.jpg\" \/>\n\t<meta property=\"og:image:width\" content=\"955\" \/>\n\t<meta property=\"og:image:height\" content=\"504\" \/>\n\t<meta property=\"og:image:type\" content=\"image\/jpeg\" \/>\n<meta name=\"author\" content=\"Cope Alcoy\" \/>\n<meta name=\"twitter:label1\" content=\"Escrito por\" \/>\n\t<meta name=\"twitter:data1\" content=\"Cope Alcoy\" \/>\n\t<meta name=\"twitter:label2\" content=\"Tiempo de lectura\" \/>\n\t<meta name=\"twitter:data2\" content=\"2 minutos\" \/>\n<script type=\"application\/ld+json\" class=\"yoast-schema-graph\">{\"@context\":\"https:\\\/\\\/schema.org\",\"@graph\":[{\"@type\":\"Article\",\"@id\":\"https:\\\/\\\/www.copealcoy.es\\\/es\\\/celia-torregrosa-recitara-la-suplica-a-la-mareta-en-2020\\\/#article\",\"isPartOf\":{\"@id\":\"https:\\\/\\\/www.copealcoy.es\\\/es\\\/celia-torregrosa-recitara-la-suplica-a-la-mareta-en-2020\\\/\"},\"author\":{\"name\":\"Cope Alcoy\",\"@id\":\"https:\\\/\\\/www.copealcoy.es\\\/es\\\/#\\\/schema\\\/person\\\/e777c87fa024e57d40170af9df39882c\"},\"headline\":\"Celia Torregrosa recitar\u00e1 La S\u00faplica a la Mareta en 2020\",\"datePublished\":\"2019-10-17T18:52:38+00:00\",\"mainEntityOfPage\":{\"@id\":\"https:\\\/\\\/www.copealcoy.es\\\/es\\\/celia-torregrosa-recitara-la-suplica-a-la-mareta-en-2020\\\/\"},\"wordCount\":319,\"commentCount\":0,\"image\":{\"@id\":\"https:\\\/\\\/www.copealcoy.es\\\/es\\\/celia-torregrosa-recitara-la-suplica-a-la-mareta-en-2020\\\/#primaryimage\"},\"thumbnailUrl\":\"https:\\\/\\\/www.copealcoy.es\\\/wp-content\\\/uploads\\\/2018\\\/04\\\/13012806_1687814484813682_8476929455346420921_n-e1524002838618.jpg\",\"keywords\":[\"Celia Torregrosa\",\"Cocentaina\",\"Comtat\",\"La S\u00faplica\",\"Mare de D\u00e9u del Miracle\",\"Mareta\",\"recitar\u00e1\"],\"articleSection\":[\"Comarcas\",\"Noticias\"],\"inLanguage\":\"es\"},{\"@type\":\"WebPage\",\"@id\":\"https:\\\/\\\/www.copealcoy.es\\\/es\\\/celia-torregrosa-recitara-la-suplica-a-la-mareta-en-2020\\\/\",\"url\":\"https:\\\/\\\/www.copealcoy.es\\\/es\\\/celia-torregrosa-recitara-la-suplica-a-la-mareta-en-2020\\\/\",\"name\":\"Celia Torregrosa recitar\u00e1 La S\u00faplica a la Mareta en 2020 - COPE Alcoy\",\"isPartOf\":{\"@id\":\"https:\\\/\\\/www.copealcoy.es\\\/es\\\/#website\"},\"primaryImageOfPage\":{\"@id\":\"https:\\\/\\\/www.copealcoy.es\\\/es\\\/celia-torregrosa-recitara-la-suplica-a-la-mareta-en-2020\\\/#primaryimage\"},\"image\":{\"@id\":\"https:\\\/\\\/www.copealcoy.es\\\/es\\\/celia-torregrosa-recitara-la-suplica-a-la-mareta-en-2020\\\/#primaryimage\"},\"thumbnailUrl\":\"https:\\\/\\\/www.copealcoy.es\\\/wp-content\\\/uploads\\\/2018\\\/04\\\/13012806_1687814484813682_8476929455346420921_n-e1524002838618.jpg\",\"datePublished\":\"2019-10-17T18:52:38+00:00\",\"author\":{\"@id\":\"https:\\\/\\\/www.copealcoy.es\\\/es\\\/#\\\/schema\\\/person\\\/e777c87fa024e57d40170af9df39882c\"},\"breadcrumb\":{\"@id\":\"https:\\\/\\\/www.copealcoy.es\\\/es\\\/celia-torregrosa-recitara-la-suplica-a-la-mareta-en-2020\\\/#breadcrumb\"},\"inLanguage\":\"es\",\"potentialAction\":[{\"@type\":\"ReadAction\",\"target\":[\"https:\\\/\\\/www.copealcoy.es\\\/es\\\/celia-torregrosa-recitara-la-suplica-a-la-mareta-en-2020\\\/\"]}]},{\"@type\":\"ImageObject\",\"inLanguage\":\"es\",\"@id\":\"https:\\\/\\\/www.copealcoy.es\\\/es\\\/celia-torregrosa-recitara-la-suplica-a-la-mareta-en-2020\\\/#primaryimage\",\"url\":\"https:\\\/\\\/www.copealcoy.es\\\/wp-content\\\/uploads\\\/2018\\\/04\\\/13012806_1687814484813682_8476929455346420921_n-e1524002838618.jpg\",\"contentUrl\":\"https:\\\/\\\/www.copealcoy.es\\\/wp-content\\\/uploads\\\/2018\\\/04\\\/13012806_1687814484813682_8476929455346420921_n-e1524002838618.jpg\",\"width\":955,\"height\":504},{\"@type\":\"BreadcrumbList\",\"@id\":\"https:\\\/\\\/www.copealcoy.es\\\/es\\\/celia-torregrosa-recitara-la-suplica-a-la-mareta-en-2020\\\/#breadcrumb\",\"itemListElement\":[{\"@type\":\"ListItem\",\"position\":1,\"name\":\"Portada\",\"item\":\"https:\\\/\\\/www.copealcoy.es\\\/es\\\/\"},{\"@type\":\"ListItem\",\"position\":2,\"name\":\"Celia Torregrosa recitar\u00e1 La S\u00faplica a la Mareta en 2020\"}]},{\"@type\":\"WebSite\",\"@id\":\"https:\\\/\\\/www.copealcoy.es\\\/es\\\/#website\",\"url\":\"https:\\\/\\\/www.copealcoy.es\\\/es\\\/\",\"name\":\"COPE Alcoy\",\"description\":\"Emisora COPE de radio local con emisi\u00f3n online. Pont de Sant Jordi 8-10 03803 Alcoy\",\"potentialAction\":[{\"@type\":\"SearchAction\",\"target\":{\"@type\":\"EntryPoint\",\"urlTemplate\":\"https:\\\/\\\/www.copealcoy.es\\\/es\\\/?s={search_term_string}\"},\"query-input\":{\"@type\":\"PropertyValueSpecification\",\"valueRequired\":true,\"valueName\":\"search_term_string\"}}],\"inLanguage\":\"es\"},{\"@type\":\"Person\",\"@id\":\"https:\\\/\\\/www.copealcoy.es\\\/es\\\/#\\\/schema\\\/person\\\/e777c87fa024e57d40170af9df39882c\",\"name\":\"Cope Alcoy\",\"image\":{\"@type\":\"ImageObject\",\"inLanguage\":\"es\",\"@id\":\"https:\\\/\\\/secure.gravatar.com\\\/avatar\\\/bb65d0283347e303893ba14f0692005417c1e0e690a325a4c5d8bb2b3943ee14?s=96&d=mm&r=g\",\"url\":\"https:\\\/\\\/secure.gravatar.com\\\/avatar\\\/bb65d0283347e303893ba14f0692005417c1e0e690a325a4c5d8bb2b3943ee14?s=96&d=mm&r=g\",\"contentUrl\":\"https:\\\/\\\/secure.gravatar.com\\\/avatar\\\/bb65d0283347e303893ba14f0692005417c1e0e690a325a4c5d8bb2b3943ee14?s=96&d=mm&r=g\",\"caption\":\"Cope Alcoy\"}}]}<\/script>\n<!-- \/ Yoast SEO plugin. -->","yoast_head_json":{"title":"Celia Torregrosa recitar\u00e1 La S\u00faplica a la Mareta en 2020 - COPE Alcoy","robots":{"index":"index","follow":"follow","max-snippet":"max-snippet:-1","max-image-preview":"max-image-preview:large","max-video-preview":"max-video-preview:-1"},"canonical":"https:\/\/www.copealcoy.es\/es\/celia-torregrosa-recitara-la-suplica-a-la-mareta-en-2020\/","og_locale":"es_ES","og_type":"article","og_title":"Celia Torregrosa recitar\u00e1 La S\u00faplica a la Mareta en 2020 - COPE Alcoy","og_description":"La contestana Celia Torregrosa ser\u00e1 la encargada de declamar La S\u00faplica a la Mare de D\u00e9u del Miracle de Cocentaina...","og_url":"https:\/\/www.copealcoy.es\/es\/celia-torregrosa-recitara-la-suplica-a-la-mareta-en-2020\/","og_site_name":"COPE Alcoy","article_published_time":"2019-10-17T18:52:38+00:00","og_image":[{"width":955,"height":504,"url":"https:\/\/www.copealcoy.es\/wp-content\/uploads\/2018\/04\/13012806_1687814484813682_8476929455346420921_n-e1524002838618.jpg","type":"image\/jpeg"}],"author":"Cope Alcoy","twitter_misc":{"Escrito por":"Cope Alcoy","Tiempo de lectura":"2 minutos"},"schema":{"@context":"https:\/\/schema.org","@graph":[{"@type":"Article","@id":"https:\/\/www.copealcoy.es\/es\/celia-torregrosa-recitara-la-suplica-a-la-mareta-en-2020\/#article","isPartOf":{"@id":"https:\/\/www.copealcoy.es\/es\/celia-torregrosa-recitara-la-suplica-a-la-mareta-en-2020\/"},"author":{"name":"Cope Alcoy","@id":"https:\/\/www.copealcoy.es\/es\/#\/schema\/person\/e777c87fa024e57d40170af9df39882c"},"headline":"Celia Torregrosa recitar\u00e1 La S\u00faplica a la Mareta en 2020","datePublished":"2019-10-17T18:52:38+00:00","mainEntityOfPage":{"@id":"https:\/\/www.copealcoy.es\/es\/celia-torregrosa-recitara-la-suplica-a-la-mareta-en-2020\/"},"wordCount":319,"commentCount":0,"image":{"@id":"https:\/\/www.copealcoy.es\/es\/celia-torregrosa-recitara-la-suplica-a-la-mareta-en-2020\/#primaryimage"},"thumbnailUrl":"https:\/\/www.copealcoy.es\/wp-content\/uploads\/2018\/04\/13012806_1687814484813682_8476929455346420921_n-e1524002838618.jpg","keywords":["Celia Torregrosa","Cocentaina","Comtat","La S\u00faplica","Mare de D\u00e9u del Miracle","Mareta","recitar\u00e1"],"articleSection":["Comarcas","Noticias"],"inLanguage":"es"},{"@type":"WebPage","@id":"https:\/\/www.copealcoy.es\/es\/celia-torregrosa-recitara-la-suplica-a-la-mareta-en-2020\/","url":"https:\/\/www.copealcoy.es\/es\/celia-torregrosa-recitara-la-suplica-a-la-mareta-en-2020\/","name":"Celia Torregrosa recitar\u00e1 La S\u00faplica a la Mareta en 2020 - COPE Alcoy","isPartOf":{"@id":"https:\/\/www.copealcoy.es\/es\/#website"},"primaryImageOfPage":{"@id":"https:\/\/www.copealcoy.es\/es\/celia-torregrosa-recitara-la-suplica-a-la-mareta-en-2020\/#primaryimage"},"image":{"@id":"https:\/\/www.copealcoy.es\/es\/celia-torregrosa-recitara-la-suplica-a-la-mareta-en-2020\/#primaryimage"},"thumbnailUrl":"https:\/\/www.copealcoy.es\/wp-content\/uploads\/2018\/04\/13012806_1687814484813682_8476929455346420921_n-e1524002838618.jpg","datePublished":"2019-10-17T18:52:38+00:00","author":{"@id":"https:\/\/www.copealcoy.es\/es\/#\/schema\/person\/e777c87fa024e57d40170af9df39882c"},"breadcrumb":{"@id":"https:\/\/www.copealcoy.es\/es\/celia-torregrosa-recitara-la-suplica-a-la-mareta-en-2020\/#breadcrumb"},"inLanguage":"es","potentialAction":[{"@type":"ReadAction","target":["https:\/\/www.copealcoy.es\/es\/celia-torregrosa-recitara-la-suplica-a-la-mareta-en-2020\/"]}]},{"@type":"ImageObject","inLanguage":"es","@id":"https:\/\/www.copealcoy.es\/es\/celia-torregrosa-recitara-la-suplica-a-la-mareta-en-2020\/#primaryimage","url":"https:\/\/www.copealcoy.es\/wp-content\/uploads\/2018\/04\/13012806_1687814484813682_8476929455346420921_n-e1524002838618.jpg","contentUrl":"https:\/\/www.copealcoy.es\/wp-content\/uploads\/2018\/04\/13012806_1687814484813682_8476929455346420921_n-e1524002838618.jpg","width":955,"height":504},{"@type":"BreadcrumbList","@id":"https:\/\/www.copealcoy.es\/es\/celia-torregrosa-recitara-la-suplica-a-la-mareta-en-2020\/#breadcrumb","itemListElement":[{"@type":"ListItem","position":1,"name":"Portada","item":"https:\/\/www.copealcoy.es\/es\/"},{"@type":"ListItem","position":2,"name":"Celia Torregrosa recitar\u00e1 La S\u00faplica a la Mareta en 2020"}]},{"@type":"WebSite","@id":"https:\/\/www.copealcoy.es\/es\/#website","url":"https:\/\/www.copealcoy.es\/es\/","name":"COPE Alcoy","description":"Emisora COPE de radio local con emisi\u00f3n online. Pont de Sant Jordi 8-10 03803 Alcoy","potentialAction":[{"@type":"SearchAction","target":{"@type":"EntryPoint","urlTemplate":"https:\/\/www.copealcoy.es\/es\/?s={search_term_string}"},"query-input":{"@type":"PropertyValueSpecification","valueRequired":true,"valueName":"search_term_string"}}],"inLanguage":"es"},{"@type":"Person","@id":"https:\/\/www.copealcoy.es\/es\/#\/schema\/person\/e777c87fa024e57d40170af9df39882c","name":"Cope Alcoy","image":{"@type":"ImageObject","inLanguage":"es","@id":"https:\/\/secure.gravatar.com\/avatar\/bb65d0283347e303893ba14f0692005417c1e0e690a325a4c5d8bb2b3943ee14?s=96&d=mm&r=g","url":"https:\/\/secure.gravatar.com\/avatar\/bb65d0283347e303893ba14f0692005417c1e0e690a325a4c5d8bb2b3943ee14?s=96&d=mm&r=g","contentUrl":"https:\/\/secure.gravatar.com\/avatar\/bb65d0283347e303893ba14f0692005417c1e0e690a325a4c5d8bb2b3943ee14?s=96&d=mm&r=g","caption":"Cope Alcoy"}}]}},"_links":{"self":[{"href":"https:\/\/www.copealcoy.es\/es\/wp-json\/wp\/v2\/posts\/55895","targetHints":{"allow":["GET"]}}],"collection":[{"href":"https:\/\/www.copealcoy.es\/es\/wp-json\/wp\/v2\/posts"}],"about":[{"href":"https:\/\/www.copealcoy.es\/es\/wp-json\/wp\/v2\/types\/post"}],"author":[{"embeddable":true,"href":"https:\/\/www.copealcoy.es\/es\/wp-json\/wp\/v2\/users\/1"}],"replies":[{"embeddable":true,"href":"https:\/\/www.copealcoy.es\/es\/wp-json\/wp\/v2\/comments?post=55895"}],"version-history":[{"count":0,"href":"https:\/\/www.copealcoy.es\/es\/wp-json\/wp\/v2\/posts\/55895\/revisions"}],"wp:featuredmedia":[{"embeddable":true,"href":"https:\/\/www.copealcoy.es\/es\/wp-json\/wp\/v2\/media\/41378"}],"wp:attachment":[{"href":"https:\/\/www.copealcoy.es\/es\/wp-json\/wp\/v2\/media?parent=55895"}],"wp:term":[{"taxonomy":"category","embeddable":true,"href":"https:\/\/www.copealcoy.es\/es\/wp-json\/wp\/v2\/categories?post=55895"},{"taxonomy":"post_tag","embeddable":true,"href":"https:\/\/www.copealcoy.es\/es\/wp-json\/wp\/v2\/tags?post=55895"}],"curies":[{"name":"wp","href":"https:\/\/api.w.org\/{rel}","templated":true}]}}