{"id":55838,"date":"2019-10-17T20:48:41","date_gmt":"2019-10-17T20:48:41","guid":{"rendered":"https:\/\/copealcoi.es\/?p=55838"},"modified":"2019-10-17T20:48:41","modified_gmt":"2019-10-17T20:48:41","slug":"el-legado-de-camilo-sesto-se-custodiara-en-alcoy","status":"publish","type":"post","link":"https:\/\/www.copealcoy.es\/es\/el-legado-de-camilo-sesto-se-custodiara-en-alcoy\/","title":{"rendered":"El legado de Camilo Sesto se custodiar\u00e1 en Alcoy"},"content":{"rendered":"<p style=\"text-align: justify;\">Alcoy recibir\u00e1 <strong>el legado de Camilo Sesto<\/strong> y lo depositar\u00e1 en <strong>un futuro museo<\/strong> dedicado al artista tal y como manifest\u00f3 el propio cantante en <strong>las \u00faltimas voluntades<\/strong> reflejadas en su testamento. De esta forma la ciudad que lo vio nacer <strong>custodiar\u00e1 un importante patrimonio<\/strong> formado por <strong>premios, vestuario, instrumentos e incluso los galardones<\/strong> que Camilo Blanes Cort\u00e9s recibi\u00f3 durante toda su carrera art\u00edstica.<\/p>\n<p style=\"text-align: justify;\">El alcalde de Alcoy, <strong>Antonio Franc\u00e9s<\/strong>, ha destacado este jueves que todas estas piezas <strong>ser\u00e1n inventariadas<\/strong> durante los pr\u00f3ximos meses y ha asegurado que las mismas <strong>dar\u00e1n forma a un museo<\/strong> en el quedar\u00e1 para siempre la memoria de Camilo Sesto. Franc\u00e9s ha indicado que el Ayuntamiento <strong>centrar\u00e1 todos los esfuerzos para hacer que este proyecto pueda ser una realidad en el a\u00f1o 2021<\/strong> &#8220;e<em>l museo se plantea como el mejor reconocimiento para nuestro artista m\u00e1s internacional. La ubicaci\u00f3n no est\u00e1 todav\u00eda clara y\u00a0uestra intenci\u00f3n es realizar de aqu\u00ed a final de a\u00f1o este inventario para en 2020 redactar el proyecto muse\u00edstico con el fin de abrirlo al a\u00f1o siguiente<\/em>&#8220;, dijo.<\/p>\n<p style=\"text-align: justify;\">Recordar que el pr\u00f3ximo jueves 24 de octubre tendr\u00e1 lugar <strong>el acto de despedida de Camilo Sesto<\/strong> en su Alcoy natal y en esta jornada <strong>las cenizas del artista<\/strong> ser\u00e1n depositadas en el Sal\u00f3n de Plenos del Ayuntamiento. All\u00ed <strong>se abrir\u00e1 la Capilla Ardiente<\/strong> a las 11 de la ma\u00f1ana con el fin de que todos los que lo deseen puedan pasar por la misma <strong>para mostrar sus respetos<\/strong> a un cantante que llev\u00f3 el nombre de nuestra ciudad por todo el mundo.<\/p>\n<p><iframe loading=\"lazy\" title=\"RP Testamento Camilo Sesto. Toni Franc\u00e9s, alcalde d&#039;Alcoi. 17\/10\/2019\" width=\"1200\" height=\"675\" src=\"https:\/\/www.youtube.com\/embed\/vuyh7cpildw?feature=oembed\" frameborder=\"0\" allow=\"accelerometer; autoplay; encrypted-media; gyroscope; picture-in-picture\" allowfullscreen><\/iframe><\/p>\n","protected":false},"excerpt":{"rendered":"<p>Alcoy recibir\u00e1 el legado de Camilo Sesto y lo depositar\u00e1 en un futuro museo dedicado al artista tal y como&#8230;<\/p>\n","protected":false},"author":1,"featured_media":55841,"comment_status":"open","ping_status":"open","sticky":false,"template":"","format":"standard","meta":{"footnotes":""},"categories":[97,78,75,125],"tags":[1494,1793,2559,5029,1114,1856],"class_list":["post-55838","post","type-post","status-publish","format-standard","has-post-thumbnail","hentry","category-alcoy","category-fiestaycultura","category-noticias","category-portada","tag-alcoy","tag-antonio-frances","tag-camilo-sesto","tag-legado","tag-museo","tag-raul-llopis"],"yoast_head":"<!-- This site is optimized with the Yoast SEO plugin v27.3 - https:\/\/yoast.com\/product\/yoast-seo-wordpress\/ -->\n<title>El legado de Camilo Sesto se custodiar\u00e1 en Alcoy - COPE Alcoy<\/title>\n<meta name=\"robots\" content=\"index, follow, max-snippet:-1, max-image-preview:large, max-video-preview:-1\" \/>\n<link rel=\"canonical\" href=\"https:\/\/www.copealcoy.es\/es\/el-legado-de-camilo-sesto-se-custodiara-en-alcoy\/\" \/>\n<meta property=\"og:locale\" content=\"es_ES\" \/>\n<meta property=\"og:type\" content=\"article\" \/>\n<meta property=\"og:title\" content=\"El legado de Camilo Sesto se custodiar\u00e1 en Alcoy - COPE Alcoy\" \/>\n<meta property=\"og:description\" content=\"Alcoy recibir\u00e1 el legado de Camilo Sesto y lo depositar\u00e1 en un futuro museo dedicado al artista tal y como...\" \/>\n<meta property=\"og:url\" content=\"https:\/\/www.copealcoy.es\/es\/el-legado-de-camilo-sesto-se-custodiara-en-alcoy\/\" \/>\n<meta property=\"og:site_name\" content=\"COPE Alcoy\" \/>\n<meta property=\"article:published_time\" content=\"2019-10-17T20:48:41+00:00\" \/>\n<meta name=\"author\" content=\"Cope Alcoy\" \/>\n<meta name=\"twitter:label1\" content=\"Escrito por\" \/>\n\t<meta name=\"twitter:data1\" content=\"Cope Alcoy\" \/>\n\t<meta name=\"twitter:label2\" content=\"Tiempo de lectura\" \/>\n\t<meta name=\"twitter:data2\" content=\"1 minuto\" \/>\n<script type=\"application\/ld+json\" class=\"yoast-schema-graph\">{\"@context\":\"https:\\\/\\\/schema.org\",\"@graph\":[{\"@type\":\"Article\",\"@id\":\"https:\\\/\\\/www.copealcoy.es\\\/es\\\/el-legado-de-camilo-sesto-se-custodiara-en-alcoy\\\/#article\",\"isPartOf\":{\"@id\":\"https:\\\/\\\/www.copealcoy.es\\\/es\\\/el-legado-de-camilo-sesto-se-custodiara-en-alcoy\\\/\"},\"author\":{\"name\":\"Cope Alcoy\",\"@id\":\"https:\\\/\\\/www.copealcoy.es\\\/es\\\/#\\\/schema\\\/person\\\/e777c87fa024e57d40170af9df39882c\"},\"headline\":\"El legado de Camilo Sesto se custodiar\u00e1 en Alcoy\",\"datePublished\":\"2019-10-17T20:48:41+00:00\",\"mainEntityOfPage\":{\"@id\":\"https:\\\/\\\/www.copealcoy.es\\\/es\\\/el-legado-de-camilo-sesto-se-custodiara-en-alcoy\\\/\"},\"wordCount\":291,\"commentCount\":0,\"image\":{\"@id\":\"https:\\\/\\\/www.copealcoy.es\\\/es\\\/el-legado-de-camilo-sesto-se-custodiara-en-alcoy\\\/#primaryimage\"},\"thumbnailUrl\":\"\",\"keywords\":[\"Alcoy\",\"Antonio Franc\u00e9s\",\"Camilo Sesto\",\"legado\",\"Museo\",\"Ra\u00fcl Llopis\"],\"articleSection\":[\"Alcoy\",\"Fiesta y Cultura\",\"Noticias\",\"Portada\"],\"inLanguage\":\"es\"},{\"@type\":\"WebPage\",\"@id\":\"https:\\\/\\\/www.copealcoy.es\\\/es\\\/el-legado-de-camilo-sesto-se-custodiara-en-alcoy\\\/\",\"url\":\"https:\\\/\\\/www.copealcoy.es\\\/es\\\/el-legado-de-camilo-sesto-se-custodiara-en-alcoy\\\/\",\"name\":\"El legado de Camilo Sesto se custodiar\u00e1 en Alcoy - COPE Alcoy\",\"isPartOf\":{\"@id\":\"https:\\\/\\\/www.copealcoy.es\\\/es\\\/#website\"},\"primaryImageOfPage\":{\"@id\":\"https:\\\/\\\/www.copealcoy.es\\\/es\\\/el-legado-de-camilo-sesto-se-custodiara-en-alcoy\\\/#primaryimage\"},\"image\":{\"@id\":\"https:\\\/\\\/www.copealcoy.es\\\/es\\\/el-legado-de-camilo-sesto-se-custodiara-en-alcoy\\\/#primaryimage\"},\"thumbnailUrl\":\"\",\"datePublished\":\"2019-10-17T20:48:41+00:00\",\"author\":{\"@id\":\"https:\\\/\\\/www.copealcoy.es\\\/es\\\/#\\\/schema\\\/person\\\/e777c87fa024e57d40170af9df39882c\"},\"breadcrumb\":{\"@id\":\"https:\\\/\\\/www.copealcoy.es\\\/es\\\/el-legado-de-camilo-sesto-se-custodiara-en-alcoy\\\/#breadcrumb\"},\"inLanguage\":\"es\",\"potentialAction\":[{\"@type\":\"ReadAction\",\"target\":[\"https:\\\/\\\/www.copealcoy.es\\\/es\\\/el-legado-de-camilo-sesto-se-custodiara-en-alcoy\\\/\"]}]},{\"@type\":\"ImageObject\",\"inLanguage\":\"es\",\"@id\":\"https:\\\/\\\/www.copealcoy.es\\\/es\\\/el-legado-de-camilo-sesto-se-custodiara-en-alcoy\\\/#primaryimage\",\"url\":\"\",\"contentUrl\":\"\"},{\"@type\":\"BreadcrumbList\",\"@id\":\"https:\\\/\\\/www.copealcoy.es\\\/es\\\/el-legado-de-camilo-sesto-se-custodiara-en-alcoy\\\/#breadcrumb\",\"itemListElement\":[{\"@type\":\"ListItem\",\"position\":1,\"name\":\"Portada\",\"item\":\"https:\\\/\\\/www.copealcoy.es\\\/es\\\/\"},{\"@type\":\"ListItem\",\"position\":2,\"name\":\"El legado de Camilo Sesto se custodiar\u00e1 en Alcoy\"}]},{\"@type\":\"WebSite\",\"@id\":\"https:\\\/\\\/www.copealcoy.es\\\/es\\\/#website\",\"url\":\"https:\\\/\\\/www.copealcoy.es\\\/es\\\/\",\"name\":\"COPE Alcoy\",\"description\":\"Emisora COPE de radio local con emisi\u00f3n online. Pont de Sant Jordi 8-10 03803 Alcoy\",\"potentialAction\":[{\"@type\":\"SearchAction\",\"target\":{\"@type\":\"EntryPoint\",\"urlTemplate\":\"https:\\\/\\\/www.copealcoy.es\\\/es\\\/?s={search_term_string}\"},\"query-input\":{\"@type\":\"PropertyValueSpecification\",\"valueRequired\":true,\"valueName\":\"search_term_string\"}}],\"inLanguage\":\"es\"},{\"@type\":\"Person\",\"@id\":\"https:\\\/\\\/www.copealcoy.es\\\/es\\\/#\\\/schema\\\/person\\\/e777c87fa024e57d40170af9df39882c\",\"name\":\"Cope Alcoy\",\"image\":{\"@type\":\"ImageObject\",\"inLanguage\":\"es\",\"@id\":\"https:\\\/\\\/secure.gravatar.com\\\/avatar\\\/bb65d0283347e303893ba14f0692005417c1e0e690a325a4c5d8bb2b3943ee14?s=96&d=mm&r=g\",\"url\":\"https:\\\/\\\/secure.gravatar.com\\\/avatar\\\/bb65d0283347e303893ba14f0692005417c1e0e690a325a4c5d8bb2b3943ee14?s=96&d=mm&r=g\",\"contentUrl\":\"https:\\\/\\\/secure.gravatar.com\\\/avatar\\\/bb65d0283347e303893ba14f0692005417c1e0e690a325a4c5d8bb2b3943ee14?s=96&d=mm&r=g\",\"caption\":\"Cope Alcoy\"}}]}<\/script>\n<!-- \/ Yoast SEO plugin. -->","yoast_head_json":{"title":"El legado de Camilo Sesto se custodiar\u00e1 en Alcoy - COPE Alcoy","robots":{"index":"index","follow":"follow","max-snippet":"max-snippet:-1","max-image-preview":"max-image-preview:large","max-video-preview":"max-video-preview:-1"},"canonical":"https:\/\/www.copealcoy.es\/es\/el-legado-de-camilo-sesto-se-custodiara-en-alcoy\/","og_locale":"es_ES","og_type":"article","og_title":"El legado de Camilo Sesto se custodiar\u00e1 en Alcoy - COPE Alcoy","og_description":"Alcoy recibir\u00e1 el legado de Camilo Sesto y lo depositar\u00e1 en un futuro museo dedicado al artista tal y como...","og_url":"https:\/\/www.copealcoy.es\/es\/el-legado-de-camilo-sesto-se-custodiara-en-alcoy\/","og_site_name":"COPE Alcoy","article_published_time":"2019-10-17T20:48:41+00:00","author":"Cope Alcoy","twitter_misc":{"Escrito por":"Cope Alcoy","Tiempo de lectura":"1 minuto"},"schema":{"@context":"https:\/\/schema.org","@graph":[{"@type":"Article","@id":"https:\/\/www.copealcoy.es\/es\/el-legado-de-camilo-sesto-se-custodiara-en-alcoy\/#article","isPartOf":{"@id":"https:\/\/www.copealcoy.es\/es\/el-legado-de-camilo-sesto-se-custodiara-en-alcoy\/"},"author":{"name":"Cope Alcoy","@id":"https:\/\/www.copealcoy.es\/es\/#\/schema\/person\/e777c87fa024e57d40170af9df39882c"},"headline":"El legado de Camilo Sesto se custodiar\u00e1 en Alcoy","datePublished":"2019-10-17T20:48:41+00:00","mainEntityOfPage":{"@id":"https:\/\/www.copealcoy.es\/es\/el-legado-de-camilo-sesto-se-custodiara-en-alcoy\/"},"wordCount":291,"commentCount":0,"image":{"@id":"https:\/\/www.copealcoy.es\/es\/el-legado-de-camilo-sesto-se-custodiara-en-alcoy\/#primaryimage"},"thumbnailUrl":"","keywords":["Alcoy","Antonio Franc\u00e9s","Camilo Sesto","legado","Museo","Ra\u00fcl Llopis"],"articleSection":["Alcoy","Fiesta y Cultura","Noticias","Portada"],"inLanguage":"es"},{"@type":"WebPage","@id":"https:\/\/www.copealcoy.es\/es\/el-legado-de-camilo-sesto-se-custodiara-en-alcoy\/","url":"https:\/\/www.copealcoy.es\/es\/el-legado-de-camilo-sesto-se-custodiara-en-alcoy\/","name":"El legado de Camilo Sesto se custodiar\u00e1 en Alcoy - COPE Alcoy","isPartOf":{"@id":"https:\/\/www.copealcoy.es\/es\/#website"},"primaryImageOfPage":{"@id":"https:\/\/www.copealcoy.es\/es\/el-legado-de-camilo-sesto-se-custodiara-en-alcoy\/#primaryimage"},"image":{"@id":"https:\/\/www.copealcoy.es\/es\/el-legado-de-camilo-sesto-se-custodiara-en-alcoy\/#primaryimage"},"thumbnailUrl":"","datePublished":"2019-10-17T20:48:41+00:00","author":{"@id":"https:\/\/www.copealcoy.es\/es\/#\/schema\/person\/e777c87fa024e57d40170af9df39882c"},"breadcrumb":{"@id":"https:\/\/www.copealcoy.es\/es\/el-legado-de-camilo-sesto-se-custodiara-en-alcoy\/#breadcrumb"},"inLanguage":"es","potentialAction":[{"@type":"ReadAction","target":["https:\/\/www.copealcoy.es\/es\/el-legado-de-camilo-sesto-se-custodiara-en-alcoy\/"]}]},{"@type":"ImageObject","inLanguage":"es","@id":"https:\/\/www.copealcoy.es\/es\/el-legado-de-camilo-sesto-se-custodiara-en-alcoy\/#primaryimage","url":"","contentUrl":""},{"@type":"BreadcrumbList","@id":"https:\/\/www.copealcoy.es\/es\/el-legado-de-camilo-sesto-se-custodiara-en-alcoy\/#breadcrumb","itemListElement":[{"@type":"ListItem","position":1,"name":"Portada","item":"https:\/\/www.copealcoy.es\/es\/"},{"@type":"ListItem","position":2,"name":"El legado de Camilo Sesto se custodiar\u00e1 en Alcoy"}]},{"@type":"WebSite","@id":"https:\/\/www.copealcoy.es\/es\/#website","url":"https:\/\/www.copealcoy.es\/es\/","name":"COPE Alcoy","description":"Emisora COPE de radio local con emisi\u00f3n online. Pont de Sant Jordi 8-10 03803 Alcoy","potentialAction":[{"@type":"SearchAction","target":{"@type":"EntryPoint","urlTemplate":"https:\/\/www.copealcoy.es\/es\/?s={search_term_string}"},"query-input":{"@type":"PropertyValueSpecification","valueRequired":true,"valueName":"search_term_string"}}],"inLanguage":"es"},{"@type":"Person","@id":"https:\/\/www.copealcoy.es\/es\/#\/schema\/person\/e777c87fa024e57d40170af9df39882c","name":"Cope Alcoy","image":{"@type":"ImageObject","inLanguage":"es","@id":"https:\/\/secure.gravatar.com\/avatar\/bb65d0283347e303893ba14f0692005417c1e0e690a325a4c5d8bb2b3943ee14?s=96&d=mm&r=g","url":"https:\/\/secure.gravatar.com\/avatar\/bb65d0283347e303893ba14f0692005417c1e0e690a325a4c5d8bb2b3943ee14?s=96&d=mm&r=g","contentUrl":"https:\/\/secure.gravatar.com\/avatar\/bb65d0283347e303893ba14f0692005417c1e0e690a325a4c5d8bb2b3943ee14?s=96&d=mm&r=g","caption":"Cope Alcoy"}}]}},"_links":{"self":[{"href":"https:\/\/www.copealcoy.es\/es\/wp-json\/wp\/v2\/posts\/55838","targetHints":{"allow":["GET"]}}],"collection":[{"href":"https:\/\/www.copealcoy.es\/es\/wp-json\/wp\/v2\/posts"}],"about":[{"href":"https:\/\/www.copealcoy.es\/es\/wp-json\/wp\/v2\/types\/post"}],"author":[{"embeddable":true,"href":"https:\/\/www.copealcoy.es\/es\/wp-json\/wp\/v2\/users\/1"}],"replies":[{"embeddable":true,"href":"https:\/\/www.copealcoy.es\/es\/wp-json\/wp\/v2\/comments?post=55838"}],"version-history":[{"count":0,"href":"https:\/\/www.copealcoy.es\/es\/wp-json\/wp\/v2\/posts\/55838\/revisions"}],"wp:featuredmedia":[{"embeddable":true,"href":"https:\/\/www.copealcoy.es\/es\/wp-json\/"}],"wp:attachment":[{"href":"https:\/\/www.copealcoy.es\/es\/wp-json\/wp\/v2\/media?parent=55838"}],"wp:term":[{"taxonomy":"category","embeddable":true,"href":"https:\/\/www.copealcoy.es\/es\/wp-json\/wp\/v2\/categories?post=55838"},{"taxonomy":"post_tag","embeddable":true,"href":"https:\/\/www.copealcoy.es\/es\/wp-json\/wp\/v2\/tags?post=55838"}],"curies":[{"name":"wp","href":"https:\/\/api.w.org\/{rel}","templated":true}]}}