{"id":55697,"date":"2019-10-13T14:43:30","date_gmt":"2019-10-13T14:43:30","guid":{"rendered":"https:\/\/copealcoi.es\/?p=55697"},"modified":"2025-02-01T19:41:09","modified_gmt":"2025-02-01T18:41:09","slug":"el-ateneu-musical-homenajeo-a-la-mareta-en-el-v-centenario-del-milagro","status":"publish","type":"post","link":"https:\/\/www.copealcoy.es\/es\/el-ateneu-musical-homenajeo-a-la-mareta-en-el-v-centenario-del-milagro\/","title":{"rendered":"El Ateneu Musical homenaje\u00f3 a la Mareta en el V Centenario del milagro"},"content":{"rendered":"<p style=\"text-align: justify;\">El <strong>Ateneu Musical de Cocentaina<\/strong> tambi\u00e9n se ha sumado a <strong>los actos<\/strong> con motivo del <strong>V Centenario del milagro de la Mare de D\u00e9u<\/strong> y por este motiv\u00f3 ofreci\u00f3<strong> un concierto<\/strong> el pasado s\u00e1bado 5 de octubre que fue seguido por <strong>un buen n\u00famero de contestanos y de contestanas<\/strong>.<\/p>\n<p style=\"text-align: justify;\">La cita cultural tuvo lugar en<strong> la iglesia de Santa Mar\u00eda<\/strong> y para la ocasi\u00f3n la banda contestana, fundada en 1985,\u00a0interpret\u00f3 <strong>un repertorio en el que no faltaron las piezas religiosas o espirituales<\/strong> as\u00ed como <strong>las composiciones creadas en la \u00e9poca<\/strong> en la que tuvo lugar <strong>el milagro de la Mareta<\/strong> fechado en el a\u00f1o 1.520.\u00a0 De esta forma en el concierto, <strong>bajo la direcci\u00f3n del director titular del Ateneu Musical<\/strong>, sonaron <strong>piezas<\/strong> como \u2018Tocatta de L\u2019Orfeo\u2019 de C. Monteverdi, \u2018O Magnum Mysterium\u2019 de T.L de Victoria,\u00a0 \u2018Trauermusik\u2019 de R. Wagner, \u2018Jesus bleibet meine freude\u2019 de J:S Bach y \u2018Canzona duodecimi toni a 8\u2019 de G. Gabrieli.\u00a0 La audici\u00f3n, que incorpor\u00f3 tambi\u00e9n la actuaci\u00f3n de varios m\u00fasicos <strong>desde lo alto de los coros de la mencionada iglesia de Santa Mar\u00eda<\/strong>, continu\u00f3 con la interpretaci\u00f3n de l<strong>as composiciones<\/strong> \u2018Canzona per sonare II\u2019 de G. Gabrieli, \u2018Elsa\u2019s procession to the Cathedral\u2019 de R. Wagner, \u2018Et in terra pax\u2019 de J. Van de Roost y \u2018La Mourisque\u2019 de T. Susato.<\/p>\n<p style=\"text-align: justify;\">Los presentes aplaudieron esta nueva actividad cultural en honor a la Mare de D\u00e9u del Miracle que se une a <strong>la gran cantidad de propuestas que se est\u00e1n desarrollando este a\u00f1o en la Villa Condal<\/strong> para celebrar el citado V Centenario del milagro de la Mareta.<\/p>\n","protected":false},"excerpt":{"rendered":"<p>El Ateneu Musical de Cocentaina tambi\u00e9n se ha sumado a los actos con motivo del V Centenario del milagro de&#8230;<\/p>\n","protected":false},"author":1,"featured_media":146997,"comment_status":"open","ping_status":"open","sticky":false,"template":"","format":"standard","meta":{"footnotes":""},"categories":[98,75],"tags":[1251,132,901,864,9302],"class_list":["post-55697","post","type-post","status-publish","format-standard","has-post-thumbnail","hentry","category-comarcas","category-noticias","tag-ateneu-musical","tag-cocentaina","tag-homenaje","tag-mareta","tag-v-centenaria"],"yoast_head":"<!-- This site is optimized with the Yoast SEO plugin v27.3 - https:\/\/yoast.com\/product\/yoast-seo-wordpress\/ -->\n<title>El Ateneu Musical homenaje\u00f3 a la Mareta en el V Centenario del milagro - COPE Alcoy<\/title>\n<meta name=\"robots\" content=\"index, follow, max-snippet:-1, max-image-preview:large, max-video-preview:-1\" \/>\n<link rel=\"canonical\" href=\"https:\/\/www.copealcoy.es\/es\/el-ateneu-musical-homenajeo-a-la-mareta-en-el-v-centenario-del-milagro\/\" \/>\n<meta property=\"og:locale\" content=\"es_ES\" \/>\n<meta property=\"og:type\" content=\"article\" \/>\n<meta property=\"og:title\" content=\"El Ateneu Musical homenaje\u00f3 a la Mareta en el V Centenario del milagro - COPE Alcoy\" \/>\n<meta property=\"og:description\" content=\"El Ateneu Musical de Cocentaina tambi\u00e9n se ha sumado a los actos con motivo del V Centenario del milagro de...\" \/>\n<meta property=\"og:url\" content=\"https:\/\/www.copealcoy.es\/es\/el-ateneu-musical-homenajeo-a-la-mareta-en-el-v-centenario-del-milagro\/\" \/>\n<meta property=\"og:site_name\" content=\"COPE Alcoy\" \/>\n<meta property=\"article:published_time\" content=\"2019-10-13T14:43:30+00:00\" \/>\n<meta property=\"article:modified_time\" content=\"2025-02-01T18:41:09+00:00\" \/>\n<meta property=\"og:image\" content=\"https:\/\/www.copealcoy.es\/wp-content\/uploads\/2019\/10\/71728021_1300765896769101_2553022959828598784_n.jpg\" \/>\n\t<meta property=\"og:image:width\" content=\"960\" \/>\n\t<meta property=\"og:image:height\" content=\"720\" \/>\n\t<meta property=\"og:image:type\" content=\"image\/jpeg\" \/>\n<meta name=\"author\" content=\"Cope Alcoy\" \/>\n<meta name=\"twitter:label1\" content=\"Escrito por\" \/>\n\t<meta name=\"twitter:data1\" content=\"Cope Alcoy\" \/>\n\t<meta name=\"twitter:label2\" content=\"Tiempo de lectura\" \/>\n\t<meta name=\"twitter:data2\" content=\"2 minutos\" \/>\n<script type=\"application\/ld+json\" class=\"yoast-schema-graph\">{\"@context\":\"https:\\\/\\\/schema.org\",\"@graph\":[{\"@type\":\"Article\",\"@id\":\"https:\\\/\\\/www.copealcoy.es\\\/es\\\/el-ateneu-musical-homenajeo-a-la-mareta-en-el-v-centenario-del-milagro\\\/#article\",\"isPartOf\":{\"@id\":\"https:\\\/\\\/www.copealcoy.es\\\/es\\\/el-ateneu-musical-homenajeo-a-la-mareta-en-el-v-centenario-del-milagro\\\/\"},\"author\":{\"name\":\"Cope Alcoy\",\"@id\":\"https:\\\/\\\/www.copealcoy.es\\\/es\\\/#\\\/schema\\\/person\\\/e777c87fa024e57d40170af9df39882c\"},\"headline\":\"El Ateneu Musical homenaje\u00f3 a la Mareta en el V Centenario del milagro\",\"datePublished\":\"2019-10-13T14:43:30+00:00\",\"dateModified\":\"2025-02-01T18:41:09+00:00\",\"mainEntityOfPage\":{\"@id\":\"https:\\\/\\\/www.copealcoy.es\\\/es\\\/el-ateneu-musical-homenajeo-a-la-mareta-en-el-v-centenario-del-milagro\\\/\"},\"wordCount\":293,\"commentCount\":0,\"image\":{\"@id\":\"https:\\\/\\\/www.copealcoy.es\\\/es\\\/el-ateneu-musical-homenajeo-a-la-mareta-en-el-v-centenario-del-milagro\\\/#primaryimage\"},\"thumbnailUrl\":\"https:\\\/\\\/www.copealcoy.es\\\/wp-content\\\/uploads\\\/2019\\\/10\\\/71728021_1300765896769101_2553022959828598784_n.jpg\",\"keywords\":[\"Ateneu Musical\",\"Cocentaina\",\"Homenaje\",\"Mareta\",\"V Centenaria\"],\"articleSection\":[\"Comarcas\",\"Noticias\"],\"inLanguage\":\"es\"},{\"@type\":\"WebPage\",\"@id\":\"https:\\\/\\\/www.copealcoy.es\\\/es\\\/el-ateneu-musical-homenajeo-a-la-mareta-en-el-v-centenario-del-milagro\\\/\",\"url\":\"https:\\\/\\\/www.copealcoy.es\\\/es\\\/el-ateneu-musical-homenajeo-a-la-mareta-en-el-v-centenario-del-milagro\\\/\",\"name\":\"El Ateneu Musical homenaje\u00f3 a la Mareta en el V Centenario del milagro - COPE Alcoy\",\"isPartOf\":{\"@id\":\"https:\\\/\\\/www.copealcoy.es\\\/es\\\/#website\"},\"primaryImageOfPage\":{\"@id\":\"https:\\\/\\\/www.copealcoy.es\\\/es\\\/el-ateneu-musical-homenajeo-a-la-mareta-en-el-v-centenario-del-milagro\\\/#primaryimage\"},\"image\":{\"@id\":\"https:\\\/\\\/www.copealcoy.es\\\/es\\\/el-ateneu-musical-homenajeo-a-la-mareta-en-el-v-centenario-del-milagro\\\/#primaryimage\"},\"thumbnailUrl\":\"https:\\\/\\\/www.copealcoy.es\\\/wp-content\\\/uploads\\\/2019\\\/10\\\/71728021_1300765896769101_2553022959828598784_n.jpg\",\"datePublished\":\"2019-10-13T14:43:30+00:00\",\"dateModified\":\"2025-02-01T18:41:09+00:00\",\"author\":{\"@id\":\"https:\\\/\\\/www.copealcoy.es\\\/es\\\/#\\\/schema\\\/person\\\/e777c87fa024e57d40170af9df39882c\"},\"breadcrumb\":{\"@id\":\"https:\\\/\\\/www.copealcoy.es\\\/es\\\/el-ateneu-musical-homenajeo-a-la-mareta-en-el-v-centenario-del-milagro\\\/#breadcrumb\"},\"inLanguage\":\"es\",\"potentialAction\":[{\"@type\":\"ReadAction\",\"target\":[\"https:\\\/\\\/www.copealcoy.es\\\/es\\\/el-ateneu-musical-homenajeo-a-la-mareta-en-el-v-centenario-del-milagro\\\/\"]}]},{\"@type\":\"ImageObject\",\"inLanguage\":\"es\",\"@id\":\"https:\\\/\\\/www.copealcoy.es\\\/es\\\/el-ateneu-musical-homenajeo-a-la-mareta-en-el-v-centenario-del-milagro\\\/#primaryimage\",\"url\":\"https:\\\/\\\/www.copealcoy.es\\\/wp-content\\\/uploads\\\/2019\\\/10\\\/71728021_1300765896769101_2553022959828598784_n.jpg\",\"contentUrl\":\"https:\\\/\\\/www.copealcoy.es\\\/wp-content\\\/uploads\\\/2019\\\/10\\\/71728021_1300765896769101_2553022959828598784_n.jpg\",\"width\":960,\"height\":720},{\"@type\":\"BreadcrumbList\",\"@id\":\"https:\\\/\\\/www.copealcoy.es\\\/es\\\/el-ateneu-musical-homenajeo-a-la-mareta-en-el-v-centenario-del-milagro\\\/#breadcrumb\",\"itemListElement\":[{\"@type\":\"ListItem\",\"position\":1,\"name\":\"Portada\",\"item\":\"https:\\\/\\\/www.copealcoy.es\\\/es\\\/\"},{\"@type\":\"ListItem\",\"position\":2,\"name\":\"El Ateneu Musical homenaje\u00f3 a la Mareta en el V Centenario del milagro\"}]},{\"@type\":\"WebSite\",\"@id\":\"https:\\\/\\\/www.copealcoy.es\\\/es\\\/#website\",\"url\":\"https:\\\/\\\/www.copealcoy.es\\\/es\\\/\",\"name\":\"COPE Alcoy\",\"description\":\"Emisora COPE de radio local con emisi\u00f3n online. Pont de Sant Jordi 8-10 03803 Alcoy\",\"potentialAction\":[{\"@type\":\"SearchAction\",\"target\":{\"@type\":\"EntryPoint\",\"urlTemplate\":\"https:\\\/\\\/www.copealcoy.es\\\/es\\\/?s={search_term_string}\"},\"query-input\":{\"@type\":\"PropertyValueSpecification\",\"valueRequired\":true,\"valueName\":\"search_term_string\"}}],\"inLanguage\":\"es\"},{\"@type\":\"Person\",\"@id\":\"https:\\\/\\\/www.copealcoy.es\\\/es\\\/#\\\/schema\\\/person\\\/e777c87fa024e57d40170af9df39882c\",\"name\":\"Cope Alcoy\",\"image\":{\"@type\":\"ImageObject\",\"inLanguage\":\"es\",\"@id\":\"https:\\\/\\\/secure.gravatar.com\\\/avatar\\\/bb65d0283347e303893ba14f0692005417c1e0e690a325a4c5d8bb2b3943ee14?s=96&d=mm&r=g\",\"url\":\"https:\\\/\\\/secure.gravatar.com\\\/avatar\\\/bb65d0283347e303893ba14f0692005417c1e0e690a325a4c5d8bb2b3943ee14?s=96&d=mm&r=g\",\"contentUrl\":\"https:\\\/\\\/secure.gravatar.com\\\/avatar\\\/bb65d0283347e303893ba14f0692005417c1e0e690a325a4c5d8bb2b3943ee14?s=96&d=mm&r=g\",\"caption\":\"Cope Alcoy\"}}]}<\/script>\n<!-- \/ Yoast SEO plugin. -->","yoast_head_json":{"title":"El Ateneu Musical homenaje\u00f3 a la Mareta en el V Centenario del milagro - COPE Alcoy","robots":{"index":"index","follow":"follow","max-snippet":"max-snippet:-1","max-image-preview":"max-image-preview:large","max-video-preview":"max-video-preview:-1"},"canonical":"https:\/\/www.copealcoy.es\/es\/el-ateneu-musical-homenajeo-a-la-mareta-en-el-v-centenario-del-milagro\/","og_locale":"es_ES","og_type":"article","og_title":"El Ateneu Musical homenaje\u00f3 a la Mareta en el V Centenario del milagro - COPE Alcoy","og_description":"El Ateneu Musical de Cocentaina tambi\u00e9n se ha sumado a los actos con motivo del V Centenario del milagro de...","og_url":"https:\/\/www.copealcoy.es\/es\/el-ateneu-musical-homenajeo-a-la-mareta-en-el-v-centenario-del-milagro\/","og_site_name":"COPE Alcoy","article_published_time":"2019-10-13T14:43:30+00:00","article_modified_time":"2025-02-01T18:41:09+00:00","og_image":[{"width":960,"height":720,"url":"https:\/\/www.copealcoy.es\/wp-content\/uploads\/2019\/10\/71728021_1300765896769101_2553022959828598784_n.jpg","type":"image\/jpeg"}],"author":"Cope Alcoy","twitter_misc":{"Escrito por":"Cope Alcoy","Tiempo de lectura":"2 minutos"},"schema":{"@context":"https:\/\/schema.org","@graph":[{"@type":"Article","@id":"https:\/\/www.copealcoy.es\/es\/el-ateneu-musical-homenajeo-a-la-mareta-en-el-v-centenario-del-milagro\/#article","isPartOf":{"@id":"https:\/\/www.copealcoy.es\/es\/el-ateneu-musical-homenajeo-a-la-mareta-en-el-v-centenario-del-milagro\/"},"author":{"name":"Cope Alcoy","@id":"https:\/\/www.copealcoy.es\/es\/#\/schema\/person\/e777c87fa024e57d40170af9df39882c"},"headline":"El Ateneu Musical homenaje\u00f3 a la Mareta en el V Centenario del milagro","datePublished":"2019-10-13T14:43:30+00:00","dateModified":"2025-02-01T18:41:09+00:00","mainEntityOfPage":{"@id":"https:\/\/www.copealcoy.es\/es\/el-ateneu-musical-homenajeo-a-la-mareta-en-el-v-centenario-del-milagro\/"},"wordCount":293,"commentCount":0,"image":{"@id":"https:\/\/www.copealcoy.es\/es\/el-ateneu-musical-homenajeo-a-la-mareta-en-el-v-centenario-del-milagro\/#primaryimage"},"thumbnailUrl":"https:\/\/www.copealcoy.es\/wp-content\/uploads\/2019\/10\/71728021_1300765896769101_2553022959828598784_n.jpg","keywords":["Ateneu Musical","Cocentaina","Homenaje","Mareta","V Centenaria"],"articleSection":["Comarcas","Noticias"],"inLanguage":"es"},{"@type":"WebPage","@id":"https:\/\/www.copealcoy.es\/es\/el-ateneu-musical-homenajeo-a-la-mareta-en-el-v-centenario-del-milagro\/","url":"https:\/\/www.copealcoy.es\/es\/el-ateneu-musical-homenajeo-a-la-mareta-en-el-v-centenario-del-milagro\/","name":"El Ateneu Musical homenaje\u00f3 a la Mareta en el V Centenario del milagro - COPE Alcoy","isPartOf":{"@id":"https:\/\/www.copealcoy.es\/es\/#website"},"primaryImageOfPage":{"@id":"https:\/\/www.copealcoy.es\/es\/el-ateneu-musical-homenajeo-a-la-mareta-en-el-v-centenario-del-milagro\/#primaryimage"},"image":{"@id":"https:\/\/www.copealcoy.es\/es\/el-ateneu-musical-homenajeo-a-la-mareta-en-el-v-centenario-del-milagro\/#primaryimage"},"thumbnailUrl":"https:\/\/www.copealcoy.es\/wp-content\/uploads\/2019\/10\/71728021_1300765896769101_2553022959828598784_n.jpg","datePublished":"2019-10-13T14:43:30+00:00","dateModified":"2025-02-01T18:41:09+00:00","author":{"@id":"https:\/\/www.copealcoy.es\/es\/#\/schema\/person\/e777c87fa024e57d40170af9df39882c"},"breadcrumb":{"@id":"https:\/\/www.copealcoy.es\/es\/el-ateneu-musical-homenajeo-a-la-mareta-en-el-v-centenario-del-milagro\/#breadcrumb"},"inLanguage":"es","potentialAction":[{"@type":"ReadAction","target":["https:\/\/www.copealcoy.es\/es\/el-ateneu-musical-homenajeo-a-la-mareta-en-el-v-centenario-del-milagro\/"]}]},{"@type":"ImageObject","inLanguage":"es","@id":"https:\/\/www.copealcoy.es\/es\/el-ateneu-musical-homenajeo-a-la-mareta-en-el-v-centenario-del-milagro\/#primaryimage","url":"https:\/\/www.copealcoy.es\/wp-content\/uploads\/2019\/10\/71728021_1300765896769101_2553022959828598784_n.jpg","contentUrl":"https:\/\/www.copealcoy.es\/wp-content\/uploads\/2019\/10\/71728021_1300765896769101_2553022959828598784_n.jpg","width":960,"height":720},{"@type":"BreadcrumbList","@id":"https:\/\/www.copealcoy.es\/es\/el-ateneu-musical-homenajeo-a-la-mareta-en-el-v-centenario-del-milagro\/#breadcrumb","itemListElement":[{"@type":"ListItem","position":1,"name":"Portada","item":"https:\/\/www.copealcoy.es\/es\/"},{"@type":"ListItem","position":2,"name":"El Ateneu Musical homenaje\u00f3 a la Mareta en el V Centenario del milagro"}]},{"@type":"WebSite","@id":"https:\/\/www.copealcoy.es\/es\/#website","url":"https:\/\/www.copealcoy.es\/es\/","name":"COPE Alcoy","description":"Emisora COPE de radio local con emisi\u00f3n online. Pont de Sant Jordi 8-10 03803 Alcoy","potentialAction":[{"@type":"SearchAction","target":{"@type":"EntryPoint","urlTemplate":"https:\/\/www.copealcoy.es\/es\/?s={search_term_string}"},"query-input":{"@type":"PropertyValueSpecification","valueRequired":true,"valueName":"search_term_string"}}],"inLanguage":"es"},{"@type":"Person","@id":"https:\/\/www.copealcoy.es\/es\/#\/schema\/person\/e777c87fa024e57d40170af9df39882c","name":"Cope Alcoy","image":{"@type":"ImageObject","inLanguage":"es","@id":"https:\/\/secure.gravatar.com\/avatar\/bb65d0283347e303893ba14f0692005417c1e0e690a325a4c5d8bb2b3943ee14?s=96&d=mm&r=g","url":"https:\/\/secure.gravatar.com\/avatar\/bb65d0283347e303893ba14f0692005417c1e0e690a325a4c5d8bb2b3943ee14?s=96&d=mm&r=g","contentUrl":"https:\/\/secure.gravatar.com\/avatar\/bb65d0283347e303893ba14f0692005417c1e0e690a325a4c5d8bb2b3943ee14?s=96&d=mm&r=g","caption":"Cope Alcoy"}}]}},"_links":{"self":[{"href":"https:\/\/www.copealcoy.es\/es\/wp-json\/wp\/v2\/posts\/55697","targetHints":{"allow":["GET"]}}],"collection":[{"href":"https:\/\/www.copealcoy.es\/es\/wp-json\/wp\/v2\/posts"}],"about":[{"href":"https:\/\/www.copealcoy.es\/es\/wp-json\/wp\/v2\/types\/post"}],"author":[{"embeddable":true,"href":"https:\/\/www.copealcoy.es\/es\/wp-json\/wp\/v2\/users\/1"}],"replies":[{"embeddable":true,"href":"https:\/\/www.copealcoy.es\/es\/wp-json\/wp\/v2\/comments?post=55697"}],"version-history":[{"count":0,"href":"https:\/\/www.copealcoy.es\/es\/wp-json\/wp\/v2\/posts\/55697\/revisions"}],"wp:featuredmedia":[{"embeddable":true,"href":"https:\/\/www.copealcoy.es\/es\/wp-json\/wp\/v2\/media\/146997"}],"wp:attachment":[{"href":"https:\/\/www.copealcoy.es\/es\/wp-json\/wp\/v2\/media?parent=55697"}],"wp:term":[{"taxonomy":"category","embeddable":true,"href":"https:\/\/www.copealcoy.es\/es\/wp-json\/wp\/v2\/categories?post=55697"},{"taxonomy":"post_tag","embeddable":true,"href":"https:\/\/www.copealcoy.es\/es\/wp-json\/wp\/v2\/tags?post=55697"}],"curies":[{"name":"wp","href":"https:\/\/api.w.org\/{rel}","templated":true}]}}