{"id":55666,"date":"2019-10-09T12:25:31","date_gmt":"2019-10-09T12:25:31","guid":{"rendered":"https:\/\/copealcoi.es\/?p=55666"},"modified":"2019-10-09T12:25:31","modified_gmt":"2019-10-09T12:25:31","slug":"muro-celebra-el-9-doctubre-dando-protagonismo-al-deporte","status":"publish","type":"post","link":"https:\/\/www.copealcoy.es\/es\/muro-celebra-el-9-doctubre-dando-protagonismo-al-deporte\/","title":{"rendered":"Muro celebra el 9 d&#8217;Octubre dando protagonismo al Deporte"},"content":{"rendered":"<p style=\"text-align: justify;\">Muro volvi\u00f3 a preparar <strong>una completa programaci\u00f3n de actos<\/strong> para <strong>celebrar el D\u00eda de la Comunidad Valenciana<\/strong> y en las propuestas previas a la festividad no faltaron<strong> las exposiciones culturales<\/strong>,<strong> las presentaciones de libros<\/strong>, <strong>conciertos<\/strong> e incluso <strong>el &#8216;Correllengua&#8217;<\/strong> en el que participaron los alumnos y las alumnas de los diferentes Centros Educativos del municipio.<\/p>\n<p style=\"text-align: justify;\">Adem\u00e1s <strong>el deporte<\/strong> volvi\u00f3 a ser el protagonista del 9 d&#8217;Octubre con <strong>partidas de Pilota Valenciana<\/strong> y <strong>la ya consolidada &#8216;Cross Popular&#8217;<\/strong>, una competici\u00f3n que <strong>tuvo un fin solidario<\/strong> ya que los participantes pudieron <strong>aportar alimentos no perecederos<\/strong> para ser destinados a la Cruz Roja. En la carrera, que parti\u00f3 desde la Pla\u00e7a del Matzem, <strong>participaron m\u00e1s de 1.500 personas<\/strong> seg\u00fan confirmaba a COPE ALCOY el concejal de Deportes del Ayuntamiento de esta localidad del Comtat; <strong>Kike Pascual<\/strong>. El D\u00eda de la Comunidad Valenciana finaliz\u00f3 con <strong>las tradicionales paellas en el parque del Bat\u00e0<\/strong> que registraron de nuevo una gran participaci\u00f3n y que estuvieron acompa\u00f1adas por el sol as\u00ed como las altas temperaturas.<\/p>\n<p style=\"text-align: justify;\">Recordar que en Muro <strong>se ley\u00f3 el manifiesto el pasado s\u00e1bado 5 de octubre<\/strong> por la tarde en el transcurso del <strong>concierto<\/strong> con motivo del D\u00eda de la Comunidad Valenciana que ofreci\u00f3 <strong>la Uni\u00f3n Musical de la localidad<\/strong> en el Centre Cultural Polivalent.<\/p>\n","protected":false},"excerpt":{"rendered":"<p>Muro volvi\u00f3 a preparar una completa programaci\u00f3n de actos para celebrar el D\u00eda de la Comunidad Valenciana y en las&#8230;<\/p>\n","protected":false},"author":1,"featured_media":55667,"comment_status":"open","ping_status":"open","sticky":false,"template":"","format":"standard","meta":{"footnotes":""},"categories":[98,75],"tags":[9299,2846,446,4737,135],"class_list":["post-55666","post","type-post","status-publish","format-standard","has-post-thumbnail","hentry","category-comarcas","category-noticias","tag-cross-popular","tag-9-doctubre","tag-deporte","tag-dia-de-la-comunidad-valenciana","tag-muro"],"yoast_head":"<!-- This site is optimized with the Yoast SEO plugin v27.3 - https:\/\/yoast.com\/product\/yoast-seo-wordpress\/ -->\n<title>Muro celebra el 9 d&#039;Octubre dando protagonismo al Deporte - COPE Alcoy<\/title>\n<meta name=\"robots\" content=\"index, follow, max-snippet:-1, max-image-preview:large, max-video-preview:-1\" \/>\n<link rel=\"canonical\" href=\"https:\/\/www.copealcoy.es\/es\/muro-celebra-el-9-doctubre-dando-protagonismo-al-deporte\/\" \/>\n<meta property=\"og:locale\" content=\"es_ES\" \/>\n<meta property=\"og:type\" content=\"article\" \/>\n<meta property=\"og:title\" content=\"Muro celebra el 9 d&#039;Octubre dando protagonismo al Deporte - COPE Alcoy\" \/>\n<meta property=\"og:description\" content=\"Muro volvi\u00f3 a preparar una completa programaci\u00f3n de actos para celebrar el D\u00eda de la Comunidad Valenciana y en las...\" \/>\n<meta property=\"og:url\" content=\"https:\/\/www.copealcoy.es\/es\/muro-celebra-el-9-doctubre-dando-protagonismo-al-deporte\/\" \/>\n<meta property=\"og:site_name\" content=\"COPE Alcoy\" \/>\n<meta property=\"article:published_time\" content=\"2019-10-09T12:25:31+00:00\" \/>\n<meta name=\"author\" content=\"Cope Alcoy\" \/>\n<meta name=\"twitter:label1\" content=\"Escrito por\" \/>\n\t<meta name=\"twitter:data1\" content=\"Cope Alcoy\" \/>\n\t<meta name=\"twitter:label2\" content=\"Tiempo de lectura\" \/>\n\t<meta name=\"twitter:data2\" content=\"1 minuto\" \/>\n<script type=\"application\/ld+json\" class=\"yoast-schema-graph\">{\"@context\":\"https:\\\/\\\/schema.org\",\"@graph\":[{\"@type\":\"Article\",\"@id\":\"https:\\\/\\\/www.copealcoy.es\\\/es\\\/muro-celebra-el-9-doctubre-dando-protagonismo-al-deporte\\\/#article\",\"isPartOf\":{\"@id\":\"https:\\\/\\\/www.copealcoy.es\\\/es\\\/muro-celebra-el-9-doctubre-dando-protagonismo-al-deporte\\\/\"},\"author\":{\"name\":\"Cope Alcoy\",\"@id\":\"https:\\\/\\\/www.copealcoy.es\\\/es\\\/#\\\/schema\\\/person\\\/e777c87fa024e57d40170af9df39882c\"},\"headline\":\"Muro celebra el 9 d&#8217;Octubre dando protagonismo al Deporte\",\"datePublished\":\"2019-10-09T12:25:31+00:00\",\"mainEntityOfPage\":{\"@id\":\"https:\\\/\\\/www.copealcoy.es\\\/es\\\/muro-celebra-el-9-doctubre-dando-protagonismo-al-deporte\\\/\"},\"wordCount\":231,\"commentCount\":0,\"image\":{\"@id\":\"https:\\\/\\\/www.copealcoy.es\\\/es\\\/muro-celebra-el-9-doctubre-dando-protagonismo-al-deporte\\\/#primaryimage\"},\"thumbnailUrl\":\"\",\"keywords\":[\"'Cross Popular'\",\"9 d\u00b4octubre\",\"Deporte\",\"d\u00eda de la Comunidad Valenciana\",\"Muro\"],\"articleSection\":[\"Comarcas\",\"Noticias\"],\"inLanguage\":\"es\"},{\"@type\":\"WebPage\",\"@id\":\"https:\\\/\\\/www.copealcoy.es\\\/es\\\/muro-celebra-el-9-doctubre-dando-protagonismo-al-deporte\\\/\",\"url\":\"https:\\\/\\\/www.copealcoy.es\\\/es\\\/muro-celebra-el-9-doctubre-dando-protagonismo-al-deporte\\\/\",\"name\":\"Muro celebra el 9 d'Octubre dando protagonismo al Deporte - COPE Alcoy\",\"isPartOf\":{\"@id\":\"https:\\\/\\\/www.copealcoy.es\\\/es\\\/#website\"},\"primaryImageOfPage\":{\"@id\":\"https:\\\/\\\/www.copealcoy.es\\\/es\\\/muro-celebra-el-9-doctubre-dando-protagonismo-al-deporte\\\/#primaryimage\"},\"image\":{\"@id\":\"https:\\\/\\\/www.copealcoy.es\\\/es\\\/muro-celebra-el-9-doctubre-dando-protagonismo-al-deporte\\\/#primaryimage\"},\"thumbnailUrl\":\"\",\"datePublished\":\"2019-10-09T12:25:31+00:00\",\"author\":{\"@id\":\"https:\\\/\\\/www.copealcoy.es\\\/es\\\/#\\\/schema\\\/person\\\/e777c87fa024e57d40170af9df39882c\"},\"breadcrumb\":{\"@id\":\"https:\\\/\\\/www.copealcoy.es\\\/es\\\/muro-celebra-el-9-doctubre-dando-protagonismo-al-deporte\\\/#breadcrumb\"},\"inLanguage\":\"es\",\"potentialAction\":[{\"@type\":\"ReadAction\",\"target\":[\"https:\\\/\\\/www.copealcoy.es\\\/es\\\/muro-celebra-el-9-doctubre-dando-protagonismo-al-deporte\\\/\"]}]},{\"@type\":\"ImageObject\",\"inLanguage\":\"es\",\"@id\":\"https:\\\/\\\/www.copealcoy.es\\\/es\\\/muro-celebra-el-9-doctubre-dando-protagonismo-al-deporte\\\/#primaryimage\",\"url\":\"\",\"contentUrl\":\"\"},{\"@type\":\"BreadcrumbList\",\"@id\":\"https:\\\/\\\/www.copealcoy.es\\\/es\\\/muro-celebra-el-9-doctubre-dando-protagonismo-al-deporte\\\/#breadcrumb\",\"itemListElement\":[{\"@type\":\"ListItem\",\"position\":1,\"name\":\"Portada\",\"item\":\"https:\\\/\\\/www.copealcoy.es\\\/es\\\/\"},{\"@type\":\"ListItem\",\"position\":2,\"name\":\"Muro celebra el 9 d&#8217;Octubre dando protagonismo al Deporte\"}]},{\"@type\":\"WebSite\",\"@id\":\"https:\\\/\\\/www.copealcoy.es\\\/es\\\/#website\",\"url\":\"https:\\\/\\\/www.copealcoy.es\\\/es\\\/\",\"name\":\"COPE Alcoy\",\"description\":\"Emisora COPE de radio local con emisi\u00f3n online. Pont de Sant Jordi 8-10 03803 Alcoy\",\"potentialAction\":[{\"@type\":\"SearchAction\",\"target\":{\"@type\":\"EntryPoint\",\"urlTemplate\":\"https:\\\/\\\/www.copealcoy.es\\\/es\\\/?s={search_term_string}\"},\"query-input\":{\"@type\":\"PropertyValueSpecification\",\"valueRequired\":true,\"valueName\":\"search_term_string\"}}],\"inLanguage\":\"es\"},{\"@type\":\"Person\",\"@id\":\"https:\\\/\\\/www.copealcoy.es\\\/es\\\/#\\\/schema\\\/person\\\/e777c87fa024e57d40170af9df39882c\",\"name\":\"Cope Alcoy\",\"image\":{\"@type\":\"ImageObject\",\"inLanguage\":\"es\",\"@id\":\"https:\\\/\\\/secure.gravatar.com\\\/avatar\\\/bb65d0283347e303893ba14f0692005417c1e0e690a325a4c5d8bb2b3943ee14?s=96&d=mm&r=g\",\"url\":\"https:\\\/\\\/secure.gravatar.com\\\/avatar\\\/bb65d0283347e303893ba14f0692005417c1e0e690a325a4c5d8bb2b3943ee14?s=96&d=mm&r=g\",\"contentUrl\":\"https:\\\/\\\/secure.gravatar.com\\\/avatar\\\/bb65d0283347e303893ba14f0692005417c1e0e690a325a4c5d8bb2b3943ee14?s=96&d=mm&r=g\",\"caption\":\"Cope Alcoy\"}}]}<\/script>\n<!-- \/ Yoast SEO plugin. -->","yoast_head_json":{"title":"Muro celebra el 9 d'Octubre dando protagonismo al Deporte - COPE Alcoy","robots":{"index":"index","follow":"follow","max-snippet":"max-snippet:-1","max-image-preview":"max-image-preview:large","max-video-preview":"max-video-preview:-1"},"canonical":"https:\/\/www.copealcoy.es\/es\/muro-celebra-el-9-doctubre-dando-protagonismo-al-deporte\/","og_locale":"es_ES","og_type":"article","og_title":"Muro celebra el 9 d'Octubre dando protagonismo al Deporte - COPE Alcoy","og_description":"Muro volvi\u00f3 a preparar una completa programaci\u00f3n de actos para celebrar el D\u00eda de la Comunidad Valenciana y en las...","og_url":"https:\/\/www.copealcoy.es\/es\/muro-celebra-el-9-doctubre-dando-protagonismo-al-deporte\/","og_site_name":"COPE Alcoy","article_published_time":"2019-10-09T12:25:31+00:00","author":"Cope Alcoy","twitter_misc":{"Escrito por":"Cope Alcoy","Tiempo de lectura":"1 minuto"},"schema":{"@context":"https:\/\/schema.org","@graph":[{"@type":"Article","@id":"https:\/\/www.copealcoy.es\/es\/muro-celebra-el-9-doctubre-dando-protagonismo-al-deporte\/#article","isPartOf":{"@id":"https:\/\/www.copealcoy.es\/es\/muro-celebra-el-9-doctubre-dando-protagonismo-al-deporte\/"},"author":{"name":"Cope Alcoy","@id":"https:\/\/www.copealcoy.es\/es\/#\/schema\/person\/e777c87fa024e57d40170af9df39882c"},"headline":"Muro celebra el 9 d&#8217;Octubre dando protagonismo al Deporte","datePublished":"2019-10-09T12:25:31+00:00","mainEntityOfPage":{"@id":"https:\/\/www.copealcoy.es\/es\/muro-celebra-el-9-doctubre-dando-protagonismo-al-deporte\/"},"wordCount":231,"commentCount":0,"image":{"@id":"https:\/\/www.copealcoy.es\/es\/muro-celebra-el-9-doctubre-dando-protagonismo-al-deporte\/#primaryimage"},"thumbnailUrl":"","keywords":["'Cross Popular'","9 d\u00b4octubre","Deporte","d\u00eda de la Comunidad Valenciana","Muro"],"articleSection":["Comarcas","Noticias"],"inLanguage":"es"},{"@type":"WebPage","@id":"https:\/\/www.copealcoy.es\/es\/muro-celebra-el-9-doctubre-dando-protagonismo-al-deporte\/","url":"https:\/\/www.copealcoy.es\/es\/muro-celebra-el-9-doctubre-dando-protagonismo-al-deporte\/","name":"Muro celebra el 9 d'Octubre dando protagonismo al Deporte - COPE Alcoy","isPartOf":{"@id":"https:\/\/www.copealcoy.es\/es\/#website"},"primaryImageOfPage":{"@id":"https:\/\/www.copealcoy.es\/es\/muro-celebra-el-9-doctubre-dando-protagonismo-al-deporte\/#primaryimage"},"image":{"@id":"https:\/\/www.copealcoy.es\/es\/muro-celebra-el-9-doctubre-dando-protagonismo-al-deporte\/#primaryimage"},"thumbnailUrl":"","datePublished":"2019-10-09T12:25:31+00:00","author":{"@id":"https:\/\/www.copealcoy.es\/es\/#\/schema\/person\/e777c87fa024e57d40170af9df39882c"},"breadcrumb":{"@id":"https:\/\/www.copealcoy.es\/es\/muro-celebra-el-9-doctubre-dando-protagonismo-al-deporte\/#breadcrumb"},"inLanguage":"es","potentialAction":[{"@type":"ReadAction","target":["https:\/\/www.copealcoy.es\/es\/muro-celebra-el-9-doctubre-dando-protagonismo-al-deporte\/"]}]},{"@type":"ImageObject","inLanguage":"es","@id":"https:\/\/www.copealcoy.es\/es\/muro-celebra-el-9-doctubre-dando-protagonismo-al-deporte\/#primaryimage","url":"","contentUrl":""},{"@type":"BreadcrumbList","@id":"https:\/\/www.copealcoy.es\/es\/muro-celebra-el-9-doctubre-dando-protagonismo-al-deporte\/#breadcrumb","itemListElement":[{"@type":"ListItem","position":1,"name":"Portada","item":"https:\/\/www.copealcoy.es\/es\/"},{"@type":"ListItem","position":2,"name":"Muro celebra el 9 d&#8217;Octubre dando protagonismo al Deporte"}]},{"@type":"WebSite","@id":"https:\/\/www.copealcoy.es\/es\/#website","url":"https:\/\/www.copealcoy.es\/es\/","name":"COPE Alcoy","description":"Emisora COPE de radio local con emisi\u00f3n online. Pont de Sant Jordi 8-10 03803 Alcoy","potentialAction":[{"@type":"SearchAction","target":{"@type":"EntryPoint","urlTemplate":"https:\/\/www.copealcoy.es\/es\/?s={search_term_string}"},"query-input":{"@type":"PropertyValueSpecification","valueRequired":true,"valueName":"search_term_string"}}],"inLanguage":"es"},{"@type":"Person","@id":"https:\/\/www.copealcoy.es\/es\/#\/schema\/person\/e777c87fa024e57d40170af9df39882c","name":"Cope Alcoy","image":{"@type":"ImageObject","inLanguage":"es","@id":"https:\/\/secure.gravatar.com\/avatar\/bb65d0283347e303893ba14f0692005417c1e0e690a325a4c5d8bb2b3943ee14?s=96&d=mm&r=g","url":"https:\/\/secure.gravatar.com\/avatar\/bb65d0283347e303893ba14f0692005417c1e0e690a325a4c5d8bb2b3943ee14?s=96&d=mm&r=g","contentUrl":"https:\/\/secure.gravatar.com\/avatar\/bb65d0283347e303893ba14f0692005417c1e0e690a325a4c5d8bb2b3943ee14?s=96&d=mm&r=g","caption":"Cope Alcoy"}}]}},"_links":{"self":[{"href":"https:\/\/www.copealcoy.es\/es\/wp-json\/wp\/v2\/posts\/55666","targetHints":{"allow":["GET"]}}],"collection":[{"href":"https:\/\/www.copealcoy.es\/es\/wp-json\/wp\/v2\/posts"}],"about":[{"href":"https:\/\/www.copealcoy.es\/es\/wp-json\/wp\/v2\/types\/post"}],"author":[{"embeddable":true,"href":"https:\/\/www.copealcoy.es\/es\/wp-json\/wp\/v2\/users\/1"}],"replies":[{"embeddable":true,"href":"https:\/\/www.copealcoy.es\/es\/wp-json\/wp\/v2\/comments?post=55666"}],"version-history":[{"count":0,"href":"https:\/\/www.copealcoy.es\/es\/wp-json\/wp\/v2\/posts\/55666\/revisions"}],"wp:featuredmedia":[{"embeddable":true,"href":"https:\/\/www.copealcoy.es\/es\/wp-json\/"}],"wp:attachment":[{"href":"https:\/\/www.copealcoy.es\/es\/wp-json\/wp\/v2\/media?parent=55666"}],"wp:term":[{"taxonomy":"category","embeddable":true,"href":"https:\/\/www.copealcoy.es\/es\/wp-json\/wp\/v2\/categories?post=55666"},{"taxonomy":"post_tag","embeddable":true,"href":"https:\/\/www.copealcoy.es\/es\/wp-json\/wp\/v2\/tags?post=55666"}],"curies":[{"name":"wp","href":"https:\/\/api.w.org\/{rel}","templated":true}]}}