{"id":55655,"date":"2019-10-08T15:36:04","date_gmt":"2019-10-08T15:36:04","guid":{"rendered":"https:\/\/copealcoi.es\/?p=55655"},"modified":"2019-10-08T15:36:04","modified_gmt":"2019-10-08T15:36:04","slug":"los-acuiferos-de-alcoy-mantienen-un-nivel-optimo","status":"publish","type":"post","link":"https:\/\/www.copealcoy.es\/es\/los-acuiferos-de-alcoy-mantienen-un-nivel-optimo\/","title":{"rendered":"Los Acu\u00edferos de Alcoy mantienen un nivel \u00f3ptimo"},"content":{"rendered":"<p style=\"text-align: justify;\">Los <strong>acu\u00edferos y pozos de Alcoy<\/strong> se encuentran en <strong>un buen nivel de extracci\u00f3n<\/strong> y afrontan el final de a\u00f1o <strong>en una situaci\u00f3n \u00f3ptima<\/strong> seg\u00fan ha informado el Consistorio de nuestra ciudad. Desde el Gobierno Local indican que <strong>los \u00faltimos datos recogidos<\/strong>, anteriores a la Gota Fr\u00eda de mediados de septiembre,\u00a0<strong>sit\u00faan la citada extracci\u00f3n en 5-6 metros de profundidad<\/strong>.<\/p>\n<p style=\"text-align: justify;\">La evoluci\u00f3n del nivel est\u00e1tico del acu\u00edfero del Molinar <strong>durante 2017<\/strong> empezaba con unos 5 metros de extracci\u00f3n, mejorando en el a\u00f1o y situ\u00e1ndose entre 3 y 4 metros durante los meses de febrero a octubre, para acabar el a\u00f1o de nuevo a m\u00e1s de 5 metros de extracci\u00f3n. En<strong> 2018<\/strong>, la extracci\u00f3n de agua en Alcoy se situaba por encima de los 5 metros, subiendo a m\u00e1s de 6 a mitad del a\u00f1o y acabando la anualidad con m\u00e1s de 7 metros de extracci\u00f3n. En diciembre de 2018, \u00a0el nivel en el Molinar 1 estaba en 7,36 metros y el Molinar 2 en 7,30 metros.\u00a0Los \u00faltimos datos registrados, <strong>en julio de 2019<\/strong>, vuelven a a situarnos entre los 5 y 6 metros de extracci\u00f3n ya que El Molinar 1 estaba en 6,07 y el Molinar 2 en 5,65, <strong>sin contar las \u00faltimas lluvias torrenciales que se han registrado durante el mes de septiembre<\/strong> relacionadas con el fen\u00f3meno meteorol\u00f3gico del DANA.<\/p>\n<p style=\"text-align: justify;\">El concejal de Obras y Servicios en el Ayuntamiento de Alcoy, <strong>Jordi Mart\u00ednez<\/strong>, hace <strong>un balance positivo de la situaci\u00f3n de los acu\u00edferos<\/strong> en la ciudad y hace <strong>la siguiente explicaci\u00f3n<\/strong> al respecto &#8220;<em>pese a que contamos con unos acu\u00edferos con buenos recursos hidrol\u00f3gico, el agua no se debe desperdiciar. Seguimos recordando a los ciudadanos la importancia de moderar el consumo y de utilizar este bien de primera necesidad de manera responsable para poder seguir disfrutando de este tesoro natural<\/em>&#8220;, detalla.<\/p>\n<p style=\"text-align: justify;\">Recordar que <strong>el acu\u00edfero del Molinar<\/strong>, contin\u00faa siendo, el <strong>principal recurso hidrol\u00f3gico<\/strong> de la ciudad.<\/p>\n","protected":false},"excerpt":{"rendered":"<p>Los acu\u00edferos y pozos de Alcoy se encuentran en un buen nivel de extracci\u00f3n y afrontan el final de a\u00f1o&#8230;<\/p>\n","protected":false},"author":1,"featured_media":51339,"comment_status":"open","ping_status":"open","sticky":false,"template":"","format":"standard","meta":{"footnotes":""},"categories":[97,75],"tags":[7170,166,1494,9296,927,9297],"class_list":["post-55655","post","type-post","status-publish","format-standard","has-post-thumbnail","hentry","category-alcoy","category-noticias","tag-acuiferos","tag-agua","tag-alcoy","tag-extraccion","tag-jordi-martinez","tag-nivel-optimo"],"yoast_head":"<!-- This site is optimized with the Yoast SEO plugin v27.3 - https:\/\/yoast.com\/product\/yoast-seo-wordpress\/ -->\n<title>Los Acu\u00edferos de Alcoy mantienen un nivel \u00f3ptimo - COPE Alcoy<\/title>\n<meta name=\"robots\" content=\"index, follow, max-snippet:-1, max-image-preview:large, max-video-preview:-1\" \/>\n<link rel=\"canonical\" href=\"https:\/\/www.copealcoy.es\/es\/los-acuiferos-de-alcoy-mantienen-un-nivel-optimo\/\" \/>\n<meta property=\"og:locale\" content=\"es_ES\" \/>\n<meta property=\"og:type\" content=\"article\" \/>\n<meta property=\"og:title\" content=\"Los Acu\u00edferos de Alcoy mantienen un nivel \u00f3ptimo - COPE Alcoy\" \/>\n<meta property=\"og:description\" content=\"Los acu\u00edferos y pozos de Alcoy se encuentran en un buen nivel de extracci\u00f3n y afrontan el final de a\u00f1o...\" \/>\n<meta property=\"og:url\" content=\"https:\/\/www.copealcoy.es\/es\/los-acuiferos-de-alcoy-mantienen-un-nivel-optimo\/\" \/>\n<meta property=\"og:site_name\" content=\"COPE Alcoy\" \/>\n<meta property=\"article:published_time\" content=\"2019-10-08T15:36:04+00:00\" \/>\n<meta property=\"og:image\" content=\"https:\/\/www.copealcoy.es\/wp-content\/uploads\/2019\/05\/60627137_1343610942469817_8366360559032991744_n-e1558629084137-1.jpg\" \/>\n\t<meta property=\"og:image:width\" content=\"756\" \/>\n\t<meta property=\"og:image:height\" content=\"472\" \/>\n\t<meta property=\"og:image:type\" content=\"image\/jpeg\" \/>\n<meta name=\"author\" content=\"Cope Alcoy\" \/>\n<meta name=\"twitter:label1\" content=\"Escrito por\" \/>\n\t<meta name=\"twitter:data1\" content=\"Cope Alcoy\" \/>\n\t<meta name=\"twitter:label2\" content=\"Tiempo de lectura\" \/>\n\t<meta name=\"twitter:data2\" content=\"2 minutos\" \/>\n<script type=\"application\/ld+json\" class=\"yoast-schema-graph\">{\"@context\":\"https:\\\/\\\/schema.org\",\"@graph\":[{\"@type\":\"Article\",\"@id\":\"https:\\\/\\\/www.copealcoy.es\\\/es\\\/los-acuiferos-de-alcoy-mantienen-un-nivel-optimo\\\/#article\",\"isPartOf\":{\"@id\":\"https:\\\/\\\/www.copealcoy.es\\\/es\\\/los-acuiferos-de-alcoy-mantienen-un-nivel-optimo\\\/\"},\"author\":{\"name\":\"Cope Alcoy\",\"@id\":\"https:\\\/\\\/www.copealcoy.es\\\/es\\\/#\\\/schema\\\/person\\\/e777c87fa024e57d40170af9df39882c\"},\"headline\":\"Los Acu\u00edferos de Alcoy mantienen un nivel \u00f3ptimo\",\"datePublished\":\"2019-10-08T15:36:04+00:00\",\"mainEntityOfPage\":{\"@id\":\"https:\\\/\\\/www.copealcoy.es\\\/es\\\/los-acuiferos-de-alcoy-mantienen-un-nivel-optimo\\\/\"},\"wordCount\":340,\"commentCount\":0,\"image\":{\"@id\":\"https:\\\/\\\/www.copealcoy.es\\\/es\\\/los-acuiferos-de-alcoy-mantienen-un-nivel-optimo\\\/#primaryimage\"},\"thumbnailUrl\":\"https:\\\/\\\/www.copealcoy.es\\\/wp-content\\\/uploads\\\/2019\\\/05\\\/60627137_1343610942469817_8366360559032991744_n-e1558629084137-1.jpg\",\"keywords\":[\"Acu\u00edferos\",\"Agua\",\"Alcoy\",\"extracci\u00f3n\",\"Jordi Mart\u00ednez\",\"nivel \u00f3ptimo\"],\"articleSection\":[\"Alcoy\",\"Noticias\"],\"inLanguage\":\"es\"},{\"@type\":\"WebPage\",\"@id\":\"https:\\\/\\\/www.copealcoy.es\\\/es\\\/los-acuiferos-de-alcoy-mantienen-un-nivel-optimo\\\/\",\"url\":\"https:\\\/\\\/www.copealcoy.es\\\/es\\\/los-acuiferos-de-alcoy-mantienen-un-nivel-optimo\\\/\",\"name\":\"Los Acu\u00edferos de Alcoy mantienen un nivel \u00f3ptimo - COPE Alcoy\",\"isPartOf\":{\"@id\":\"https:\\\/\\\/www.copealcoy.es\\\/es\\\/#website\"},\"primaryImageOfPage\":{\"@id\":\"https:\\\/\\\/www.copealcoy.es\\\/es\\\/los-acuiferos-de-alcoy-mantienen-un-nivel-optimo\\\/#primaryimage\"},\"image\":{\"@id\":\"https:\\\/\\\/www.copealcoy.es\\\/es\\\/los-acuiferos-de-alcoy-mantienen-un-nivel-optimo\\\/#primaryimage\"},\"thumbnailUrl\":\"https:\\\/\\\/www.copealcoy.es\\\/wp-content\\\/uploads\\\/2019\\\/05\\\/60627137_1343610942469817_8366360559032991744_n-e1558629084137-1.jpg\",\"datePublished\":\"2019-10-08T15:36:04+00:00\",\"author\":{\"@id\":\"https:\\\/\\\/www.copealcoy.es\\\/es\\\/#\\\/schema\\\/person\\\/e777c87fa024e57d40170af9df39882c\"},\"breadcrumb\":{\"@id\":\"https:\\\/\\\/www.copealcoy.es\\\/es\\\/los-acuiferos-de-alcoy-mantienen-un-nivel-optimo\\\/#breadcrumb\"},\"inLanguage\":\"es\",\"potentialAction\":[{\"@type\":\"ReadAction\",\"target\":[\"https:\\\/\\\/www.copealcoy.es\\\/es\\\/los-acuiferos-de-alcoy-mantienen-un-nivel-optimo\\\/\"]}]},{\"@type\":\"ImageObject\",\"inLanguage\":\"es\",\"@id\":\"https:\\\/\\\/www.copealcoy.es\\\/es\\\/los-acuiferos-de-alcoy-mantienen-un-nivel-optimo\\\/#primaryimage\",\"url\":\"https:\\\/\\\/www.copealcoy.es\\\/wp-content\\\/uploads\\\/2019\\\/05\\\/60627137_1343610942469817_8366360559032991744_n-e1558629084137-1.jpg\",\"contentUrl\":\"https:\\\/\\\/www.copealcoy.es\\\/wp-content\\\/uploads\\\/2019\\\/05\\\/60627137_1343610942469817_8366360559032991744_n-e1558629084137-1.jpg\",\"width\":756,\"height\":472},{\"@type\":\"BreadcrumbList\",\"@id\":\"https:\\\/\\\/www.copealcoy.es\\\/es\\\/los-acuiferos-de-alcoy-mantienen-un-nivel-optimo\\\/#breadcrumb\",\"itemListElement\":[{\"@type\":\"ListItem\",\"position\":1,\"name\":\"Portada\",\"item\":\"https:\\\/\\\/www.copealcoy.es\\\/es\\\/\"},{\"@type\":\"ListItem\",\"position\":2,\"name\":\"Los Acu\u00edferos de Alcoy mantienen un nivel \u00f3ptimo\"}]},{\"@type\":\"WebSite\",\"@id\":\"https:\\\/\\\/www.copealcoy.es\\\/es\\\/#website\",\"url\":\"https:\\\/\\\/www.copealcoy.es\\\/es\\\/\",\"name\":\"COPE Alcoy\",\"description\":\"Emisora COPE de radio local con emisi\u00f3n online. Pont de Sant Jordi 8-10 03803 Alcoy\",\"potentialAction\":[{\"@type\":\"SearchAction\",\"target\":{\"@type\":\"EntryPoint\",\"urlTemplate\":\"https:\\\/\\\/www.copealcoy.es\\\/es\\\/?s={search_term_string}\"},\"query-input\":{\"@type\":\"PropertyValueSpecification\",\"valueRequired\":true,\"valueName\":\"search_term_string\"}}],\"inLanguage\":\"es\"},{\"@type\":\"Person\",\"@id\":\"https:\\\/\\\/www.copealcoy.es\\\/es\\\/#\\\/schema\\\/person\\\/e777c87fa024e57d40170af9df39882c\",\"name\":\"Cope Alcoy\",\"image\":{\"@type\":\"ImageObject\",\"inLanguage\":\"es\",\"@id\":\"https:\\\/\\\/secure.gravatar.com\\\/avatar\\\/bb65d0283347e303893ba14f0692005417c1e0e690a325a4c5d8bb2b3943ee14?s=96&d=mm&r=g\",\"url\":\"https:\\\/\\\/secure.gravatar.com\\\/avatar\\\/bb65d0283347e303893ba14f0692005417c1e0e690a325a4c5d8bb2b3943ee14?s=96&d=mm&r=g\",\"contentUrl\":\"https:\\\/\\\/secure.gravatar.com\\\/avatar\\\/bb65d0283347e303893ba14f0692005417c1e0e690a325a4c5d8bb2b3943ee14?s=96&d=mm&r=g\",\"caption\":\"Cope Alcoy\"}}]}<\/script>\n<!-- \/ Yoast SEO plugin. -->","yoast_head_json":{"title":"Los Acu\u00edferos de Alcoy mantienen un nivel \u00f3ptimo - COPE Alcoy","robots":{"index":"index","follow":"follow","max-snippet":"max-snippet:-1","max-image-preview":"max-image-preview:large","max-video-preview":"max-video-preview:-1"},"canonical":"https:\/\/www.copealcoy.es\/es\/los-acuiferos-de-alcoy-mantienen-un-nivel-optimo\/","og_locale":"es_ES","og_type":"article","og_title":"Los Acu\u00edferos de Alcoy mantienen un nivel \u00f3ptimo - COPE Alcoy","og_description":"Los acu\u00edferos y pozos de Alcoy se encuentran en un buen nivel de extracci\u00f3n y afrontan el final de a\u00f1o...","og_url":"https:\/\/www.copealcoy.es\/es\/los-acuiferos-de-alcoy-mantienen-un-nivel-optimo\/","og_site_name":"COPE Alcoy","article_published_time":"2019-10-08T15:36:04+00:00","og_image":[{"width":756,"height":472,"url":"https:\/\/www.copealcoy.es\/wp-content\/uploads\/2019\/05\/60627137_1343610942469817_8366360559032991744_n-e1558629084137-1.jpg","type":"image\/jpeg"}],"author":"Cope Alcoy","twitter_misc":{"Escrito por":"Cope Alcoy","Tiempo de lectura":"2 minutos"},"schema":{"@context":"https:\/\/schema.org","@graph":[{"@type":"Article","@id":"https:\/\/www.copealcoy.es\/es\/los-acuiferos-de-alcoy-mantienen-un-nivel-optimo\/#article","isPartOf":{"@id":"https:\/\/www.copealcoy.es\/es\/los-acuiferos-de-alcoy-mantienen-un-nivel-optimo\/"},"author":{"name":"Cope Alcoy","@id":"https:\/\/www.copealcoy.es\/es\/#\/schema\/person\/e777c87fa024e57d40170af9df39882c"},"headline":"Los Acu\u00edferos de Alcoy mantienen un nivel \u00f3ptimo","datePublished":"2019-10-08T15:36:04+00:00","mainEntityOfPage":{"@id":"https:\/\/www.copealcoy.es\/es\/los-acuiferos-de-alcoy-mantienen-un-nivel-optimo\/"},"wordCount":340,"commentCount":0,"image":{"@id":"https:\/\/www.copealcoy.es\/es\/los-acuiferos-de-alcoy-mantienen-un-nivel-optimo\/#primaryimage"},"thumbnailUrl":"https:\/\/www.copealcoy.es\/wp-content\/uploads\/2019\/05\/60627137_1343610942469817_8366360559032991744_n-e1558629084137-1.jpg","keywords":["Acu\u00edferos","Agua","Alcoy","extracci\u00f3n","Jordi Mart\u00ednez","nivel \u00f3ptimo"],"articleSection":["Alcoy","Noticias"],"inLanguage":"es"},{"@type":"WebPage","@id":"https:\/\/www.copealcoy.es\/es\/los-acuiferos-de-alcoy-mantienen-un-nivel-optimo\/","url":"https:\/\/www.copealcoy.es\/es\/los-acuiferos-de-alcoy-mantienen-un-nivel-optimo\/","name":"Los Acu\u00edferos de Alcoy mantienen un nivel \u00f3ptimo - COPE Alcoy","isPartOf":{"@id":"https:\/\/www.copealcoy.es\/es\/#website"},"primaryImageOfPage":{"@id":"https:\/\/www.copealcoy.es\/es\/los-acuiferos-de-alcoy-mantienen-un-nivel-optimo\/#primaryimage"},"image":{"@id":"https:\/\/www.copealcoy.es\/es\/los-acuiferos-de-alcoy-mantienen-un-nivel-optimo\/#primaryimage"},"thumbnailUrl":"https:\/\/www.copealcoy.es\/wp-content\/uploads\/2019\/05\/60627137_1343610942469817_8366360559032991744_n-e1558629084137-1.jpg","datePublished":"2019-10-08T15:36:04+00:00","author":{"@id":"https:\/\/www.copealcoy.es\/es\/#\/schema\/person\/e777c87fa024e57d40170af9df39882c"},"breadcrumb":{"@id":"https:\/\/www.copealcoy.es\/es\/los-acuiferos-de-alcoy-mantienen-un-nivel-optimo\/#breadcrumb"},"inLanguage":"es","potentialAction":[{"@type":"ReadAction","target":["https:\/\/www.copealcoy.es\/es\/los-acuiferos-de-alcoy-mantienen-un-nivel-optimo\/"]}]},{"@type":"ImageObject","inLanguage":"es","@id":"https:\/\/www.copealcoy.es\/es\/los-acuiferos-de-alcoy-mantienen-un-nivel-optimo\/#primaryimage","url":"https:\/\/www.copealcoy.es\/wp-content\/uploads\/2019\/05\/60627137_1343610942469817_8366360559032991744_n-e1558629084137-1.jpg","contentUrl":"https:\/\/www.copealcoy.es\/wp-content\/uploads\/2019\/05\/60627137_1343610942469817_8366360559032991744_n-e1558629084137-1.jpg","width":756,"height":472},{"@type":"BreadcrumbList","@id":"https:\/\/www.copealcoy.es\/es\/los-acuiferos-de-alcoy-mantienen-un-nivel-optimo\/#breadcrumb","itemListElement":[{"@type":"ListItem","position":1,"name":"Portada","item":"https:\/\/www.copealcoy.es\/es\/"},{"@type":"ListItem","position":2,"name":"Los Acu\u00edferos de Alcoy mantienen un nivel \u00f3ptimo"}]},{"@type":"WebSite","@id":"https:\/\/www.copealcoy.es\/es\/#website","url":"https:\/\/www.copealcoy.es\/es\/","name":"COPE Alcoy","description":"Emisora COPE de radio local con emisi\u00f3n online. Pont de Sant Jordi 8-10 03803 Alcoy","potentialAction":[{"@type":"SearchAction","target":{"@type":"EntryPoint","urlTemplate":"https:\/\/www.copealcoy.es\/es\/?s={search_term_string}"},"query-input":{"@type":"PropertyValueSpecification","valueRequired":true,"valueName":"search_term_string"}}],"inLanguage":"es"},{"@type":"Person","@id":"https:\/\/www.copealcoy.es\/es\/#\/schema\/person\/e777c87fa024e57d40170af9df39882c","name":"Cope Alcoy","image":{"@type":"ImageObject","inLanguage":"es","@id":"https:\/\/secure.gravatar.com\/avatar\/bb65d0283347e303893ba14f0692005417c1e0e690a325a4c5d8bb2b3943ee14?s=96&d=mm&r=g","url":"https:\/\/secure.gravatar.com\/avatar\/bb65d0283347e303893ba14f0692005417c1e0e690a325a4c5d8bb2b3943ee14?s=96&d=mm&r=g","contentUrl":"https:\/\/secure.gravatar.com\/avatar\/bb65d0283347e303893ba14f0692005417c1e0e690a325a4c5d8bb2b3943ee14?s=96&d=mm&r=g","caption":"Cope Alcoy"}}]}},"_links":{"self":[{"href":"https:\/\/www.copealcoy.es\/es\/wp-json\/wp\/v2\/posts\/55655","targetHints":{"allow":["GET"]}}],"collection":[{"href":"https:\/\/www.copealcoy.es\/es\/wp-json\/wp\/v2\/posts"}],"about":[{"href":"https:\/\/www.copealcoy.es\/es\/wp-json\/wp\/v2\/types\/post"}],"author":[{"embeddable":true,"href":"https:\/\/www.copealcoy.es\/es\/wp-json\/wp\/v2\/users\/1"}],"replies":[{"embeddable":true,"href":"https:\/\/www.copealcoy.es\/es\/wp-json\/wp\/v2\/comments?post=55655"}],"version-history":[{"count":0,"href":"https:\/\/www.copealcoy.es\/es\/wp-json\/wp\/v2\/posts\/55655\/revisions"}],"wp:featuredmedia":[{"embeddable":true,"href":"https:\/\/www.copealcoy.es\/es\/wp-json\/wp\/v2\/media\/51339"}],"wp:attachment":[{"href":"https:\/\/www.copealcoy.es\/es\/wp-json\/wp\/v2\/media?parent=55655"}],"wp:term":[{"taxonomy":"category","embeddable":true,"href":"https:\/\/www.copealcoy.es\/es\/wp-json\/wp\/v2\/categories?post=55655"},{"taxonomy":"post_tag","embeddable":true,"href":"https:\/\/www.copealcoy.es\/es\/wp-json\/wp\/v2\/tags?post=55655"}],"curies":[{"name":"wp","href":"https:\/\/api.w.org\/{rel}","templated":true}]}}