{"id":55613,"date":"2019-10-08T10:41:27","date_gmt":"2019-10-08T10:41:27","guid":{"rendered":"https:\/\/copealcoi.es\/?p=55613"},"modified":"2019-10-08T10:41:27","modified_gmt":"2019-10-08T10:41:27","slug":"la-generalitat-nombra-a-camilo-sesto-embajador-de-la-comunidad-valenciana","status":"publish","type":"post","link":"https:\/\/www.copealcoy.es\/es\/la-generalitat-nombra-a-camilo-sesto-embajador-de-la-comunidad-valenciana\/","title":{"rendered":"La Generalitat nombra a Camilo Sesto Embajador de la Comunidad Valenciana"},"content":{"rendered":"<p style=\"text-align: justify;\">La <strong>Generalitat Valenciana<\/strong> ha nombrado al <strong>cantante alcoyano Camilo Sesto<\/strong> como <strong>Embajador de la Comunidad Valenciana<\/strong> a t\u00edtulo p\u00f3stumo. De esta forma el Consell reconoce a<strong> una figura universal de la m\u00fasica<\/strong> que nos dej\u00f3 <strong>el pasado 8 de septiembre<\/strong> a la edad de <strong>72 a\u00f1os<\/strong> y que durante toda su vida <strong>llev\u00f3 el nombre de Alcoy y de la tierra valenciana<\/strong> por todo el mundo. Adem\u00e1s <strong>otras dos alcoyanas<\/strong> recibir\u00e1n una distinci\u00f3n del Gobierno Auton\u00f3mico con ocasi\u00f3n del D\u00eda de la Comunidad Valenciana. Se trata de<strong> la bailarina Sol Pic\u00f3<\/strong>, que recibir\u00e1 el <strong>premio al M\u00e9rito Cultural<\/strong>, y de <strong>Carmen Llorca<\/strong>. Esta \u00faltima, fallecida en 1998, <strong>ser\u00e1 premiada con el galard\u00f3n Llu\u00eds Vives<\/strong> que se concede este a\u00f1o a <strong>las valencianas y los valencianos<\/strong> que formaron parte de <strong>los primeros Diputados electos en las Elecciones al Parlamento Europeo<\/strong> por Espa\u00f1a.<\/p>\n<p style=\"text-align: justify;\">Todas estas distinciones <strong>ser\u00e1n entregadas el d\u00eda 9 d&#8217;Octubre<\/strong> en el transcurso del <strong>Acto Institucional<\/strong> que se celebrar\u00e1 por la ma\u00f1ana en <strong>el Palau de la Generalitat Valenciana<\/strong> y que estar\u00e1 presidido por el Presidente de la Generalitat;<strong> Ximo Puig<\/strong>.<\/p>\n","protected":false},"excerpt":{"rendered":"<p>La Generalitat Valenciana ha nombrado al cantante alcoyano Camilo Sesto como Embajador de la Comunidad Valenciana a t\u00edtulo p\u00f3stumo. De&#8230;<\/p>\n","protected":false},"author":1,"featured_media":26675,"comment_status":"open","ping_status":"open","sticky":false,"template":"","format":"standard","meta":{"footnotes":""},"categories":[97,75,125],"tags":[2559,639,495,994,9289],"class_list":["post-55613","post","type-post","status-publish","format-standard","has-post-thumbnail","hentry","category-alcoy","category-noticias","category-portada","tag-camilo-sesto","tag-comunidad-valenciana","tag-embajador","tag-generalitat-valenciana","tag-titulo-postumo"],"yoast_head":"<!-- This site is optimized with the Yoast SEO plugin v27.3 - https:\/\/yoast.com\/product\/yoast-seo-wordpress\/ -->\n<title>La Generalitat nombra a Camilo Sesto Embajador de la Comunidad Valenciana - COPE Alcoy<\/title>\n<meta name=\"robots\" content=\"index, follow, max-snippet:-1, max-image-preview:large, max-video-preview:-1\" \/>\n<link rel=\"canonical\" href=\"https:\/\/www.copealcoy.es\/es\/la-generalitat-nombra-a-camilo-sesto-embajador-de-la-comunidad-valenciana\/\" \/>\n<meta property=\"og:locale\" content=\"es_ES\" \/>\n<meta property=\"og:type\" content=\"article\" \/>\n<meta property=\"og:title\" content=\"La Generalitat nombra a Camilo Sesto Embajador de la Comunidad Valenciana - COPE Alcoy\" \/>\n<meta property=\"og:description\" content=\"La Generalitat Valenciana ha nombrado al cantante alcoyano Camilo Sesto como Embajador de la Comunidad Valenciana a t\u00edtulo p\u00f3stumo. De...\" \/>\n<meta property=\"og:url\" content=\"https:\/\/www.copealcoy.es\/es\/la-generalitat-nombra-a-camilo-sesto-embajador-de-la-comunidad-valenciana\/\" \/>\n<meta property=\"og:site_name\" content=\"COPE Alcoy\" \/>\n<meta property=\"article:published_time\" content=\"2019-10-08T10:41:27+00:00\" \/>\n<meta property=\"og:image\" content=\"https:\/\/www.copealcoy.es\/wp-content\/uploads\/2016\/11\/IMG_5654.jpg\" \/>\n\t<meta property=\"og:image:width\" content=\"2048\" \/>\n\t<meta property=\"og:image:height\" content=\"1356\" \/>\n\t<meta property=\"og:image:type\" content=\"image\/jpeg\" \/>\n<meta name=\"author\" content=\"Cope Alcoy\" \/>\n<meta name=\"twitter:label1\" content=\"Escrito por\" \/>\n\t<meta name=\"twitter:data1\" content=\"Cope Alcoy\" \/>\n\t<meta name=\"twitter:label2\" content=\"Tiempo de lectura\" \/>\n\t<meta name=\"twitter:data2\" content=\"1 minuto\" \/>\n<script type=\"application\/ld+json\" class=\"yoast-schema-graph\">{\"@context\":\"https:\\\/\\\/schema.org\",\"@graph\":[{\"@type\":\"Article\",\"@id\":\"https:\\\/\\\/www.copealcoy.es\\\/es\\\/la-generalitat-nombra-a-camilo-sesto-embajador-de-la-comunidad-valenciana\\\/#article\",\"isPartOf\":{\"@id\":\"https:\\\/\\\/www.copealcoy.es\\\/es\\\/la-generalitat-nombra-a-camilo-sesto-embajador-de-la-comunidad-valenciana\\\/\"},\"author\":{\"name\":\"Cope Alcoy\",\"@id\":\"https:\\\/\\\/www.copealcoy.es\\\/es\\\/#\\\/schema\\\/person\\\/e777c87fa024e57d40170af9df39882c\"},\"headline\":\"La Generalitat nombra a Camilo Sesto Embajador de la Comunidad Valenciana\",\"datePublished\":\"2019-10-08T10:41:27+00:00\",\"mainEntityOfPage\":{\"@id\":\"https:\\\/\\\/www.copealcoy.es\\\/es\\\/la-generalitat-nombra-a-camilo-sesto-embajador-de-la-comunidad-valenciana\\\/\"},\"wordCount\":207,\"commentCount\":0,\"image\":{\"@id\":\"https:\\\/\\\/www.copealcoy.es\\\/es\\\/la-generalitat-nombra-a-camilo-sesto-embajador-de-la-comunidad-valenciana\\\/#primaryimage\"},\"thumbnailUrl\":\"https:\\\/\\\/www.copealcoy.es\\\/wp-content\\\/uploads\\\/2016\\\/11\\\/IMG_5654.jpg\",\"keywords\":[\"Camilo Sesto\",\"Comunidad Valenciana\",\"Embajador\",\"Generalitat Valenciana\",\"t\u00edtulo p\u00f3stumo\"],\"articleSection\":[\"Alcoy\",\"Noticias\",\"Portada\"],\"inLanguage\":\"es\"},{\"@type\":\"WebPage\",\"@id\":\"https:\\\/\\\/www.copealcoy.es\\\/es\\\/la-generalitat-nombra-a-camilo-sesto-embajador-de-la-comunidad-valenciana\\\/\",\"url\":\"https:\\\/\\\/www.copealcoy.es\\\/es\\\/la-generalitat-nombra-a-camilo-sesto-embajador-de-la-comunidad-valenciana\\\/\",\"name\":\"La Generalitat nombra a Camilo Sesto Embajador de la Comunidad Valenciana - COPE Alcoy\",\"isPartOf\":{\"@id\":\"https:\\\/\\\/www.copealcoy.es\\\/es\\\/#website\"},\"primaryImageOfPage\":{\"@id\":\"https:\\\/\\\/www.copealcoy.es\\\/es\\\/la-generalitat-nombra-a-camilo-sesto-embajador-de-la-comunidad-valenciana\\\/#primaryimage\"},\"image\":{\"@id\":\"https:\\\/\\\/www.copealcoy.es\\\/es\\\/la-generalitat-nombra-a-camilo-sesto-embajador-de-la-comunidad-valenciana\\\/#primaryimage\"},\"thumbnailUrl\":\"https:\\\/\\\/www.copealcoy.es\\\/wp-content\\\/uploads\\\/2016\\\/11\\\/IMG_5654.jpg\",\"datePublished\":\"2019-10-08T10:41:27+00:00\",\"author\":{\"@id\":\"https:\\\/\\\/www.copealcoy.es\\\/es\\\/#\\\/schema\\\/person\\\/e777c87fa024e57d40170af9df39882c\"},\"breadcrumb\":{\"@id\":\"https:\\\/\\\/www.copealcoy.es\\\/es\\\/la-generalitat-nombra-a-camilo-sesto-embajador-de-la-comunidad-valenciana\\\/#breadcrumb\"},\"inLanguage\":\"es\",\"potentialAction\":[{\"@type\":\"ReadAction\",\"target\":[\"https:\\\/\\\/www.copealcoy.es\\\/es\\\/la-generalitat-nombra-a-camilo-sesto-embajador-de-la-comunidad-valenciana\\\/\"]}]},{\"@type\":\"ImageObject\",\"inLanguage\":\"es\",\"@id\":\"https:\\\/\\\/www.copealcoy.es\\\/es\\\/la-generalitat-nombra-a-camilo-sesto-embajador-de-la-comunidad-valenciana\\\/#primaryimage\",\"url\":\"https:\\\/\\\/www.copealcoy.es\\\/wp-content\\\/uploads\\\/2016\\\/11\\\/IMG_5654.jpg\",\"contentUrl\":\"https:\\\/\\\/www.copealcoy.es\\\/wp-content\\\/uploads\\\/2016\\\/11\\\/IMG_5654.jpg\",\"width\":2048,\"height\":1356},{\"@type\":\"BreadcrumbList\",\"@id\":\"https:\\\/\\\/www.copealcoy.es\\\/es\\\/la-generalitat-nombra-a-camilo-sesto-embajador-de-la-comunidad-valenciana\\\/#breadcrumb\",\"itemListElement\":[{\"@type\":\"ListItem\",\"position\":1,\"name\":\"Portada\",\"item\":\"https:\\\/\\\/www.copealcoy.es\\\/es\\\/\"},{\"@type\":\"ListItem\",\"position\":2,\"name\":\"La Generalitat nombra a Camilo Sesto Embajador de la Comunidad Valenciana\"}]},{\"@type\":\"WebSite\",\"@id\":\"https:\\\/\\\/www.copealcoy.es\\\/es\\\/#website\",\"url\":\"https:\\\/\\\/www.copealcoy.es\\\/es\\\/\",\"name\":\"COPE Alcoy\",\"description\":\"Emisora COPE de radio local con emisi\u00f3n online. Pont de Sant Jordi 8-10 03803 Alcoy\",\"potentialAction\":[{\"@type\":\"SearchAction\",\"target\":{\"@type\":\"EntryPoint\",\"urlTemplate\":\"https:\\\/\\\/www.copealcoy.es\\\/es\\\/?s={search_term_string}\"},\"query-input\":{\"@type\":\"PropertyValueSpecification\",\"valueRequired\":true,\"valueName\":\"search_term_string\"}}],\"inLanguage\":\"es\"},{\"@type\":\"Person\",\"@id\":\"https:\\\/\\\/www.copealcoy.es\\\/es\\\/#\\\/schema\\\/person\\\/e777c87fa024e57d40170af9df39882c\",\"name\":\"Cope Alcoy\",\"image\":{\"@type\":\"ImageObject\",\"inLanguage\":\"es\",\"@id\":\"https:\\\/\\\/secure.gravatar.com\\\/avatar\\\/bb65d0283347e303893ba14f0692005417c1e0e690a325a4c5d8bb2b3943ee14?s=96&d=mm&r=g\",\"url\":\"https:\\\/\\\/secure.gravatar.com\\\/avatar\\\/bb65d0283347e303893ba14f0692005417c1e0e690a325a4c5d8bb2b3943ee14?s=96&d=mm&r=g\",\"contentUrl\":\"https:\\\/\\\/secure.gravatar.com\\\/avatar\\\/bb65d0283347e303893ba14f0692005417c1e0e690a325a4c5d8bb2b3943ee14?s=96&d=mm&r=g\",\"caption\":\"Cope Alcoy\"}}]}<\/script>\n<!-- \/ Yoast SEO plugin. -->","yoast_head_json":{"title":"La Generalitat nombra a Camilo Sesto Embajador de la Comunidad Valenciana - COPE Alcoy","robots":{"index":"index","follow":"follow","max-snippet":"max-snippet:-1","max-image-preview":"max-image-preview:large","max-video-preview":"max-video-preview:-1"},"canonical":"https:\/\/www.copealcoy.es\/es\/la-generalitat-nombra-a-camilo-sesto-embajador-de-la-comunidad-valenciana\/","og_locale":"es_ES","og_type":"article","og_title":"La Generalitat nombra a Camilo Sesto Embajador de la Comunidad Valenciana - COPE Alcoy","og_description":"La Generalitat Valenciana ha nombrado al cantante alcoyano Camilo Sesto como Embajador de la Comunidad Valenciana a t\u00edtulo p\u00f3stumo. De...","og_url":"https:\/\/www.copealcoy.es\/es\/la-generalitat-nombra-a-camilo-sesto-embajador-de-la-comunidad-valenciana\/","og_site_name":"COPE Alcoy","article_published_time":"2019-10-08T10:41:27+00:00","og_image":[{"width":2048,"height":1356,"url":"https:\/\/www.copealcoy.es\/wp-content\/uploads\/2016\/11\/IMG_5654.jpg","type":"image\/jpeg"}],"author":"Cope Alcoy","twitter_misc":{"Escrito por":"Cope Alcoy","Tiempo de lectura":"1 minuto"},"schema":{"@context":"https:\/\/schema.org","@graph":[{"@type":"Article","@id":"https:\/\/www.copealcoy.es\/es\/la-generalitat-nombra-a-camilo-sesto-embajador-de-la-comunidad-valenciana\/#article","isPartOf":{"@id":"https:\/\/www.copealcoy.es\/es\/la-generalitat-nombra-a-camilo-sesto-embajador-de-la-comunidad-valenciana\/"},"author":{"name":"Cope Alcoy","@id":"https:\/\/www.copealcoy.es\/es\/#\/schema\/person\/e777c87fa024e57d40170af9df39882c"},"headline":"La Generalitat nombra a Camilo Sesto Embajador de la Comunidad Valenciana","datePublished":"2019-10-08T10:41:27+00:00","mainEntityOfPage":{"@id":"https:\/\/www.copealcoy.es\/es\/la-generalitat-nombra-a-camilo-sesto-embajador-de-la-comunidad-valenciana\/"},"wordCount":207,"commentCount":0,"image":{"@id":"https:\/\/www.copealcoy.es\/es\/la-generalitat-nombra-a-camilo-sesto-embajador-de-la-comunidad-valenciana\/#primaryimage"},"thumbnailUrl":"https:\/\/www.copealcoy.es\/wp-content\/uploads\/2016\/11\/IMG_5654.jpg","keywords":["Camilo Sesto","Comunidad Valenciana","Embajador","Generalitat Valenciana","t\u00edtulo p\u00f3stumo"],"articleSection":["Alcoy","Noticias","Portada"],"inLanguage":"es"},{"@type":"WebPage","@id":"https:\/\/www.copealcoy.es\/es\/la-generalitat-nombra-a-camilo-sesto-embajador-de-la-comunidad-valenciana\/","url":"https:\/\/www.copealcoy.es\/es\/la-generalitat-nombra-a-camilo-sesto-embajador-de-la-comunidad-valenciana\/","name":"La Generalitat nombra a Camilo Sesto Embajador de la Comunidad Valenciana - COPE Alcoy","isPartOf":{"@id":"https:\/\/www.copealcoy.es\/es\/#website"},"primaryImageOfPage":{"@id":"https:\/\/www.copealcoy.es\/es\/la-generalitat-nombra-a-camilo-sesto-embajador-de-la-comunidad-valenciana\/#primaryimage"},"image":{"@id":"https:\/\/www.copealcoy.es\/es\/la-generalitat-nombra-a-camilo-sesto-embajador-de-la-comunidad-valenciana\/#primaryimage"},"thumbnailUrl":"https:\/\/www.copealcoy.es\/wp-content\/uploads\/2016\/11\/IMG_5654.jpg","datePublished":"2019-10-08T10:41:27+00:00","author":{"@id":"https:\/\/www.copealcoy.es\/es\/#\/schema\/person\/e777c87fa024e57d40170af9df39882c"},"breadcrumb":{"@id":"https:\/\/www.copealcoy.es\/es\/la-generalitat-nombra-a-camilo-sesto-embajador-de-la-comunidad-valenciana\/#breadcrumb"},"inLanguage":"es","potentialAction":[{"@type":"ReadAction","target":["https:\/\/www.copealcoy.es\/es\/la-generalitat-nombra-a-camilo-sesto-embajador-de-la-comunidad-valenciana\/"]}]},{"@type":"ImageObject","inLanguage":"es","@id":"https:\/\/www.copealcoy.es\/es\/la-generalitat-nombra-a-camilo-sesto-embajador-de-la-comunidad-valenciana\/#primaryimage","url":"https:\/\/www.copealcoy.es\/wp-content\/uploads\/2016\/11\/IMG_5654.jpg","contentUrl":"https:\/\/www.copealcoy.es\/wp-content\/uploads\/2016\/11\/IMG_5654.jpg","width":2048,"height":1356},{"@type":"BreadcrumbList","@id":"https:\/\/www.copealcoy.es\/es\/la-generalitat-nombra-a-camilo-sesto-embajador-de-la-comunidad-valenciana\/#breadcrumb","itemListElement":[{"@type":"ListItem","position":1,"name":"Portada","item":"https:\/\/www.copealcoy.es\/es\/"},{"@type":"ListItem","position":2,"name":"La Generalitat nombra a Camilo Sesto Embajador de la Comunidad Valenciana"}]},{"@type":"WebSite","@id":"https:\/\/www.copealcoy.es\/es\/#website","url":"https:\/\/www.copealcoy.es\/es\/","name":"COPE Alcoy","description":"Emisora COPE de radio local con emisi\u00f3n online. Pont de Sant Jordi 8-10 03803 Alcoy","potentialAction":[{"@type":"SearchAction","target":{"@type":"EntryPoint","urlTemplate":"https:\/\/www.copealcoy.es\/es\/?s={search_term_string}"},"query-input":{"@type":"PropertyValueSpecification","valueRequired":true,"valueName":"search_term_string"}}],"inLanguage":"es"},{"@type":"Person","@id":"https:\/\/www.copealcoy.es\/es\/#\/schema\/person\/e777c87fa024e57d40170af9df39882c","name":"Cope Alcoy","image":{"@type":"ImageObject","inLanguage":"es","@id":"https:\/\/secure.gravatar.com\/avatar\/bb65d0283347e303893ba14f0692005417c1e0e690a325a4c5d8bb2b3943ee14?s=96&d=mm&r=g","url":"https:\/\/secure.gravatar.com\/avatar\/bb65d0283347e303893ba14f0692005417c1e0e690a325a4c5d8bb2b3943ee14?s=96&d=mm&r=g","contentUrl":"https:\/\/secure.gravatar.com\/avatar\/bb65d0283347e303893ba14f0692005417c1e0e690a325a4c5d8bb2b3943ee14?s=96&d=mm&r=g","caption":"Cope Alcoy"}}]}},"_links":{"self":[{"href":"https:\/\/www.copealcoy.es\/es\/wp-json\/wp\/v2\/posts\/55613","targetHints":{"allow":["GET"]}}],"collection":[{"href":"https:\/\/www.copealcoy.es\/es\/wp-json\/wp\/v2\/posts"}],"about":[{"href":"https:\/\/www.copealcoy.es\/es\/wp-json\/wp\/v2\/types\/post"}],"author":[{"embeddable":true,"href":"https:\/\/www.copealcoy.es\/es\/wp-json\/wp\/v2\/users\/1"}],"replies":[{"embeddable":true,"href":"https:\/\/www.copealcoy.es\/es\/wp-json\/wp\/v2\/comments?post=55613"}],"version-history":[{"count":0,"href":"https:\/\/www.copealcoy.es\/es\/wp-json\/wp\/v2\/posts\/55613\/revisions"}],"wp:featuredmedia":[{"embeddable":true,"href":"https:\/\/www.copealcoy.es\/es\/wp-json\/wp\/v2\/media\/26675"}],"wp:attachment":[{"href":"https:\/\/www.copealcoy.es\/es\/wp-json\/wp\/v2\/media?parent=55613"}],"wp:term":[{"taxonomy":"category","embeddable":true,"href":"https:\/\/www.copealcoy.es\/es\/wp-json\/wp\/v2\/categories?post=55613"},{"taxonomy":"post_tag","embeddable":true,"href":"https:\/\/www.copealcoy.es\/es\/wp-json\/wp\/v2\/tags?post=55613"}],"curies":[{"name":"wp","href":"https:\/\/api.w.org\/{rel}","templated":true}]}}