{"id":55580,"date":"2019-10-06T22:20:47","date_gmt":"2019-10-06T22:20:47","guid":{"rendered":"https:\/\/copealcoi.es\/?p=55580"},"modified":"2019-10-06T22:20:47","modified_gmt":"2019-10-06T22:20:47","slug":"el-correfocs-estrena-la-programacion-del-9-doctubre","status":"publish","type":"post","link":"https:\/\/www.copealcoy.es\/es\/el-correfocs-estrena-la-programacion-del-9-doctubre\/","title":{"rendered":"El &#8216;Correfocs&#8217; encamina a Alcoy hacia el 9 d&#8217;Octubre"},"content":{"rendered":"<p style=\"text-align: justify;\">Alcoy inici\u00f3 este pasado fin de semana<strong> los actos para conmemorar el d\u00eda de la Comunidad Valenciana<\/strong>, el <strong>9 d\u2019Octubre<\/strong>, y lo hizo con <strong>numerosas actividades<\/strong> que han incorporado tambi\u00e9n importantes novedades.<\/p>\n<p style=\"text-align: justify;\">Por una parte destaca <strong>la &#8216;Fira del Llibre en Valenci\u00e0 i de Productes Artesans&#8217;<\/strong>, que abri\u00f3 sus puertas el s\u00e1bado a mediod\u00eda y que se podr\u00e1 visitar en La Glorieta de 10 a 24h hasta el mismo d\u00eda 9, con<strong> una amplia oferta de propuestas<\/strong> que se suman a la presencia de varias entidades de la ciudad que <strong>explicar\u00e1n sus actividades en el \u00c1gora los d\u00edas 8 y 9<\/strong>.\u00a0\u00a0A esto se le suma <strong>\u2018El Correfocs\u2019<\/strong> que ofrecieron en la noche del s\u00e1bado los componentes de <strong>la &#8216;Colla Dimonis Rafolins de l&#8217;Alqueria d&#8217;Asnar&#8217;<\/strong>, y que recorri\u00f3 las calles del Centro ante numeroso p\u00fablico. El espect\u00e1culo <strong>combin\u00f3 los fuegos artificiales, la pirotecnia y la m\u00fasica tradicional<\/strong> en un estallido de sensaciones que se convirti\u00f3 en la mejor antesala al 9 d&#8217;Octubre.<\/p>\n<p style=\"text-align: justify;\">Por \u00faltimo el mi\u00e9rcoles d\u00eda 9 se celebrar\u00e1 <strong>el acto institucional en el Teatro Calder\u00f3n<\/strong> a mediod\u00eda con la lectura del manifiesto a cargo del periodista <strong>Javier Llopis<\/strong>. Tambi\u00e9n <strong>se entregar\u00e1n los premios \u20189 d\u2019Octubre\u2019<\/strong> en su edici\u00f3n de 2019 y estos ir\u00e1n a parar a <strong>Jordi Ra\u00fcl Verd\u00fa y el Club de Amics de la Unesco<\/strong>. Todo ello en un acto conducido por la actriz <strong>Neus Agull\u00f3<\/strong>. Finalmente <strong>la Uni\u00f3 Musical de Alcoi<\/strong> realizar\u00e1 <strong>un concierto<\/strong> que servir\u00e1 para poner el punto y final a la conmemoraci\u00f3n de esta jornada.<\/p>\n","protected":false},"excerpt":{"rendered":"<p>Alcoy inici\u00f3 este pasado fin de semana los actos para conmemorar el d\u00eda de la Comunidad Valenciana, el 9 d\u2019Octubre,&#8230;<\/p>\n","protected":false},"author":1,"featured_media":55581,"comment_status":"open","ping_status":"open","sticky":false,"template":"","format":"standard","meta":{"footnotes":""},"categories":[97,78,75,125],"tags":[1708,1494,3080,4738,546,1481],"class_list":["post-55580","post","type-post","status-publish","format-standard","has-post-thumbnail","hentry","category-alcoy","category-fiestaycultura","category-noticias","category-portada","tag-acto-institucional","tag-alcoy","tag-correfocs","tag-dimonis-rafolins","tag-fireta","tag-nou-doctubre"],"yoast_head":"<!-- This site is optimized with the Yoast SEO plugin v27.3 - https:\/\/yoast.com\/product\/yoast-seo-wordpress\/ -->\n<title>El &#039;Correfocs&#039; encamina a Alcoy hacia el 9 d&#039;Octubre - COPE Alcoy<\/title>\n<meta name=\"robots\" content=\"index, follow, max-snippet:-1, max-image-preview:large, max-video-preview:-1\" \/>\n<link rel=\"canonical\" href=\"https:\/\/www.copealcoy.es\/es\/el-correfocs-estrena-la-programacion-del-9-doctubre\/\" \/>\n<meta property=\"og:locale\" content=\"es_ES\" \/>\n<meta property=\"og:type\" content=\"article\" \/>\n<meta property=\"og:title\" content=\"El &#039;Correfocs&#039; encamina a Alcoy hacia el 9 d&#039;Octubre - COPE Alcoy\" \/>\n<meta property=\"og:description\" content=\"Alcoy inici\u00f3 este pasado fin de semana los actos para conmemorar el d\u00eda de la Comunidad Valenciana, el 9 d\u2019Octubre,...\" \/>\n<meta property=\"og:url\" content=\"https:\/\/www.copealcoy.es\/es\/el-correfocs-estrena-la-programacion-del-9-doctubre\/\" \/>\n<meta property=\"og:site_name\" content=\"COPE Alcoy\" \/>\n<meta property=\"article:published_time\" content=\"2019-10-06T22:20:47+00:00\" \/>\n<meta name=\"author\" content=\"Cope Alcoy\" \/>\n<meta name=\"twitter:label1\" content=\"Escrito por\" \/>\n\t<meta name=\"twitter:data1\" content=\"Cope Alcoy\" \/>\n\t<meta name=\"twitter:label2\" content=\"Tiempo de lectura\" \/>\n\t<meta name=\"twitter:data2\" content=\"1 minuto\" \/>\n<script type=\"application\/ld+json\" class=\"yoast-schema-graph\">{\"@context\":\"https:\\\/\\\/schema.org\",\"@graph\":[{\"@type\":\"Article\",\"@id\":\"https:\\\/\\\/www.copealcoy.es\\\/es\\\/el-correfocs-estrena-la-programacion-del-9-doctubre\\\/#article\",\"isPartOf\":{\"@id\":\"https:\\\/\\\/www.copealcoy.es\\\/es\\\/el-correfocs-estrena-la-programacion-del-9-doctubre\\\/\"},\"author\":{\"name\":\"Cope Alcoy\",\"@id\":\"https:\\\/\\\/www.copealcoy.es\\\/es\\\/#\\\/schema\\\/person\\\/e777c87fa024e57d40170af9df39882c\"},\"headline\":\"El &#8216;Correfocs&#8217; encamina a Alcoy hacia el 9 d&#8217;Octubre\",\"datePublished\":\"2019-10-06T22:20:47+00:00\",\"mainEntityOfPage\":{\"@id\":\"https:\\\/\\\/www.copealcoy.es\\\/es\\\/el-correfocs-estrena-la-programacion-del-9-doctubre\\\/\"},\"wordCount\":279,\"commentCount\":0,\"image\":{\"@id\":\"https:\\\/\\\/www.copealcoy.es\\\/es\\\/el-correfocs-estrena-la-programacion-del-9-doctubre\\\/#primaryimage\"},\"thumbnailUrl\":\"\",\"keywords\":[\"Acto Institucional\",\"Alcoy\",\"Correfocs\",\"Dimonis Rafol\u00edns\",\"Fireta\",\"Nou d\u00b4Octubre\"],\"articleSection\":[\"Alcoy\",\"Fiesta y Cultura\",\"Noticias\",\"Portada\"],\"inLanguage\":\"es\"},{\"@type\":\"WebPage\",\"@id\":\"https:\\\/\\\/www.copealcoy.es\\\/es\\\/el-correfocs-estrena-la-programacion-del-9-doctubre\\\/\",\"url\":\"https:\\\/\\\/www.copealcoy.es\\\/es\\\/el-correfocs-estrena-la-programacion-del-9-doctubre\\\/\",\"name\":\"El 'Correfocs' encamina a Alcoy hacia el 9 d'Octubre - COPE Alcoy\",\"isPartOf\":{\"@id\":\"https:\\\/\\\/www.copealcoy.es\\\/es\\\/#website\"},\"primaryImageOfPage\":{\"@id\":\"https:\\\/\\\/www.copealcoy.es\\\/es\\\/el-correfocs-estrena-la-programacion-del-9-doctubre\\\/#primaryimage\"},\"image\":{\"@id\":\"https:\\\/\\\/www.copealcoy.es\\\/es\\\/el-correfocs-estrena-la-programacion-del-9-doctubre\\\/#primaryimage\"},\"thumbnailUrl\":\"\",\"datePublished\":\"2019-10-06T22:20:47+00:00\",\"author\":{\"@id\":\"https:\\\/\\\/www.copealcoy.es\\\/es\\\/#\\\/schema\\\/person\\\/e777c87fa024e57d40170af9df39882c\"},\"breadcrumb\":{\"@id\":\"https:\\\/\\\/www.copealcoy.es\\\/es\\\/el-correfocs-estrena-la-programacion-del-9-doctubre\\\/#breadcrumb\"},\"inLanguage\":\"es\",\"potentialAction\":[{\"@type\":\"ReadAction\",\"target\":[\"https:\\\/\\\/www.copealcoy.es\\\/es\\\/el-correfocs-estrena-la-programacion-del-9-doctubre\\\/\"]}]},{\"@type\":\"ImageObject\",\"inLanguage\":\"es\",\"@id\":\"https:\\\/\\\/www.copealcoy.es\\\/es\\\/el-correfocs-estrena-la-programacion-del-9-doctubre\\\/#primaryimage\",\"url\":\"\",\"contentUrl\":\"\"},{\"@type\":\"BreadcrumbList\",\"@id\":\"https:\\\/\\\/www.copealcoy.es\\\/es\\\/el-correfocs-estrena-la-programacion-del-9-doctubre\\\/#breadcrumb\",\"itemListElement\":[{\"@type\":\"ListItem\",\"position\":1,\"name\":\"Portada\",\"item\":\"https:\\\/\\\/www.copealcoy.es\\\/es\\\/\"},{\"@type\":\"ListItem\",\"position\":2,\"name\":\"El &#8216;Correfocs&#8217; encamina a Alcoy hacia el 9 d&#8217;Octubre\"}]},{\"@type\":\"WebSite\",\"@id\":\"https:\\\/\\\/www.copealcoy.es\\\/es\\\/#website\",\"url\":\"https:\\\/\\\/www.copealcoy.es\\\/es\\\/\",\"name\":\"COPE Alcoy\",\"description\":\"Emisora COPE de radio local con emisi\u00f3n online. Pont de Sant Jordi 8-10 03803 Alcoy\",\"potentialAction\":[{\"@type\":\"SearchAction\",\"target\":{\"@type\":\"EntryPoint\",\"urlTemplate\":\"https:\\\/\\\/www.copealcoy.es\\\/es\\\/?s={search_term_string}\"},\"query-input\":{\"@type\":\"PropertyValueSpecification\",\"valueRequired\":true,\"valueName\":\"search_term_string\"}}],\"inLanguage\":\"es\"},{\"@type\":\"Person\",\"@id\":\"https:\\\/\\\/www.copealcoy.es\\\/es\\\/#\\\/schema\\\/person\\\/e777c87fa024e57d40170af9df39882c\",\"name\":\"Cope Alcoy\",\"image\":{\"@type\":\"ImageObject\",\"inLanguage\":\"es\",\"@id\":\"https:\\\/\\\/secure.gravatar.com\\\/avatar\\\/bb65d0283347e303893ba14f0692005417c1e0e690a325a4c5d8bb2b3943ee14?s=96&d=mm&r=g\",\"url\":\"https:\\\/\\\/secure.gravatar.com\\\/avatar\\\/bb65d0283347e303893ba14f0692005417c1e0e690a325a4c5d8bb2b3943ee14?s=96&d=mm&r=g\",\"contentUrl\":\"https:\\\/\\\/secure.gravatar.com\\\/avatar\\\/bb65d0283347e303893ba14f0692005417c1e0e690a325a4c5d8bb2b3943ee14?s=96&d=mm&r=g\",\"caption\":\"Cope Alcoy\"}}]}<\/script>\n<!-- \/ Yoast SEO plugin. -->","yoast_head_json":{"title":"El 'Correfocs' encamina a Alcoy hacia el 9 d'Octubre - COPE Alcoy","robots":{"index":"index","follow":"follow","max-snippet":"max-snippet:-1","max-image-preview":"max-image-preview:large","max-video-preview":"max-video-preview:-1"},"canonical":"https:\/\/www.copealcoy.es\/es\/el-correfocs-estrena-la-programacion-del-9-doctubre\/","og_locale":"es_ES","og_type":"article","og_title":"El 'Correfocs' encamina a Alcoy hacia el 9 d'Octubre - COPE Alcoy","og_description":"Alcoy inici\u00f3 este pasado fin de semana los actos para conmemorar el d\u00eda de la Comunidad Valenciana, el 9 d\u2019Octubre,...","og_url":"https:\/\/www.copealcoy.es\/es\/el-correfocs-estrena-la-programacion-del-9-doctubre\/","og_site_name":"COPE Alcoy","article_published_time":"2019-10-06T22:20:47+00:00","author":"Cope Alcoy","twitter_misc":{"Escrito por":"Cope Alcoy","Tiempo de lectura":"1 minuto"},"schema":{"@context":"https:\/\/schema.org","@graph":[{"@type":"Article","@id":"https:\/\/www.copealcoy.es\/es\/el-correfocs-estrena-la-programacion-del-9-doctubre\/#article","isPartOf":{"@id":"https:\/\/www.copealcoy.es\/es\/el-correfocs-estrena-la-programacion-del-9-doctubre\/"},"author":{"name":"Cope Alcoy","@id":"https:\/\/www.copealcoy.es\/es\/#\/schema\/person\/e777c87fa024e57d40170af9df39882c"},"headline":"El &#8216;Correfocs&#8217; encamina a Alcoy hacia el 9 d&#8217;Octubre","datePublished":"2019-10-06T22:20:47+00:00","mainEntityOfPage":{"@id":"https:\/\/www.copealcoy.es\/es\/el-correfocs-estrena-la-programacion-del-9-doctubre\/"},"wordCount":279,"commentCount":0,"image":{"@id":"https:\/\/www.copealcoy.es\/es\/el-correfocs-estrena-la-programacion-del-9-doctubre\/#primaryimage"},"thumbnailUrl":"","keywords":["Acto Institucional","Alcoy","Correfocs","Dimonis Rafol\u00edns","Fireta","Nou d\u00b4Octubre"],"articleSection":["Alcoy","Fiesta y Cultura","Noticias","Portada"],"inLanguage":"es"},{"@type":"WebPage","@id":"https:\/\/www.copealcoy.es\/es\/el-correfocs-estrena-la-programacion-del-9-doctubre\/","url":"https:\/\/www.copealcoy.es\/es\/el-correfocs-estrena-la-programacion-del-9-doctubre\/","name":"El 'Correfocs' encamina a Alcoy hacia el 9 d'Octubre - COPE Alcoy","isPartOf":{"@id":"https:\/\/www.copealcoy.es\/es\/#website"},"primaryImageOfPage":{"@id":"https:\/\/www.copealcoy.es\/es\/el-correfocs-estrena-la-programacion-del-9-doctubre\/#primaryimage"},"image":{"@id":"https:\/\/www.copealcoy.es\/es\/el-correfocs-estrena-la-programacion-del-9-doctubre\/#primaryimage"},"thumbnailUrl":"","datePublished":"2019-10-06T22:20:47+00:00","author":{"@id":"https:\/\/www.copealcoy.es\/es\/#\/schema\/person\/e777c87fa024e57d40170af9df39882c"},"breadcrumb":{"@id":"https:\/\/www.copealcoy.es\/es\/el-correfocs-estrena-la-programacion-del-9-doctubre\/#breadcrumb"},"inLanguage":"es","potentialAction":[{"@type":"ReadAction","target":["https:\/\/www.copealcoy.es\/es\/el-correfocs-estrena-la-programacion-del-9-doctubre\/"]}]},{"@type":"ImageObject","inLanguage":"es","@id":"https:\/\/www.copealcoy.es\/es\/el-correfocs-estrena-la-programacion-del-9-doctubre\/#primaryimage","url":"","contentUrl":""},{"@type":"BreadcrumbList","@id":"https:\/\/www.copealcoy.es\/es\/el-correfocs-estrena-la-programacion-del-9-doctubre\/#breadcrumb","itemListElement":[{"@type":"ListItem","position":1,"name":"Portada","item":"https:\/\/www.copealcoy.es\/es\/"},{"@type":"ListItem","position":2,"name":"El &#8216;Correfocs&#8217; encamina a Alcoy hacia el 9 d&#8217;Octubre"}]},{"@type":"WebSite","@id":"https:\/\/www.copealcoy.es\/es\/#website","url":"https:\/\/www.copealcoy.es\/es\/","name":"COPE Alcoy","description":"Emisora COPE de radio local con emisi\u00f3n online. Pont de Sant Jordi 8-10 03803 Alcoy","potentialAction":[{"@type":"SearchAction","target":{"@type":"EntryPoint","urlTemplate":"https:\/\/www.copealcoy.es\/es\/?s={search_term_string}"},"query-input":{"@type":"PropertyValueSpecification","valueRequired":true,"valueName":"search_term_string"}}],"inLanguage":"es"},{"@type":"Person","@id":"https:\/\/www.copealcoy.es\/es\/#\/schema\/person\/e777c87fa024e57d40170af9df39882c","name":"Cope Alcoy","image":{"@type":"ImageObject","inLanguage":"es","@id":"https:\/\/secure.gravatar.com\/avatar\/bb65d0283347e303893ba14f0692005417c1e0e690a325a4c5d8bb2b3943ee14?s=96&d=mm&r=g","url":"https:\/\/secure.gravatar.com\/avatar\/bb65d0283347e303893ba14f0692005417c1e0e690a325a4c5d8bb2b3943ee14?s=96&d=mm&r=g","contentUrl":"https:\/\/secure.gravatar.com\/avatar\/bb65d0283347e303893ba14f0692005417c1e0e690a325a4c5d8bb2b3943ee14?s=96&d=mm&r=g","caption":"Cope Alcoy"}}]}},"_links":{"self":[{"href":"https:\/\/www.copealcoy.es\/es\/wp-json\/wp\/v2\/posts\/55580","targetHints":{"allow":["GET"]}}],"collection":[{"href":"https:\/\/www.copealcoy.es\/es\/wp-json\/wp\/v2\/posts"}],"about":[{"href":"https:\/\/www.copealcoy.es\/es\/wp-json\/wp\/v2\/types\/post"}],"author":[{"embeddable":true,"href":"https:\/\/www.copealcoy.es\/es\/wp-json\/wp\/v2\/users\/1"}],"replies":[{"embeddable":true,"href":"https:\/\/www.copealcoy.es\/es\/wp-json\/wp\/v2\/comments?post=55580"}],"version-history":[{"count":0,"href":"https:\/\/www.copealcoy.es\/es\/wp-json\/wp\/v2\/posts\/55580\/revisions"}],"wp:featuredmedia":[{"embeddable":true,"href":"https:\/\/www.copealcoy.es\/es\/wp-json\/"}],"wp:attachment":[{"href":"https:\/\/www.copealcoy.es\/es\/wp-json\/wp\/v2\/media?parent=55580"}],"wp:term":[{"taxonomy":"category","embeddable":true,"href":"https:\/\/www.copealcoy.es\/es\/wp-json\/wp\/v2\/categories?post=55580"},{"taxonomy":"post_tag","embeddable":true,"href":"https:\/\/www.copealcoy.es\/es\/wp-json\/wp\/v2\/tags?post=55580"}],"curies":[{"name":"wp","href":"https:\/\/api.w.org\/{rel}","templated":true}]}}