{"id":55561,"date":"2019-10-04T22:28:22","date_gmt":"2019-10-04T22:28:22","guid":{"rendered":"https:\/\/copealcoi.es\/?p=55561"},"modified":"2019-10-04T22:28:22","modified_gmt":"2019-10-04T22:28:22","slug":"todo-preparado-para-el-iii-certamen-de-musica-festera-de-alcoy","status":"publish","type":"post","link":"https:\/\/www.copealcoy.es\/es\/todo-preparado-para-el-iii-certamen-de-musica-festera-de-alcoy\/","title":{"rendered":"Todo preparado para el III Certamen de M\u00fasica Festera de Alcoy"},"content":{"rendered":"<p style=\"text-align: justify;\">Alcoy acoge <strong>este s\u00e1bado 5 de octubre<\/strong> la <strong>tercera edici\u00f3n<\/strong> de su ya consolidado <strong>Certamen de Interpretaci\u00f3n de M\u00fasica Festera<\/strong>, una cita que tendr\u00e1 lugar <strong>en el Teatro Calder\u00f3n<\/strong> a partir de las siete de la tarde <strong>tras el pasacalle<\/strong> que comenzar\u00e1 en la Plaza de Ram\u00f3n y Cajal pasadas las seis.<\/p>\n<p style=\"text-align: justify;\">En la cita musical participar\u00e1n\u00a0<strong>la Uni\u00f3 Art\u00edstica Musical d&#8217;Ontinyent, la Uni\u00f3 Musical de Beniarr\u00e9s y la Agrupaci\u00f3 Musical d&#8217;Agullent<\/strong>. Todas ellas competir\u00e1n por <strong>varios premios<\/strong> y <strong>el primero estar\u00e1 dotado de 4.000 euros<\/strong>, <strong>el segundo de 2.500 euros<\/strong> y <strong>el tercero de 1.500 euros<\/strong>. Las formaciones musicales har\u00e1n sonar sobre el escenario <strong>un pasodoble de presentaci\u00f3n no puntuable<\/strong>, <strong>la marcha mora &#8216;L&#8217;Ambaixador&#8217; de Amando Blanquer<\/strong> como pieza obligada y <strong>una marcha cristiana de libre elecci\u00f3n<\/strong> &#8220;<em>creemos que el Certamen de M\u00fasica Festera se ha hecho un hueco importante en Alcoy y desde la Asociaci\u00f3n de San Jorge vamos a seguir trabajando para consolidar una cita que nos sit\u00faa como referentes dentro del \u00e1mbito de la Fiesta de Moros y Cristianos<\/em>&#8220;, explic\u00f3 en el espacio #LaNostraFesta de COPE ALCOY, que conduce Carlos Tal\u00e9ns, el Asesor Musical de la Asociaci\u00f3n de San Jorge; <strong>Juanlu Guitart<\/strong>.<\/p>\n<div class=\"page\" title=\"Page 2\">\n<div class=\"layoutArea\">\n<div class=\"column\">\n<p style=\"text-align: justify;\">Indicar que todas las bandas participantes <strong>recibir\u00e1n un diploma acreditativo y corbat\u00edn<\/strong>. Los premios ser\u00e1n decididos por un jurado que\u00a0\u00a0<strong>estar\u00e1 compuesto por 4 miembros<\/strong>: tres personalidades del mundo de la m\u00fasica, elegidos por la Junta Directiva de la Asociaci\u00f3n de San Jorge a propuesta del Asesor Musical, actuando como secretario de la Asociaci\u00f3n, que actuar\u00e1 sin voto. Puntuar\u00e1n a cada una de las bandas participantes <strong>de 0 a 10 puntos por cada uno de los siguientes criterios de valoraci\u00f3n<\/strong>: afinaci\u00f3n, sonoridad, interpretaci\u00f3n y t\u00e9cnica, tanto para las obras obligadas como para las de libre elecci\u00f3n.<\/p>\n<p>Aqu\u00ed puedes escuchar #LaNostraFesta de este mi\u00e9rcoles:<\/p>\n<p><iframe loading=\"lazy\" title=\"La Ma\u00f1ana En Alcoy Mi\u00e9rcoles 25 De Septiembre 2019\" width=\"100%\" height=\"120\" src=\"https:\/\/www.mixcloud.com\/widget\/iframe\/?feed=https%3A%2F%2Fwww.mixcloud.com%2FCOPEAlcoy%2Fla-ma%25C3%25B1ana-en-alcoy-mi%25C3%25A9rcoles-25-de-septiembre-2019%2F&amp;hide_cover=1\" frameborder=\"0\"><\/iframe><\/p>\n<\/div>\n<\/div>\n<\/div>\n","protected":false},"excerpt":{"rendered":"<p>Alcoy acoge este s\u00e1bado 5 de octubre la tercera edici\u00f3n de su ya consolidado Certamen de Interpretaci\u00f3n de M\u00fasica Festera,&#8230;<\/p>\n","protected":false},"author":1,"featured_media":55562,"comment_status":"open","ping_status":"open","sticky":false,"template":"","format":"standard","meta":{"footnotes":""},"categories":[97,78,75],"tags":[1494,4010,8996,3843,9281,4008,700],"class_list":["post-55561","post","type-post","status-publish","format-standard","has-post-thumbnail","hentry","category-alcoy","category-fiestaycultura","category-noticias","tag-alcoy","tag-carlos-talens","tag-iii-certamen","tag-interpretacion","tag-juanlu-guitart","tag-la-nostra-festa","tag-musica-festera"],"yoast_head":"<!-- This site is optimized with the Yoast SEO plugin v27.3 - https:\/\/yoast.com\/product\/yoast-seo-wordpress\/ -->\n<title>Todo preparado para el III Certamen de M\u00fasica Festera de Alcoy - COPE Alcoy<\/title>\n<meta name=\"robots\" content=\"index, follow, max-snippet:-1, max-image-preview:large, max-video-preview:-1\" \/>\n<link rel=\"canonical\" href=\"https:\/\/www.copealcoy.es\/es\/todo-preparado-para-el-iii-certamen-de-musica-festera-de-alcoy\/\" \/>\n<meta property=\"og:locale\" content=\"es_ES\" \/>\n<meta property=\"og:type\" content=\"article\" \/>\n<meta property=\"og:title\" content=\"Todo preparado para el III Certamen de M\u00fasica Festera de Alcoy - COPE Alcoy\" \/>\n<meta property=\"og:description\" content=\"Alcoy acoge este s\u00e1bado 5 de octubre la tercera edici\u00f3n de su ya consolidado Certamen de Interpretaci\u00f3n de M\u00fasica Festera,...\" \/>\n<meta property=\"og:url\" content=\"https:\/\/www.copealcoy.es\/es\/todo-preparado-para-el-iii-certamen-de-musica-festera-de-alcoy\/\" \/>\n<meta property=\"og:site_name\" content=\"COPE Alcoy\" \/>\n<meta property=\"article:published_time\" content=\"2019-10-04T22:28:22+00:00\" \/>\n<meta name=\"author\" content=\"Cope Alcoy\" \/>\n<meta name=\"twitter:label1\" content=\"Escrito por\" \/>\n\t<meta name=\"twitter:data1\" content=\"Cope Alcoy\" \/>\n\t<meta name=\"twitter:label2\" content=\"Tiempo de lectura\" \/>\n\t<meta name=\"twitter:data2\" content=\"2 minutos\" \/>\n<script type=\"application\/ld+json\" class=\"yoast-schema-graph\">{\"@context\":\"https:\\\/\\\/schema.org\",\"@graph\":[{\"@type\":\"Article\",\"@id\":\"https:\\\/\\\/www.copealcoy.es\\\/es\\\/todo-preparado-para-el-iii-certamen-de-musica-festera-de-alcoy\\\/#article\",\"isPartOf\":{\"@id\":\"https:\\\/\\\/www.copealcoy.es\\\/es\\\/todo-preparado-para-el-iii-certamen-de-musica-festera-de-alcoy\\\/\"},\"author\":{\"name\":\"Cope Alcoy\",\"@id\":\"https:\\\/\\\/www.copealcoy.es\\\/es\\\/#\\\/schema\\\/person\\\/e777c87fa024e57d40170af9df39882c\"},\"headline\":\"Todo preparado para el III Certamen de M\u00fasica Festera de Alcoy\",\"datePublished\":\"2019-10-04T22:28:22+00:00\",\"mainEntityOfPage\":{\"@id\":\"https:\\\/\\\/www.copealcoy.es\\\/es\\\/todo-preparado-para-el-iii-certamen-de-musica-festera-de-alcoy\\\/\"},\"wordCount\":347,\"commentCount\":0,\"image\":{\"@id\":\"https:\\\/\\\/www.copealcoy.es\\\/es\\\/todo-preparado-para-el-iii-certamen-de-musica-festera-de-alcoy\\\/#primaryimage\"},\"thumbnailUrl\":\"\",\"keywords\":[\"Alcoy\",\"Carlos Tal\u00e9ns\",\"III Certamen\",\"Interpretaci\u00f3n\",\"Juanlu Guitart\",\"La Nostra Festa\",\"M\u00fasica Festera\"],\"articleSection\":[\"Alcoy\",\"Fiesta y Cultura\",\"Noticias\"],\"inLanguage\":\"es\"},{\"@type\":\"WebPage\",\"@id\":\"https:\\\/\\\/www.copealcoy.es\\\/es\\\/todo-preparado-para-el-iii-certamen-de-musica-festera-de-alcoy\\\/\",\"url\":\"https:\\\/\\\/www.copealcoy.es\\\/es\\\/todo-preparado-para-el-iii-certamen-de-musica-festera-de-alcoy\\\/\",\"name\":\"Todo preparado para el III Certamen de M\u00fasica Festera de Alcoy - COPE Alcoy\",\"isPartOf\":{\"@id\":\"https:\\\/\\\/www.copealcoy.es\\\/es\\\/#website\"},\"primaryImageOfPage\":{\"@id\":\"https:\\\/\\\/www.copealcoy.es\\\/es\\\/todo-preparado-para-el-iii-certamen-de-musica-festera-de-alcoy\\\/#primaryimage\"},\"image\":{\"@id\":\"https:\\\/\\\/www.copealcoy.es\\\/es\\\/todo-preparado-para-el-iii-certamen-de-musica-festera-de-alcoy\\\/#primaryimage\"},\"thumbnailUrl\":\"\",\"datePublished\":\"2019-10-04T22:28:22+00:00\",\"author\":{\"@id\":\"https:\\\/\\\/www.copealcoy.es\\\/es\\\/#\\\/schema\\\/person\\\/e777c87fa024e57d40170af9df39882c\"},\"breadcrumb\":{\"@id\":\"https:\\\/\\\/www.copealcoy.es\\\/es\\\/todo-preparado-para-el-iii-certamen-de-musica-festera-de-alcoy\\\/#breadcrumb\"},\"inLanguage\":\"es\",\"potentialAction\":[{\"@type\":\"ReadAction\",\"target\":[\"https:\\\/\\\/www.copealcoy.es\\\/es\\\/todo-preparado-para-el-iii-certamen-de-musica-festera-de-alcoy\\\/\"]}]},{\"@type\":\"ImageObject\",\"inLanguage\":\"es\",\"@id\":\"https:\\\/\\\/www.copealcoy.es\\\/es\\\/todo-preparado-para-el-iii-certamen-de-musica-festera-de-alcoy\\\/#primaryimage\",\"url\":\"\",\"contentUrl\":\"\"},{\"@type\":\"BreadcrumbList\",\"@id\":\"https:\\\/\\\/www.copealcoy.es\\\/es\\\/todo-preparado-para-el-iii-certamen-de-musica-festera-de-alcoy\\\/#breadcrumb\",\"itemListElement\":[{\"@type\":\"ListItem\",\"position\":1,\"name\":\"Portada\",\"item\":\"https:\\\/\\\/www.copealcoy.es\\\/es\\\/\"},{\"@type\":\"ListItem\",\"position\":2,\"name\":\"Todo preparado para el III Certamen de M\u00fasica Festera de Alcoy\"}]},{\"@type\":\"WebSite\",\"@id\":\"https:\\\/\\\/www.copealcoy.es\\\/es\\\/#website\",\"url\":\"https:\\\/\\\/www.copealcoy.es\\\/es\\\/\",\"name\":\"COPE Alcoy\",\"description\":\"Emisora COPE de radio local con emisi\u00f3n online. Pont de Sant Jordi 8-10 03803 Alcoy\",\"potentialAction\":[{\"@type\":\"SearchAction\",\"target\":{\"@type\":\"EntryPoint\",\"urlTemplate\":\"https:\\\/\\\/www.copealcoy.es\\\/es\\\/?s={search_term_string}\"},\"query-input\":{\"@type\":\"PropertyValueSpecification\",\"valueRequired\":true,\"valueName\":\"search_term_string\"}}],\"inLanguage\":\"es\"},{\"@type\":\"Person\",\"@id\":\"https:\\\/\\\/www.copealcoy.es\\\/es\\\/#\\\/schema\\\/person\\\/e777c87fa024e57d40170af9df39882c\",\"name\":\"Cope Alcoy\",\"image\":{\"@type\":\"ImageObject\",\"inLanguage\":\"es\",\"@id\":\"https:\\\/\\\/secure.gravatar.com\\\/avatar\\\/bb65d0283347e303893ba14f0692005417c1e0e690a325a4c5d8bb2b3943ee14?s=96&d=mm&r=g\",\"url\":\"https:\\\/\\\/secure.gravatar.com\\\/avatar\\\/bb65d0283347e303893ba14f0692005417c1e0e690a325a4c5d8bb2b3943ee14?s=96&d=mm&r=g\",\"contentUrl\":\"https:\\\/\\\/secure.gravatar.com\\\/avatar\\\/bb65d0283347e303893ba14f0692005417c1e0e690a325a4c5d8bb2b3943ee14?s=96&d=mm&r=g\",\"caption\":\"Cope Alcoy\"}}]}<\/script>\n<!-- \/ Yoast SEO plugin. -->","yoast_head_json":{"title":"Todo preparado para el III Certamen de M\u00fasica Festera de Alcoy - COPE Alcoy","robots":{"index":"index","follow":"follow","max-snippet":"max-snippet:-1","max-image-preview":"max-image-preview:large","max-video-preview":"max-video-preview:-1"},"canonical":"https:\/\/www.copealcoy.es\/es\/todo-preparado-para-el-iii-certamen-de-musica-festera-de-alcoy\/","og_locale":"es_ES","og_type":"article","og_title":"Todo preparado para el III Certamen de M\u00fasica Festera de Alcoy - COPE Alcoy","og_description":"Alcoy acoge este s\u00e1bado 5 de octubre la tercera edici\u00f3n de su ya consolidado Certamen de Interpretaci\u00f3n de M\u00fasica Festera,...","og_url":"https:\/\/www.copealcoy.es\/es\/todo-preparado-para-el-iii-certamen-de-musica-festera-de-alcoy\/","og_site_name":"COPE Alcoy","article_published_time":"2019-10-04T22:28:22+00:00","author":"Cope Alcoy","twitter_misc":{"Escrito por":"Cope Alcoy","Tiempo de lectura":"2 minutos"},"schema":{"@context":"https:\/\/schema.org","@graph":[{"@type":"Article","@id":"https:\/\/www.copealcoy.es\/es\/todo-preparado-para-el-iii-certamen-de-musica-festera-de-alcoy\/#article","isPartOf":{"@id":"https:\/\/www.copealcoy.es\/es\/todo-preparado-para-el-iii-certamen-de-musica-festera-de-alcoy\/"},"author":{"name":"Cope Alcoy","@id":"https:\/\/www.copealcoy.es\/es\/#\/schema\/person\/e777c87fa024e57d40170af9df39882c"},"headline":"Todo preparado para el III Certamen de M\u00fasica Festera de Alcoy","datePublished":"2019-10-04T22:28:22+00:00","mainEntityOfPage":{"@id":"https:\/\/www.copealcoy.es\/es\/todo-preparado-para-el-iii-certamen-de-musica-festera-de-alcoy\/"},"wordCount":347,"commentCount":0,"image":{"@id":"https:\/\/www.copealcoy.es\/es\/todo-preparado-para-el-iii-certamen-de-musica-festera-de-alcoy\/#primaryimage"},"thumbnailUrl":"","keywords":["Alcoy","Carlos Tal\u00e9ns","III Certamen","Interpretaci\u00f3n","Juanlu Guitart","La Nostra Festa","M\u00fasica Festera"],"articleSection":["Alcoy","Fiesta y Cultura","Noticias"],"inLanguage":"es"},{"@type":"WebPage","@id":"https:\/\/www.copealcoy.es\/es\/todo-preparado-para-el-iii-certamen-de-musica-festera-de-alcoy\/","url":"https:\/\/www.copealcoy.es\/es\/todo-preparado-para-el-iii-certamen-de-musica-festera-de-alcoy\/","name":"Todo preparado para el III Certamen de M\u00fasica Festera de Alcoy - COPE Alcoy","isPartOf":{"@id":"https:\/\/www.copealcoy.es\/es\/#website"},"primaryImageOfPage":{"@id":"https:\/\/www.copealcoy.es\/es\/todo-preparado-para-el-iii-certamen-de-musica-festera-de-alcoy\/#primaryimage"},"image":{"@id":"https:\/\/www.copealcoy.es\/es\/todo-preparado-para-el-iii-certamen-de-musica-festera-de-alcoy\/#primaryimage"},"thumbnailUrl":"","datePublished":"2019-10-04T22:28:22+00:00","author":{"@id":"https:\/\/www.copealcoy.es\/es\/#\/schema\/person\/e777c87fa024e57d40170af9df39882c"},"breadcrumb":{"@id":"https:\/\/www.copealcoy.es\/es\/todo-preparado-para-el-iii-certamen-de-musica-festera-de-alcoy\/#breadcrumb"},"inLanguage":"es","potentialAction":[{"@type":"ReadAction","target":["https:\/\/www.copealcoy.es\/es\/todo-preparado-para-el-iii-certamen-de-musica-festera-de-alcoy\/"]}]},{"@type":"ImageObject","inLanguage":"es","@id":"https:\/\/www.copealcoy.es\/es\/todo-preparado-para-el-iii-certamen-de-musica-festera-de-alcoy\/#primaryimage","url":"","contentUrl":""},{"@type":"BreadcrumbList","@id":"https:\/\/www.copealcoy.es\/es\/todo-preparado-para-el-iii-certamen-de-musica-festera-de-alcoy\/#breadcrumb","itemListElement":[{"@type":"ListItem","position":1,"name":"Portada","item":"https:\/\/www.copealcoy.es\/es\/"},{"@type":"ListItem","position":2,"name":"Todo preparado para el III Certamen de M\u00fasica Festera de Alcoy"}]},{"@type":"WebSite","@id":"https:\/\/www.copealcoy.es\/es\/#website","url":"https:\/\/www.copealcoy.es\/es\/","name":"COPE Alcoy","description":"Emisora COPE de radio local con emisi\u00f3n online. Pont de Sant Jordi 8-10 03803 Alcoy","potentialAction":[{"@type":"SearchAction","target":{"@type":"EntryPoint","urlTemplate":"https:\/\/www.copealcoy.es\/es\/?s={search_term_string}"},"query-input":{"@type":"PropertyValueSpecification","valueRequired":true,"valueName":"search_term_string"}}],"inLanguage":"es"},{"@type":"Person","@id":"https:\/\/www.copealcoy.es\/es\/#\/schema\/person\/e777c87fa024e57d40170af9df39882c","name":"Cope Alcoy","image":{"@type":"ImageObject","inLanguage":"es","@id":"https:\/\/secure.gravatar.com\/avatar\/bb65d0283347e303893ba14f0692005417c1e0e690a325a4c5d8bb2b3943ee14?s=96&d=mm&r=g","url":"https:\/\/secure.gravatar.com\/avatar\/bb65d0283347e303893ba14f0692005417c1e0e690a325a4c5d8bb2b3943ee14?s=96&d=mm&r=g","contentUrl":"https:\/\/secure.gravatar.com\/avatar\/bb65d0283347e303893ba14f0692005417c1e0e690a325a4c5d8bb2b3943ee14?s=96&d=mm&r=g","caption":"Cope Alcoy"}}]}},"_links":{"self":[{"href":"https:\/\/www.copealcoy.es\/es\/wp-json\/wp\/v2\/posts\/55561","targetHints":{"allow":["GET"]}}],"collection":[{"href":"https:\/\/www.copealcoy.es\/es\/wp-json\/wp\/v2\/posts"}],"about":[{"href":"https:\/\/www.copealcoy.es\/es\/wp-json\/wp\/v2\/types\/post"}],"author":[{"embeddable":true,"href":"https:\/\/www.copealcoy.es\/es\/wp-json\/wp\/v2\/users\/1"}],"replies":[{"embeddable":true,"href":"https:\/\/www.copealcoy.es\/es\/wp-json\/wp\/v2\/comments?post=55561"}],"version-history":[{"count":0,"href":"https:\/\/www.copealcoy.es\/es\/wp-json\/wp\/v2\/posts\/55561\/revisions"}],"wp:featuredmedia":[{"embeddable":true,"href":"https:\/\/www.copealcoy.es\/es\/wp-json\/"}],"wp:attachment":[{"href":"https:\/\/www.copealcoy.es\/es\/wp-json\/wp\/v2\/media?parent=55561"}],"wp:term":[{"taxonomy":"category","embeddable":true,"href":"https:\/\/www.copealcoy.es\/es\/wp-json\/wp\/v2\/categories?post=55561"},{"taxonomy":"post_tag","embeddable":true,"href":"https:\/\/www.copealcoy.es\/es\/wp-json\/wp\/v2\/tags?post=55561"}],"curies":[{"name":"wp","href":"https:\/\/api.w.org\/{rel}","templated":true}]}}