{"id":55552,"date":"2019-10-04T21:55:33","date_gmt":"2019-10-04T21:55:33","guid":{"rendered":"https:\/\/copealcoi.es\/?p=55552"},"modified":"2019-10-04T21:55:33","modified_gmt":"2019-10-04T21:55:33","slug":"cocentaina-presenta-la-primera-fira-de-interes-turistico-internacional","status":"publish","type":"post","link":"https:\/\/www.copealcoy.es\/es\/cocentaina-presenta-la-primera-fira-de-interes-turistico-internacional\/","title":{"rendered":"Cocentaina presenta la primera Fira de Inter\u00e9s Tur\u00edstico Internacional"},"content":{"rendered":"<p style=\"text-align: justify;\">Cocentaina ha estrenado el mes de octubre<strong> abriendo la cuenta atr\u00e1s hacia la Fira de Tots Sants<\/strong>, un certamen que en <strong>su 673 edici\u00f3n<\/strong> se celebrar\u00e1 entre <strong>los d\u00edas 1 y 3 de noviembre<\/strong>.<\/p>\n<p style=\"text-align: justify;\">Ayer viernes tuvo lugar <strong>la presentaci\u00f3n oficial de la Fira de 2019<\/strong> en un acto que tuvo lugar en el escenario exterior del Centre Cultural El Teular, conducido por el Jefe de Informativos de COPE ALCOY <strong>Gabriel Pascual<\/strong>, y que cont\u00f3 con las actuaciones del <strong>Grup de Danses Cocentaina<\/strong> y <strong>la Colla de Dol\u00e7aines i Tabals \u2018Mal Passet\u2019<\/strong>. En la presentaci\u00f3n se descubri\u00f3 <strong>un original cartel anunciador<\/strong>, que por segunda vez firma el artista de Burriana<strong> Juan Diego Ingelmo<\/strong>, al mismo tiempo que se anunci\u00f3 que el Magistrado contestano <strong>Miguel Soler Margarit<\/strong> ser\u00e1 el encargado de <strong>declamar el Privilegi de la Fira<\/strong>, otorgado a la Villa Condal en 1.346 por el Rei Pere IV El Ceremoni\u00f3s en 1.346; durante<strong> la inauguraci\u00f3n oficial de la Feria<\/strong> de este a\u00f1o que tendr\u00e1 lugar el pr\u00f3ximo 1 de noviembre.\u00a0Asimismo<strong> se proyect\u00f3 un innovador spot publicitario<\/strong>, que difundir\u00e1 la Fira por plataformas digitales y redes sociales, sin olvidar <strong>la exposici\u00f3n de los principales detalles<\/strong> que tendr\u00e1 el evento en esta ocasi\u00f3n.<\/p>\n<p style=\"text-align: justify;\">Entre estos cabe mencionar la consolidaci\u00f3n de la ampliaci\u00f3n de los sectores de automoci\u00f3n y maquinaria agr\u00edcola e industrial <strong>a l\u2019Avinguda del Pa\u00eds Valenci\u00e0<\/strong>, <strong>nuevos stands<\/strong> para las nuevas tecnolog\u00edas, los servicios o los deportes y<strong> la apuesta por la sostenibilidad y la eliminaci\u00f3n de barreras arquitect\u00f3nicas<\/strong> \u201c<em>queremos que sea una Fira de Tots Sants respetuosa con el medio ambiente y tambi\u00e9n inclusiva. En este \u00faltimo aspecto incorporamos, como novedad, espacios reservados para las personas con movilidad reducida con el fin de que puedan disfrutar con comodidad de los diferentes espect\u00e1culos<\/em>\u201d; afirmaba la edil de Fira; <strong>Mariona Carbonell<\/strong>. Tambi\u00e9n la alcaldesa de la Villa Condal, <strong>Mireia Estepa<\/strong>, invit\u00f3 a toda Cocentaina<strong> a disfrutar de la Fira<\/strong> \u201c<em>si todo el pueblo siempre se ha sentido orgulloso de su Fira, este a\u00f1o los estamos m\u00e1s porque tras mucho tiempo de esfuerzo, trabajo y dedicaci\u00f3n hemos conseguido ser BIC y Fiesta de Inter\u00e9s Tur\u00edstico Internacional; sin duda dos reconocimientos merecidos para una Feria como la nuestra<\/em>\u201d, concluy\u00f3.<\/p>\n<p style=\"text-align: justify;\">La presentaci\u00f3n de la Fira de Tots Sants concluy\u00f3 con<strong> la interpretaci\u00f3n del Himno de la misma<\/strong> y <strong>un vino de honor<\/strong> a la espera de que los actos previos a ella comiencen a sucederse de cara a las pr\u00f3ximas semanas.<\/p>\n","protected":false},"excerpt":{"rendered":"<p>Cocentaina ha estrenado el mes de octubre abriendo la cuenta atr\u00e1s hacia la Fira de Tots Sants, un certamen que&#8230;<\/p>\n","protected":false},"author":1,"featured_media":55556,"comment_status":"open","ping_status":"open","sticky":false,"template":"","format":"standard","meta":{"footnotes":""},"categories":[98,75,125],"tags":[132,1120,635,8808,2828,9261,1799],"class_list":["post-55552","post","type-post","status-publish","format-standard","has-post-thumbnail","hentry","category-comarcas","category-noticias","category-portada","tag-cocentaina","tag-feria","tag-fira-de-tots-sants","tag-interes-turistico-internacional","tag-mariona-carbonell","tag-miguel-soler","tag-mireia-estepa"],"yoast_head":"<!-- This site is optimized with the Yoast SEO plugin v27.3 - https:\/\/yoast.com\/product\/yoast-seo-wordpress\/ -->\n<title>Cocentaina presenta la primera Fira de Inter\u00e9s Tur\u00edstico Internacional - COPE Alcoy<\/title>\n<meta name=\"robots\" content=\"index, follow, max-snippet:-1, max-image-preview:large, max-video-preview:-1\" \/>\n<link rel=\"canonical\" href=\"https:\/\/www.copealcoy.es\/es\/cocentaina-presenta-la-primera-fira-de-interes-turistico-internacional\/\" \/>\n<meta property=\"og:locale\" content=\"es_ES\" \/>\n<meta property=\"og:type\" content=\"article\" \/>\n<meta property=\"og:title\" content=\"Cocentaina presenta la primera Fira de Inter\u00e9s Tur\u00edstico Internacional - COPE Alcoy\" \/>\n<meta property=\"og:description\" content=\"Cocentaina ha estrenado el mes de octubre abriendo la cuenta atr\u00e1s hacia la Fira de Tots Sants, un certamen que...\" \/>\n<meta property=\"og:url\" content=\"https:\/\/www.copealcoy.es\/es\/cocentaina-presenta-la-primera-fira-de-interes-turistico-internacional\/\" \/>\n<meta property=\"og:site_name\" content=\"COPE Alcoy\" \/>\n<meta property=\"article:published_time\" content=\"2019-10-04T21:55:33+00:00\" \/>\n<meta name=\"author\" content=\"Cope Alcoy\" \/>\n<meta name=\"twitter:label1\" content=\"Escrito por\" \/>\n\t<meta name=\"twitter:data1\" content=\"Cope Alcoy\" \/>\n\t<meta name=\"twitter:label2\" content=\"Tiempo de lectura\" \/>\n\t<meta name=\"twitter:data2\" content=\"2 minutos\" \/>\n<script type=\"application\/ld+json\" class=\"yoast-schema-graph\">{\"@context\":\"https:\\\/\\\/schema.org\",\"@graph\":[{\"@type\":\"Article\",\"@id\":\"https:\\\/\\\/www.copealcoy.es\\\/es\\\/cocentaina-presenta-la-primera-fira-de-interes-turistico-internacional\\\/#article\",\"isPartOf\":{\"@id\":\"https:\\\/\\\/www.copealcoy.es\\\/es\\\/cocentaina-presenta-la-primera-fira-de-interes-turistico-internacional\\\/\"},\"author\":{\"name\":\"Cope Alcoy\",\"@id\":\"https:\\\/\\\/www.copealcoy.es\\\/es\\\/#\\\/schema\\\/person\\\/e777c87fa024e57d40170af9df39882c\"},\"headline\":\"Cocentaina presenta la primera Fira de Inter\u00e9s Tur\u00edstico Internacional\",\"datePublished\":\"2019-10-04T21:55:33+00:00\",\"mainEntityOfPage\":{\"@id\":\"https:\\\/\\\/www.copealcoy.es\\\/es\\\/cocentaina-presenta-la-primera-fira-de-interes-turistico-internacional\\\/\"},\"wordCount\":443,\"commentCount\":0,\"image\":{\"@id\":\"https:\\\/\\\/www.copealcoy.es\\\/es\\\/cocentaina-presenta-la-primera-fira-de-interes-turistico-internacional\\\/#primaryimage\"},\"thumbnailUrl\":\"\",\"keywords\":[\"Cocentaina\",\"Feria\",\"Fira de Tots Sants\",\"Inter\u00e9s Tur\u00edstico Internacional\",\"Mariona Carbonell\",\"Miguel Soler\",\"Mireia Estepa\"],\"articleSection\":[\"Comarcas\",\"Noticias\",\"Portada\"],\"inLanguage\":\"es\"},{\"@type\":\"WebPage\",\"@id\":\"https:\\\/\\\/www.copealcoy.es\\\/es\\\/cocentaina-presenta-la-primera-fira-de-interes-turistico-internacional\\\/\",\"url\":\"https:\\\/\\\/www.copealcoy.es\\\/es\\\/cocentaina-presenta-la-primera-fira-de-interes-turistico-internacional\\\/\",\"name\":\"Cocentaina presenta la primera Fira de Inter\u00e9s Tur\u00edstico Internacional - COPE Alcoy\",\"isPartOf\":{\"@id\":\"https:\\\/\\\/www.copealcoy.es\\\/es\\\/#website\"},\"primaryImageOfPage\":{\"@id\":\"https:\\\/\\\/www.copealcoy.es\\\/es\\\/cocentaina-presenta-la-primera-fira-de-interes-turistico-internacional\\\/#primaryimage\"},\"image\":{\"@id\":\"https:\\\/\\\/www.copealcoy.es\\\/es\\\/cocentaina-presenta-la-primera-fira-de-interes-turistico-internacional\\\/#primaryimage\"},\"thumbnailUrl\":\"\",\"datePublished\":\"2019-10-04T21:55:33+00:00\",\"author\":{\"@id\":\"https:\\\/\\\/www.copealcoy.es\\\/es\\\/#\\\/schema\\\/person\\\/e777c87fa024e57d40170af9df39882c\"},\"breadcrumb\":{\"@id\":\"https:\\\/\\\/www.copealcoy.es\\\/es\\\/cocentaina-presenta-la-primera-fira-de-interes-turistico-internacional\\\/#breadcrumb\"},\"inLanguage\":\"es\",\"potentialAction\":[{\"@type\":\"ReadAction\",\"target\":[\"https:\\\/\\\/www.copealcoy.es\\\/es\\\/cocentaina-presenta-la-primera-fira-de-interes-turistico-internacional\\\/\"]}]},{\"@type\":\"ImageObject\",\"inLanguage\":\"es\",\"@id\":\"https:\\\/\\\/www.copealcoy.es\\\/es\\\/cocentaina-presenta-la-primera-fira-de-interes-turistico-internacional\\\/#primaryimage\",\"url\":\"\",\"contentUrl\":\"\"},{\"@type\":\"BreadcrumbList\",\"@id\":\"https:\\\/\\\/www.copealcoy.es\\\/es\\\/cocentaina-presenta-la-primera-fira-de-interes-turistico-internacional\\\/#breadcrumb\",\"itemListElement\":[{\"@type\":\"ListItem\",\"position\":1,\"name\":\"Portada\",\"item\":\"https:\\\/\\\/www.copealcoy.es\\\/es\\\/\"},{\"@type\":\"ListItem\",\"position\":2,\"name\":\"Cocentaina presenta la primera Fira de Inter\u00e9s Tur\u00edstico Internacional\"}]},{\"@type\":\"WebSite\",\"@id\":\"https:\\\/\\\/www.copealcoy.es\\\/es\\\/#website\",\"url\":\"https:\\\/\\\/www.copealcoy.es\\\/es\\\/\",\"name\":\"COPE Alcoy\",\"description\":\"Emisora COPE de radio local con emisi\u00f3n online. Pont de Sant Jordi 8-10 03803 Alcoy\",\"potentialAction\":[{\"@type\":\"SearchAction\",\"target\":{\"@type\":\"EntryPoint\",\"urlTemplate\":\"https:\\\/\\\/www.copealcoy.es\\\/es\\\/?s={search_term_string}\"},\"query-input\":{\"@type\":\"PropertyValueSpecification\",\"valueRequired\":true,\"valueName\":\"search_term_string\"}}],\"inLanguage\":\"es\"},{\"@type\":\"Person\",\"@id\":\"https:\\\/\\\/www.copealcoy.es\\\/es\\\/#\\\/schema\\\/person\\\/e777c87fa024e57d40170af9df39882c\",\"name\":\"Cope Alcoy\",\"image\":{\"@type\":\"ImageObject\",\"inLanguage\":\"es\",\"@id\":\"https:\\\/\\\/secure.gravatar.com\\\/avatar\\\/bb65d0283347e303893ba14f0692005417c1e0e690a325a4c5d8bb2b3943ee14?s=96&d=mm&r=g\",\"url\":\"https:\\\/\\\/secure.gravatar.com\\\/avatar\\\/bb65d0283347e303893ba14f0692005417c1e0e690a325a4c5d8bb2b3943ee14?s=96&d=mm&r=g\",\"contentUrl\":\"https:\\\/\\\/secure.gravatar.com\\\/avatar\\\/bb65d0283347e303893ba14f0692005417c1e0e690a325a4c5d8bb2b3943ee14?s=96&d=mm&r=g\",\"caption\":\"Cope Alcoy\"}}]}<\/script>\n<!-- \/ Yoast SEO plugin. -->","yoast_head_json":{"title":"Cocentaina presenta la primera Fira de Inter\u00e9s Tur\u00edstico Internacional - COPE Alcoy","robots":{"index":"index","follow":"follow","max-snippet":"max-snippet:-1","max-image-preview":"max-image-preview:large","max-video-preview":"max-video-preview:-1"},"canonical":"https:\/\/www.copealcoy.es\/es\/cocentaina-presenta-la-primera-fira-de-interes-turistico-internacional\/","og_locale":"es_ES","og_type":"article","og_title":"Cocentaina presenta la primera Fira de Inter\u00e9s Tur\u00edstico Internacional - COPE Alcoy","og_description":"Cocentaina ha estrenado el mes de octubre abriendo la cuenta atr\u00e1s hacia la Fira de Tots Sants, un certamen que...","og_url":"https:\/\/www.copealcoy.es\/es\/cocentaina-presenta-la-primera-fira-de-interes-turistico-internacional\/","og_site_name":"COPE Alcoy","article_published_time":"2019-10-04T21:55:33+00:00","author":"Cope Alcoy","twitter_misc":{"Escrito por":"Cope Alcoy","Tiempo de lectura":"2 minutos"},"schema":{"@context":"https:\/\/schema.org","@graph":[{"@type":"Article","@id":"https:\/\/www.copealcoy.es\/es\/cocentaina-presenta-la-primera-fira-de-interes-turistico-internacional\/#article","isPartOf":{"@id":"https:\/\/www.copealcoy.es\/es\/cocentaina-presenta-la-primera-fira-de-interes-turistico-internacional\/"},"author":{"name":"Cope Alcoy","@id":"https:\/\/www.copealcoy.es\/es\/#\/schema\/person\/e777c87fa024e57d40170af9df39882c"},"headline":"Cocentaina presenta la primera Fira de Inter\u00e9s Tur\u00edstico Internacional","datePublished":"2019-10-04T21:55:33+00:00","mainEntityOfPage":{"@id":"https:\/\/www.copealcoy.es\/es\/cocentaina-presenta-la-primera-fira-de-interes-turistico-internacional\/"},"wordCount":443,"commentCount":0,"image":{"@id":"https:\/\/www.copealcoy.es\/es\/cocentaina-presenta-la-primera-fira-de-interes-turistico-internacional\/#primaryimage"},"thumbnailUrl":"","keywords":["Cocentaina","Feria","Fira de Tots Sants","Inter\u00e9s Tur\u00edstico Internacional","Mariona Carbonell","Miguel Soler","Mireia Estepa"],"articleSection":["Comarcas","Noticias","Portada"],"inLanguage":"es"},{"@type":"WebPage","@id":"https:\/\/www.copealcoy.es\/es\/cocentaina-presenta-la-primera-fira-de-interes-turistico-internacional\/","url":"https:\/\/www.copealcoy.es\/es\/cocentaina-presenta-la-primera-fira-de-interes-turistico-internacional\/","name":"Cocentaina presenta la primera Fira de Inter\u00e9s Tur\u00edstico Internacional - COPE Alcoy","isPartOf":{"@id":"https:\/\/www.copealcoy.es\/es\/#website"},"primaryImageOfPage":{"@id":"https:\/\/www.copealcoy.es\/es\/cocentaina-presenta-la-primera-fira-de-interes-turistico-internacional\/#primaryimage"},"image":{"@id":"https:\/\/www.copealcoy.es\/es\/cocentaina-presenta-la-primera-fira-de-interes-turistico-internacional\/#primaryimage"},"thumbnailUrl":"","datePublished":"2019-10-04T21:55:33+00:00","author":{"@id":"https:\/\/www.copealcoy.es\/es\/#\/schema\/person\/e777c87fa024e57d40170af9df39882c"},"breadcrumb":{"@id":"https:\/\/www.copealcoy.es\/es\/cocentaina-presenta-la-primera-fira-de-interes-turistico-internacional\/#breadcrumb"},"inLanguage":"es","potentialAction":[{"@type":"ReadAction","target":["https:\/\/www.copealcoy.es\/es\/cocentaina-presenta-la-primera-fira-de-interes-turistico-internacional\/"]}]},{"@type":"ImageObject","inLanguage":"es","@id":"https:\/\/www.copealcoy.es\/es\/cocentaina-presenta-la-primera-fira-de-interes-turistico-internacional\/#primaryimage","url":"","contentUrl":""},{"@type":"BreadcrumbList","@id":"https:\/\/www.copealcoy.es\/es\/cocentaina-presenta-la-primera-fira-de-interes-turistico-internacional\/#breadcrumb","itemListElement":[{"@type":"ListItem","position":1,"name":"Portada","item":"https:\/\/www.copealcoy.es\/es\/"},{"@type":"ListItem","position":2,"name":"Cocentaina presenta la primera Fira de Inter\u00e9s Tur\u00edstico Internacional"}]},{"@type":"WebSite","@id":"https:\/\/www.copealcoy.es\/es\/#website","url":"https:\/\/www.copealcoy.es\/es\/","name":"COPE Alcoy","description":"Emisora COPE de radio local con emisi\u00f3n online. Pont de Sant Jordi 8-10 03803 Alcoy","potentialAction":[{"@type":"SearchAction","target":{"@type":"EntryPoint","urlTemplate":"https:\/\/www.copealcoy.es\/es\/?s={search_term_string}"},"query-input":{"@type":"PropertyValueSpecification","valueRequired":true,"valueName":"search_term_string"}}],"inLanguage":"es"},{"@type":"Person","@id":"https:\/\/www.copealcoy.es\/es\/#\/schema\/person\/e777c87fa024e57d40170af9df39882c","name":"Cope Alcoy","image":{"@type":"ImageObject","inLanguage":"es","@id":"https:\/\/secure.gravatar.com\/avatar\/bb65d0283347e303893ba14f0692005417c1e0e690a325a4c5d8bb2b3943ee14?s=96&d=mm&r=g","url":"https:\/\/secure.gravatar.com\/avatar\/bb65d0283347e303893ba14f0692005417c1e0e690a325a4c5d8bb2b3943ee14?s=96&d=mm&r=g","contentUrl":"https:\/\/secure.gravatar.com\/avatar\/bb65d0283347e303893ba14f0692005417c1e0e690a325a4c5d8bb2b3943ee14?s=96&d=mm&r=g","caption":"Cope Alcoy"}}]}},"_links":{"self":[{"href":"https:\/\/www.copealcoy.es\/es\/wp-json\/wp\/v2\/posts\/55552","targetHints":{"allow":["GET"]}}],"collection":[{"href":"https:\/\/www.copealcoy.es\/es\/wp-json\/wp\/v2\/posts"}],"about":[{"href":"https:\/\/www.copealcoy.es\/es\/wp-json\/wp\/v2\/types\/post"}],"author":[{"embeddable":true,"href":"https:\/\/www.copealcoy.es\/es\/wp-json\/wp\/v2\/users\/1"}],"replies":[{"embeddable":true,"href":"https:\/\/www.copealcoy.es\/es\/wp-json\/wp\/v2\/comments?post=55552"}],"version-history":[{"count":0,"href":"https:\/\/www.copealcoy.es\/es\/wp-json\/wp\/v2\/posts\/55552\/revisions"}],"wp:featuredmedia":[{"embeddable":true,"href":"https:\/\/www.copealcoy.es\/es\/wp-json\/"}],"wp:attachment":[{"href":"https:\/\/www.copealcoy.es\/es\/wp-json\/wp\/v2\/media?parent=55552"}],"wp:term":[{"taxonomy":"category","embeddable":true,"href":"https:\/\/www.copealcoy.es\/es\/wp-json\/wp\/v2\/categories?post=55552"},{"taxonomy":"post_tag","embeddable":true,"href":"https:\/\/www.copealcoy.es\/es\/wp-json\/wp\/v2\/tags?post=55552"}],"curies":[{"name":"wp","href":"https:\/\/api.w.org\/{rel}","templated":true}]}}