{"id":55522,"date":"2019-10-04T13:25:27","date_gmt":"2019-10-04T13:25:27","guid":{"rendered":"https:\/\/copealcoi.es\/?p=55522"},"modified":"2019-10-04T13:25:27","modified_gmt":"2019-10-04T13:25:27","slug":"todo-preparado-para-la-edicion-2019-de-bodalcoy","status":"publish","type":"post","link":"https:\/\/www.copealcoy.es\/es\/todo-preparado-para-la-edicion-2019-de-bodalcoy\/","title":{"rendered":"Todo preparado para la edici\u00f3n 2019 de BodAlcoy"},"content":{"rendered":"<p style=\"text-align: justify;\">Alcoy acoge este fin de semana\u00a0<strong>la edici\u00f3n 2019 de BodAlcoy<\/strong>, un evento que\u00a0 se celebrar\u00e1 \u00a0de nuevo <strong>en los salones del\u00a0Castell de Barxell<\/strong>.<\/p>\n<p style=\"text-align: justify;\">El certamen cuenta en esta ocasi\u00f3n con <strong>un total de 24 de expositores<\/strong> y en el mismo podremos encontrar\u00a0<strong>todo lo que necesitamos para nuestra boda\u00a0o cualquier tipo de celebraci\u00f3n especial<\/strong> como por ejemplo trajes, mesas dulces, viajes florister\u00eda, est\u00e9tica, fotograf\u00eda y v\u00eddeo o art\u00edculos de decoraci\u00f3n para la ceremonia nupcial. Adem\u00e1s todo se completa<strong> con actividades paralelas<\/strong> para amenizar las jornadas &#8220;<em>tendremos desde m\u00fasica en directo hasta baile. La gente que no se li piense dos veces y que acuda a visitar todo lo que hemos preparado porque seguro que los novios salen con las ideas m\u00e1s claras e incluso con muchos de los preparativos cerrados<\/em>&#8220;, aseguraba en COPE ALCOY\u00a0<strong>Tom\u00e1s Tom\u00e1s<\/strong>, Presidente de la Asociaci\u00f3n de BodaAlcoy.<\/p>\n<p style=\"text-align: justify;\">Bodalcoy <strong>abre sus puertas de manera oficial esta tarde<\/strong> y podremos disfrutar <strong>de toda la oferta<\/strong> comentada anteriormente hasta el domingo.<\/p>\n","protected":false},"excerpt":{"rendered":"<p>Alcoy acoge este fin de semana\u00a0la edici\u00f3n 2019 de BodAlcoy, un evento que\u00a0 se celebrar\u00e1 \u00a0de nuevo en los salones&#8230;<\/p>\n","protected":false},"author":1,"featured_media":55523,"comment_status":"open","ping_status":"open","sticky":false,"template":"","format":"standard","meta":{"footnotes":""},"categories":[97,75],"tags":[9278,5423,1120,9279,3480],"class_list":["post-55522","post","type-post","status-publish","format-standard","has-post-thumbnail","hentry","category-alcoy","category-noticias","tag-bodalcoy-2019","tag-castell-de-barxell","tag-feria","tag-novios","tag-tomas-tomas"],"yoast_head":"<!-- This site is optimized with the Yoast SEO plugin v27.3 - https:\/\/yoast.com\/product\/yoast-seo-wordpress\/ -->\n<title>Todo preparado para la edici\u00f3n 2019 de BodAlcoy - COPE Alcoy<\/title>\n<meta name=\"robots\" content=\"index, follow, max-snippet:-1, max-image-preview:large, max-video-preview:-1\" \/>\n<link rel=\"canonical\" href=\"https:\/\/www.copealcoy.es\/es\/todo-preparado-para-la-edicion-2019-de-bodalcoy\/\" \/>\n<meta property=\"og:locale\" content=\"es_ES\" \/>\n<meta property=\"og:type\" content=\"article\" \/>\n<meta property=\"og:title\" content=\"Todo preparado para la edici\u00f3n 2019 de BodAlcoy - COPE Alcoy\" \/>\n<meta property=\"og:description\" content=\"Alcoy acoge este fin de semana\u00a0la edici\u00f3n 2019 de BodAlcoy, un evento que\u00a0 se celebrar\u00e1 \u00a0de nuevo en los salones...\" \/>\n<meta property=\"og:url\" content=\"https:\/\/www.copealcoy.es\/es\/todo-preparado-para-la-edicion-2019-de-bodalcoy\/\" \/>\n<meta property=\"og:site_name\" content=\"COPE Alcoy\" \/>\n<meta property=\"article:published_time\" content=\"2019-10-04T13:25:27+00:00\" \/>\n<meta name=\"author\" content=\"Cope Alcoy\" \/>\n<meta name=\"twitter:label1\" content=\"Escrito por\" \/>\n\t<meta name=\"twitter:data1\" content=\"Cope Alcoy\" \/>\n\t<meta name=\"twitter:label2\" content=\"Tiempo de lectura\" \/>\n\t<meta name=\"twitter:data2\" content=\"1 minuto\" \/>\n<script type=\"application\/ld+json\" class=\"yoast-schema-graph\">{\"@context\":\"https:\\\/\\\/schema.org\",\"@graph\":[{\"@type\":\"Article\",\"@id\":\"https:\\\/\\\/www.copealcoy.es\\\/es\\\/todo-preparado-para-la-edicion-2019-de-bodalcoy\\\/#article\",\"isPartOf\":{\"@id\":\"https:\\\/\\\/www.copealcoy.es\\\/es\\\/todo-preparado-para-la-edicion-2019-de-bodalcoy\\\/\"},\"author\":{\"name\":\"Cope Alcoy\",\"@id\":\"https:\\\/\\\/www.copealcoy.es\\\/es\\\/#\\\/schema\\\/person\\\/e777c87fa024e57d40170af9df39882c\"},\"headline\":\"Todo preparado para la edici\u00f3n 2019 de BodAlcoy\",\"datePublished\":\"2019-10-04T13:25:27+00:00\",\"mainEntityOfPage\":{\"@id\":\"https:\\\/\\\/www.copealcoy.es\\\/es\\\/todo-preparado-para-la-edicion-2019-de-bodalcoy\\\/\"},\"wordCount\":187,\"commentCount\":0,\"image\":{\"@id\":\"https:\\\/\\\/www.copealcoy.es\\\/es\\\/todo-preparado-para-la-edicion-2019-de-bodalcoy\\\/#primaryimage\"},\"thumbnailUrl\":\"\",\"keywords\":[\"BodAlcoy 2019\",\"Castell de Barxell\",\"Feria\",\"novios\",\"Tom\u00e1s Tom\u00e1s\"],\"articleSection\":[\"Alcoy\",\"Noticias\"],\"inLanguage\":\"es\"},{\"@type\":\"WebPage\",\"@id\":\"https:\\\/\\\/www.copealcoy.es\\\/es\\\/todo-preparado-para-la-edicion-2019-de-bodalcoy\\\/\",\"url\":\"https:\\\/\\\/www.copealcoy.es\\\/es\\\/todo-preparado-para-la-edicion-2019-de-bodalcoy\\\/\",\"name\":\"Todo preparado para la edici\u00f3n 2019 de BodAlcoy - COPE Alcoy\",\"isPartOf\":{\"@id\":\"https:\\\/\\\/www.copealcoy.es\\\/es\\\/#website\"},\"primaryImageOfPage\":{\"@id\":\"https:\\\/\\\/www.copealcoy.es\\\/es\\\/todo-preparado-para-la-edicion-2019-de-bodalcoy\\\/#primaryimage\"},\"image\":{\"@id\":\"https:\\\/\\\/www.copealcoy.es\\\/es\\\/todo-preparado-para-la-edicion-2019-de-bodalcoy\\\/#primaryimage\"},\"thumbnailUrl\":\"\",\"datePublished\":\"2019-10-04T13:25:27+00:00\",\"author\":{\"@id\":\"https:\\\/\\\/www.copealcoy.es\\\/es\\\/#\\\/schema\\\/person\\\/e777c87fa024e57d40170af9df39882c\"},\"breadcrumb\":{\"@id\":\"https:\\\/\\\/www.copealcoy.es\\\/es\\\/todo-preparado-para-la-edicion-2019-de-bodalcoy\\\/#breadcrumb\"},\"inLanguage\":\"es\",\"potentialAction\":[{\"@type\":\"ReadAction\",\"target\":[\"https:\\\/\\\/www.copealcoy.es\\\/es\\\/todo-preparado-para-la-edicion-2019-de-bodalcoy\\\/\"]}]},{\"@type\":\"ImageObject\",\"inLanguage\":\"es\",\"@id\":\"https:\\\/\\\/www.copealcoy.es\\\/es\\\/todo-preparado-para-la-edicion-2019-de-bodalcoy\\\/#primaryimage\",\"url\":\"\",\"contentUrl\":\"\"},{\"@type\":\"BreadcrumbList\",\"@id\":\"https:\\\/\\\/www.copealcoy.es\\\/es\\\/todo-preparado-para-la-edicion-2019-de-bodalcoy\\\/#breadcrumb\",\"itemListElement\":[{\"@type\":\"ListItem\",\"position\":1,\"name\":\"Portada\",\"item\":\"https:\\\/\\\/www.copealcoy.es\\\/es\\\/\"},{\"@type\":\"ListItem\",\"position\":2,\"name\":\"Todo preparado para la edici\u00f3n 2019 de BodAlcoy\"}]},{\"@type\":\"WebSite\",\"@id\":\"https:\\\/\\\/www.copealcoy.es\\\/es\\\/#website\",\"url\":\"https:\\\/\\\/www.copealcoy.es\\\/es\\\/\",\"name\":\"COPE Alcoy\",\"description\":\"Emisora COPE de radio local con emisi\u00f3n online. Pont de Sant Jordi 8-10 03803 Alcoy\",\"potentialAction\":[{\"@type\":\"SearchAction\",\"target\":{\"@type\":\"EntryPoint\",\"urlTemplate\":\"https:\\\/\\\/www.copealcoy.es\\\/es\\\/?s={search_term_string}\"},\"query-input\":{\"@type\":\"PropertyValueSpecification\",\"valueRequired\":true,\"valueName\":\"search_term_string\"}}],\"inLanguage\":\"es\"},{\"@type\":\"Person\",\"@id\":\"https:\\\/\\\/www.copealcoy.es\\\/es\\\/#\\\/schema\\\/person\\\/e777c87fa024e57d40170af9df39882c\",\"name\":\"Cope Alcoy\",\"image\":{\"@type\":\"ImageObject\",\"inLanguage\":\"es\",\"@id\":\"https:\\\/\\\/secure.gravatar.com\\\/avatar\\\/bb65d0283347e303893ba14f0692005417c1e0e690a325a4c5d8bb2b3943ee14?s=96&d=mm&r=g\",\"url\":\"https:\\\/\\\/secure.gravatar.com\\\/avatar\\\/bb65d0283347e303893ba14f0692005417c1e0e690a325a4c5d8bb2b3943ee14?s=96&d=mm&r=g\",\"contentUrl\":\"https:\\\/\\\/secure.gravatar.com\\\/avatar\\\/bb65d0283347e303893ba14f0692005417c1e0e690a325a4c5d8bb2b3943ee14?s=96&d=mm&r=g\",\"caption\":\"Cope Alcoy\"}}]}<\/script>\n<!-- \/ Yoast SEO plugin. -->","yoast_head_json":{"title":"Todo preparado para la edici\u00f3n 2019 de BodAlcoy - COPE Alcoy","robots":{"index":"index","follow":"follow","max-snippet":"max-snippet:-1","max-image-preview":"max-image-preview:large","max-video-preview":"max-video-preview:-1"},"canonical":"https:\/\/www.copealcoy.es\/es\/todo-preparado-para-la-edicion-2019-de-bodalcoy\/","og_locale":"es_ES","og_type":"article","og_title":"Todo preparado para la edici\u00f3n 2019 de BodAlcoy - COPE Alcoy","og_description":"Alcoy acoge este fin de semana\u00a0la edici\u00f3n 2019 de BodAlcoy, un evento que\u00a0 se celebrar\u00e1 \u00a0de nuevo en los salones...","og_url":"https:\/\/www.copealcoy.es\/es\/todo-preparado-para-la-edicion-2019-de-bodalcoy\/","og_site_name":"COPE Alcoy","article_published_time":"2019-10-04T13:25:27+00:00","author":"Cope Alcoy","twitter_misc":{"Escrito por":"Cope Alcoy","Tiempo de lectura":"1 minuto"},"schema":{"@context":"https:\/\/schema.org","@graph":[{"@type":"Article","@id":"https:\/\/www.copealcoy.es\/es\/todo-preparado-para-la-edicion-2019-de-bodalcoy\/#article","isPartOf":{"@id":"https:\/\/www.copealcoy.es\/es\/todo-preparado-para-la-edicion-2019-de-bodalcoy\/"},"author":{"name":"Cope Alcoy","@id":"https:\/\/www.copealcoy.es\/es\/#\/schema\/person\/e777c87fa024e57d40170af9df39882c"},"headline":"Todo preparado para la edici\u00f3n 2019 de BodAlcoy","datePublished":"2019-10-04T13:25:27+00:00","mainEntityOfPage":{"@id":"https:\/\/www.copealcoy.es\/es\/todo-preparado-para-la-edicion-2019-de-bodalcoy\/"},"wordCount":187,"commentCount":0,"image":{"@id":"https:\/\/www.copealcoy.es\/es\/todo-preparado-para-la-edicion-2019-de-bodalcoy\/#primaryimage"},"thumbnailUrl":"","keywords":["BodAlcoy 2019","Castell de Barxell","Feria","novios","Tom\u00e1s Tom\u00e1s"],"articleSection":["Alcoy","Noticias"],"inLanguage":"es"},{"@type":"WebPage","@id":"https:\/\/www.copealcoy.es\/es\/todo-preparado-para-la-edicion-2019-de-bodalcoy\/","url":"https:\/\/www.copealcoy.es\/es\/todo-preparado-para-la-edicion-2019-de-bodalcoy\/","name":"Todo preparado para la edici\u00f3n 2019 de BodAlcoy - COPE Alcoy","isPartOf":{"@id":"https:\/\/www.copealcoy.es\/es\/#website"},"primaryImageOfPage":{"@id":"https:\/\/www.copealcoy.es\/es\/todo-preparado-para-la-edicion-2019-de-bodalcoy\/#primaryimage"},"image":{"@id":"https:\/\/www.copealcoy.es\/es\/todo-preparado-para-la-edicion-2019-de-bodalcoy\/#primaryimage"},"thumbnailUrl":"","datePublished":"2019-10-04T13:25:27+00:00","author":{"@id":"https:\/\/www.copealcoy.es\/es\/#\/schema\/person\/e777c87fa024e57d40170af9df39882c"},"breadcrumb":{"@id":"https:\/\/www.copealcoy.es\/es\/todo-preparado-para-la-edicion-2019-de-bodalcoy\/#breadcrumb"},"inLanguage":"es","potentialAction":[{"@type":"ReadAction","target":["https:\/\/www.copealcoy.es\/es\/todo-preparado-para-la-edicion-2019-de-bodalcoy\/"]}]},{"@type":"ImageObject","inLanguage":"es","@id":"https:\/\/www.copealcoy.es\/es\/todo-preparado-para-la-edicion-2019-de-bodalcoy\/#primaryimage","url":"","contentUrl":""},{"@type":"BreadcrumbList","@id":"https:\/\/www.copealcoy.es\/es\/todo-preparado-para-la-edicion-2019-de-bodalcoy\/#breadcrumb","itemListElement":[{"@type":"ListItem","position":1,"name":"Portada","item":"https:\/\/www.copealcoy.es\/es\/"},{"@type":"ListItem","position":2,"name":"Todo preparado para la edici\u00f3n 2019 de BodAlcoy"}]},{"@type":"WebSite","@id":"https:\/\/www.copealcoy.es\/es\/#website","url":"https:\/\/www.copealcoy.es\/es\/","name":"COPE Alcoy","description":"Emisora COPE de radio local con emisi\u00f3n online. Pont de Sant Jordi 8-10 03803 Alcoy","potentialAction":[{"@type":"SearchAction","target":{"@type":"EntryPoint","urlTemplate":"https:\/\/www.copealcoy.es\/es\/?s={search_term_string}"},"query-input":{"@type":"PropertyValueSpecification","valueRequired":true,"valueName":"search_term_string"}}],"inLanguage":"es"},{"@type":"Person","@id":"https:\/\/www.copealcoy.es\/es\/#\/schema\/person\/e777c87fa024e57d40170af9df39882c","name":"Cope Alcoy","image":{"@type":"ImageObject","inLanguage":"es","@id":"https:\/\/secure.gravatar.com\/avatar\/bb65d0283347e303893ba14f0692005417c1e0e690a325a4c5d8bb2b3943ee14?s=96&d=mm&r=g","url":"https:\/\/secure.gravatar.com\/avatar\/bb65d0283347e303893ba14f0692005417c1e0e690a325a4c5d8bb2b3943ee14?s=96&d=mm&r=g","contentUrl":"https:\/\/secure.gravatar.com\/avatar\/bb65d0283347e303893ba14f0692005417c1e0e690a325a4c5d8bb2b3943ee14?s=96&d=mm&r=g","caption":"Cope Alcoy"}}]}},"_links":{"self":[{"href":"https:\/\/www.copealcoy.es\/es\/wp-json\/wp\/v2\/posts\/55522","targetHints":{"allow":["GET"]}}],"collection":[{"href":"https:\/\/www.copealcoy.es\/es\/wp-json\/wp\/v2\/posts"}],"about":[{"href":"https:\/\/www.copealcoy.es\/es\/wp-json\/wp\/v2\/types\/post"}],"author":[{"embeddable":true,"href":"https:\/\/www.copealcoy.es\/es\/wp-json\/wp\/v2\/users\/1"}],"replies":[{"embeddable":true,"href":"https:\/\/www.copealcoy.es\/es\/wp-json\/wp\/v2\/comments?post=55522"}],"version-history":[{"count":0,"href":"https:\/\/www.copealcoy.es\/es\/wp-json\/wp\/v2\/posts\/55522\/revisions"}],"wp:featuredmedia":[{"embeddable":true,"href":"https:\/\/www.copealcoy.es\/es\/wp-json\/"}],"wp:attachment":[{"href":"https:\/\/www.copealcoy.es\/es\/wp-json\/wp\/v2\/media?parent=55522"}],"wp:term":[{"taxonomy":"category","embeddable":true,"href":"https:\/\/www.copealcoy.es\/es\/wp-json\/wp\/v2\/categories?post=55522"},{"taxonomy":"post_tag","embeddable":true,"href":"https:\/\/www.copealcoy.es\/es\/wp-json\/wp\/v2\/tags?post=55522"}],"curies":[{"name":"wp","href":"https:\/\/api.w.org\/{rel}","templated":true}]}}