{"id":55460,"date":"2019-10-02T17:43:36","date_gmt":"2019-10-02T17:43:36","guid":{"rendered":"https:\/\/copealcoi.es\/?p=55460"},"modified":"2019-10-02T17:43:36","modified_gmt":"2019-10-02T17:43:36","slug":"miguel-juan-reig-en-esta-legislatura-veran-la-luz-muchos-proyectos-que-ya-estan-en-marcha","status":"publish","type":"post","link":"https:\/\/www.copealcoy.es\/es\/miguel-juan-reig-en-esta-legislatura-veran-la-luz-muchos-proyectos-que-ya-estan-en-marcha\/","title":{"rendered":"Miguel Juan Reig: &#8220;en esta legislatura ver\u00e1n la luz muchos proyectos que ya est\u00e1n en marcha&#8221;"},"content":{"rendered":"<p style=\"text-align: justify;\">El concejal de Deportes en el Ayuntamiento de Alcoy, <strong>Miguel Juan Reig<\/strong>, estuvo hace unos d\u00edas en #LaMa\u00f1anaEnAlcoy para <strong>explicarnos todos los detalles de la nueva etapa<\/strong> que inicia en el Consistorio de nuestra ciudad. En la entrevista concedida al espacio #DeportesCopeAlcoy, que llega puntual a su cita cada mi\u00e9rcoles, el edil detall\u00f3 que <strong>afronta este nuevo reto con mucha ilusi\u00f3n<\/strong> &#8220;<em>llego a la concejal\u00eda con muchas ganas y con la experiencia de haber estado muchos a\u00f1os ligado al deporte local as\u00ed como tras una etapa en el Centre d&#8217;Esports que estuvo llena de aprendizaje<\/em>&#8220;, asever\u00f3.<\/p>\n<p style=\"text-align: justify;\">Miguel Juan Reig agradeci\u00f3 el trabajo realizado por su predecesor en el cargo, <strong>Alberto Belda<\/strong>, y record\u00f3 que <strong>el deporte en Alcoy se vive durante los 365 d\u00edas del a\u00f1o<\/strong> &#8220;<em>venimos de un verano en el que no ha cesado la actividad y en el que, por ejemplo, las piscinas municipales han funcionado a muy buen rendimiento. Ahora ya se ponen en marcha todas las competiciones de los diferentes clubes y entidades, sin olvidar las actividades dirigidas a los escolares y a los m\u00e1s j\u00f3venes, y llegan nuevas iniciativas como por ejemplo la &#8216;Color Road&#8217;, &#8216;Amb Bici per la V\u00eda Verda&#8217; o la Media Marat\u00f3n que cuentan siempre con una importante participaci\u00f3n<\/em>&#8220;, manifest\u00f3.<\/p>\n<p style=\"text-align: justify;\">Respecto a los proyectos, el concejal de Deportes se\u00f1al\u00f3 que en esta legislatura que empieza<strong> ver\u00e1n la luz algunas de las iniciativas que ya se trabajaron con detalle en los \u00faltimos cuatro a\u00f1os<\/strong> &#8220;<em>vamos a seguir apostando por el mantenimiento de las instalaciones deportivas y la mejora de las infraestructuras que tenemos sin dejar de lado proyectos importantes como la ampliaci\u00f3n del Polideportivo Municipal<\/em>&#8220;, dijo.<\/p>\n<p style=\"text-align: justify;\">Por \u00faltimo Miguel Juan Reig tuvo<strong> palabras especiales de agradecimiento<\/strong> a los deportistas que actualmente <strong>est\u00e1n llevando el nombre de Alcoy por fuera de nuestras fronteras<\/strong> y les dedic\u00f3 una menci\u00f3n para premiar su esfuerzo, entrega y dedicaci\u00f3n.<\/p>\n","protected":false},"excerpt":{"rendered":"<p>El concejal de Deportes en el Ayuntamiento de Alcoy, Miguel Juan Reig, estuvo hace unos d\u00edas en #LaMa\u00f1anaEnAlcoy para explicarnos&#8230;<\/p>\n","protected":false},"author":1,"featured_media":55461,"comment_status":"open","ping_status":"open","sticky":false,"template":"","format":"standard","meta":{"footnotes":""},"categories":[97,92,75],"tags":[3575,1492,560,2366],"class_list":["post-55460","post","type-post","status-publish","format-standard","has-post-thumbnail","hentry","category-alcoy","category-deportes","category-noticias","tag-concejalia-de-deportes","tag-deportes","tag-legislatura","tag-miguel-juan-reig"],"yoast_head":"<!-- This site is optimized with the Yoast SEO plugin v27.3 - https:\/\/yoast.com\/product\/yoast-seo-wordpress\/ -->\n<title>Miguel Juan Reig: &quot;en esta legislatura ver\u00e1n la luz muchos proyectos que ya est\u00e1n en marcha&quot; - COPE Alcoy<\/title>\n<meta name=\"robots\" content=\"index, follow, max-snippet:-1, max-image-preview:large, max-video-preview:-1\" \/>\n<link rel=\"canonical\" href=\"https:\/\/www.copealcoy.es\/es\/miguel-juan-reig-en-esta-legislatura-veran-la-luz-muchos-proyectos-que-ya-estan-en-marcha\/\" \/>\n<meta property=\"og:locale\" content=\"es_ES\" \/>\n<meta property=\"og:type\" content=\"article\" \/>\n<meta property=\"og:title\" content=\"Miguel Juan Reig: &quot;en esta legislatura ver\u00e1n la luz muchos proyectos que ya est\u00e1n en marcha&quot; - COPE Alcoy\" \/>\n<meta property=\"og:description\" content=\"El concejal de Deportes en el Ayuntamiento de Alcoy, Miguel Juan Reig, estuvo hace unos d\u00edas en #LaMa\u00f1anaEnAlcoy para explicarnos...\" \/>\n<meta property=\"og:url\" content=\"https:\/\/www.copealcoy.es\/es\/miguel-juan-reig-en-esta-legislatura-veran-la-luz-muchos-proyectos-que-ya-estan-en-marcha\/\" \/>\n<meta property=\"og:site_name\" content=\"COPE Alcoy\" \/>\n<meta property=\"article:published_time\" content=\"2019-10-02T17:43:36+00:00\" \/>\n<meta name=\"author\" content=\"Cope Alcoy\" \/>\n<meta name=\"twitter:label1\" content=\"Escrito por\" \/>\n\t<meta name=\"twitter:data1\" content=\"Cope Alcoy\" \/>\n\t<meta name=\"twitter:label2\" content=\"Tiempo de lectura\" \/>\n\t<meta name=\"twitter:data2\" content=\"2 minutos\" \/>\n<script type=\"application\/ld+json\" class=\"yoast-schema-graph\">{\"@context\":\"https:\\\/\\\/schema.org\",\"@graph\":[{\"@type\":\"Article\",\"@id\":\"https:\\\/\\\/www.copealcoy.es\\\/es\\\/miguel-juan-reig-en-esta-legislatura-veran-la-luz-muchos-proyectos-que-ya-estan-en-marcha\\\/#article\",\"isPartOf\":{\"@id\":\"https:\\\/\\\/www.copealcoy.es\\\/es\\\/miguel-juan-reig-en-esta-legislatura-veran-la-luz-muchos-proyectos-que-ya-estan-en-marcha\\\/\"},\"author\":{\"name\":\"Cope Alcoy\",\"@id\":\"https:\\\/\\\/www.copealcoy.es\\\/es\\\/#\\\/schema\\\/person\\\/e777c87fa024e57d40170af9df39882c\"},\"headline\":\"Miguel Juan Reig: &#8220;en esta legislatura ver\u00e1n la luz muchos proyectos que ya est\u00e1n en marcha&#8221;\",\"datePublished\":\"2019-10-02T17:43:36+00:00\",\"mainEntityOfPage\":{\"@id\":\"https:\\\/\\\/www.copealcoy.es\\\/es\\\/miguel-juan-reig-en-esta-legislatura-veran-la-luz-muchos-proyectos-que-ya-estan-en-marcha\\\/\"},\"wordCount\":350,\"commentCount\":0,\"image\":{\"@id\":\"https:\\\/\\\/www.copealcoy.es\\\/es\\\/miguel-juan-reig-en-esta-legislatura-veran-la-luz-muchos-proyectos-que-ya-estan-en-marcha\\\/#primaryimage\"},\"thumbnailUrl\":\"\",\"keywords\":[\"concejal\u00eda de deportes\",\"Deportes\",\"Legislatura\",\"Miguel Juan Reig\"],\"articleSection\":[\"Alcoy\",\"Deportes\",\"Noticias\"],\"inLanguage\":\"es\"},{\"@type\":\"WebPage\",\"@id\":\"https:\\\/\\\/www.copealcoy.es\\\/es\\\/miguel-juan-reig-en-esta-legislatura-veran-la-luz-muchos-proyectos-que-ya-estan-en-marcha\\\/\",\"url\":\"https:\\\/\\\/www.copealcoy.es\\\/es\\\/miguel-juan-reig-en-esta-legislatura-veran-la-luz-muchos-proyectos-que-ya-estan-en-marcha\\\/\",\"name\":\"Miguel Juan Reig: \\\"en esta legislatura ver\u00e1n la luz muchos proyectos que ya est\u00e1n en marcha\\\" - COPE Alcoy\",\"isPartOf\":{\"@id\":\"https:\\\/\\\/www.copealcoy.es\\\/es\\\/#website\"},\"primaryImageOfPage\":{\"@id\":\"https:\\\/\\\/www.copealcoy.es\\\/es\\\/miguel-juan-reig-en-esta-legislatura-veran-la-luz-muchos-proyectos-que-ya-estan-en-marcha\\\/#primaryimage\"},\"image\":{\"@id\":\"https:\\\/\\\/www.copealcoy.es\\\/es\\\/miguel-juan-reig-en-esta-legislatura-veran-la-luz-muchos-proyectos-que-ya-estan-en-marcha\\\/#primaryimage\"},\"thumbnailUrl\":\"\",\"datePublished\":\"2019-10-02T17:43:36+00:00\",\"author\":{\"@id\":\"https:\\\/\\\/www.copealcoy.es\\\/es\\\/#\\\/schema\\\/person\\\/e777c87fa024e57d40170af9df39882c\"},\"breadcrumb\":{\"@id\":\"https:\\\/\\\/www.copealcoy.es\\\/es\\\/miguel-juan-reig-en-esta-legislatura-veran-la-luz-muchos-proyectos-que-ya-estan-en-marcha\\\/#breadcrumb\"},\"inLanguage\":\"es\",\"potentialAction\":[{\"@type\":\"ReadAction\",\"target\":[\"https:\\\/\\\/www.copealcoy.es\\\/es\\\/miguel-juan-reig-en-esta-legislatura-veran-la-luz-muchos-proyectos-que-ya-estan-en-marcha\\\/\"]}]},{\"@type\":\"ImageObject\",\"inLanguage\":\"es\",\"@id\":\"https:\\\/\\\/www.copealcoy.es\\\/es\\\/miguel-juan-reig-en-esta-legislatura-veran-la-luz-muchos-proyectos-que-ya-estan-en-marcha\\\/#primaryimage\",\"url\":\"\",\"contentUrl\":\"\"},{\"@type\":\"BreadcrumbList\",\"@id\":\"https:\\\/\\\/www.copealcoy.es\\\/es\\\/miguel-juan-reig-en-esta-legislatura-veran-la-luz-muchos-proyectos-que-ya-estan-en-marcha\\\/#breadcrumb\",\"itemListElement\":[{\"@type\":\"ListItem\",\"position\":1,\"name\":\"Portada\",\"item\":\"https:\\\/\\\/www.copealcoy.es\\\/es\\\/\"},{\"@type\":\"ListItem\",\"position\":2,\"name\":\"Miguel Juan Reig: &#8220;en esta legislatura ver\u00e1n la luz muchos proyectos que ya est\u00e1n en marcha&#8221;\"}]},{\"@type\":\"WebSite\",\"@id\":\"https:\\\/\\\/www.copealcoy.es\\\/es\\\/#website\",\"url\":\"https:\\\/\\\/www.copealcoy.es\\\/es\\\/\",\"name\":\"COPE Alcoy\",\"description\":\"Emisora COPE de radio local con emisi\u00f3n online. Pont de Sant Jordi 8-10 03803 Alcoy\",\"potentialAction\":[{\"@type\":\"SearchAction\",\"target\":{\"@type\":\"EntryPoint\",\"urlTemplate\":\"https:\\\/\\\/www.copealcoy.es\\\/es\\\/?s={search_term_string}\"},\"query-input\":{\"@type\":\"PropertyValueSpecification\",\"valueRequired\":true,\"valueName\":\"search_term_string\"}}],\"inLanguage\":\"es\"},{\"@type\":\"Person\",\"@id\":\"https:\\\/\\\/www.copealcoy.es\\\/es\\\/#\\\/schema\\\/person\\\/e777c87fa024e57d40170af9df39882c\",\"name\":\"Cope Alcoy\",\"image\":{\"@type\":\"ImageObject\",\"inLanguage\":\"es\",\"@id\":\"https:\\\/\\\/secure.gravatar.com\\\/avatar\\\/bb65d0283347e303893ba14f0692005417c1e0e690a325a4c5d8bb2b3943ee14?s=96&d=mm&r=g\",\"url\":\"https:\\\/\\\/secure.gravatar.com\\\/avatar\\\/bb65d0283347e303893ba14f0692005417c1e0e690a325a4c5d8bb2b3943ee14?s=96&d=mm&r=g\",\"contentUrl\":\"https:\\\/\\\/secure.gravatar.com\\\/avatar\\\/bb65d0283347e303893ba14f0692005417c1e0e690a325a4c5d8bb2b3943ee14?s=96&d=mm&r=g\",\"caption\":\"Cope Alcoy\"}}]}<\/script>\n<!-- \/ Yoast SEO plugin. -->","yoast_head_json":{"title":"Miguel Juan Reig: \"en esta legislatura ver\u00e1n la luz muchos proyectos que ya est\u00e1n en marcha\" - COPE Alcoy","robots":{"index":"index","follow":"follow","max-snippet":"max-snippet:-1","max-image-preview":"max-image-preview:large","max-video-preview":"max-video-preview:-1"},"canonical":"https:\/\/www.copealcoy.es\/es\/miguel-juan-reig-en-esta-legislatura-veran-la-luz-muchos-proyectos-que-ya-estan-en-marcha\/","og_locale":"es_ES","og_type":"article","og_title":"Miguel Juan Reig: \"en esta legislatura ver\u00e1n la luz muchos proyectos que ya est\u00e1n en marcha\" - COPE Alcoy","og_description":"El concejal de Deportes en el Ayuntamiento de Alcoy, Miguel Juan Reig, estuvo hace unos d\u00edas en #LaMa\u00f1anaEnAlcoy para explicarnos...","og_url":"https:\/\/www.copealcoy.es\/es\/miguel-juan-reig-en-esta-legislatura-veran-la-luz-muchos-proyectos-que-ya-estan-en-marcha\/","og_site_name":"COPE Alcoy","article_published_time":"2019-10-02T17:43:36+00:00","author":"Cope Alcoy","twitter_misc":{"Escrito por":"Cope Alcoy","Tiempo de lectura":"2 minutos"},"schema":{"@context":"https:\/\/schema.org","@graph":[{"@type":"Article","@id":"https:\/\/www.copealcoy.es\/es\/miguel-juan-reig-en-esta-legislatura-veran-la-luz-muchos-proyectos-que-ya-estan-en-marcha\/#article","isPartOf":{"@id":"https:\/\/www.copealcoy.es\/es\/miguel-juan-reig-en-esta-legislatura-veran-la-luz-muchos-proyectos-que-ya-estan-en-marcha\/"},"author":{"name":"Cope Alcoy","@id":"https:\/\/www.copealcoy.es\/es\/#\/schema\/person\/e777c87fa024e57d40170af9df39882c"},"headline":"Miguel Juan Reig: &#8220;en esta legislatura ver\u00e1n la luz muchos proyectos que ya est\u00e1n en marcha&#8221;","datePublished":"2019-10-02T17:43:36+00:00","mainEntityOfPage":{"@id":"https:\/\/www.copealcoy.es\/es\/miguel-juan-reig-en-esta-legislatura-veran-la-luz-muchos-proyectos-que-ya-estan-en-marcha\/"},"wordCount":350,"commentCount":0,"image":{"@id":"https:\/\/www.copealcoy.es\/es\/miguel-juan-reig-en-esta-legislatura-veran-la-luz-muchos-proyectos-que-ya-estan-en-marcha\/#primaryimage"},"thumbnailUrl":"","keywords":["concejal\u00eda de deportes","Deportes","Legislatura","Miguel Juan Reig"],"articleSection":["Alcoy","Deportes","Noticias"],"inLanguage":"es"},{"@type":"WebPage","@id":"https:\/\/www.copealcoy.es\/es\/miguel-juan-reig-en-esta-legislatura-veran-la-luz-muchos-proyectos-que-ya-estan-en-marcha\/","url":"https:\/\/www.copealcoy.es\/es\/miguel-juan-reig-en-esta-legislatura-veran-la-luz-muchos-proyectos-que-ya-estan-en-marcha\/","name":"Miguel Juan Reig: \"en esta legislatura ver\u00e1n la luz muchos proyectos que ya est\u00e1n en marcha\" - COPE Alcoy","isPartOf":{"@id":"https:\/\/www.copealcoy.es\/es\/#website"},"primaryImageOfPage":{"@id":"https:\/\/www.copealcoy.es\/es\/miguel-juan-reig-en-esta-legislatura-veran-la-luz-muchos-proyectos-que-ya-estan-en-marcha\/#primaryimage"},"image":{"@id":"https:\/\/www.copealcoy.es\/es\/miguel-juan-reig-en-esta-legislatura-veran-la-luz-muchos-proyectos-que-ya-estan-en-marcha\/#primaryimage"},"thumbnailUrl":"","datePublished":"2019-10-02T17:43:36+00:00","author":{"@id":"https:\/\/www.copealcoy.es\/es\/#\/schema\/person\/e777c87fa024e57d40170af9df39882c"},"breadcrumb":{"@id":"https:\/\/www.copealcoy.es\/es\/miguel-juan-reig-en-esta-legislatura-veran-la-luz-muchos-proyectos-que-ya-estan-en-marcha\/#breadcrumb"},"inLanguage":"es","potentialAction":[{"@type":"ReadAction","target":["https:\/\/www.copealcoy.es\/es\/miguel-juan-reig-en-esta-legislatura-veran-la-luz-muchos-proyectos-que-ya-estan-en-marcha\/"]}]},{"@type":"ImageObject","inLanguage":"es","@id":"https:\/\/www.copealcoy.es\/es\/miguel-juan-reig-en-esta-legislatura-veran-la-luz-muchos-proyectos-que-ya-estan-en-marcha\/#primaryimage","url":"","contentUrl":""},{"@type":"BreadcrumbList","@id":"https:\/\/www.copealcoy.es\/es\/miguel-juan-reig-en-esta-legislatura-veran-la-luz-muchos-proyectos-que-ya-estan-en-marcha\/#breadcrumb","itemListElement":[{"@type":"ListItem","position":1,"name":"Portada","item":"https:\/\/www.copealcoy.es\/es\/"},{"@type":"ListItem","position":2,"name":"Miguel Juan Reig: &#8220;en esta legislatura ver\u00e1n la luz muchos proyectos que ya est\u00e1n en marcha&#8221;"}]},{"@type":"WebSite","@id":"https:\/\/www.copealcoy.es\/es\/#website","url":"https:\/\/www.copealcoy.es\/es\/","name":"COPE Alcoy","description":"Emisora COPE de radio local con emisi\u00f3n online. Pont de Sant Jordi 8-10 03803 Alcoy","potentialAction":[{"@type":"SearchAction","target":{"@type":"EntryPoint","urlTemplate":"https:\/\/www.copealcoy.es\/es\/?s={search_term_string}"},"query-input":{"@type":"PropertyValueSpecification","valueRequired":true,"valueName":"search_term_string"}}],"inLanguage":"es"},{"@type":"Person","@id":"https:\/\/www.copealcoy.es\/es\/#\/schema\/person\/e777c87fa024e57d40170af9df39882c","name":"Cope Alcoy","image":{"@type":"ImageObject","inLanguage":"es","@id":"https:\/\/secure.gravatar.com\/avatar\/bb65d0283347e303893ba14f0692005417c1e0e690a325a4c5d8bb2b3943ee14?s=96&d=mm&r=g","url":"https:\/\/secure.gravatar.com\/avatar\/bb65d0283347e303893ba14f0692005417c1e0e690a325a4c5d8bb2b3943ee14?s=96&d=mm&r=g","contentUrl":"https:\/\/secure.gravatar.com\/avatar\/bb65d0283347e303893ba14f0692005417c1e0e690a325a4c5d8bb2b3943ee14?s=96&d=mm&r=g","caption":"Cope Alcoy"}}]}},"_links":{"self":[{"href":"https:\/\/www.copealcoy.es\/es\/wp-json\/wp\/v2\/posts\/55460","targetHints":{"allow":["GET"]}}],"collection":[{"href":"https:\/\/www.copealcoy.es\/es\/wp-json\/wp\/v2\/posts"}],"about":[{"href":"https:\/\/www.copealcoy.es\/es\/wp-json\/wp\/v2\/types\/post"}],"author":[{"embeddable":true,"href":"https:\/\/www.copealcoy.es\/es\/wp-json\/wp\/v2\/users\/1"}],"replies":[{"embeddable":true,"href":"https:\/\/www.copealcoy.es\/es\/wp-json\/wp\/v2\/comments?post=55460"}],"version-history":[{"count":0,"href":"https:\/\/www.copealcoy.es\/es\/wp-json\/wp\/v2\/posts\/55460\/revisions"}],"wp:featuredmedia":[{"embeddable":true,"href":"https:\/\/www.copealcoy.es\/es\/wp-json\/"}],"wp:attachment":[{"href":"https:\/\/www.copealcoy.es\/es\/wp-json\/wp\/v2\/media?parent=55460"}],"wp:term":[{"taxonomy":"category","embeddable":true,"href":"https:\/\/www.copealcoy.es\/es\/wp-json\/wp\/v2\/categories?post=55460"},{"taxonomy":"post_tag","embeddable":true,"href":"https:\/\/www.copealcoy.es\/es\/wp-json\/wp\/v2\/tags?post=55460"}],"curies":[{"name":"wp","href":"https:\/\/api.w.org\/{rel}","templated":true}]}}