{"id":55263,"date":"2019-09-26T20:00:45","date_gmt":"2019-09-26T20:00:45","guid":{"rendered":"https:\/\/copealcoi.es\/?p=55263"},"modified":"2019-09-26T20:00:45","modified_gmt":"2019-09-26T20:00:45","slug":"el-diamundialdelturismo-llega-tambien-a-alcoy","status":"publish","type":"post","link":"https:\/\/www.copealcoy.es\/es\/el-diamundialdelturismo-llega-tambien-a-alcoy\/","title":{"rendered":"El #D\u00edaMundialDelTurismo llega tambi\u00e9n a Alcoy"},"content":{"rendered":"<p style=\"text-align: justify;\">Alcoy se suma este fin de semana al <strong>#D\u00edaMundialDelTurismo<\/strong> y por este motivo se ha organizado <strong>un amplio abanico de actividades<\/strong> destinadas a toda la familia.<\/p>\n<p style=\"text-align: justify;\">La programaci\u00f3n contempla <strong>jornadas de puertas abiertas<\/strong> en el Museu Alcoi\u00e0 de la Festa (MAF), el Museo Arqueol\u00f3gico Camil Visedo, la Capilla del Antiguo Asilo, el Museo Provincial de Bomberos, el Museo Explora, la Colecci\u00f3n Museogr\u00e1fica de ISURUS, el Refugio de Cervantes y, por primera vez, el IVAM-CADA de Alcoy. Adem\u00e1s se podr\u00e1 disfrutar de iniciativas como <strong>una &#8216;Escape Room&#8217; en el Muboma<\/strong> basada en el incendio que sufrieron las instalaciones en 1.985 cuando eran todav\u00eda una f\u00e1brica mientras que no faltar\u00e1 <strong>la m\u00fasica jazz<\/strong> para amenizar la jornada en el IVAM-CADA y la mencionada Capilla del Antiguo Asilo &#8220;<em>Alcoy posee un gran potencial tur\u00edstico que se debe de dar a conocer a nuestros vecinos porque ellos son los verdaderos embajadores de todo lo que tiene esta ciudad<\/em>&#8220;, afirma la edil de Turismo; <strong>Lorena Zamorano<\/strong>.<\/p>\n<p style=\"text-align: justify;\">El #D\u00edaMundialdelTurismo incluye <strong>rutas guiadas por Alcoy<\/strong> y <strong>una cata en Mas\u00eda La Mota<\/strong> para conocer el aceite que se elabora en este enclave de la Font Roja e incluso en otros puntos de nuestras comarcas. Toda la programaci\u00f3n <strong>se puede consultar en el <span style=\"color: #0000ff;\"><a style=\"color: #0000ff;\" href=\"https:\/\/www.alcoyturismo.com\/alcoy\/web_php\/index.php?contenido=noticia_desc&amp;id=508\">portal web de turismo<\/a><\/span><\/strong> del Ayuntamiento de la ciudad.<\/p>\n<p><iframe loading=\"lazy\" title=\"RP Dia Mundial del Turisme 2019\" width=\"1200\" height=\"675\" src=\"https:\/\/www.youtube.com\/embed\/3MyEKUgbT24?feature=oembed\" frameborder=\"0\" allow=\"accelerometer; autoplay; encrypted-media; gyroscope; picture-in-picture\" allowfullscreen><\/iframe><\/p>\n","protected":false},"excerpt":{"rendered":"<p>Alcoy se suma este fin de semana al #D\u00edaMundialDelTurismo y por este motivo se ha organizado un amplio abanico de&#8230;<\/p>\n","protected":false},"author":1,"featured_media":55265,"comment_status":"open","ping_status":"open","sticky":false,"template":"","format":"standard","meta":{"footnotes":""},"categories":[97,78,75],"tags":[9242,1494,1796,514],"class_list":["post-55263","post","type-post","status-publish","format-standard","has-post-thumbnail","hentry","category-alcoy","category-fiestaycultura","category-noticias","tag-diamundialdelturismo","tag-alcoy","tag-lorena-zamorano","tag-turismo"],"yoast_head":"<!-- This site is optimized with the Yoast SEO plugin v27.3 - https:\/\/yoast.com\/product\/yoast-seo-wordpress\/ -->\n<title>El #D\u00edaMundialDelTurismo llega tambi\u00e9n a Alcoy - COPE Alcoy<\/title>\n<meta name=\"robots\" content=\"index, follow, max-snippet:-1, max-image-preview:large, max-video-preview:-1\" \/>\n<link rel=\"canonical\" href=\"https:\/\/www.copealcoy.es\/es\/el-diamundialdelturismo-llega-tambien-a-alcoy\/\" \/>\n<meta property=\"og:locale\" content=\"es_ES\" \/>\n<meta property=\"og:type\" content=\"article\" \/>\n<meta property=\"og:title\" content=\"El #D\u00edaMundialDelTurismo llega tambi\u00e9n a Alcoy - COPE Alcoy\" \/>\n<meta property=\"og:description\" content=\"Alcoy se suma este fin de semana al #D\u00edaMundialDelTurismo y por este motivo se ha organizado un amplio abanico de...\" \/>\n<meta property=\"og:url\" content=\"https:\/\/www.copealcoy.es\/es\/el-diamundialdelturismo-llega-tambien-a-alcoy\/\" \/>\n<meta property=\"og:site_name\" content=\"COPE Alcoy\" \/>\n<meta property=\"article:published_time\" content=\"2019-09-26T20:00:45+00:00\" \/>\n<meta name=\"author\" content=\"Cope Alcoy\" \/>\n<meta name=\"twitter:label1\" content=\"Escrito por\" \/>\n\t<meta name=\"twitter:data1\" content=\"Cope Alcoy\" \/>\n\t<meta name=\"twitter:label2\" content=\"Tiempo de lectura\" \/>\n\t<meta name=\"twitter:data2\" content=\"1 minuto\" \/>\n<script type=\"application\/ld+json\" class=\"yoast-schema-graph\">{\"@context\":\"https:\\\/\\\/schema.org\",\"@graph\":[{\"@type\":\"Article\",\"@id\":\"https:\\\/\\\/www.copealcoy.es\\\/es\\\/el-diamundialdelturismo-llega-tambien-a-alcoy\\\/#article\",\"isPartOf\":{\"@id\":\"https:\\\/\\\/www.copealcoy.es\\\/es\\\/el-diamundialdelturismo-llega-tambien-a-alcoy\\\/\"},\"author\":{\"name\":\"Cope Alcoy\",\"@id\":\"https:\\\/\\\/www.copealcoy.es\\\/es\\\/#\\\/schema\\\/person\\\/e777c87fa024e57d40170af9df39882c\"},\"headline\":\"El #D\u00edaMundialDelTurismo llega tambi\u00e9n a Alcoy\",\"datePublished\":\"2019-09-26T20:00:45+00:00\",\"mainEntityOfPage\":{\"@id\":\"https:\\\/\\\/www.copealcoy.es\\\/es\\\/el-diamundialdelturismo-llega-tambien-a-alcoy\\\/\"},\"wordCount\":241,\"commentCount\":0,\"image\":{\"@id\":\"https:\\\/\\\/www.copealcoy.es\\\/es\\\/el-diamundialdelturismo-llega-tambien-a-alcoy\\\/#primaryimage\"},\"thumbnailUrl\":\"\",\"keywords\":[\"#D\u00edaMundialDelTurismo\",\"Alcoy\",\"Lorena Zamorano\",\"Turismo\"],\"articleSection\":[\"Alcoy\",\"Fiesta y Cultura\",\"Noticias\"],\"inLanguage\":\"es\"},{\"@type\":\"WebPage\",\"@id\":\"https:\\\/\\\/www.copealcoy.es\\\/es\\\/el-diamundialdelturismo-llega-tambien-a-alcoy\\\/\",\"url\":\"https:\\\/\\\/www.copealcoy.es\\\/es\\\/el-diamundialdelturismo-llega-tambien-a-alcoy\\\/\",\"name\":\"El #D\u00edaMundialDelTurismo llega tambi\u00e9n a Alcoy - COPE Alcoy\",\"isPartOf\":{\"@id\":\"https:\\\/\\\/www.copealcoy.es\\\/es\\\/#website\"},\"primaryImageOfPage\":{\"@id\":\"https:\\\/\\\/www.copealcoy.es\\\/es\\\/el-diamundialdelturismo-llega-tambien-a-alcoy\\\/#primaryimage\"},\"image\":{\"@id\":\"https:\\\/\\\/www.copealcoy.es\\\/es\\\/el-diamundialdelturismo-llega-tambien-a-alcoy\\\/#primaryimage\"},\"thumbnailUrl\":\"\",\"datePublished\":\"2019-09-26T20:00:45+00:00\",\"author\":{\"@id\":\"https:\\\/\\\/www.copealcoy.es\\\/es\\\/#\\\/schema\\\/person\\\/e777c87fa024e57d40170af9df39882c\"},\"breadcrumb\":{\"@id\":\"https:\\\/\\\/www.copealcoy.es\\\/es\\\/el-diamundialdelturismo-llega-tambien-a-alcoy\\\/#breadcrumb\"},\"inLanguage\":\"es\",\"potentialAction\":[{\"@type\":\"ReadAction\",\"target\":[\"https:\\\/\\\/www.copealcoy.es\\\/es\\\/el-diamundialdelturismo-llega-tambien-a-alcoy\\\/\"]}]},{\"@type\":\"ImageObject\",\"inLanguage\":\"es\",\"@id\":\"https:\\\/\\\/www.copealcoy.es\\\/es\\\/el-diamundialdelturismo-llega-tambien-a-alcoy\\\/#primaryimage\",\"url\":\"\",\"contentUrl\":\"\"},{\"@type\":\"BreadcrumbList\",\"@id\":\"https:\\\/\\\/www.copealcoy.es\\\/es\\\/el-diamundialdelturismo-llega-tambien-a-alcoy\\\/#breadcrumb\",\"itemListElement\":[{\"@type\":\"ListItem\",\"position\":1,\"name\":\"Portada\",\"item\":\"https:\\\/\\\/www.copealcoy.es\\\/es\\\/\"},{\"@type\":\"ListItem\",\"position\":2,\"name\":\"El #D\u00edaMundialDelTurismo llega tambi\u00e9n a Alcoy\"}]},{\"@type\":\"WebSite\",\"@id\":\"https:\\\/\\\/www.copealcoy.es\\\/es\\\/#website\",\"url\":\"https:\\\/\\\/www.copealcoy.es\\\/es\\\/\",\"name\":\"COPE Alcoy\",\"description\":\"Emisora COPE de radio local con emisi\u00f3n online. Pont de Sant Jordi 8-10 03803 Alcoy\",\"potentialAction\":[{\"@type\":\"SearchAction\",\"target\":{\"@type\":\"EntryPoint\",\"urlTemplate\":\"https:\\\/\\\/www.copealcoy.es\\\/es\\\/?s={search_term_string}\"},\"query-input\":{\"@type\":\"PropertyValueSpecification\",\"valueRequired\":true,\"valueName\":\"search_term_string\"}}],\"inLanguage\":\"es\"},{\"@type\":\"Person\",\"@id\":\"https:\\\/\\\/www.copealcoy.es\\\/es\\\/#\\\/schema\\\/person\\\/e777c87fa024e57d40170af9df39882c\",\"name\":\"Cope Alcoy\",\"image\":{\"@type\":\"ImageObject\",\"inLanguage\":\"es\",\"@id\":\"https:\\\/\\\/secure.gravatar.com\\\/avatar\\\/bb65d0283347e303893ba14f0692005417c1e0e690a325a4c5d8bb2b3943ee14?s=96&d=mm&r=g\",\"url\":\"https:\\\/\\\/secure.gravatar.com\\\/avatar\\\/bb65d0283347e303893ba14f0692005417c1e0e690a325a4c5d8bb2b3943ee14?s=96&d=mm&r=g\",\"contentUrl\":\"https:\\\/\\\/secure.gravatar.com\\\/avatar\\\/bb65d0283347e303893ba14f0692005417c1e0e690a325a4c5d8bb2b3943ee14?s=96&d=mm&r=g\",\"caption\":\"Cope Alcoy\"}}]}<\/script>\n<!-- \/ Yoast SEO plugin. -->","yoast_head_json":{"title":"El #D\u00edaMundialDelTurismo llega tambi\u00e9n a Alcoy - COPE Alcoy","robots":{"index":"index","follow":"follow","max-snippet":"max-snippet:-1","max-image-preview":"max-image-preview:large","max-video-preview":"max-video-preview:-1"},"canonical":"https:\/\/www.copealcoy.es\/es\/el-diamundialdelturismo-llega-tambien-a-alcoy\/","og_locale":"es_ES","og_type":"article","og_title":"El #D\u00edaMundialDelTurismo llega tambi\u00e9n a Alcoy - COPE Alcoy","og_description":"Alcoy se suma este fin de semana al #D\u00edaMundialDelTurismo y por este motivo se ha organizado un amplio abanico de...","og_url":"https:\/\/www.copealcoy.es\/es\/el-diamundialdelturismo-llega-tambien-a-alcoy\/","og_site_name":"COPE Alcoy","article_published_time":"2019-09-26T20:00:45+00:00","author":"Cope Alcoy","twitter_misc":{"Escrito por":"Cope Alcoy","Tiempo de lectura":"1 minuto"},"schema":{"@context":"https:\/\/schema.org","@graph":[{"@type":"Article","@id":"https:\/\/www.copealcoy.es\/es\/el-diamundialdelturismo-llega-tambien-a-alcoy\/#article","isPartOf":{"@id":"https:\/\/www.copealcoy.es\/es\/el-diamundialdelturismo-llega-tambien-a-alcoy\/"},"author":{"name":"Cope Alcoy","@id":"https:\/\/www.copealcoy.es\/es\/#\/schema\/person\/e777c87fa024e57d40170af9df39882c"},"headline":"El #D\u00edaMundialDelTurismo llega tambi\u00e9n a Alcoy","datePublished":"2019-09-26T20:00:45+00:00","mainEntityOfPage":{"@id":"https:\/\/www.copealcoy.es\/es\/el-diamundialdelturismo-llega-tambien-a-alcoy\/"},"wordCount":241,"commentCount":0,"image":{"@id":"https:\/\/www.copealcoy.es\/es\/el-diamundialdelturismo-llega-tambien-a-alcoy\/#primaryimage"},"thumbnailUrl":"","keywords":["#D\u00edaMundialDelTurismo","Alcoy","Lorena Zamorano","Turismo"],"articleSection":["Alcoy","Fiesta y Cultura","Noticias"],"inLanguage":"es"},{"@type":"WebPage","@id":"https:\/\/www.copealcoy.es\/es\/el-diamundialdelturismo-llega-tambien-a-alcoy\/","url":"https:\/\/www.copealcoy.es\/es\/el-diamundialdelturismo-llega-tambien-a-alcoy\/","name":"El #D\u00edaMundialDelTurismo llega tambi\u00e9n a Alcoy - COPE Alcoy","isPartOf":{"@id":"https:\/\/www.copealcoy.es\/es\/#website"},"primaryImageOfPage":{"@id":"https:\/\/www.copealcoy.es\/es\/el-diamundialdelturismo-llega-tambien-a-alcoy\/#primaryimage"},"image":{"@id":"https:\/\/www.copealcoy.es\/es\/el-diamundialdelturismo-llega-tambien-a-alcoy\/#primaryimage"},"thumbnailUrl":"","datePublished":"2019-09-26T20:00:45+00:00","author":{"@id":"https:\/\/www.copealcoy.es\/es\/#\/schema\/person\/e777c87fa024e57d40170af9df39882c"},"breadcrumb":{"@id":"https:\/\/www.copealcoy.es\/es\/el-diamundialdelturismo-llega-tambien-a-alcoy\/#breadcrumb"},"inLanguage":"es","potentialAction":[{"@type":"ReadAction","target":["https:\/\/www.copealcoy.es\/es\/el-diamundialdelturismo-llega-tambien-a-alcoy\/"]}]},{"@type":"ImageObject","inLanguage":"es","@id":"https:\/\/www.copealcoy.es\/es\/el-diamundialdelturismo-llega-tambien-a-alcoy\/#primaryimage","url":"","contentUrl":""},{"@type":"BreadcrumbList","@id":"https:\/\/www.copealcoy.es\/es\/el-diamundialdelturismo-llega-tambien-a-alcoy\/#breadcrumb","itemListElement":[{"@type":"ListItem","position":1,"name":"Portada","item":"https:\/\/www.copealcoy.es\/es\/"},{"@type":"ListItem","position":2,"name":"El #D\u00edaMundialDelTurismo llega tambi\u00e9n a Alcoy"}]},{"@type":"WebSite","@id":"https:\/\/www.copealcoy.es\/es\/#website","url":"https:\/\/www.copealcoy.es\/es\/","name":"COPE Alcoy","description":"Emisora COPE de radio local con emisi\u00f3n online. Pont de Sant Jordi 8-10 03803 Alcoy","potentialAction":[{"@type":"SearchAction","target":{"@type":"EntryPoint","urlTemplate":"https:\/\/www.copealcoy.es\/es\/?s={search_term_string}"},"query-input":{"@type":"PropertyValueSpecification","valueRequired":true,"valueName":"search_term_string"}}],"inLanguage":"es"},{"@type":"Person","@id":"https:\/\/www.copealcoy.es\/es\/#\/schema\/person\/e777c87fa024e57d40170af9df39882c","name":"Cope Alcoy","image":{"@type":"ImageObject","inLanguage":"es","@id":"https:\/\/secure.gravatar.com\/avatar\/bb65d0283347e303893ba14f0692005417c1e0e690a325a4c5d8bb2b3943ee14?s=96&d=mm&r=g","url":"https:\/\/secure.gravatar.com\/avatar\/bb65d0283347e303893ba14f0692005417c1e0e690a325a4c5d8bb2b3943ee14?s=96&d=mm&r=g","contentUrl":"https:\/\/secure.gravatar.com\/avatar\/bb65d0283347e303893ba14f0692005417c1e0e690a325a4c5d8bb2b3943ee14?s=96&d=mm&r=g","caption":"Cope Alcoy"}}]}},"_links":{"self":[{"href":"https:\/\/www.copealcoy.es\/es\/wp-json\/wp\/v2\/posts\/55263","targetHints":{"allow":["GET"]}}],"collection":[{"href":"https:\/\/www.copealcoy.es\/es\/wp-json\/wp\/v2\/posts"}],"about":[{"href":"https:\/\/www.copealcoy.es\/es\/wp-json\/wp\/v2\/types\/post"}],"author":[{"embeddable":true,"href":"https:\/\/www.copealcoy.es\/es\/wp-json\/wp\/v2\/users\/1"}],"replies":[{"embeddable":true,"href":"https:\/\/www.copealcoy.es\/es\/wp-json\/wp\/v2\/comments?post=55263"}],"version-history":[{"count":0,"href":"https:\/\/www.copealcoy.es\/es\/wp-json\/wp\/v2\/posts\/55263\/revisions"}],"wp:featuredmedia":[{"embeddable":true,"href":"https:\/\/www.copealcoy.es\/es\/wp-json\/"}],"wp:attachment":[{"href":"https:\/\/www.copealcoy.es\/es\/wp-json\/wp\/v2\/media?parent=55263"}],"wp:term":[{"taxonomy":"category","embeddable":true,"href":"https:\/\/www.copealcoy.es\/es\/wp-json\/wp\/v2\/categories?post=55263"},{"taxonomy":"post_tag","embeddable":true,"href":"https:\/\/www.copealcoy.es\/es\/wp-json\/wp\/v2\/tags?post=55263"}],"curies":[{"name":"wp","href":"https:\/\/api.w.org\/{rel}","templated":true}]}}