{"id":55151,"date":"2019-09-24T12:00:10","date_gmt":"2019-09-24T12:00:10","guid":{"rendered":"https:\/\/copealcoi.es\/?p=55151"},"modified":"2019-09-24T12:00:10","modified_gmt":"2019-09-24T12:00:10","slug":"muro-inicia-una-nueva-campana-de-presupuestos-participativos-2","status":"publish","type":"post","link":"https:\/\/www.copealcoy.es\/es\/muro-inicia-una-nueva-campana-de-presupuestos-participativos-2\/","title":{"rendered":"Muro inicia una nueva campa\u00f1a de Presupuestos Participativos"},"content":{"rendered":"<p style=\"text-align: justify;\">El <strong>Ayuntamiento de Muro<\/strong> ha lanzado una nueva edici\u00f3n de <strong>la campa\u00f1a de los Presupuestos Participativos<\/strong> para la que <strong>se reservan 70.000 euros dentro del Presupuesto Municipal<\/strong> del pr\u00f3ximo a\u00f1o 2020.<\/p>\n<p style=\"text-align: justify;\">Desde el Consistorio murero recuerdan que los requisitos para poder participar en esta iniciativa pasan por <strong>tener 16 a\u00f1os cumplidos<\/strong> y <strong>estar empadronado<\/strong> en la poblaci\u00f3n. El periodo para recoger propuestas termina el <strong>17 de octubre<\/strong> y hasta el <strong>14 de noviembre<\/strong> los t\u00e9cnicos har\u00e1n la correspondiente validaci\u00f3n t\u00e9cnica. El <strong>d\u00eda 15<\/strong> de este \u00faltimo mes se informar\u00e1 de las ideas que son elegidas por ser viables mientras que <strong>entre el 18 de noviembre y el 5 de diciembre<\/strong> se podr\u00e1n votar aquellas que resulten seleccionadas &#8220;<em>estamos muy contentos de la respuesta de los vecinos en las \u00faltimas convocatorias, lo que habla positivamente de la consolidaci\u00f3n del proyecto y de un proceso que pretende dar la palabra al ciudadano en la b\u00fasqueda de una democracia m\u00e1s directa y horizontal. Animamos a toda la poblaci\u00f3n a implicarse en la construcci\u00f3n de nuestro pueblo, generando energ\u00eda social participativa mediante la realizaci\u00f3n y posterior votaci\u00f3n de propuestas beneficiosas para Mur<\/em>o&#8221;, afirmaba ayer en COPE ALCOY el edil de Participaci\u00f3n Ciudadana del Ayuntamiento de Muro; <strong>Kike Pascual<\/strong>.<\/p>\n<p style=\"text-align: justify;\">Indicar\u00a0que la participaci\u00f3n <strong>se puede hacer de forma presencial o \u00a0telem\u00e1ticamente<\/strong>\u00a0a trav\u00e9s del portal digital\u00a0<a href=\"http:\/\/www.muroparticipa.com\/\">www.muroparticipa.com<\/a>.<\/p>\n","protected":false},"excerpt":{"rendered":"<p>El Ayuntamiento de Muro ha lanzado una nueva edici\u00f3n de la campa\u00f1a de los Presupuestos Participativos para la que se&#8230;<\/p>\n","protected":false},"author":1,"featured_media":13595,"comment_status":"open","ping_status":"open","sticky":false,"template":"","format":"standard","meta":{"footnotes":""},"categories":[98,75],"tags":[199,3319,135,819],"class_list":["post-55151","post","type-post","status-publish","format-standard","has-post-thumbnail","hentry","category-comarcas","category-noticias","tag-campana","tag-kike-pascual","tag-muro","tag-presupuestos-participativos"],"yoast_head":"<!-- This site is optimized with the Yoast SEO plugin v27.3 - https:\/\/yoast.com\/product\/yoast-seo-wordpress\/ -->\n<title>Muro inicia una nueva campa\u00f1a de Presupuestos Participativos - COPE Alcoy<\/title>\n<meta name=\"robots\" content=\"index, follow, max-snippet:-1, max-image-preview:large, max-video-preview:-1\" \/>\n<link rel=\"canonical\" href=\"https:\/\/www.copealcoy.es\/es\/muro-inicia-una-nueva-campana-de-presupuestos-participativos-2\/\" \/>\n<meta property=\"og:locale\" content=\"es_ES\" \/>\n<meta property=\"og:type\" content=\"article\" \/>\n<meta property=\"og:title\" content=\"Muro inicia una nueva campa\u00f1a de Presupuestos Participativos - COPE Alcoy\" \/>\n<meta property=\"og:description\" content=\"El Ayuntamiento de Muro ha lanzado una nueva edici\u00f3n de la campa\u00f1a de los Presupuestos Participativos para la que se...\" \/>\n<meta property=\"og:url\" content=\"https:\/\/www.copealcoy.es\/es\/muro-inicia-una-nueva-campana-de-presupuestos-participativos-2\/\" \/>\n<meta property=\"og:site_name\" content=\"COPE Alcoy\" \/>\n<meta property=\"article:published_time\" content=\"2019-09-24T12:00:10+00:00\" \/>\n<meta property=\"og:image\" content=\"https:\/\/www.copealcoy.es\/wp-content\/uploads\/2015\/05\/image13-660x330.jpg\" \/>\n\t<meta property=\"og:image:width\" content=\"660\" \/>\n\t<meta property=\"og:image:height\" content=\"330\" \/>\n\t<meta property=\"og:image:type\" content=\"image\/jpeg\" \/>\n<meta name=\"author\" content=\"Cope Alcoy\" \/>\n<meta name=\"twitter:label1\" content=\"Escrito por\" \/>\n\t<meta name=\"twitter:data1\" content=\"Cope Alcoy\" \/>\n\t<meta name=\"twitter:label2\" content=\"Tiempo de lectura\" \/>\n\t<meta name=\"twitter:data2\" content=\"1 minuto\" \/>\n<script type=\"application\/ld+json\" class=\"yoast-schema-graph\">{\"@context\":\"https:\\\/\\\/schema.org\",\"@graph\":[{\"@type\":\"Article\",\"@id\":\"https:\\\/\\\/www.copealcoy.es\\\/es\\\/muro-inicia-una-nueva-campana-de-presupuestos-participativos-2\\\/#article\",\"isPartOf\":{\"@id\":\"https:\\\/\\\/www.copealcoy.es\\\/es\\\/muro-inicia-una-nueva-campana-de-presupuestos-participativos-2\\\/\"},\"author\":{\"name\":\"Cope Alcoy\",\"@id\":\"https:\\\/\\\/www.copealcoy.es\\\/es\\\/#\\\/schema\\\/person\\\/e777c87fa024e57d40170af9df39882c\"},\"headline\":\"Muro inicia una nueva campa\u00f1a de Presupuestos Participativos\",\"datePublished\":\"2019-09-24T12:00:10+00:00\",\"mainEntityOfPage\":{\"@id\":\"https:\\\/\\\/www.copealcoy.es\\\/es\\\/muro-inicia-una-nueva-campana-de-presupuestos-participativos-2\\\/\"},\"wordCount\":249,\"commentCount\":0,\"image\":{\"@id\":\"https:\\\/\\\/www.copealcoy.es\\\/es\\\/muro-inicia-una-nueva-campana-de-presupuestos-participativos-2\\\/#primaryimage\"},\"thumbnailUrl\":\"https:\\\/\\\/www.copealcoy.es\\\/wp-content\\\/uploads\\\/2015\\\/05\\\/image13-660x330.jpg\",\"keywords\":[\"Campa\u00f1a\",\"Kike Pascual\",\"Muro\",\"Presupuestos participativos\"],\"articleSection\":[\"Comarcas\",\"Noticias\"],\"inLanguage\":\"es\"},{\"@type\":\"WebPage\",\"@id\":\"https:\\\/\\\/www.copealcoy.es\\\/es\\\/muro-inicia-una-nueva-campana-de-presupuestos-participativos-2\\\/\",\"url\":\"https:\\\/\\\/www.copealcoy.es\\\/es\\\/muro-inicia-una-nueva-campana-de-presupuestos-participativos-2\\\/\",\"name\":\"Muro inicia una nueva campa\u00f1a de Presupuestos Participativos - COPE Alcoy\",\"isPartOf\":{\"@id\":\"https:\\\/\\\/www.copealcoy.es\\\/es\\\/#website\"},\"primaryImageOfPage\":{\"@id\":\"https:\\\/\\\/www.copealcoy.es\\\/es\\\/muro-inicia-una-nueva-campana-de-presupuestos-participativos-2\\\/#primaryimage\"},\"image\":{\"@id\":\"https:\\\/\\\/www.copealcoy.es\\\/es\\\/muro-inicia-una-nueva-campana-de-presupuestos-participativos-2\\\/#primaryimage\"},\"thumbnailUrl\":\"https:\\\/\\\/www.copealcoy.es\\\/wp-content\\\/uploads\\\/2015\\\/05\\\/image13-660x330.jpg\",\"datePublished\":\"2019-09-24T12:00:10+00:00\",\"author\":{\"@id\":\"https:\\\/\\\/www.copealcoy.es\\\/es\\\/#\\\/schema\\\/person\\\/e777c87fa024e57d40170af9df39882c\"},\"breadcrumb\":{\"@id\":\"https:\\\/\\\/www.copealcoy.es\\\/es\\\/muro-inicia-una-nueva-campana-de-presupuestos-participativos-2\\\/#breadcrumb\"},\"inLanguage\":\"es\",\"potentialAction\":[{\"@type\":\"ReadAction\",\"target\":[\"https:\\\/\\\/www.copealcoy.es\\\/es\\\/muro-inicia-una-nueva-campana-de-presupuestos-participativos-2\\\/\"]}]},{\"@type\":\"ImageObject\",\"inLanguage\":\"es\",\"@id\":\"https:\\\/\\\/www.copealcoy.es\\\/es\\\/muro-inicia-una-nueva-campana-de-presupuestos-participativos-2\\\/#primaryimage\",\"url\":\"https:\\\/\\\/www.copealcoy.es\\\/wp-content\\\/uploads\\\/2015\\\/05\\\/image13-660x330.jpg\",\"contentUrl\":\"https:\\\/\\\/www.copealcoy.es\\\/wp-content\\\/uploads\\\/2015\\\/05\\\/image13-660x330.jpg\",\"width\":660,\"height\":330,\"caption\":\"Ayuntamiento de Muro\"},{\"@type\":\"BreadcrumbList\",\"@id\":\"https:\\\/\\\/www.copealcoy.es\\\/es\\\/muro-inicia-una-nueva-campana-de-presupuestos-participativos-2\\\/#breadcrumb\",\"itemListElement\":[{\"@type\":\"ListItem\",\"position\":1,\"name\":\"Portada\",\"item\":\"https:\\\/\\\/www.copealcoy.es\\\/es\\\/\"},{\"@type\":\"ListItem\",\"position\":2,\"name\":\"Muro inicia una nueva campa\u00f1a de Presupuestos Participativos\"}]},{\"@type\":\"WebSite\",\"@id\":\"https:\\\/\\\/www.copealcoy.es\\\/es\\\/#website\",\"url\":\"https:\\\/\\\/www.copealcoy.es\\\/es\\\/\",\"name\":\"COPE Alcoy\",\"description\":\"Emisora COPE de radio local con emisi\u00f3n online. Pont de Sant Jordi 8-10 03803 Alcoy\",\"potentialAction\":[{\"@type\":\"SearchAction\",\"target\":{\"@type\":\"EntryPoint\",\"urlTemplate\":\"https:\\\/\\\/www.copealcoy.es\\\/es\\\/?s={search_term_string}\"},\"query-input\":{\"@type\":\"PropertyValueSpecification\",\"valueRequired\":true,\"valueName\":\"search_term_string\"}}],\"inLanguage\":\"es\"},{\"@type\":\"Person\",\"@id\":\"https:\\\/\\\/www.copealcoy.es\\\/es\\\/#\\\/schema\\\/person\\\/e777c87fa024e57d40170af9df39882c\",\"name\":\"Cope Alcoy\",\"image\":{\"@type\":\"ImageObject\",\"inLanguage\":\"es\",\"@id\":\"https:\\\/\\\/secure.gravatar.com\\\/avatar\\\/bb65d0283347e303893ba14f0692005417c1e0e690a325a4c5d8bb2b3943ee14?s=96&d=mm&r=g\",\"url\":\"https:\\\/\\\/secure.gravatar.com\\\/avatar\\\/bb65d0283347e303893ba14f0692005417c1e0e690a325a4c5d8bb2b3943ee14?s=96&d=mm&r=g\",\"contentUrl\":\"https:\\\/\\\/secure.gravatar.com\\\/avatar\\\/bb65d0283347e303893ba14f0692005417c1e0e690a325a4c5d8bb2b3943ee14?s=96&d=mm&r=g\",\"caption\":\"Cope Alcoy\"}}]}<\/script>\n<!-- \/ Yoast SEO plugin. -->","yoast_head_json":{"title":"Muro inicia una nueva campa\u00f1a de Presupuestos Participativos - COPE Alcoy","robots":{"index":"index","follow":"follow","max-snippet":"max-snippet:-1","max-image-preview":"max-image-preview:large","max-video-preview":"max-video-preview:-1"},"canonical":"https:\/\/www.copealcoy.es\/es\/muro-inicia-una-nueva-campana-de-presupuestos-participativos-2\/","og_locale":"es_ES","og_type":"article","og_title":"Muro inicia una nueva campa\u00f1a de Presupuestos Participativos - COPE Alcoy","og_description":"El Ayuntamiento de Muro ha lanzado una nueva edici\u00f3n de la campa\u00f1a de los Presupuestos Participativos para la que se...","og_url":"https:\/\/www.copealcoy.es\/es\/muro-inicia-una-nueva-campana-de-presupuestos-participativos-2\/","og_site_name":"COPE Alcoy","article_published_time":"2019-09-24T12:00:10+00:00","og_image":[{"width":660,"height":330,"url":"https:\/\/www.copealcoy.es\/wp-content\/uploads\/2015\/05\/image13-660x330.jpg","type":"image\/jpeg"}],"author":"Cope Alcoy","twitter_misc":{"Escrito por":"Cope Alcoy","Tiempo de lectura":"1 minuto"},"schema":{"@context":"https:\/\/schema.org","@graph":[{"@type":"Article","@id":"https:\/\/www.copealcoy.es\/es\/muro-inicia-una-nueva-campana-de-presupuestos-participativos-2\/#article","isPartOf":{"@id":"https:\/\/www.copealcoy.es\/es\/muro-inicia-una-nueva-campana-de-presupuestos-participativos-2\/"},"author":{"name":"Cope Alcoy","@id":"https:\/\/www.copealcoy.es\/es\/#\/schema\/person\/e777c87fa024e57d40170af9df39882c"},"headline":"Muro inicia una nueva campa\u00f1a de Presupuestos Participativos","datePublished":"2019-09-24T12:00:10+00:00","mainEntityOfPage":{"@id":"https:\/\/www.copealcoy.es\/es\/muro-inicia-una-nueva-campana-de-presupuestos-participativos-2\/"},"wordCount":249,"commentCount":0,"image":{"@id":"https:\/\/www.copealcoy.es\/es\/muro-inicia-una-nueva-campana-de-presupuestos-participativos-2\/#primaryimage"},"thumbnailUrl":"https:\/\/www.copealcoy.es\/wp-content\/uploads\/2015\/05\/image13-660x330.jpg","keywords":["Campa\u00f1a","Kike Pascual","Muro","Presupuestos participativos"],"articleSection":["Comarcas","Noticias"],"inLanguage":"es"},{"@type":"WebPage","@id":"https:\/\/www.copealcoy.es\/es\/muro-inicia-una-nueva-campana-de-presupuestos-participativos-2\/","url":"https:\/\/www.copealcoy.es\/es\/muro-inicia-una-nueva-campana-de-presupuestos-participativos-2\/","name":"Muro inicia una nueva campa\u00f1a de Presupuestos Participativos - COPE Alcoy","isPartOf":{"@id":"https:\/\/www.copealcoy.es\/es\/#website"},"primaryImageOfPage":{"@id":"https:\/\/www.copealcoy.es\/es\/muro-inicia-una-nueva-campana-de-presupuestos-participativos-2\/#primaryimage"},"image":{"@id":"https:\/\/www.copealcoy.es\/es\/muro-inicia-una-nueva-campana-de-presupuestos-participativos-2\/#primaryimage"},"thumbnailUrl":"https:\/\/www.copealcoy.es\/wp-content\/uploads\/2015\/05\/image13-660x330.jpg","datePublished":"2019-09-24T12:00:10+00:00","author":{"@id":"https:\/\/www.copealcoy.es\/es\/#\/schema\/person\/e777c87fa024e57d40170af9df39882c"},"breadcrumb":{"@id":"https:\/\/www.copealcoy.es\/es\/muro-inicia-una-nueva-campana-de-presupuestos-participativos-2\/#breadcrumb"},"inLanguage":"es","potentialAction":[{"@type":"ReadAction","target":["https:\/\/www.copealcoy.es\/es\/muro-inicia-una-nueva-campana-de-presupuestos-participativos-2\/"]}]},{"@type":"ImageObject","inLanguage":"es","@id":"https:\/\/www.copealcoy.es\/es\/muro-inicia-una-nueva-campana-de-presupuestos-participativos-2\/#primaryimage","url":"https:\/\/www.copealcoy.es\/wp-content\/uploads\/2015\/05\/image13-660x330.jpg","contentUrl":"https:\/\/www.copealcoy.es\/wp-content\/uploads\/2015\/05\/image13-660x330.jpg","width":660,"height":330,"caption":"Ayuntamiento de Muro"},{"@type":"BreadcrumbList","@id":"https:\/\/www.copealcoy.es\/es\/muro-inicia-una-nueva-campana-de-presupuestos-participativos-2\/#breadcrumb","itemListElement":[{"@type":"ListItem","position":1,"name":"Portada","item":"https:\/\/www.copealcoy.es\/es\/"},{"@type":"ListItem","position":2,"name":"Muro inicia una nueva campa\u00f1a de Presupuestos Participativos"}]},{"@type":"WebSite","@id":"https:\/\/www.copealcoy.es\/es\/#website","url":"https:\/\/www.copealcoy.es\/es\/","name":"COPE Alcoy","description":"Emisora COPE de radio local con emisi\u00f3n online. Pont de Sant Jordi 8-10 03803 Alcoy","potentialAction":[{"@type":"SearchAction","target":{"@type":"EntryPoint","urlTemplate":"https:\/\/www.copealcoy.es\/es\/?s={search_term_string}"},"query-input":{"@type":"PropertyValueSpecification","valueRequired":true,"valueName":"search_term_string"}}],"inLanguage":"es"},{"@type":"Person","@id":"https:\/\/www.copealcoy.es\/es\/#\/schema\/person\/e777c87fa024e57d40170af9df39882c","name":"Cope Alcoy","image":{"@type":"ImageObject","inLanguage":"es","@id":"https:\/\/secure.gravatar.com\/avatar\/bb65d0283347e303893ba14f0692005417c1e0e690a325a4c5d8bb2b3943ee14?s=96&d=mm&r=g","url":"https:\/\/secure.gravatar.com\/avatar\/bb65d0283347e303893ba14f0692005417c1e0e690a325a4c5d8bb2b3943ee14?s=96&d=mm&r=g","contentUrl":"https:\/\/secure.gravatar.com\/avatar\/bb65d0283347e303893ba14f0692005417c1e0e690a325a4c5d8bb2b3943ee14?s=96&d=mm&r=g","caption":"Cope Alcoy"}}]}},"_links":{"self":[{"href":"https:\/\/www.copealcoy.es\/es\/wp-json\/wp\/v2\/posts\/55151","targetHints":{"allow":["GET"]}}],"collection":[{"href":"https:\/\/www.copealcoy.es\/es\/wp-json\/wp\/v2\/posts"}],"about":[{"href":"https:\/\/www.copealcoy.es\/es\/wp-json\/wp\/v2\/types\/post"}],"author":[{"embeddable":true,"href":"https:\/\/www.copealcoy.es\/es\/wp-json\/wp\/v2\/users\/1"}],"replies":[{"embeddable":true,"href":"https:\/\/www.copealcoy.es\/es\/wp-json\/wp\/v2\/comments?post=55151"}],"version-history":[{"count":0,"href":"https:\/\/www.copealcoy.es\/es\/wp-json\/wp\/v2\/posts\/55151\/revisions"}],"wp:featuredmedia":[{"embeddable":true,"href":"https:\/\/www.copealcoy.es\/es\/wp-json\/wp\/v2\/media\/13595"}],"wp:attachment":[{"href":"https:\/\/www.copealcoy.es\/es\/wp-json\/wp\/v2\/media?parent=55151"}],"wp:term":[{"taxonomy":"category","embeddable":true,"href":"https:\/\/www.copealcoy.es\/es\/wp-json\/wp\/v2\/categories?post=55151"},{"taxonomy":"post_tag","embeddable":true,"href":"https:\/\/www.copealcoy.es\/es\/wp-json\/wp\/v2\/tags?post=55151"}],"curies":[{"name":"wp","href":"https:\/\/api.w.org\/{rel}","templated":true}]}}