{"id":55148,"date":"2019-09-23T15:15:15","date_gmt":"2019-09-23T15:15:15","guid":{"rendered":"https:\/\/copealcoi.es\/?p=55148"},"modified":"2019-09-23T15:15:15","modified_gmt":"2019-09-23T15:15:15","slug":"el-cd-alcoyano-suma-su-quinta-victoria-consecutiva-ante-el-cd-roda","status":"publish","type":"post","link":"https:\/\/www.copealcoy.es\/es\/el-cd-alcoyano-suma-su-quinta-victoria-consecutiva-ante-el-cd-roda\/","title":{"rendered":"El CD Alcoyano suma su quinta victoria consecutiva ante el CD Roda"},"content":{"rendered":"<p><em>Cr\u00f3nica del CD Alcoyano<\/em><\/p>\n<p style=\"text-align: justify;\">El <strong>C.D. Alcoyano<\/strong> ha logrado una goleada en la tarde de hoy, en un partido donde ha dominado desde el inicio hasta el final de los 90 minutos. <strong>Ra\u00fal y Rub\u00e9n<\/strong> Garc\u00e9s en la primera parte, y <strong>\u00d3scar D\u00edaz y Fran Machado<\/strong> en la segunda mitad, han sido los autores de los goles.<\/p>\n<p style=\"text-align: justify;\">El Deportivo ha salido al campo con la intenci\u00f3n de llevar el control del juego desde el pitido inicial. Mucha profundidad por banda derecha principalmente, llevaba el peligro en los primero minutos del encuentro. Precisamente una de esas jugadas por banda ha acabado en saque de esquina. Desde el corner, un centro medido por parte de <strong>Acevedo<\/strong>, ha sido rematado por <strong>Ra\u00fal <\/strong>abriendo el marcador.<\/p>\n<p style=\"text-align: justify;\">Los blanquiazules segu\u00edan llegando al \u00e1rea rival, pero no consegu\u00edan acertar con el \u00faltimo pase, que les distanciar\u00eda m\u00e1s en el marcador. A bal\u00f3n parado ha llegado tambi\u00e9n el segundo gol, otra vez <strong>Acevedo <\/strong>ha sacado de su zurda un centro medido y<strong> Rub\u00e9n Garc\u00e9s <\/strong>imponi\u00e9ndose a su defensor, ha conseguido batir el marco rival.<\/p>\n<p style=\"text-align: justify;\">La distancia en el marcador no ha hecho que el Alcoyano se relajara, ha seguido generando oportunidades sobre el marco rival. Una chilena de <strong>Acevedo <\/strong>y un disparo a bocajarro de <strong>Jony <\/strong>que ha desviado el portero con apuros, han sido las m\u00e1s peligrosas antes del descanso.<\/p>\n<p style=\"text-align: justify;\">Con la ventaja de dos goles se llegaba al merecido paso por vestuarios, los jugadores del Deportivo no deb\u00edan relajarse por la distancia en el marcador, y no lo han hecho en la segunda mitad.<\/p>\n<p style=\"text-align: justify;\">El conjunto de<strong> Vicente Parras<\/strong> ha dominado los segundos 45 minutos, siendo muy superiores al rival. El bal\u00f3n ten\u00eda un claro due\u00f1o en el partido de hoy, y el Deportivo mov\u00eda la pelota intentando buscar el hueco en la defensa rival.<\/p>\n<p style=\"text-align: justify;\">En un saque de banda que <strong>Devesa<\/strong> ha puesto r\u00e1pidamente, el esf\u00e9rico le ha llegado a <strong>Ruba <\/strong>que ha mandado un pase perfecto a <strong>\u00d3scar D\u00edaz<\/strong> que cuando se ha plantado delante del portero, ha disparado con violencia sin que el portero pudiera hacer nada para que el tercer gol subiera al marcador.<\/p>\n<p style=\"text-align: justify;\">Los locales no se han dejado llevar por la ventaja en el marcador y han seguido generando peligro, un disparo de <strong>Acevedo <\/strong>al palo de la porter\u00eda visitante y una gran jugada colectiva donde <strong>\u00d3scar D\u00edaz<\/strong> no ha conseguido encontrar rematador tras el pase de la muerte han sido las m\u00e1s destacables.<\/p>\n<p style=\"text-align: justify;\">Cuando parec\u00eda que el marcador no se iba a mover m\u00e1s, un pase en profundidad a <strong>Pau Franch<\/strong>, le ha servido al delantero del Alcoyano para dejar el bal\u00f3n atr\u00e1s y que <strong>Fran Machado<\/strong> cerrara el partido con el cuarto gol.<\/p>\n<p style=\"text-align: justify;\">Partido muy completo del Deportivo, que le permite seguir con la din\u00e1mica tan positiva, tras lograr 5 victorias en 5 jornadas, manteni\u00e9ndose l\u00edder en solitario en la tabla clasificatoria.<\/p>\n<p style=\"text-align: justify;\">C.D. Alcoyano: <strong>Jos\u00e9 Juan, Devesa, Ra\u00fal, Garc\u00e9s, Navarro, Jony, Molt\u00f3 ( 77\u2019 Aracil), Ruba, Acevedo, Juli (61\u2019 Fran Machado),\u00d3scar D\u00edaz( 69\u2019 Pau Franch).<\/strong><\/p>\n<p style=\"text-align: justify;\">C.D. Roda : <strong>Zagala, Luis Ruiz, Alberto Ramos, Adri\u00e1n, \u00c1ngel, Lado, Iv\u00e1n, Piera (52\u2019 Mol\u00e9s), Borja (57\u2019 Carlos), Pallar\u00e9s (34\u2019 Blanco), Iker.<\/strong><\/p>\n<p style=\"text-align: justify;\">El colegiado del encuentro<strong> D. Andr\u00e9s Fuentes Molina<\/strong>, ha amonestado por parte local a <strong>Jony <\/strong>y a <strong>Iv\u00e1n <\/strong>por parte de los visitantes.<\/p>\n","protected":false},"excerpt":{"rendered":"<p>Cr\u00f3nica del CD Alcoyano El C.D. Alcoyano ha logrado una goleada en la tarde de hoy, en un partido donde&#8230;<\/p>\n","protected":false},"author":1,"featured_media":55149,"comment_status":"open","ping_status":"open","sticky":false,"template":"","format":"standard","meta":{"footnotes":""},"categories":[97,92,75],"tags":[1494,2118,7115,9220],"class_list":["post-55148","post","type-post","status-publish","format-standard","has-post-thumbnail","hentry","category-alcoy","category-deportes","category-noticias","tag-alcoy","tag-cd-alcoyano","tag-cd-roda","tag-quinta-victoria-consecutiva"],"yoast_head":"<!-- This site is optimized with the Yoast SEO plugin v27.3 - https:\/\/yoast.com\/product\/yoast-seo-wordpress\/ -->\n<title>El CD Alcoyano suma su quinta victoria consecutiva ante el CD Roda - COPE Alcoy<\/title>\n<meta name=\"robots\" content=\"index, follow, max-snippet:-1, max-image-preview:large, max-video-preview:-1\" \/>\n<link rel=\"canonical\" href=\"https:\/\/www.copealcoy.es\/es\/el-cd-alcoyano-suma-su-quinta-victoria-consecutiva-ante-el-cd-roda\/\" \/>\n<meta property=\"og:locale\" content=\"es_ES\" \/>\n<meta property=\"og:type\" content=\"article\" \/>\n<meta property=\"og:title\" content=\"El CD Alcoyano suma su quinta victoria consecutiva ante el CD Roda - COPE Alcoy\" \/>\n<meta property=\"og:description\" content=\"Cr\u00f3nica del CD Alcoyano El C.D. Alcoyano ha logrado una goleada en la tarde de hoy, en un partido donde...\" \/>\n<meta property=\"og:url\" content=\"https:\/\/www.copealcoy.es\/es\/el-cd-alcoyano-suma-su-quinta-victoria-consecutiva-ante-el-cd-roda\/\" \/>\n<meta property=\"og:site_name\" content=\"COPE Alcoy\" \/>\n<meta property=\"article:published_time\" content=\"2019-09-23T15:15:15+00:00\" \/>\n<meta name=\"author\" content=\"Cope Alcoy\" \/>\n<meta name=\"twitter:label1\" content=\"Escrito por\" \/>\n\t<meta name=\"twitter:data1\" content=\"Cope Alcoy\" \/>\n\t<meta name=\"twitter:label2\" content=\"Tiempo de lectura\" \/>\n\t<meta name=\"twitter:data2\" content=\"3 minutos\" \/>\n<script type=\"application\/ld+json\" class=\"yoast-schema-graph\">{\"@context\":\"https:\\\/\\\/schema.org\",\"@graph\":[{\"@type\":\"Article\",\"@id\":\"https:\\\/\\\/www.copealcoy.es\\\/es\\\/el-cd-alcoyano-suma-su-quinta-victoria-consecutiva-ante-el-cd-roda\\\/#article\",\"isPartOf\":{\"@id\":\"https:\\\/\\\/www.copealcoy.es\\\/es\\\/el-cd-alcoyano-suma-su-quinta-victoria-consecutiva-ante-el-cd-roda\\\/\"},\"author\":{\"name\":\"Cope Alcoy\",\"@id\":\"https:\\\/\\\/www.copealcoy.es\\\/es\\\/#\\\/schema\\\/person\\\/e777c87fa024e57d40170af9df39882c\"},\"headline\":\"El CD Alcoyano suma su quinta victoria consecutiva ante el CD Roda\",\"datePublished\":\"2019-09-23T15:15:15+00:00\",\"mainEntityOfPage\":{\"@id\":\"https:\\\/\\\/www.copealcoy.es\\\/es\\\/el-cd-alcoyano-suma-su-quinta-victoria-consecutiva-ante-el-cd-roda\\\/\"},\"wordCount\":591,\"commentCount\":0,\"image\":{\"@id\":\"https:\\\/\\\/www.copealcoy.es\\\/es\\\/el-cd-alcoyano-suma-su-quinta-victoria-consecutiva-ante-el-cd-roda\\\/#primaryimage\"},\"thumbnailUrl\":\"\",\"keywords\":[\"Alcoy\",\"CD Alcoyano\",\"CD Roda\",\"quinta victoria consecutiva\"],\"articleSection\":[\"Alcoy\",\"Deportes\",\"Noticias\"],\"inLanguage\":\"es\"},{\"@type\":\"WebPage\",\"@id\":\"https:\\\/\\\/www.copealcoy.es\\\/es\\\/el-cd-alcoyano-suma-su-quinta-victoria-consecutiva-ante-el-cd-roda\\\/\",\"url\":\"https:\\\/\\\/www.copealcoy.es\\\/es\\\/el-cd-alcoyano-suma-su-quinta-victoria-consecutiva-ante-el-cd-roda\\\/\",\"name\":\"El CD Alcoyano suma su quinta victoria consecutiva ante el CD Roda - COPE Alcoy\",\"isPartOf\":{\"@id\":\"https:\\\/\\\/www.copealcoy.es\\\/es\\\/#website\"},\"primaryImageOfPage\":{\"@id\":\"https:\\\/\\\/www.copealcoy.es\\\/es\\\/el-cd-alcoyano-suma-su-quinta-victoria-consecutiva-ante-el-cd-roda\\\/#primaryimage\"},\"image\":{\"@id\":\"https:\\\/\\\/www.copealcoy.es\\\/es\\\/el-cd-alcoyano-suma-su-quinta-victoria-consecutiva-ante-el-cd-roda\\\/#primaryimage\"},\"thumbnailUrl\":\"\",\"datePublished\":\"2019-09-23T15:15:15+00:00\",\"author\":{\"@id\":\"https:\\\/\\\/www.copealcoy.es\\\/es\\\/#\\\/schema\\\/person\\\/e777c87fa024e57d40170af9df39882c\"},\"breadcrumb\":{\"@id\":\"https:\\\/\\\/www.copealcoy.es\\\/es\\\/el-cd-alcoyano-suma-su-quinta-victoria-consecutiva-ante-el-cd-roda\\\/#breadcrumb\"},\"inLanguage\":\"es\",\"potentialAction\":[{\"@type\":\"ReadAction\",\"target\":[\"https:\\\/\\\/www.copealcoy.es\\\/es\\\/el-cd-alcoyano-suma-su-quinta-victoria-consecutiva-ante-el-cd-roda\\\/\"]}]},{\"@type\":\"ImageObject\",\"inLanguage\":\"es\",\"@id\":\"https:\\\/\\\/www.copealcoy.es\\\/es\\\/el-cd-alcoyano-suma-su-quinta-victoria-consecutiva-ante-el-cd-roda\\\/#primaryimage\",\"url\":\"\",\"contentUrl\":\"\"},{\"@type\":\"BreadcrumbList\",\"@id\":\"https:\\\/\\\/www.copealcoy.es\\\/es\\\/el-cd-alcoyano-suma-su-quinta-victoria-consecutiva-ante-el-cd-roda\\\/#breadcrumb\",\"itemListElement\":[{\"@type\":\"ListItem\",\"position\":1,\"name\":\"Portada\",\"item\":\"https:\\\/\\\/www.copealcoy.es\\\/es\\\/\"},{\"@type\":\"ListItem\",\"position\":2,\"name\":\"El CD Alcoyano suma su quinta victoria consecutiva ante el CD Roda\"}]},{\"@type\":\"WebSite\",\"@id\":\"https:\\\/\\\/www.copealcoy.es\\\/es\\\/#website\",\"url\":\"https:\\\/\\\/www.copealcoy.es\\\/es\\\/\",\"name\":\"COPE Alcoy\",\"description\":\"Emisora COPE de radio local con emisi\u00f3n online. Pont de Sant Jordi 8-10 03803 Alcoy\",\"potentialAction\":[{\"@type\":\"SearchAction\",\"target\":{\"@type\":\"EntryPoint\",\"urlTemplate\":\"https:\\\/\\\/www.copealcoy.es\\\/es\\\/?s={search_term_string}\"},\"query-input\":{\"@type\":\"PropertyValueSpecification\",\"valueRequired\":true,\"valueName\":\"search_term_string\"}}],\"inLanguage\":\"es\"},{\"@type\":\"Person\",\"@id\":\"https:\\\/\\\/www.copealcoy.es\\\/es\\\/#\\\/schema\\\/person\\\/e777c87fa024e57d40170af9df39882c\",\"name\":\"Cope Alcoy\",\"image\":{\"@type\":\"ImageObject\",\"inLanguage\":\"es\",\"@id\":\"https:\\\/\\\/secure.gravatar.com\\\/avatar\\\/bb65d0283347e303893ba14f0692005417c1e0e690a325a4c5d8bb2b3943ee14?s=96&d=mm&r=g\",\"url\":\"https:\\\/\\\/secure.gravatar.com\\\/avatar\\\/bb65d0283347e303893ba14f0692005417c1e0e690a325a4c5d8bb2b3943ee14?s=96&d=mm&r=g\",\"contentUrl\":\"https:\\\/\\\/secure.gravatar.com\\\/avatar\\\/bb65d0283347e303893ba14f0692005417c1e0e690a325a4c5d8bb2b3943ee14?s=96&d=mm&r=g\",\"caption\":\"Cope Alcoy\"}}]}<\/script>\n<!-- \/ Yoast SEO plugin. -->","yoast_head_json":{"title":"El CD Alcoyano suma su quinta victoria consecutiva ante el CD Roda - COPE Alcoy","robots":{"index":"index","follow":"follow","max-snippet":"max-snippet:-1","max-image-preview":"max-image-preview:large","max-video-preview":"max-video-preview:-1"},"canonical":"https:\/\/www.copealcoy.es\/es\/el-cd-alcoyano-suma-su-quinta-victoria-consecutiva-ante-el-cd-roda\/","og_locale":"es_ES","og_type":"article","og_title":"El CD Alcoyano suma su quinta victoria consecutiva ante el CD Roda - COPE Alcoy","og_description":"Cr\u00f3nica del CD Alcoyano El C.D. Alcoyano ha logrado una goleada en la tarde de hoy, en un partido donde...","og_url":"https:\/\/www.copealcoy.es\/es\/el-cd-alcoyano-suma-su-quinta-victoria-consecutiva-ante-el-cd-roda\/","og_site_name":"COPE Alcoy","article_published_time":"2019-09-23T15:15:15+00:00","author":"Cope Alcoy","twitter_misc":{"Escrito por":"Cope Alcoy","Tiempo de lectura":"3 minutos"},"schema":{"@context":"https:\/\/schema.org","@graph":[{"@type":"Article","@id":"https:\/\/www.copealcoy.es\/es\/el-cd-alcoyano-suma-su-quinta-victoria-consecutiva-ante-el-cd-roda\/#article","isPartOf":{"@id":"https:\/\/www.copealcoy.es\/es\/el-cd-alcoyano-suma-su-quinta-victoria-consecutiva-ante-el-cd-roda\/"},"author":{"name":"Cope Alcoy","@id":"https:\/\/www.copealcoy.es\/es\/#\/schema\/person\/e777c87fa024e57d40170af9df39882c"},"headline":"El CD Alcoyano suma su quinta victoria consecutiva ante el CD Roda","datePublished":"2019-09-23T15:15:15+00:00","mainEntityOfPage":{"@id":"https:\/\/www.copealcoy.es\/es\/el-cd-alcoyano-suma-su-quinta-victoria-consecutiva-ante-el-cd-roda\/"},"wordCount":591,"commentCount":0,"image":{"@id":"https:\/\/www.copealcoy.es\/es\/el-cd-alcoyano-suma-su-quinta-victoria-consecutiva-ante-el-cd-roda\/#primaryimage"},"thumbnailUrl":"","keywords":["Alcoy","CD Alcoyano","CD Roda","quinta victoria consecutiva"],"articleSection":["Alcoy","Deportes","Noticias"],"inLanguage":"es"},{"@type":"WebPage","@id":"https:\/\/www.copealcoy.es\/es\/el-cd-alcoyano-suma-su-quinta-victoria-consecutiva-ante-el-cd-roda\/","url":"https:\/\/www.copealcoy.es\/es\/el-cd-alcoyano-suma-su-quinta-victoria-consecutiva-ante-el-cd-roda\/","name":"El CD Alcoyano suma su quinta victoria consecutiva ante el CD Roda - COPE Alcoy","isPartOf":{"@id":"https:\/\/www.copealcoy.es\/es\/#website"},"primaryImageOfPage":{"@id":"https:\/\/www.copealcoy.es\/es\/el-cd-alcoyano-suma-su-quinta-victoria-consecutiva-ante-el-cd-roda\/#primaryimage"},"image":{"@id":"https:\/\/www.copealcoy.es\/es\/el-cd-alcoyano-suma-su-quinta-victoria-consecutiva-ante-el-cd-roda\/#primaryimage"},"thumbnailUrl":"","datePublished":"2019-09-23T15:15:15+00:00","author":{"@id":"https:\/\/www.copealcoy.es\/es\/#\/schema\/person\/e777c87fa024e57d40170af9df39882c"},"breadcrumb":{"@id":"https:\/\/www.copealcoy.es\/es\/el-cd-alcoyano-suma-su-quinta-victoria-consecutiva-ante-el-cd-roda\/#breadcrumb"},"inLanguage":"es","potentialAction":[{"@type":"ReadAction","target":["https:\/\/www.copealcoy.es\/es\/el-cd-alcoyano-suma-su-quinta-victoria-consecutiva-ante-el-cd-roda\/"]}]},{"@type":"ImageObject","inLanguage":"es","@id":"https:\/\/www.copealcoy.es\/es\/el-cd-alcoyano-suma-su-quinta-victoria-consecutiva-ante-el-cd-roda\/#primaryimage","url":"","contentUrl":""},{"@type":"BreadcrumbList","@id":"https:\/\/www.copealcoy.es\/es\/el-cd-alcoyano-suma-su-quinta-victoria-consecutiva-ante-el-cd-roda\/#breadcrumb","itemListElement":[{"@type":"ListItem","position":1,"name":"Portada","item":"https:\/\/www.copealcoy.es\/es\/"},{"@type":"ListItem","position":2,"name":"El CD Alcoyano suma su quinta victoria consecutiva ante el CD Roda"}]},{"@type":"WebSite","@id":"https:\/\/www.copealcoy.es\/es\/#website","url":"https:\/\/www.copealcoy.es\/es\/","name":"COPE Alcoy","description":"Emisora COPE de radio local con emisi\u00f3n online. Pont de Sant Jordi 8-10 03803 Alcoy","potentialAction":[{"@type":"SearchAction","target":{"@type":"EntryPoint","urlTemplate":"https:\/\/www.copealcoy.es\/es\/?s={search_term_string}"},"query-input":{"@type":"PropertyValueSpecification","valueRequired":true,"valueName":"search_term_string"}}],"inLanguage":"es"},{"@type":"Person","@id":"https:\/\/www.copealcoy.es\/es\/#\/schema\/person\/e777c87fa024e57d40170af9df39882c","name":"Cope Alcoy","image":{"@type":"ImageObject","inLanguage":"es","@id":"https:\/\/secure.gravatar.com\/avatar\/bb65d0283347e303893ba14f0692005417c1e0e690a325a4c5d8bb2b3943ee14?s=96&d=mm&r=g","url":"https:\/\/secure.gravatar.com\/avatar\/bb65d0283347e303893ba14f0692005417c1e0e690a325a4c5d8bb2b3943ee14?s=96&d=mm&r=g","contentUrl":"https:\/\/secure.gravatar.com\/avatar\/bb65d0283347e303893ba14f0692005417c1e0e690a325a4c5d8bb2b3943ee14?s=96&d=mm&r=g","caption":"Cope Alcoy"}}]}},"_links":{"self":[{"href":"https:\/\/www.copealcoy.es\/es\/wp-json\/wp\/v2\/posts\/55148","targetHints":{"allow":["GET"]}}],"collection":[{"href":"https:\/\/www.copealcoy.es\/es\/wp-json\/wp\/v2\/posts"}],"about":[{"href":"https:\/\/www.copealcoy.es\/es\/wp-json\/wp\/v2\/types\/post"}],"author":[{"embeddable":true,"href":"https:\/\/www.copealcoy.es\/es\/wp-json\/wp\/v2\/users\/1"}],"replies":[{"embeddable":true,"href":"https:\/\/www.copealcoy.es\/es\/wp-json\/wp\/v2\/comments?post=55148"}],"version-history":[{"count":0,"href":"https:\/\/www.copealcoy.es\/es\/wp-json\/wp\/v2\/posts\/55148\/revisions"}],"wp:featuredmedia":[{"embeddable":true,"href":"https:\/\/www.copealcoy.es\/es\/wp-json\/"}],"wp:attachment":[{"href":"https:\/\/www.copealcoy.es\/es\/wp-json\/wp\/v2\/media?parent=55148"}],"wp:term":[{"taxonomy":"category","embeddable":true,"href":"https:\/\/www.copealcoy.es\/es\/wp-json\/wp\/v2\/categories?post=55148"},{"taxonomy":"post_tag","embeddable":true,"href":"https:\/\/www.copealcoy.es\/es\/wp-json\/wp\/v2\/tags?post=55148"}],"curies":[{"name":"wp","href":"https:\/\/api.w.org\/{rel}","templated":true}]}}