{"id":55117,"date":"2019-09-23T12:30:00","date_gmt":"2019-09-23T12:30:00","guid":{"rendered":"https:\/\/copealcoi.es\/?p=55117"},"modified":"2019-09-23T12:30:00","modified_gmt":"2019-09-23T12:30:00","slug":"la-feria-modernista-sigue-creciendo-y-consolidandose","status":"publish","type":"post","link":"https:\/\/www.copealcoy.es\/es\/la-feria-modernista-sigue-creciendo-y-consolidandose\/","title":{"rendered":"La Feria Modernista sigue creciendo y consolid\u00e1ndose"},"content":{"rendered":"<p style=\"text-align: justify;\"><span lang=\"ES\">Alcoy&nbsp; despidi\u00f3 ayer domingo <strong>la Tercera Feria Modernista<\/strong>, una edici\u00f3n que <strong>ha vuelto a superar todas las previsiones<\/strong> y que ha registrado <strong>una gran participaci\u00f3n de alcoyanos y alcoyanas<\/strong> en todas las actividades que se han realizado durante los \u00faltimos d\u00edas. Adem\u00e1s <strong>gran cantidad de colectivos y entidades de la ciudad<\/strong> han aportado su granito de arena al certamen en forma de iniciativas y propuestas para todos los p\u00fablicos.<\/span><\/p>\n<p style=\"text-align: justify;\">Desde el Ayuntamiento de Alcoy la edil de Turismo, <strong>Lorena Zamorano<\/strong>, expresaba en COPE ALCOY el pasado s\u00e1bado, nada m\u00e1s comenzar el certamen, que <strong>la participaci\u00f3n en la Feria Modernista sobrepasa las fronteras de la ciudad<\/strong> y se\u00f1alaba que cada vez m\u00e1s personas se suman al evento procedentes de los municipios del Comtat y de l&#8217;Alcoi\u00e0. Asimismo hablaba de <strong>la consolidaci\u00f3n<\/strong> que han tenido los actos en estos tres a\u00f1os y matizaba que la Feria Modernista <strong>sigue creciendo en cada edici\u00f3n<\/strong> &#8220;<em>el balance hasta el momento es m\u00e1s que positivo y hemos visto en cada actividad una gran afluencia de visitantes y de participantes. Se ha trabajado tambi\u00e9n por aumentar la Feria de Turismo y Tradiciones y esto nos lleva a ver cada vez m\u00e1s puestos en La Glorieta. Estamos muy satisfechos por la acogida y ya vamos a empezar a trabajar en la Feria del 2020<\/em>&#8220;, asegur\u00f3.<\/p>\n<p style=\"text-align: justify;\"><span lang=\"ES\">La Feria Modernista <strong>ha estado dedicada en 2019 a Do\u00f1a Amalia<\/strong> y la misma ha incluido, entre otros actos, iniciativas como <strong>el Preg\u00f3n<\/strong> del pasado viernes a cargo del periodista Aimar Bretos, <strong>la Feria de Turismo y Tradiciones en La Glorieta<\/strong>, la recreaci\u00f3n de<strong> la Manifestaci\u00f3n contra el reclutamiento de mozos para la Guerra de Marruecos<\/strong>, <strong>el desfile de \u2018La Cucafera\u2019<\/strong> o <strong>competiciones deportivas<\/strong>. La climatolog\u00eda ha respetado por completo la programaci\u00f3n y <strong>la lluvia<\/strong>, tal y como apuntaban las previsiones meteorol\u00f3gicas previas, solo apareci\u00f3 <strong>de forma breve<\/strong> en el mediod\u00eda del s\u00e1bado. Indicar que la tercera edici\u00f3n de la Feria Modernista <strong>ha transcurrido con normalidad<\/strong>, sin incidentes y con <strong>una importante repercusi\u00f3n medi\u00e1tica<\/strong> a trav\u00e9s de los medios de comunicaci\u00f3n y las redes sociales.&nbsp;<\/span><\/p>\n","protected":false},"excerpt":{"rendered":"<p>Alcoy&nbsp; despidi\u00f3 ayer domingo la Tercera Feria Modernista, una edici\u00f3n que ha vuelto a superar todas las previsiones y que&#8230;<\/p>\n","protected":false},"author":1,"featured_media":55121,"comment_status":"open","ping_status":"open","sticky":false,"template":"","format":"standard","meta":{"footnotes":""},"categories":[97,78,75,125],"tags":[1494,6784,4643,1796,514],"class_list":["post-55117","post","type-post","status-publish","format-standard","has-post-thumbnail","hentry","category-alcoy","category-fiestaycultura","category-noticias","category-portada","tag-alcoy","tag-consolidacion","tag-feria-modernista","tag-lorena-zamorano","tag-turismo"],"yoast_head":"<!-- This site is optimized with the Yoast SEO plugin v27.3 - https:\/\/yoast.com\/product\/yoast-seo-wordpress\/ -->\n<title>La Feria Modernista sigue creciendo y consolid\u00e1ndose - COPE Alcoy<\/title>\n<meta name=\"robots\" content=\"index, follow, max-snippet:-1, max-image-preview:large, max-video-preview:-1\" \/>\n<link rel=\"canonical\" href=\"https:\/\/www.copealcoy.es\/es\/la-feria-modernista-sigue-creciendo-y-consolidandose\/\" \/>\n<meta property=\"og:locale\" content=\"es_ES\" \/>\n<meta property=\"og:type\" content=\"article\" \/>\n<meta property=\"og:title\" content=\"La Feria Modernista sigue creciendo y consolid\u00e1ndose - COPE Alcoy\" \/>\n<meta property=\"og:description\" content=\"Alcoy&nbsp; despidi\u00f3 ayer domingo la Tercera Feria Modernista, una edici\u00f3n que ha vuelto a superar todas las previsiones y que...\" \/>\n<meta property=\"og:url\" content=\"https:\/\/www.copealcoy.es\/es\/la-feria-modernista-sigue-creciendo-y-consolidandose\/\" \/>\n<meta property=\"og:site_name\" content=\"COPE Alcoy\" \/>\n<meta property=\"article:published_time\" content=\"2019-09-23T12:30:00+00:00\" \/>\n<meta name=\"author\" content=\"Cope Alcoy\" \/>\n<meta name=\"twitter:label1\" content=\"Escrito por\" \/>\n\t<meta name=\"twitter:data1\" content=\"Cope Alcoy\" \/>\n\t<meta name=\"twitter:label2\" content=\"Tiempo de lectura\" \/>\n\t<meta name=\"twitter:data2\" content=\"2 minutos\" \/>\n<script type=\"application\/ld+json\" class=\"yoast-schema-graph\">{\"@context\":\"https:\\\/\\\/schema.org\",\"@graph\":[{\"@type\":\"Article\",\"@id\":\"https:\\\/\\\/www.copealcoy.es\\\/es\\\/la-feria-modernista-sigue-creciendo-y-consolidandose\\\/#article\",\"isPartOf\":{\"@id\":\"https:\\\/\\\/www.copealcoy.es\\\/es\\\/la-feria-modernista-sigue-creciendo-y-consolidandose\\\/\"},\"author\":{\"name\":\"Cope Alcoy\",\"@id\":\"https:\\\/\\\/www.copealcoy.es\\\/es\\\/#\\\/schema\\\/person\\\/e777c87fa024e57d40170af9df39882c\"},\"headline\":\"La Feria Modernista sigue creciendo y consolid\u00e1ndose\",\"datePublished\":\"2019-09-23T12:30:00+00:00\",\"mainEntityOfPage\":{\"@id\":\"https:\\\/\\\/www.copealcoy.es\\\/es\\\/la-feria-modernista-sigue-creciendo-y-consolidandose\\\/\"},\"wordCount\":381,\"commentCount\":0,\"image\":{\"@id\":\"https:\\\/\\\/www.copealcoy.es\\\/es\\\/la-feria-modernista-sigue-creciendo-y-consolidandose\\\/#primaryimage\"},\"thumbnailUrl\":\"\",\"keywords\":[\"Alcoy\",\"consolidaci\u00f3n\",\"Feria Modernista\",\"Lorena Zamorano\",\"Turismo\"],\"articleSection\":[\"Alcoy\",\"Fiesta y Cultura\",\"Noticias\",\"Portada\"],\"inLanguage\":\"es\"},{\"@type\":\"WebPage\",\"@id\":\"https:\\\/\\\/www.copealcoy.es\\\/es\\\/la-feria-modernista-sigue-creciendo-y-consolidandose\\\/\",\"url\":\"https:\\\/\\\/www.copealcoy.es\\\/es\\\/la-feria-modernista-sigue-creciendo-y-consolidandose\\\/\",\"name\":\"La Feria Modernista sigue creciendo y consolid\u00e1ndose - COPE Alcoy\",\"isPartOf\":{\"@id\":\"https:\\\/\\\/www.copealcoy.es\\\/es\\\/#website\"},\"primaryImageOfPage\":{\"@id\":\"https:\\\/\\\/www.copealcoy.es\\\/es\\\/la-feria-modernista-sigue-creciendo-y-consolidandose\\\/#primaryimage\"},\"image\":{\"@id\":\"https:\\\/\\\/www.copealcoy.es\\\/es\\\/la-feria-modernista-sigue-creciendo-y-consolidandose\\\/#primaryimage\"},\"thumbnailUrl\":\"\",\"datePublished\":\"2019-09-23T12:30:00+00:00\",\"author\":{\"@id\":\"https:\\\/\\\/www.copealcoy.es\\\/es\\\/#\\\/schema\\\/person\\\/e777c87fa024e57d40170af9df39882c\"},\"breadcrumb\":{\"@id\":\"https:\\\/\\\/www.copealcoy.es\\\/es\\\/la-feria-modernista-sigue-creciendo-y-consolidandose\\\/#breadcrumb\"},\"inLanguage\":\"es\",\"potentialAction\":[{\"@type\":\"ReadAction\",\"target\":[\"https:\\\/\\\/www.copealcoy.es\\\/es\\\/la-feria-modernista-sigue-creciendo-y-consolidandose\\\/\"]}]},{\"@type\":\"ImageObject\",\"inLanguage\":\"es\",\"@id\":\"https:\\\/\\\/www.copealcoy.es\\\/es\\\/la-feria-modernista-sigue-creciendo-y-consolidandose\\\/#primaryimage\",\"url\":\"\",\"contentUrl\":\"\"},{\"@type\":\"BreadcrumbList\",\"@id\":\"https:\\\/\\\/www.copealcoy.es\\\/es\\\/la-feria-modernista-sigue-creciendo-y-consolidandose\\\/#breadcrumb\",\"itemListElement\":[{\"@type\":\"ListItem\",\"position\":1,\"name\":\"Portada\",\"item\":\"https:\\\/\\\/www.copealcoy.es\\\/es\\\/\"},{\"@type\":\"ListItem\",\"position\":2,\"name\":\"La Feria Modernista sigue creciendo y consolid\u00e1ndose\"}]},{\"@type\":\"WebSite\",\"@id\":\"https:\\\/\\\/www.copealcoy.es\\\/es\\\/#website\",\"url\":\"https:\\\/\\\/www.copealcoy.es\\\/es\\\/\",\"name\":\"COPE Alcoy\",\"description\":\"Emisora COPE de radio local con emisi\u00f3n online. Pont de Sant Jordi 8-10 03803 Alcoy\",\"potentialAction\":[{\"@type\":\"SearchAction\",\"target\":{\"@type\":\"EntryPoint\",\"urlTemplate\":\"https:\\\/\\\/www.copealcoy.es\\\/es\\\/?s={search_term_string}\"},\"query-input\":{\"@type\":\"PropertyValueSpecification\",\"valueRequired\":true,\"valueName\":\"search_term_string\"}}],\"inLanguage\":\"es\"},{\"@type\":\"Person\",\"@id\":\"https:\\\/\\\/www.copealcoy.es\\\/es\\\/#\\\/schema\\\/person\\\/e777c87fa024e57d40170af9df39882c\",\"name\":\"Cope Alcoy\",\"image\":{\"@type\":\"ImageObject\",\"inLanguage\":\"es\",\"@id\":\"https:\\\/\\\/secure.gravatar.com\\\/avatar\\\/bb65d0283347e303893ba14f0692005417c1e0e690a325a4c5d8bb2b3943ee14?s=96&d=mm&r=g\",\"url\":\"https:\\\/\\\/secure.gravatar.com\\\/avatar\\\/bb65d0283347e303893ba14f0692005417c1e0e690a325a4c5d8bb2b3943ee14?s=96&d=mm&r=g\",\"contentUrl\":\"https:\\\/\\\/secure.gravatar.com\\\/avatar\\\/bb65d0283347e303893ba14f0692005417c1e0e690a325a4c5d8bb2b3943ee14?s=96&d=mm&r=g\",\"caption\":\"Cope Alcoy\"}}]}<\/script>\n<!-- \/ Yoast SEO plugin. -->","yoast_head_json":{"title":"La Feria Modernista sigue creciendo y consolid\u00e1ndose - COPE Alcoy","robots":{"index":"index","follow":"follow","max-snippet":"max-snippet:-1","max-image-preview":"max-image-preview:large","max-video-preview":"max-video-preview:-1"},"canonical":"https:\/\/www.copealcoy.es\/es\/la-feria-modernista-sigue-creciendo-y-consolidandose\/","og_locale":"es_ES","og_type":"article","og_title":"La Feria Modernista sigue creciendo y consolid\u00e1ndose - COPE Alcoy","og_description":"Alcoy&nbsp; despidi\u00f3 ayer domingo la Tercera Feria Modernista, una edici\u00f3n que ha vuelto a superar todas las previsiones y que...","og_url":"https:\/\/www.copealcoy.es\/es\/la-feria-modernista-sigue-creciendo-y-consolidandose\/","og_site_name":"COPE Alcoy","article_published_time":"2019-09-23T12:30:00+00:00","author":"Cope Alcoy","twitter_misc":{"Escrito por":"Cope Alcoy","Tiempo de lectura":"2 minutos"},"schema":{"@context":"https:\/\/schema.org","@graph":[{"@type":"Article","@id":"https:\/\/www.copealcoy.es\/es\/la-feria-modernista-sigue-creciendo-y-consolidandose\/#article","isPartOf":{"@id":"https:\/\/www.copealcoy.es\/es\/la-feria-modernista-sigue-creciendo-y-consolidandose\/"},"author":{"name":"Cope Alcoy","@id":"https:\/\/www.copealcoy.es\/es\/#\/schema\/person\/e777c87fa024e57d40170af9df39882c"},"headline":"La Feria Modernista sigue creciendo y consolid\u00e1ndose","datePublished":"2019-09-23T12:30:00+00:00","mainEntityOfPage":{"@id":"https:\/\/www.copealcoy.es\/es\/la-feria-modernista-sigue-creciendo-y-consolidandose\/"},"wordCount":381,"commentCount":0,"image":{"@id":"https:\/\/www.copealcoy.es\/es\/la-feria-modernista-sigue-creciendo-y-consolidandose\/#primaryimage"},"thumbnailUrl":"","keywords":["Alcoy","consolidaci\u00f3n","Feria Modernista","Lorena Zamorano","Turismo"],"articleSection":["Alcoy","Fiesta y Cultura","Noticias","Portada"],"inLanguage":"es"},{"@type":"WebPage","@id":"https:\/\/www.copealcoy.es\/es\/la-feria-modernista-sigue-creciendo-y-consolidandose\/","url":"https:\/\/www.copealcoy.es\/es\/la-feria-modernista-sigue-creciendo-y-consolidandose\/","name":"La Feria Modernista sigue creciendo y consolid\u00e1ndose - COPE Alcoy","isPartOf":{"@id":"https:\/\/www.copealcoy.es\/es\/#website"},"primaryImageOfPage":{"@id":"https:\/\/www.copealcoy.es\/es\/la-feria-modernista-sigue-creciendo-y-consolidandose\/#primaryimage"},"image":{"@id":"https:\/\/www.copealcoy.es\/es\/la-feria-modernista-sigue-creciendo-y-consolidandose\/#primaryimage"},"thumbnailUrl":"","datePublished":"2019-09-23T12:30:00+00:00","author":{"@id":"https:\/\/www.copealcoy.es\/es\/#\/schema\/person\/e777c87fa024e57d40170af9df39882c"},"breadcrumb":{"@id":"https:\/\/www.copealcoy.es\/es\/la-feria-modernista-sigue-creciendo-y-consolidandose\/#breadcrumb"},"inLanguage":"es","potentialAction":[{"@type":"ReadAction","target":["https:\/\/www.copealcoy.es\/es\/la-feria-modernista-sigue-creciendo-y-consolidandose\/"]}]},{"@type":"ImageObject","inLanguage":"es","@id":"https:\/\/www.copealcoy.es\/es\/la-feria-modernista-sigue-creciendo-y-consolidandose\/#primaryimage","url":"","contentUrl":""},{"@type":"BreadcrumbList","@id":"https:\/\/www.copealcoy.es\/es\/la-feria-modernista-sigue-creciendo-y-consolidandose\/#breadcrumb","itemListElement":[{"@type":"ListItem","position":1,"name":"Portada","item":"https:\/\/www.copealcoy.es\/es\/"},{"@type":"ListItem","position":2,"name":"La Feria Modernista sigue creciendo y consolid\u00e1ndose"}]},{"@type":"WebSite","@id":"https:\/\/www.copealcoy.es\/es\/#website","url":"https:\/\/www.copealcoy.es\/es\/","name":"COPE Alcoy","description":"Emisora COPE de radio local con emisi\u00f3n online. Pont de Sant Jordi 8-10 03803 Alcoy","potentialAction":[{"@type":"SearchAction","target":{"@type":"EntryPoint","urlTemplate":"https:\/\/www.copealcoy.es\/es\/?s={search_term_string}"},"query-input":{"@type":"PropertyValueSpecification","valueRequired":true,"valueName":"search_term_string"}}],"inLanguage":"es"},{"@type":"Person","@id":"https:\/\/www.copealcoy.es\/es\/#\/schema\/person\/e777c87fa024e57d40170af9df39882c","name":"Cope Alcoy","image":{"@type":"ImageObject","inLanguage":"es","@id":"https:\/\/secure.gravatar.com\/avatar\/bb65d0283347e303893ba14f0692005417c1e0e690a325a4c5d8bb2b3943ee14?s=96&d=mm&r=g","url":"https:\/\/secure.gravatar.com\/avatar\/bb65d0283347e303893ba14f0692005417c1e0e690a325a4c5d8bb2b3943ee14?s=96&d=mm&r=g","contentUrl":"https:\/\/secure.gravatar.com\/avatar\/bb65d0283347e303893ba14f0692005417c1e0e690a325a4c5d8bb2b3943ee14?s=96&d=mm&r=g","caption":"Cope Alcoy"}}]}},"_links":{"self":[{"href":"https:\/\/www.copealcoy.es\/es\/wp-json\/wp\/v2\/posts\/55117","targetHints":{"allow":["GET"]}}],"collection":[{"href":"https:\/\/www.copealcoy.es\/es\/wp-json\/wp\/v2\/posts"}],"about":[{"href":"https:\/\/www.copealcoy.es\/es\/wp-json\/wp\/v2\/types\/post"}],"author":[{"embeddable":true,"href":"https:\/\/www.copealcoy.es\/es\/wp-json\/wp\/v2\/users\/1"}],"replies":[{"embeddable":true,"href":"https:\/\/www.copealcoy.es\/es\/wp-json\/wp\/v2\/comments?post=55117"}],"version-history":[{"count":0,"href":"https:\/\/www.copealcoy.es\/es\/wp-json\/wp\/v2\/posts\/55117\/revisions"}],"wp:featuredmedia":[{"embeddable":true,"href":"https:\/\/www.copealcoy.es\/es\/wp-json\/"}],"wp:attachment":[{"href":"https:\/\/www.copealcoy.es\/es\/wp-json\/wp\/v2\/media?parent=55117"}],"wp:term":[{"taxonomy":"category","embeddable":true,"href":"https:\/\/www.copealcoy.es\/es\/wp-json\/wp\/v2\/categories?post=55117"},{"taxonomy":"post_tag","embeddable":true,"href":"https:\/\/www.copealcoy.es\/es\/wp-json\/wp\/v2\/tags?post=55117"}],"curies":[{"name":"wp","href":"https:\/\/api.w.org\/{rel}","templated":true}]}}