{"id":55094,"date":"2019-09-23T12:00:10","date_gmt":"2019-09-23T12:00:10","guid":{"rendered":"https:\/\/copealcoi.es\/?p=55094"},"modified":"2019-09-23T12:00:10","modified_gmt":"2019-09-23T12:00:10","slug":"dimonis-rafolins-ilumino-la-noche-de-lalqueria-dasnar-con-su-espectacular-correfocs","status":"publish","type":"post","link":"https:\/\/www.copealcoy.es\/es\/dimonis-rafolins-ilumino-la-noche-de-lalqueria-dasnar-con-su-espectacular-correfocs\/","title":{"rendered":"&#8216;Dimonis Rafolins&#8217; ilumin\u00f3 la noche de l&#8217;Alqueria d&#8217;Asnar con su espectacular &#8216;Correfocs&#8217;"},"content":{"rendered":"<p style=\"text-align: justify;\">L&#8217; Alqueria d&#8217;Asnar puso el pasado s\u00e1bado<strong> un apote\u00f3sico colof\u00f3n a la Semana Cultural<\/strong>, previa a sus Fiestas Patronales en honor a San Miguel Arc\u00e1ngel, y lo hizo con <strong>el anual &#8216;Correfocs&#8217; que lleva a cabo la &#8216;Colla Dimonis Rafolins&#8217;<\/strong> de este municipio del Comtat cada mes de septiembre.<\/p>\n<p style=\"text-align: justify;\">El espect\u00e1culo arranc\u00f3 a las nueve de la noche y en el mismo se cont\u00f3 con <strong>la participaci\u00f3n de la agrupaci\u00f3n &#8216;Factoria de So&#8217;<\/strong> de Santa Mar\u00eda del Cam\u00ed de las Islas Baleares. Tras sus evoluciones lleg\u00f3 el turno del <strong>desfile de &#8216;Dimonis Rafolins&#8217;<\/strong> y estos celebraron <strong>el 25 aniversario del &#8216;Correfocs&#8217;<\/strong> poniendo en escena <strong>nuevos n\u00fameros pirot\u00e9cnicos<\/strong> que cautivaron al numeroso p\u00fablico presente en las calles de l&#8217;Alquer\u00eda d&#8217;Asnar. La m\u00fasica tradicional acompa\u00f1\u00f3 <strong>un acto que comenz\u00f3 junto al colegio R\u00e0fol Blanc<\/strong> y que discurri\u00f3 por <strong>las v\u00edas c\u00e9ntricas del municipio<\/strong> hasta concluir en las inmediaciones del Pol\u00edgono Industrial de la localidad. El punto y final al &#8216;Correfocs&#8217; lo puso <strong>un estruendoso castillo de fuegos artificiales visible desde todo el Comtat<\/strong> mientras &#8216;Dimonis Rafolins&#8217; <strong>enarbolaban antorchas<\/strong> de las que emanaban <strong>miles de chispas de fuego<\/strong> ante los aplausos y v\u00edtores del p\u00fablico.<\/p>\n<p style=\"text-align: justify;\">La actividad festiva del s\u00e1bado continu\u00f3 con <strong>la &#8216;Nit de Rock&#8217;<\/strong> y este evento abri\u00f3 <strong>la cuenta atr\u00e1s hacia las Fiestas Patronales<\/strong> dedicadas a San Miguel que se celebrar\u00e1n con intensidad a partir del viernes 27 de septiembre.<\/p>\n","protected":false},"excerpt":{"rendered":"<p>L&#8217; Alqueria d&#8217;Asnar puso el pasado s\u00e1bado un apote\u00f3sico colof\u00f3n a la Semana Cultural, previa a sus Fiestas Patronales en&#8230;<\/p>\n","protected":false},"author":1,"featured_media":55095,"comment_status":"open","ping_status":"open","sticky":false,"template":"","format":"standard","meta":{"footnotes":""},"categories":[98,75],"tags":[4681,237,3080,4738],"class_list":["post-55094","post","type-post","status-publish","format-standard","has-post-thumbnail","hentry","category-comarcas","category-noticias","tag-alqueria-dasnar","tag-comtat","tag-correfocs","tag-dimonis-rafolins"],"yoast_head":"<!-- This site is optimized with the Yoast SEO plugin v27.3 - https:\/\/yoast.com\/product\/yoast-seo-wordpress\/ -->\n<title>&#039;Dimonis Rafolins&#039; ilumin\u00f3 la noche de l&#039;Alqueria d&#039;Asnar con su espectacular &#039;Correfocs&#039; - COPE Alcoy<\/title>\n<meta name=\"robots\" content=\"index, follow, max-snippet:-1, max-image-preview:large, max-video-preview:-1\" \/>\n<link rel=\"canonical\" href=\"https:\/\/www.copealcoy.es\/es\/dimonis-rafolins-ilumino-la-noche-de-lalqueria-dasnar-con-su-espectacular-correfocs\/\" \/>\n<meta property=\"og:locale\" content=\"es_ES\" \/>\n<meta property=\"og:type\" content=\"article\" \/>\n<meta property=\"og:title\" content=\"&#039;Dimonis Rafolins&#039; ilumin\u00f3 la noche de l&#039;Alqueria d&#039;Asnar con su espectacular &#039;Correfocs&#039; - COPE Alcoy\" \/>\n<meta property=\"og:description\" content=\"L&#8217; Alqueria d&#8217;Asnar puso el pasado s\u00e1bado un apote\u00f3sico colof\u00f3n a la Semana Cultural, previa a sus Fiestas Patronales en...\" \/>\n<meta property=\"og:url\" content=\"https:\/\/www.copealcoy.es\/es\/dimonis-rafolins-ilumino-la-noche-de-lalqueria-dasnar-con-su-espectacular-correfocs\/\" \/>\n<meta property=\"og:site_name\" content=\"COPE Alcoy\" \/>\n<meta property=\"article:published_time\" content=\"2019-09-23T12:00:10+00:00\" \/>\n<meta name=\"author\" content=\"Cope Alcoy\" \/>\n<meta name=\"twitter:label1\" content=\"Escrito por\" \/>\n\t<meta name=\"twitter:data1\" content=\"Cope Alcoy\" \/>\n\t<meta name=\"twitter:label2\" content=\"Tiempo de lectura\" \/>\n\t<meta name=\"twitter:data2\" content=\"1 minuto\" \/>\n<script type=\"application\/ld+json\" class=\"yoast-schema-graph\">{\"@context\":\"https:\\\/\\\/schema.org\",\"@graph\":[{\"@type\":\"Article\",\"@id\":\"https:\\\/\\\/www.copealcoy.es\\\/es\\\/dimonis-rafolins-ilumino-la-noche-de-lalqueria-dasnar-con-su-espectacular-correfocs\\\/#article\",\"isPartOf\":{\"@id\":\"https:\\\/\\\/www.copealcoy.es\\\/es\\\/dimonis-rafolins-ilumino-la-noche-de-lalqueria-dasnar-con-su-espectacular-correfocs\\\/\"},\"author\":{\"name\":\"Cope Alcoy\",\"@id\":\"https:\\\/\\\/www.copealcoy.es\\\/es\\\/#\\\/schema\\\/person\\\/e777c87fa024e57d40170af9df39882c\"},\"headline\":\"&#8216;Dimonis Rafolins&#8217; ilumin\u00f3 la noche de l&#8217;Alqueria d&#8217;Asnar con su espectacular &#8216;Correfocs&#8217;\",\"datePublished\":\"2019-09-23T12:00:10+00:00\",\"mainEntityOfPage\":{\"@id\":\"https:\\\/\\\/www.copealcoy.es\\\/es\\\/dimonis-rafolins-ilumino-la-noche-de-lalqueria-dasnar-con-su-espectacular-correfocs\\\/\"},\"wordCount\":267,\"commentCount\":0,\"image\":{\"@id\":\"https:\\\/\\\/www.copealcoy.es\\\/es\\\/dimonis-rafolins-ilumino-la-noche-de-lalqueria-dasnar-con-su-espectacular-correfocs\\\/#primaryimage\"},\"thumbnailUrl\":\"\",\"keywords\":[\"Alquer\u00eda d\u00b4Asnar\",\"Comtat\",\"Correfocs\",\"Dimonis Rafol\u00edns\"],\"articleSection\":[\"Comarcas\",\"Noticias\"],\"inLanguage\":\"es\"},{\"@type\":\"WebPage\",\"@id\":\"https:\\\/\\\/www.copealcoy.es\\\/es\\\/dimonis-rafolins-ilumino-la-noche-de-lalqueria-dasnar-con-su-espectacular-correfocs\\\/\",\"url\":\"https:\\\/\\\/www.copealcoy.es\\\/es\\\/dimonis-rafolins-ilumino-la-noche-de-lalqueria-dasnar-con-su-espectacular-correfocs\\\/\",\"name\":\"'Dimonis Rafolins' ilumin\u00f3 la noche de l'Alqueria d'Asnar con su espectacular 'Correfocs' - COPE Alcoy\",\"isPartOf\":{\"@id\":\"https:\\\/\\\/www.copealcoy.es\\\/es\\\/#website\"},\"primaryImageOfPage\":{\"@id\":\"https:\\\/\\\/www.copealcoy.es\\\/es\\\/dimonis-rafolins-ilumino-la-noche-de-lalqueria-dasnar-con-su-espectacular-correfocs\\\/#primaryimage\"},\"image\":{\"@id\":\"https:\\\/\\\/www.copealcoy.es\\\/es\\\/dimonis-rafolins-ilumino-la-noche-de-lalqueria-dasnar-con-su-espectacular-correfocs\\\/#primaryimage\"},\"thumbnailUrl\":\"\",\"datePublished\":\"2019-09-23T12:00:10+00:00\",\"author\":{\"@id\":\"https:\\\/\\\/www.copealcoy.es\\\/es\\\/#\\\/schema\\\/person\\\/e777c87fa024e57d40170af9df39882c\"},\"breadcrumb\":{\"@id\":\"https:\\\/\\\/www.copealcoy.es\\\/es\\\/dimonis-rafolins-ilumino-la-noche-de-lalqueria-dasnar-con-su-espectacular-correfocs\\\/#breadcrumb\"},\"inLanguage\":\"es\",\"potentialAction\":[{\"@type\":\"ReadAction\",\"target\":[\"https:\\\/\\\/www.copealcoy.es\\\/es\\\/dimonis-rafolins-ilumino-la-noche-de-lalqueria-dasnar-con-su-espectacular-correfocs\\\/\"]}]},{\"@type\":\"ImageObject\",\"inLanguage\":\"es\",\"@id\":\"https:\\\/\\\/www.copealcoy.es\\\/es\\\/dimonis-rafolins-ilumino-la-noche-de-lalqueria-dasnar-con-su-espectacular-correfocs\\\/#primaryimage\",\"url\":\"\",\"contentUrl\":\"\"},{\"@type\":\"BreadcrumbList\",\"@id\":\"https:\\\/\\\/www.copealcoy.es\\\/es\\\/dimonis-rafolins-ilumino-la-noche-de-lalqueria-dasnar-con-su-espectacular-correfocs\\\/#breadcrumb\",\"itemListElement\":[{\"@type\":\"ListItem\",\"position\":1,\"name\":\"Portada\",\"item\":\"https:\\\/\\\/www.copealcoy.es\\\/es\\\/\"},{\"@type\":\"ListItem\",\"position\":2,\"name\":\"&#8216;Dimonis Rafolins&#8217; ilumin\u00f3 la noche de l&#8217;Alqueria d&#8217;Asnar con su espectacular &#8216;Correfocs&#8217;\"}]},{\"@type\":\"WebSite\",\"@id\":\"https:\\\/\\\/www.copealcoy.es\\\/es\\\/#website\",\"url\":\"https:\\\/\\\/www.copealcoy.es\\\/es\\\/\",\"name\":\"COPE Alcoy\",\"description\":\"Emisora COPE de radio local con emisi\u00f3n online. Pont de Sant Jordi 8-10 03803 Alcoy\",\"potentialAction\":[{\"@type\":\"SearchAction\",\"target\":{\"@type\":\"EntryPoint\",\"urlTemplate\":\"https:\\\/\\\/www.copealcoy.es\\\/es\\\/?s={search_term_string}\"},\"query-input\":{\"@type\":\"PropertyValueSpecification\",\"valueRequired\":true,\"valueName\":\"search_term_string\"}}],\"inLanguage\":\"es\"},{\"@type\":\"Person\",\"@id\":\"https:\\\/\\\/www.copealcoy.es\\\/es\\\/#\\\/schema\\\/person\\\/e777c87fa024e57d40170af9df39882c\",\"name\":\"Cope Alcoy\",\"image\":{\"@type\":\"ImageObject\",\"inLanguage\":\"es\",\"@id\":\"https:\\\/\\\/secure.gravatar.com\\\/avatar\\\/bb65d0283347e303893ba14f0692005417c1e0e690a325a4c5d8bb2b3943ee14?s=96&d=mm&r=g\",\"url\":\"https:\\\/\\\/secure.gravatar.com\\\/avatar\\\/bb65d0283347e303893ba14f0692005417c1e0e690a325a4c5d8bb2b3943ee14?s=96&d=mm&r=g\",\"contentUrl\":\"https:\\\/\\\/secure.gravatar.com\\\/avatar\\\/bb65d0283347e303893ba14f0692005417c1e0e690a325a4c5d8bb2b3943ee14?s=96&d=mm&r=g\",\"caption\":\"Cope Alcoy\"}}]}<\/script>\n<!-- \/ Yoast SEO plugin. -->","yoast_head_json":{"title":"'Dimonis Rafolins' ilumin\u00f3 la noche de l'Alqueria d'Asnar con su espectacular 'Correfocs' - COPE Alcoy","robots":{"index":"index","follow":"follow","max-snippet":"max-snippet:-1","max-image-preview":"max-image-preview:large","max-video-preview":"max-video-preview:-1"},"canonical":"https:\/\/www.copealcoy.es\/es\/dimonis-rafolins-ilumino-la-noche-de-lalqueria-dasnar-con-su-espectacular-correfocs\/","og_locale":"es_ES","og_type":"article","og_title":"'Dimonis Rafolins' ilumin\u00f3 la noche de l'Alqueria d'Asnar con su espectacular 'Correfocs' - COPE Alcoy","og_description":"L&#8217; Alqueria d&#8217;Asnar puso el pasado s\u00e1bado un apote\u00f3sico colof\u00f3n a la Semana Cultural, previa a sus Fiestas Patronales en...","og_url":"https:\/\/www.copealcoy.es\/es\/dimonis-rafolins-ilumino-la-noche-de-lalqueria-dasnar-con-su-espectacular-correfocs\/","og_site_name":"COPE Alcoy","article_published_time":"2019-09-23T12:00:10+00:00","author":"Cope Alcoy","twitter_misc":{"Escrito por":"Cope Alcoy","Tiempo de lectura":"1 minuto"},"schema":{"@context":"https:\/\/schema.org","@graph":[{"@type":"Article","@id":"https:\/\/www.copealcoy.es\/es\/dimonis-rafolins-ilumino-la-noche-de-lalqueria-dasnar-con-su-espectacular-correfocs\/#article","isPartOf":{"@id":"https:\/\/www.copealcoy.es\/es\/dimonis-rafolins-ilumino-la-noche-de-lalqueria-dasnar-con-su-espectacular-correfocs\/"},"author":{"name":"Cope Alcoy","@id":"https:\/\/www.copealcoy.es\/es\/#\/schema\/person\/e777c87fa024e57d40170af9df39882c"},"headline":"&#8216;Dimonis Rafolins&#8217; ilumin\u00f3 la noche de l&#8217;Alqueria d&#8217;Asnar con su espectacular &#8216;Correfocs&#8217;","datePublished":"2019-09-23T12:00:10+00:00","mainEntityOfPage":{"@id":"https:\/\/www.copealcoy.es\/es\/dimonis-rafolins-ilumino-la-noche-de-lalqueria-dasnar-con-su-espectacular-correfocs\/"},"wordCount":267,"commentCount":0,"image":{"@id":"https:\/\/www.copealcoy.es\/es\/dimonis-rafolins-ilumino-la-noche-de-lalqueria-dasnar-con-su-espectacular-correfocs\/#primaryimage"},"thumbnailUrl":"","keywords":["Alquer\u00eda d\u00b4Asnar","Comtat","Correfocs","Dimonis Rafol\u00edns"],"articleSection":["Comarcas","Noticias"],"inLanguage":"es"},{"@type":"WebPage","@id":"https:\/\/www.copealcoy.es\/es\/dimonis-rafolins-ilumino-la-noche-de-lalqueria-dasnar-con-su-espectacular-correfocs\/","url":"https:\/\/www.copealcoy.es\/es\/dimonis-rafolins-ilumino-la-noche-de-lalqueria-dasnar-con-su-espectacular-correfocs\/","name":"'Dimonis Rafolins' ilumin\u00f3 la noche de l'Alqueria d'Asnar con su espectacular 'Correfocs' - COPE Alcoy","isPartOf":{"@id":"https:\/\/www.copealcoy.es\/es\/#website"},"primaryImageOfPage":{"@id":"https:\/\/www.copealcoy.es\/es\/dimonis-rafolins-ilumino-la-noche-de-lalqueria-dasnar-con-su-espectacular-correfocs\/#primaryimage"},"image":{"@id":"https:\/\/www.copealcoy.es\/es\/dimonis-rafolins-ilumino-la-noche-de-lalqueria-dasnar-con-su-espectacular-correfocs\/#primaryimage"},"thumbnailUrl":"","datePublished":"2019-09-23T12:00:10+00:00","author":{"@id":"https:\/\/www.copealcoy.es\/es\/#\/schema\/person\/e777c87fa024e57d40170af9df39882c"},"breadcrumb":{"@id":"https:\/\/www.copealcoy.es\/es\/dimonis-rafolins-ilumino-la-noche-de-lalqueria-dasnar-con-su-espectacular-correfocs\/#breadcrumb"},"inLanguage":"es","potentialAction":[{"@type":"ReadAction","target":["https:\/\/www.copealcoy.es\/es\/dimonis-rafolins-ilumino-la-noche-de-lalqueria-dasnar-con-su-espectacular-correfocs\/"]}]},{"@type":"ImageObject","inLanguage":"es","@id":"https:\/\/www.copealcoy.es\/es\/dimonis-rafolins-ilumino-la-noche-de-lalqueria-dasnar-con-su-espectacular-correfocs\/#primaryimage","url":"","contentUrl":""},{"@type":"BreadcrumbList","@id":"https:\/\/www.copealcoy.es\/es\/dimonis-rafolins-ilumino-la-noche-de-lalqueria-dasnar-con-su-espectacular-correfocs\/#breadcrumb","itemListElement":[{"@type":"ListItem","position":1,"name":"Portada","item":"https:\/\/www.copealcoy.es\/es\/"},{"@type":"ListItem","position":2,"name":"&#8216;Dimonis Rafolins&#8217; ilumin\u00f3 la noche de l&#8217;Alqueria d&#8217;Asnar con su espectacular &#8216;Correfocs&#8217;"}]},{"@type":"WebSite","@id":"https:\/\/www.copealcoy.es\/es\/#website","url":"https:\/\/www.copealcoy.es\/es\/","name":"COPE Alcoy","description":"Emisora COPE de radio local con emisi\u00f3n online. Pont de Sant Jordi 8-10 03803 Alcoy","potentialAction":[{"@type":"SearchAction","target":{"@type":"EntryPoint","urlTemplate":"https:\/\/www.copealcoy.es\/es\/?s={search_term_string}"},"query-input":{"@type":"PropertyValueSpecification","valueRequired":true,"valueName":"search_term_string"}}],"inLanguage":"es"},{"@type":"Person","@id":"https:\/\/www.copealcoy.es\/es\/#\/schema\/person\/e777c87fa024e57d40170af9df39882c","name":"Cope Alcoy","image":{"@type":"ImageObject","inLanguage":"es","@id":"https:\/\/secure.gravatar.com\/avatar\/bb65d0283347e303893ba14f0692005417c1e0e690a325a4c5d8bb2b3943ee14?s=96&d=mm&r=g","url":"https:\/\/secure.gravatar.com\/avatar\/bb65d0283347e303893ba14f0692005417c1e0e690a325a4c5d8bb2b3943ee14?s=96&d=mm&r=g","contentUrl":"https:\/\/secure.gravatar.com\/avatar\/bb65d0283347e303893ba14f0692005417c1e0e690a325a4c5d8bb2b3943ee14?s=96&d=mm&r=g","caption":"Cope Alcoy"}}]}},"_links":{"self":[{"href":"https:\/\/www.copealcoy.es\/es\/wp-json\/wp\/v2\/posts\/55094","targetHints":{"allow":["GET"]}}],"collection":[{"href":"https:\/\/www.copealcoy.es\/es\/wp-json\/wp\/v2\/posts"}],"about":[{"href":"https:\/\/www.copealcoy.es\/es\/wp-json\/wp\/v2\/types\/post"}],"author":[{"embeddable":true,"href":"https:\/\/www.copealcoy.es\/es\/wp-json\/wp\/v2\/users\/1"}],"replies":[{"embeddable":true,"href":"https:\/\/www.copealcoy.es\/es\/wp-json\/wp\/v2\/comments?post=55094"}],"version-history":[{"count":0,"href":"https:\/\/www.copealcoy.es\/es\/wp-json\/wp\/v2\/posts\/55094\/revisions"}],"wp:featuredmedia":[{"embeddable":true,"href":"https:\/\/www.copealcoy.es\/es\/wp-json\/"}],"wp:attachment":[{"href":"https:\/\/www.copealcoy.es\/es\/wp-json\/wp\/v2\/media?parent=55094"}],"wp:term":[{"taxonomy":"category","embeddable":true,"href":"https:\/\/www.copealcoy.es\/es\/wp-json\/wp\/v2\/categories?post=55094"},{"taxonomy":"post_tag","embeddable":true,"href":"https:\/\/www.copealcoy.es\/es\/wp-json\/wp\/v2\/tags?post=55094"}],"curies":[{"name":"wp","href":"https:\/\/api.w.org\/{rel}","templated":true}]}}