{"id":55087,"date":"2019-09-21T17:05:43","date_gmt":"2019-09-21T17:05:43","guid":{"rendered":"https:\/\/copealcoi.es\/?p=55087"},"modified":"2019-09-21T17:05:43","modified_gmt":"2019-09-21T17:05:43","slug":"la-feria-modernista-recuerda-la-historia-de-alcoy","status":"publish","type":"post","link":"https:\/\/www.copealcoy.es\/es\/la-feria-modernista-recuerda-la-historia-de-alcoy\/","title":{"rendered":"La Feria Modernista recuerda la historia de Alcoy"},"content":{"rendered":"<p style=\"text-align: justify;\">Alcoy sigue disfrutando de <strong>la edici\u00f3n 2019<\/strong> de su <strong>Feria Modernista<\/strong> y la jornada de este s\u00e1bado 21 de septiembre est\u00e1 <strong>repleta de propuestas<\/strong> para todos los p\u00fablicos.<\/p>\n<p style=\"text-align: justify;\">La actividad ha comenzado pasadas las diez de la ma\u00f1ana con <strong>un desfile<\/strong> desde el Ayuntamiento hasta La Glorieta, una comitiva en la que ha destacado la presencia de <strong>Do\u00f1a Amalia encarnada por Pepa Puchades<\/strong> y de la Corporaci\u00f3n Municipal con el alcalde; <strong>Antonio Franc\u00e9s<\/strong>, al frente. Ya en el c\u00e9ntrico parque se ha efectuado la inauguraci\u00f3n de<strong> la Feria Tradicional y de Productos T\u00edpicos<\/strong>, con el corte de la cinta, \u00a0y las autoridades han realizado<strong> un recorrido por todos los stands<\/strong> para conocer <strong>la oferta<\/strong> que presenta el certamen de este a\u00f1o. En el mismo no faltan <strong>los puestos de las entidades solidarias de Alcoy<\/strong> en los que las mismas vender\u00e1n art\u00edculos para conseguir recaudar fondos mientras que varias ciudades con pasado modernista <strong>dan a conocer sus iniciativas tur\u00edsticas<\/strong> sin dejar de lado <strong>los stands de artesan\u00eda<\/strong> o <strong>el gran escenario<\/strong> en el que se realizan todo tipo de actuaciones.<\/p>\n<p style=\"text-align: justify;\">El Director General de Turismo de la Generalitat Valenciana, <strong>Herick Campos<\/strong>, ha estado presente en la inauguraci\u00f3n oficial de la Feria Modernista y ha recordado <strong>la relevancia que va adquiriendo este evento<\/strong> a\u00f1o tras a\u00f1o &#8220;<em>el Gobierno Auton\u00f3mico quiere trabajar en materia tur\u00edstica siguiendo la misma l\u00ednea que ha marcado el Ayuntamiento de Alcoy a la hora de impulsar esta Feria. Crear un producto diferente, hacerlo en una \u00e9poca del a\u00f1o concreta para desestacionalizar el turismo y conseguir la implicaci\u00f3n del pueblo. Son, sin duda, tres elementos claves para el \u00e9xito<\/em>&#8220;, afirm\u00f3. Asimismo el alcalde, <strong>Antonio Franc\u00e9s<\/strong>, expresaba en COPE ALCOY <strong>los buenos resultados que da la Feria Modernista<\/strong> &#8220;<em>cada a\u00f1o participa m\u00e1s gente y ayer pudimos ver como las calles de Alcoy estaban abarrotadas de p\u00fablico. La Feria Modernista, adem\u00e1s de servir para recordar nuestra historia, genera un importante impacto econ\u00f3mico en la ciudad y nos proyecta fuera de nuestras fronteras<\/em>&#8220;, matiz\u00f3. Por \u00faltimo la edil de Turismo, \u00a0<strong>Lorena Zamorano<\/strong>, agradeci\u00f3<strong> la implicaci\u00f3n de la gran mayor\u00eda de alcoyanas y alcoyanos<\/strong> en la Feria Modernista &#8220;<em>sin ellos, as\u00ed como sin las entidades que se suman cada a\u00f1o al evento, esto ser\u00eda lo que es. Debemos de sentirnos plenamente orgullosos de lo que somos capaces de hacer en esta ciudad cuando todos vamos a una<\/em>&#8220;, concluy\u00f3.<\/p>\n<p style=\"text-align: justify;\">El primer d\u00eda de la Feria Modernista <strong>continu\u00f3<\/strong> con actuaciones musicales, actividades para los m\u00e1s peque\u00f1os. espect\u00e1culos de calle e incluso la simulaci\u00f3n de un incendio en la Escuela de Do\u00f1a Amalia que requiri\u00f3 la intervenci\u00f3n de los bomberos. No falt\u00f3 <strong>la recreaci\u00f3n de una manifestaci\u00f3n<\/strong> y en esta ocasi\u00f3n se recordaron<strong> las protestas que hubo en Alcoy a principios del pasado siglo<\/strong> con ocasi\u00f3n del <strong>reclutamiento de mozos<\/strong> para <strong>la Guerra de Marruecos<\/strong>. La intensa programaci\u00f3n seguir\u00e1 esta tarde con m\u00e1s iniciativas entre las que destaca <strong>el desfile de &#8216;La Cucafera&#8217;<\/strong>, organizado por la Asociaci\u00f3n de San Jorge, y que recorrer\u00e1 las calles del Centro a partir de las ocho de la tarde.<\/p>\n","protected":false},"excerpt":{"rendered":"<p>Alcoy sigue disfrutando de la edici\u00f3n 2019 de su Feria Modernista y la jornada de este s\u00e1bado 21 de septiembre&#8230;<\/p>\n","protected":false},"author":1,"featured_media":55088,"comment_status":"open","ping_status":"open","sticky":false,"template":"","format":"standard","meta":{"footnotes":""},"categories":[97,78,75,125],"tags":[1494,1793,926,4643,958],"class_list":["post-55087","post","type-post","status-publish","format-standard","has-post-thumbnail","hentry","category-alcoy","category-fiestaycultura","category-noticias","category-portada","tag-alcoy","tag-antonio-frances","tag-dona-amalia","tag-feria-modernista","tag-historia"],"yoast_head":"<!-- This site is optimized with the Yoast SEO plugin v27.3 - https:\/\/yoast.com\/product\/yoast-seo-wordpress\/ -->\n<title>La Feria Modernista recuerda la historia de Alcoy - COPE Alcoy<\/title>\n<meta name=\"robots\" content=\"index, follow, max-snippet:-1, max-image-preview:large, max-video-preview:-1\" \/>\n<link rel=\"canonical\" href=\"https:\/\/www.copealcoy.es\/es\/la-feria-modernista-recuerda-la-historia-de-alcoy\/\" \/>\n<meta property=\"og:locale\" content=\"es_ES\" \/>\n<meta property=\"og:type\" content=\"article\" \/>\n<meta property=\"og:title\" content=\"La Feria Modernista recuerda la historia de Alcoy - COPE Alcoy\" \/>\n<meta property=\"og:description\" content=\"Alcoy sigue disfrutando de la edici\u00f3n 2019 de su Feria Modernista y la jornada de este s\u00e1bado 21 de septiembre...\" \/>\n<meta property=\"og:url\" content=\"https:\/\/www.copealcoy.es\/es\/la-feria-modernista-recuerda-la-historia-de-alcoy\/\" \/>\n<meta property=\"og:site_name\" content=\"COPE Alcoy\" \/>\n<meta property=\"article:published_time\" content=\"2019-09-21T17:05:43+00:00\" \/>\n<meta name=\"author\" content=\"Cope Alcoy\" \/>\n<meta name=\"twitter:label1\" content=\"Escrito por\" \/>\n\t<meta name=\"twitter:data1\" content=\"Cope Alcoy\" \/>\n\t<meta name=\"twitter:label2\" content=\"Tiempo de lectura\" \/>\n\t<meta name=\"twitter:data2\" content=\"3 minutos\" \/>\n<script type=\"application\/ld+json\" class=\"yoast-schema-graph\">{\"@context\":\"https:\\\/\\\/schema.org\",\"@graph\":[{\"@type\":\"Article\",\"@id\":\"https:\\\/\\\/www.copealcoy.es\\\/es\\\/la-feria-modernista-recuerda-la-historia-de-alcoy\\\/#article\",\"isPartOf\":{\"@id\":\"https:\\\/\\\/www.copealcoy.es\\\/es\\\/la-feria-modernista-recuerda-la-historia-de-alcoy\\\/\"},\"author\":{\"name\":\"Cope Alcoy\",\"@id\":\"https:\\\/\\\/www.copealcoy.es\\\/es\\\/#\\\/schema\\\/person\\\/e777c87fa024e57d40170af9df39882c\"},\"headline\":\"La Feria Modernista recuerda la historia de Alcoy\",\"datePublished\":\"2019-09-21T17:05:43+00:00\",\"mainEntityOfPage\":{\"@id\":\"https:\\\/\\\/www.copealcoy.es\\\/es\\\/la-feria-modernista-recuerda-la-historia-de-alcoy\\\/\"},\"wordCount\":562,\"commentCount\":0,\"image\":{\"@id\":\"https:\\\/\\\/www.copealcoy.es\\\/es\\\/la-feria-modernista-recuerda-la-historia-de-alcoy\\\/#primaryimage\"},\"thumbnailUrl\":\"\",\"keywords\":[\"Alcoy\",\"Antonio Franc\u00e9s\",\"Do\u00f1a Amalia\",\"Feria Modernista\",\"Historia\"],\"articleSection\":[\"Alcoy\",\"Fiesta y Cultura\",\"Noticias\",\"Portada\"],\"inLanguage\":\"es\"},{\"@type\":\"WebPage\",\"@id\":\"https:\\\/\\\/www.copealcoy.es\\\/es\\\/la-feria-modernista-recuerda-la-historia-de-alcoy\\\/\",\"url\":\"https:\\\/\\\/www.copealcoy.es\\\/es\\\/la-feria-modernista-recuerda-la-historia-de-alcoy\\\/\",\"name\":\"La Feria Modernista recuerda la historia de Alcoy - COPE Alcoy\",\"isPartOf\":{\"@id\":\"https:\\\/\\\/www.copealcoy.es\\\/es\\\/#website\"},\"primaryImageOfPage\":{\"@id\":\"https:\\\/\\\/www.copealcoy.es\\\/es\\\/la-feria-modernista-recuerda-la-historia-de-alcoy\\\/#primaryimage\"},\"image\":{\"@id\":\"https:\\\/\\\/www.copealcoy.es\\\/es\\\/la-feria-modernista-recuerda-la-historia-de-alcoy\\\/#primaryimage\"},\"thumbnailUrl\":\"\",\"datePublished\":\"2019-09-21T17:05:43+00:00\",\"author\":{\"@id\":\"https:\\\/\\\/www.copealcoy.es\\\/es\\\/#\\\/schema\\\/person\\\/e777c87fa024e57d40170af9df39882c\"},\"breadcrumb\":{\"@id\":\"https:\\\/\\\/www.copealcoy.es\\\/es\\\/la-feria-modernista-recuerda-la-historia-de-alcoy\\\/#breadcrumb\"},\"inLanguage\":\"es\",\"potentialAction\":[{\"@type\":\"ReadAction\",\"target\":[\"https:\\\/\\\/www.copealcoy.es\\\/es\\\/la-feria-modernista-recuerda-la-historia-de-alcoy\\\/\"]}]},{\"@type\":\"ImageObject\",\"inLanguage\":\"es\",\"@id\":\"https:\\\/\\\/www.copealcoy.es\\\/es\\\/la-feria-modernista-recuerda-la-historia-de-alcoy\\\/#primaryimage\",\"url\":\"\",\"contentUrl\":\"\"},{\"@type\":\"BreadcrumbList\",\"@id\":\"https:\\\/\\\/www.copealcoy.es\\\/es\\\/la-feria-modernista-recuerda-la-historia-de-alcoy\\\/#breadcrumb\",\"itemListElement\":[{\"@type\":\"ListItem\",\"position\":1,\"name\":\"Portada\",\"item\":\"https:\\\/\\\/www.copealcoy.es\\\/es\\\/\"},{\"@type\":\"ListItem\",\"position\":2,\"name\":\"La Feria Modernista recuerda la historia de Alcoy\"}]},{\"@type\":\"WebSite\",\"@id\":\"https:\\\/\\\/www.copealcoy.es\\\/es\\\/#website\",\"url\":\"https:\\\/\\\/www.copealcoy.es\\\/es\\\/\",\"name\":\"COPE Alcoy\",\"description\":\"Emisora COPE de radio local con emisi\u00f3n online. Pont de Sant Jordi 8-10 03803 Alcoy\",\"potentialAction\":[{\"@type\":\"SearchAction\",\"target\":{\"@type\":\"EntryPoint\",\"urlTemplate\":\"https:\\\/\\\/www.copealcoy.es\\\/es\\\/?s={search_term_string}\"},\"query-input\":{\"@type\":\"PropertyValueSpecification\",\"valueRequired\":true,\"valueName\":\"search_term_string\"}}],\"inLanguage\":\"es\"},{\"@type\":\"Person\",\"@id\":\"https:\\\/\\\/www.copealcoy.es\\\/es\\\/#\\\/schema\\\/person\\\/e777c87fa024e57d40170af9df39882c\",\"name\":\"Cope Alcoy\",\"image\":{\"@type\":\"ImageObject\",\"inLanguage\":\"es\",\"@id\":\"https:\\\/\\\/secure.gravatar.com\\\/avatar\\\/bb65d0283347e303893ba14f0692005417c1e0e690a325a4c5d8bb2b3943ee14?s=96&d=mm&r=g\",\"url\":\"https:\\\/\\\/secure.gravatar.com\\\/avatar\\\/bb65d0283347e303893ba14f0692005417c1e0e690a325a4c5d8bb2b3943ee14?s=96&d=mm&r=g\",\"contentUrl\":\"https:\\\/\\\/secure.gravatar.com\\\/avatar\\\/bb65d0283347e303893ba14f0692005417c1e0e690a325a4c5d8bb2b3943ee14?s=96&d=mm&r=g\",\"caption\":\"Cope Alcoy\"}}]}<\/script>\n<!-- \/ Yoast SEO plugin. -->","yoast_head_json":{"title":"La Feria Modernista recuerda la historia de Alcoy - COPE Alcoy","robots":{"index":"index","follow":"follow","max-snippet":"max-snippet:-1","max-image-preview":"max-image-preview:large","max-video-preview":"max-video-preview:-1"},"canonical":"https:\/\/www.copealcoy.es\/es\/la-feria-modernista-recuerda-la-historia-de-alcoy\/","og_locale":"es_ES","og_type":"article","og_title":"La Feria Modernista recuerda la historia de Alcoy - COPE Alcoy","og_description":"Alcoy sigue disfrutando de la edici\u00f3n 2019 de su Feria Modernista y la jornada de este s\u00e1bado 21 de septiembre...","og_url":"https:\/\/www.copealcoy.es\/es\/la-feria-modernista-recuerda-la-historia-de-alcoy\/","og_site_name":"COPE Alcoy","article_published_time":"2019-09-21T17:05:43+00:00","author":"Cope Alcoy","twitter_misc":{"Escrito por":"Cope Alcoy","Tiempo de lectura":"3 minutos"},"schema":{"@context":"https:\/\/schema.org","@graph":[{"@type":"Article","@id":"https:\/\/www.copealcoy.es\/es\/la-feria-modernista-recuerda-la-historia-de-alcoy\/#article","isPartOf":{"@id":"https:\/\/www.copealcoy.es\/es\/la-feria-modernista-recuerda-la-historia-de-alcoy\/"},"author":{"name":"Cope Alcoy","@id":"https:\/\/www.copealcoy.es\/es\/#\/schema\/person\/e777c87fa024e57d40170af9df39882c"},"headline":"La Feria Modernista recuerda la historia de Alcoy","datePublished":"2019-09-21T17:05:43+00:00","mainEntityOfPage":{"@id":"https:\/\/www.copealcoy.es\/es\/la-feria-modernista-recuerda-la-historia-de-alcoy\/"},"wordCount":562,"commentCount":0,"image":{"@id":"https:\/\/www.copealcoy.es\/es\/la-feria-modernista-recuerda-la-historia-de-alcoy\/#primaryimage"},"thumbnailUrl":"","keywords":["Alcoy","Antonio Franc\u00e9s","Do\u00f1a Amalia","Feria Modernista","Historia"],"articleSection":["Alcoy","Fiesta y Cultura","Noticias","Portada"],"inLanguage":"es"},{"@type":"WebPage","@id":"https:\/\/www.copealcoy.es\/es\/la-feria-modernista-recuerda-la-historia-de-alcoy\/","url":"https:\/\/www.copealcoy.es\/es\/la-feria-modernista-recuerda-la-historia-de-alcoy\/","name":"La Feria Modernista recuerda la historia de Alcoy - COPE Alcoy","isPartOf":{"@id":"https:\/\/www.copealcoy.es\/es\/#website"},"primaryImageOfPage":{"@id":"https:\/\/www.copealcoy.es\/es\/la-feria-modernista-recuerda-la-historia-de-alcoy\/#primaryimage"},"image":{"@id":"https:\/\/www.copealcoy.es\/es\/la-feria-modernista-recuerda-la-historia-de-alcoy\/#primaryimage"},"thumbnailUrl":"","datePublished":"2019-09-21T17:05:43+00:00","author":{"@id":"https:\/\/www.copealcoy.es\/es\/#\/schema\/person\/e777c87fa024e57d40170af9df39882c"},"breadcrumb":{"@id":"https:\/\/www.copealcoy.es\/es\/la-feria-modernista-recuerda-la-historia-de-alcoy\/#breadcrumb"},"inLanguage":"es","potentialAction":[{"@type":"ReadAction","target":["https:\/\/www.copealcoy.es\/es\/la-feria-modernista-recuerda-la-historia-de-alcoy\/"]}]},{"@type":"ImageObject","inLanguage":"es","@id":"https:\/\/www.copealcoy.es\/es\/la-feria-modernista-recuerda-la-historia-de-alcoy\/#primaryimage","url":"","contentUrl":""},{"@type":"BreadcrumbList","@id":"https:\/\/www.copealcoy.es\/es\/la-feria-modernista-recuerda-la-historia-de-alcoy\/#breadcrumb","itemListElement":[{"@type":"ListItem","position":1,"name":"Portada","item":"https:\/\/www.copealcoy.es\/es\/"},{"@type":"ListItem","position":2,"name":"La Feria Modernista recuerda la historia de Alcoy"}]},{"@type":"WebSite","@id":"https:\/\/www.copealcoy.es\/es\/#website","url":"https:\/\/www.copealcoy.es\/es\/","name":"COPE Alcoy","description":"Emisora COPE de radio local con emisi\u00f3n online. Pont de Sant Jordi 8-10 03803 Alcoy","potentialAction":[{"@type":"SearchAction","target":{"@type":"EntryPoint","urlTemplate":"https:\/\/www.copealcoy.es\/es\/?s={search_term_string}"},"query-input":{"@type":"PropertyValueSpecification","valueRequired":true,"valueName":"search_term_string"}}],"inLanguage":"es"},{"@type":"Person","@id":"https:\/\/www.copealcoy.es\/es\/#\/schema\/person\/e777c87fa024e57d40170af9df39882c","name":"Cope Alcoy","image":{"@type":"ImageObject","inLanguage":"es","@id":"https:\/\/secure.gravatar.com\/avatar\/bb65d0283347e303893ba14f0692005417c1e0e690a325a4c5d8bb2b3943ee14?s=96&d=mm&r=g","url":"https:\/\/secure.gravatar.com\/avatar\/bb65d0283347e303893ba14f0692005417c1e0e690a325a4c5d8bb2b3943ee14?s=96&d=mm&r=g","contentUrl":"https:\/\/secure.gravatar.com\/avatar\/bb65d0283347e303893ba14f0692005417c1e0e690a325a4c5d8bb2b3943ee14?s=96&d=mm&r=g","caption":"Cope Alcoy"}}]}},"_links":{"self":[{"href":"https:\/\/www.copealcoy.es\/es\/wp-json\/wp\/v2\/posts\/55087","targetHints":{"allow":["GET"]}}],"collection":[{"href":"https:\/\/www.copealcoy.es\/es\/wp-json\/wp\/v2\/posts"}],"about":[{"href":"https:\/\/www.copealcoy.es\/es\/wp-json\/wp\/v2\/types\/post"}],"author":[{"embeddable":true,"href":"https:\/\/www.copealcoy.es\/es\/wp-json\/wp\/v2\/users\/1"}],"replies":[{"embeddable":true,"href":"https:\/\/www.copealcoy.es\/es\/wp-json\/wp\/v2\/comments?post=55087"}],"version-history":[{"count":0,"href":"https:\/\/www.copealcoy.es\/es\/wp-json\/wp\/v2\/posts\/55087\/revisions"}],"wp:featuredmedia":[{"embeddable":true,"href":"https:\/\/www.copealcoy.es\/es\/wp-json\/"}],"wp:attachment":[{"href":"https:\/\/www.copealcoy.es\/es\/wp-json\/wp\/v2\/media?parent=55087"}],"wp:term":[{"taxonomy":"category","embeddable":true,"href":"https:\/\/www.copealcoy.es\/es\/wp-json\/wp\/v2\/categories?post=55087"},{"taxonomy":"post_tag","embeddable":true,"href":"https:\/\/www.copealcoy.es\/es\/wp-json\/wp\/v2\/tags?post=55087"}],"curies":[{"name":"wp","href":"https:\/\/api.w.org\/{rel}","templated":true}]}}