{"id":55036,"date":"2019-09-20T14:12:14","date_gmt":"2019-09-20T14:12:14","guid":{"rendered":"https:\/\/copealcoi.es\/?p=55036"},"modified":"2019-09-20T14:12:14","modified_gmt":"2019-09-20T14:12:14","slug":"suspendido-el-acto-de-despedida-a-camilo-sesto-por-voluntad-de-su-hijo","status":"publish","type":"post","link":"https:\/\/www.copealcoy.es\/es\/suspendido-el-acto-de-despedida-a-camilo-sesto-por-voluntad-de-su-hijo\/","title":{"rendered":"Suspendido el acto de despedida a Camilo Sesto por voluntad de su hijo"},"content":{"rendered":"<p style=\"text-align: justify;\">El <strong>Ayuntamiento de Alcoy<\/strong> ha decidido suspender <strong>el acto de despedida a Camilo Sesto<\/strong>, que estaba previsto para este <strong>lunes 23 de septiembre<\/strong>, y que iba a ce\u00f1irse a <strong>depositar las cenizas del artista en el Sal\u00f3n de Plenos de la ciudad\u00a0<\/strong>en una Capilla Ardiente abierta al p\u00fablico entre las 17 y las 20 horas de la tarde.<\/p>\n<p style=\"text-align: justify;\">Desde el propio Consistorio<strong> han informado a \u00faltima hora de la ma\u00f1ana de este viernes<\/strong> que han recibido\u00a0una llamada de\u00a0<strong>David Moneo Lomana<\/strong>, abogado del <strong>hijo del cantante,\u00a0<\/strong>y que despu\u00e9s se <strong>ha solicitado un comunicado al letrado<\/strong> que este \u00faltimo ha enviado por correo electr\u00f3nico. El mismo se expresaba que <strong>Camilo Blanes Ornelas<\/strong> &#8220;<em>desea respetar la \u00faltima voluntad de su padre, la cual no se conocer\u00e1 hasta la apertura de su testamento. Por lo tanto, hasta que se produzca dicha apertura, no puede autorizar el uso de sus cenizas. Una vez que se conozca esta \u00faltima voluntad, mi cliente har\u00e1 cuanto est\u00e9 a su alcance para que se cumpla en sus t\u00e9rminos. Quer\u00eda agradecer en nombre de mi cliente la iniciativa que han tenido de homenajear a su padre, confiando en que tras la apertura del testamento pueda llevarse a cabo dicho homenaje<\/em>&#8220;, rezaba textualmente el mensaje.<\/p>\n<p style=\"text-align: justify;\">El mismo Ayuntamiento de Alcoy, tras conocer esta informaci\u00f3n, ha decidido <strong>paralizar el \u00faltimo adi\u00f3s del pr\u00f3ximo lunes<\/strong> y se ha especificado que <strong>la administraci\u00f3n local<\/strong> &#8220;<em>ha puesto a disposici\u00f3n de Camilo Sesto y de sus representantes legales en vida y una vez conocido su fallecimiento<\/em>&#8220;. Asimismo se remarca que,\u00a0a propuesta de su representante y albacea testamentario, <strong>el Consistorio cedi\u00f3 instalaciones municipales como el Sal\u00f3n de Plenos<\/strong>\u00a0&#8220;<em>en el d\u00eda y hora que se nos propuso, para despedir a Camilo Sesto, hijo predilecto y medalla de oro de la ciudad, propiciando que las alcoyanas y alcoyanos, que ya le mostraron su cari\u00f1o y respeto en vida, pudieran despedirle. Alcoy est\u00e1 con Camilo Sesto, desde el respeto, el cari\u00f1o y el agradecimiento por llevar el nombre de nuestra ciudad por todo el mundo y, en ning\u00fan caso, vamos a propiciar ninguna situaci\u00f3n que pueda da\u00f1ar su recuerdo y la grandeza de su figura<\/em>&#8220;, concluye <strong>la informaci\u00f3n facilitada por el Ayuntamiento<\/strong> alcoyano.<\/p>\n","protected":false},"excerpt":{"rendered":"<p>El Ayuntamiento de Alcoy ha decidido suspender el acto de despedida a Camilo Sesto, que estaba previsto para este lunes&#8230;<\/p>\n","protected":false},"author":1,"featured_media":26675,"comment_status":"open","ping_status":"open","sticky":false,"template":"","format":"standard","meta":{"footnotes":""},"categories":[97,75,125],"tags":[9205,1494,2559,6984],"class_list":["post-55036","post","type-post","status-publish","format-standard","has-post-thumbnail","hentry","category-alcoy","category-noticias","category-portada","tag-acto-de-despedida","tag-alcoy","tag-camilo-sesto","tag-suspension"],"yoast_head":"<!-- This site is optimized with the Yoast SEO plugin v27.3 - https:\/\/yoast.com\/product\/yoast-seo-wordpress\/ -->\n<title>Suspendido el acto de despedida a Camilo Sesto por voluntad de su hijo - COPE Alcoy<\/title>\n<meta name=\"robots\" content=\"index, follow, max-snippet:-1, max-image-preview:large, max-video-preview:-1\" \/>\n<link rel=\"canonical\" href=\"https:\/\/www.copealcoy.es\/es\/suspendido-el-acto-de-despedida-a-camilo-sesto-por-voluntad-de-su-hijo\/\" \/>\n<meta property=\"og:locale\" content=\"es_ES\" \/>\n<meta property=\"og:type\" content=\"article\" \/>\n<meta property=\"og:title\" content=\"Suspendido el acto de despedida a Camilo Sesto por voluntad de su hijo - COPE Alcoy\" \/>\n<meta property=\"og:description\" content=\"El Ayuntamiento de Alcoy ha decidido suspender el acto de despedida a Camilo Sesto, que estaba previsto para este lunes...\" \/>\n<meta property=\"og:url\" content=\"https:\/\/www.copealcoy.es\/es\/suspendido-el-acto-de-despedida-a-camilo-sesto-por-voluntad-de-su-hijo\/\" \/>\n<meta property=\"og:site_name\" content=\"COPE Alcoy\" \/>\n<meta property=\"article:published_time\" content=\"2019-09-20T14:12:14+00:00\" \/>\n<meta property=\"og:image\" content=\"https:\/\/www.copealcoy.es\/wp-content\/uploads\/2016\/11\/IMG_5654.jpg\" \/>\n\t<meta property=\"og:image:width\" content=\"2048\" \/>\n\t<meta property=\"og:image:height\" content=\"1356\" \/>\n\t<meta property=\"og:image:type\" content=\"image\/jpeg\" \/>\n<meta name=\"author\" content=\"Cope Alcoy\" \/>\n<meta name=\"twitter:label1\" content=\"Escrito por\" \/>\n\t<meta name=\"twitter:data1\" content=\"Cope Alcoy\" \/>\n\t<meta name=\"twitter:label2\" content=\"Tiempo de lectura\" \/>\n\t<meta name=\"twitter:data2\" content=\"2 minutos\" \/>\n<script type=\"application\/ld+json\" class=\"yoast-schema-graph\">{\"@context\":\"https:\\\/\\\/schema.org\",\"@graph\":[{\"@type\":\"Article\",\"@id\":\"https:\\\/\\\/www.copealcoy.es\\\/es\\\/suspendido-el-acto-de-despedida-a-camilo-sesto-por-voluntad-de-su-hijo\\\/#article\",\"isPartOf\":{\"@id\":\"https:\\\/\\\/www.copealcoy.es\\\/es\\\/suspendido-el-acto-de-despedida-a-camilo-sesto-por-voluntad-de-su-hijo\\\/\"},\"author\":{\"name\":\"Cope Alcoy\",\"@id\":\"https:\\\/\\\/www.copealcoy.es\\\/es\\\/#\\\/schema\\\/person\\\/e777c87fa024e57d40170af9df39882c\"},\"headline\":\"Suspendido el acto de despedida a Camilo Sesto por voluntad de su hijo\",\"datePublished\":\"2019-09-20T14:12:14+00:00\",\"mainEntityOfPage\":{\"@id\":\"https:\\\/\\\/www.copealcoy.es\\\/es\\\/suspendido-el-acto-de-despedida-a-camilo-sesto-por-voluntad-de-su-hijo\\\/\"},\"wordCount\":400,\"commentCount\":0,\"image\":{\"@id\":\"https:\\\/\\\/www.copealcoy.es\\\/es\\\/suspendido-el-acto-de-despedida-a-camilo-sesto-por-voluntad-de-su-hijo\\\/#primaryimage\"},\"thumbnailUrl\":\"https:\\\/\\\/www.copealcoy.es\\\/wp-content\\\/uploads\\\/2016\\\/11\\\/IMG_5654.jpg\",\"keywords\":[\"acto de despedida\",\"Alcoy\",\"Camilo Sesto\",\"suspensi\u00f3n\"],\"articleSection\":[\"Alcoy\",\"Noticias\",\"Portada\"],\"inLanguage\":\"es\"},{\"@type\":\"WebPage\",\"@id\":\"https:\\\/\\\/www.copealcoy.es\\\/es\\\/suspendido-el-acto-de-despedida-a-camilo-sesto-por-voluntad-de-su-hijo\\\/\",\"url\":\"https:\\\/\\\/www.copealcoy.es\\\/es\\\/suspendido-el-acto-de-despedida-a-camilo-sesto-por-voluntad-de-su-hijo\\\/\",\"name\":\"Suspendido el acto de despedida a Camilo Sesto por voluntad de su hijo - COPE Alcoy\",\"isPartOf\":{\"@id\":\"https:\\\/\\\/www.copealcoy.es\\\/es\\\/#website\"},\"primaryImageOfPage\":{\"@id\":\"https:\\\/\\\/www.copealcoy.es\\\/es\\\/suspendido-el-acto-de-despedida-a-camilo-sesto-por-voluntad-de-su-hijo\\\/#primaryimage\"},\"image\":{\"@id\":\"https:\\\/\\\/www.copealcoy.es\\\/es\\\/suspendido-el-acto-de-despedida-a-camilo-sesto-por-voluntad-de-su-hijo\\\/#primaryimage\"},\"thumbnailUrl\":\"https:\\\/\\\/www.copealcoy.es\\\/wp-content\\\/uploads\\\/2016\\\/11\\\/IMG_5654.jpg\",\"datePublished\":\"2019-09-20T14:12:14+00:00\",\"author\":{\"@id\":\"https:\\\/\\\/www.copealcoy.es\\\/es\\\/#\\\/schema\\\/person\\\/e777c87fa024e57d40170af9df39882c\"},\"breadcrumb\":{\"@id\":\"https:\\\/\\\/www.copealcoy.es\\\/es\\\/suspendido-el-acto-de-despedida-a-camilo-sesto-por-voluntad-de-su-hijo\\\/#breadcrumb\"},\"inLanguage\":\"es\",\"potentialAction\":[{\"@type\":\"ReadAction\",\"target\":[\"https:\\\/\\\/www.copealcoy.es\\\/es\\\/suspendido-el-acto-de-despedida-a-camilo-sesto-por-voluntad-de-su-hijo\\\/\"]}]},{\"@type\":\"ImageObject\",\"inLanguage\":\"es\",\"@id\":\"https:\\\/\\\/www.copealcoy.es\\\/es\\\/suspendido-el-acto-de-despedida-a-camilo-sesto-por-voluntad-de-su-hijo\\\/#primaryimage\",\"url\":\"https:\\\/\\\/www.copealcoy.es\\\/wp-content\\\/uploads\\\/2016\\\/11\\\/IMG_5654.jpg\",\"contentUrl\":\"https:\\\/\\\/www.copealcoy.es\\\/wp-content\\\/uploads\\\/2016\\\/11\\\/IMG_5654.jpg\",\"width\":2048,\"height\":1356},{\"@type\":\"BreadcrumbList\",\"@id\":\"https:\\\/\\\/www.copealcoy.es\\\/es\\\/suspendido-el-acto-de-despedida-a-camilo-sesto-por-voluntad-de-su-hijo\\\/#breadcrumb\",\"itemListElement\":[{\"@type\":\"ListItem\",\"position\":1,\"name\":\"Portada\",\"item\":\"https:\\\/\\\/www.copealcoy.es\\\/es\\\/\"},{\"@type\":\"ListItem\",\"position\":2,\"name\":\"Suspendido el acto de despedida a Camilo Sesto por voluntad de su hijo\"}]},{\"@type\":\"WebSite\",\"@id\":\"https:\\\/\\\/www.copealcoy.es\\\/es\\\/#website\",\"url\":\"https:\\\/\\\/www.copealcoy.es\\\/es\\\/\",\"name\":\"COPE Alcoy\",\"description\":\"Emisora COPE de radio local con emisi\u00f3n online. Pont de Sant Jordi 8-10 03803 Alcoy\",\"potentialAction\":[{\"@type\":\"SearchAction\",\"target\":{\"@type\":\"EntryPoint\",\"urlTemplate\":\"https:\\\/\\\/www.copealcoy.es\\\/es\\\/?s={search_term_string}\"},\"query-input\":{\"@type\":\"PropertyValueSpecification\",\"valueRequired\":true,\"valueName\":\"search_term_string\"}}],\"inLanguage\":\"es\"},{\"@type\":\"Person\",\"@id\":\"https:\\\/\\\/www.copealcoy.es\\\/es\\\/#\\\/schema\\\/person\\\/e777c87fa024e57d40170af9df39882c\",\"name\":\"Cope Alcoy\",\"image\":{\"@type\":\"ImageObject\",\"inLanguage\":\"es\",\"@id\":\"https:\\\/\\\/secure.gravatar.com\\\/avatar\\\/bb65d0283347e303893ba14f0692005417c1e0e690a325a4c5d8bb2b3943ee14?s=96&d=mm&r=g\",\"url\":\"https:\\\/\\\/secure.gravatar.com\\\/avatar\\\/bb65d0283347e303893ba14f0692005417c1e0e690a325a4c5d8bb2b3943ee14?s=96&d=mm&r=g\",\"contentUrl\":\"https:\\\/\\\/secure.gravatar.com\\\/avatar\\\/bb65d0283347e303893ba14f0692005417c1e0e690a325a4c5d8bb2b3943ee14?s=96&d=mm&r=g\",\"caption\":\"Cope Alcoy\"}}]}<\/script>\n<!-- \/ Yoast SEO plugin. -->","yoast_head_json":{"title":"Suspendido el acto de despedida a Camilo Sesto por voluntad de su hijo - COPE Alcoy","robots":{"index":"index","follow":"follow","max-snippet":"max-snippet:-1","max-image-preview":"max-image-preview:large","max-video-preview":"max-video-preview:-1"},"canonical":"https:\/\/www.copealcoy.es\/es\/suspendido-el-acto-de-despedida-a-camilo-sesto-por-voluntad-de-su-hijo\/","og_locale":"es_ES","og_type":"article","og_title":"Suspendido el acto de despedida a Camilo Sesto por voluntad de su hijo - COPE Alcoy","og_description":"El Ayuntamiento de Alcoy ha decidido suspender el acto de despedida a Camilo Sesto, que estaba previsto para este lunes...","og_url":"https:\/\/www.copealcoy.es\/es\/suspendido-el-acto-de-despedida-a-camilo-sesto-por-voluntad-de-su-hijo\/","og_site_name":"COPE Alcoy","article_published_time":"2019-09-20T14:12:14+00:00","og_image":[{"width":2048,"height":1356,"url":"https:\/\/www.copealcoy.es\/wp-content\/uploads\/2016\/11\/IMG_5654.jpg","type":"image\/jpeg"}],"author":"Cope Alcoy","twitter_misc":{"Escrito por":"Cope Alcoy","Tiempo de lectura":"2 minutos"},"schema":{"@context":"https:\/\/schema.org","@graph":[{"@type":"Article","@id":"https:\/\/www.copealcoy.es\/es\/suspendido-el-acto-de-despedida-a-camilo-sesto-por-voluntad-de-su-hijo\/#article","isPartOf":{"@id":"https:\/\/www.copealcoy.es\/es\/suspendido-el-acto-de-despedida-a-camilo-sesto-por-voluntad-de-su-hijo\/"},"author":{"name":"Cope Alcoy","@id":"https:\/\/www.copealcoy.es\/es\/#\/schema\/person\/e777c87fa024e57d40170af9df39882c"},"headline":"Suspendido el acto de despedida a Camilo Sesto por voluntad de su hijo","datePublished":"2019-09-20T14:12:14+00:00","mainEntityOfPage":{"@id":"https:\/\/www.copealcoy.es\/es\/suspendido-el-acto-de-despedida-a-camilo-sesto-por-voluntad-de-su-hijo\/"},"wordCount":400,"commentCount":0,"image":{"@id":"https:\/\/www.copealcoy.es\/es\/suspendido-el-acto-de-despedida-a-camilo-sesto-por-voluntad-de-su-hijo\/#primaryimage"},"thumbnailUrl":"https:\/\/www.copealcoy.es\/wp-content\/uploads\/2016\/11\/IMG_5654.jpg","keywords":["acto de despedida","Alcoy","Camilo Sesto","suspensi\u00f3n"],"articleSection":["Alcoy","Noticias","Portada"],"inLanguage":"es"},{"@type":"WebPage","@id":"https:\/\/www.copealcoy.es\/es\/suspendido-el-acto-de-despedida-a-camilo-sesto-por-voluntad-de-su-hijo\/","url":"https:\/\/www.copealcoy.es\/es\/suspendido-el-acto-de-despedida-a-camilo-sesto-por-voluntad-de-su-hijo\/","name":"Suspendido el acto de despedida a Camilo Sesto por voluntad de su hijo - COPE Alcoy","isPartOf":{"@id":"https:\/\/www.copealcoy.es\/es\/#website"},"primaryImageOfPage":{"@id":"https:\/\/www.copealcoy.es\/es\/suspendido-el-acto-de-despedida-a-camilo-sesto-por-voluntad-de-su-hijo\/#primaryimage"},"image":{"@id":"https:\/\/www.copealcoy.es\/es\/suspendido-el-acto-de-despedida-a-camilo-sesto-por-voluntad-de-su-hijo\/#primaryimage"},"thumbnailUrl":"https:\/\/www.copealcoy.es\/wp-content\/uploads\/2016\/11\/IMG_5654.jpg","datePublished":"2019-09-20T14:12:14+00:00","author":{"@id":"https:\/\/www.copealcoy.es\/es\/#\/schema\/person\/e777c87fa024e57d40170af9df39882c"},"breadcrumb":{"@id":"https:\/\/www.copealcoy.es\/es\/suspendido-el-acto-de-despedida-a-camilo-sesto-por-voluntad-de-su-hijo\/#breadcrumb"},"inLanguage":"es","potentialAction":[{"@type":"ReadAction","target":["https:\/\/www.copealcoy.es\/es\/suspendido-el-acto-de-despedida-a-camilo-sesto-por-voluntad-de-su-hijo\/"]}]},{"@type":"ImageObject","inLanguage":"es","@id":"https:\/\/www.copealcoy.es\/es\/suspendido-el-acto-de-despedida-a-camilo-sesto-por-voluntad-de-su-hijo\/#primaryimage","url":"https:\/\/www.copealcoy.es\/wp-content\/uploads\/2016\/11\/IMG_5654.jpg","contentUrl":"https:\/\/www.copealcoy.es\/wp-content\/uploads\/2016\/11\/IMG_5654.jpg","width":2048,"height":1356},{"@type":"BreadcrumbList","@id":"https:\/\/www.copealcoy.es\/es\/suspendido-el-acto-de-despedida-a-camilo-sesto-por-voluntad-de-su-hijo\/#breadcrumb","itemListElement":[{"@type":"ListItem","position":1,"name":"Portada","item":"https:\/\/www.copealcoy.es\/es\/"},{"@type":"ListItem","position":2,"name":"Suspendido el acto de despedida a Camilo Sesto por voluntad de su hijo"}]},{"@type":"WebSite","@id":"https:\/\/www.copealcoy.es\/es\/#website","url":"https:\/\/www.copealcoy.es\/es\/","name":"COPE Alcoy","description":"Emisora COPE de radio local con emisi\u00f3n online. Pont de Sant Jordi 8-10 03803 Alcoy","potentialAction":[{"@type":"SearchAction","target":{"@type":"EntryPoint","urlTemplate":"https:\/\/www.copealcoy.es\/es\/?s={search_term_string}"},"query-input":{"@type":"PropertyValueSpecification","valueRequired":true,"valueName":"search_term_string"}}],"inLanguage":"es"},{"@type":"Person","@id":"https:\/\/www.copealcoy.es\/es\/#\/schema\/person\/e777c87fa024e57d40170af9df39882c","name":"Cope Alcoy","image":{"@type":"ImageObject","inLanguage":"es","@id":"https:\/\/secure.gravatar.com\/avatar\/bb65d0283347e303893ba14f0692005417c1e0e690a325a4c5d8bb2b3943ee14?s=96&d=mm&r=g","url":"https:\/\/secure.gravatar.com\/avatar\/bb65d0283347e303893ba14f0692005417c1e0e690a325a4c5d8bb2b3943ee14?s=96&d=mm&r=g","contentUrl":"https:\/\/secure.gravatar.com\/avatar\/bb65d0283347e303893ba14f0692005417c1e0e690a325a4c5d8bb2b3943ee14?s=96&d=mm&r=g","caption":"Cope Alcoy"}}]}},"_links":{"self":[{"href":"https:\/\/www.copealcoy.es\/es\/wp-json\/wp\/v2\/posts\/55036","targetHints":{"allow":["GET"]}}],"collection":[{"href":"https:\/\/www.copealcoy.es\/es\/wp-json\/wp\/v2\/posts"}],"about":[{"href":"https:\/\/www.copealcoy.es\/es\/wp-json\/wp\/v2\/types\/post"}],"author":[{"embeddable":true,"href":"https:\/\/www.copealcoy.es\/es\/wp-json\/wp\/v2\/users\/1"}],"replies":[{"embeddable":true,"href":"https:\/\/www.copealcoy.es\/es\/wp-json\/wp\/v2\/comments?post=55036"}],"version-history":[{"count":0,"href":"https:\/\/www.copealcoy.es\/es\/wp-json\/wp\/v2\/posts\/55036\/revisions"}],"wp:featuredmedia":[{"embeddable":true,"href":"https:\/\/www.copealcoy.es\/es\/wp-json\/wp\/v2\/media\/26675"}],"wp:attachment":[{"href":"https:\/\/www.copealcoy.es\/es\/wp-json\/wp\/v2\/media?parent=55036"}],"wp:term":[{"taxonomy":"category","embeddable":true,"href":"https:\/\/www.copealcoy.es\/es\/wp-json\/wp\/v2\/categories?post=55036"},{"taxonomy":"post_tag","embeddable":true,"href":"https:\/\/www.copealcoy.es\/es\/wp-json\/wp\/v2\/tags?post=55036"}],"curies":[{"name":"wp","href":"https:\/\/api.w.org\/{rel}","templated":true}]}}