{"id":54924,"date":"2019-09-17T12:15:21","date_gmt":"2019-09-17T12:15:21","guid":{"rendered":"https:\/\/copealcoi.es\/?p=54924"},"modified":"2019-09-17T12:15:21","modified_gmt":"2019-09-17T12:15:21","slug":"ultiman-el-convenio-para-la-regeneracion-urbana-de-la-placeta-les-xiques","status":"publish","type":"post","link":"https:\/\/www.copealcoy.es\/es\/ultiman-el-convenio-para-la-regeneracion-urbana-de-la-placeta-les-xiques\/","title":{"rendered":"Ultiman un convenio para la dinamizaci\u00f3n de la Placeta Les Xiques"},"content":{"rendered":"<p style=\"text-align: justify;\">El <strong>Ayuntamiento de Alcoy y la Generalitat Valenciana<\/strong> impulsar\u00e1n el <strong>convenio de colaboraci\u00f3n<\/strong> <strong>\u2018Joves per la integraci\u00f3\u2019<\/strong> con la finalidad de <strong>dinamizar<\/strong> una de las \u00e1reas m\u00e1s vulnerables de nuestra ciudad como es <strong>la placeta Les Xiques<\/strong>. Mediante este convenio <strong>cuatro estudiantes del CIP FP Batoi del ciclo de integraci\u00f3n social<\/strong> formar\u00e1n parte de un programa de dinamizaci\u00f3n comunitaria, a cambio de dos viviendas.<\/p>\n<p style=\"text-align: justify;\">Este es uno de los temas abordados en <strong>la reuni\u00f3n mantenida recientemente<\/strong> entre el alcalde, <strong>Antonio Franc\u00e9s<\/strong>, la concejala de Vivienda; <strong>Mar\u00eda Baca<\/strong>, la directora general de Vivienda y regeneraci\u00f3n urbana; <strong>Elena Azcarraga<\/strong>, la directora general de Emergencia Habitacional y Funci\u00f3n Social de la vivienda; <strong>Lorena Sanz<\/strong> y el director general de la entidad valenciana de vivienda p\u00fablica (Evha); <strong>Alberto Aznar<\/strong>. En la misma se habl\u00f3 tambi\u00e9n del seguimiento de<strong> las obras de rehabilitaci\u00f3n<\/strong> <strong>de elementos comunes<\/strong> y <strong>reurbanizaci\u00f3n de espacios libres<\/strong> del grupo de viviendas Barbacana-Placeta Les Xiques.<\/p>\n<p style=\"text-align: justify;\">La concejala de Vivienda en el Ayuntamiento de Alcoy, <strong>Mar\u00eda Baca<\/strong>, valora muy positivamente estas reuniones &nbsp;y todas <strong>las cuestiones abordadas en las mismas<\/strong> <em>&#8220;se han tratado temas que implican a distintos organismos y que principalmente generan colaboraciones conjuntas para coordinar grandes proyectos que afectan a la mejora del bienestar de nuestra ciudad<\/em>&#8220;, afirm\u00f3.<\/p>\n<p style=\"text-align: justify;\">Recordar que en la reuni\u00f3n se habl\u00f3 del <strong>servicio de mediaci\u00f3n<\/strong> que est\u00e1 previsto que de comienzo a <strong>finales de mes<\/strong> en nuestra ciudad. Para su funcionamiento <strong>se deber\u00e1 coordinar<\/strong> el departamento de Vivienda de nuestra ciudad con el Evha.<\/p>\n","protected":false},"excerpt":{"rendered":"<p>El Ayuntamiento de Alcoy y la Generalitat Valenciana impulsar\u00e1n el convenio de colaboraci\u00f3n \u2018Joves per la integraci\u00f3\u2019 con la finalidad&#8230;<\/p>\n","protected":false},"author":1,"featured_media":54926,"comment_status":"open","ping_status":"open","sticky":false,"template":"","format":"standard","meta":{"footnotes":""},"categories":[97,75,125],"tags":[229,590,243,2771],"class_list":["post-54924","post","type-post","status-publish","format-standard","has-post-thumbnail","hentry","category-alcoy","category-noticias","category-portada","tag-ayuntamiento","tag-convenio","tag-generalitat","tag-placeta-les-xiques"],"yoast_head":"<!-- This site is optimized with the Yoast SEO plugin v27.3 - https:\/\/yoast.com\/product\/yoast-seo-wordpress\/ -->\n<title>Ultiman un convenio para la dinamizaci\u00f3n de la Placeta Les Xiques - COPE Alcoy<\/title>\n<meta name=\"robots\" content=\"index, follow, max-snippet:-1, max-image-preview:large, max-video-preview:-1\" \/>\n<link rel=\"canonical\" href=\"https:\/\/www.copealcoy.es\/es\/ultiman-el-convenio-para-la-regeneracion-urbana-de-la-placeta-les-xiques\/\" \/>\n<meta property=\"og:locale\" content=\"es_ES\" \/>\n<meta property=\"og:type\" content=\"article\" \/>\n<meta property=\"og:title\" content=\"Ultiman un convenio para la dinamizaci\u00f3n de la Placeta Les Xiques - COPE Alcoy\" \/>\n<meta property=\"og:description\" content=\"El Ayuntamiento de Alcoy y la Generalitat Valenciana impulsar\u00e1n el convenio de colaboraci\u00f3n \u2018Joves per la integraci\u00f3\u2019 con la finalidad...\" \/>\n<meta property=\"og:url\" content=\"https:\/\/www.copealcoy.es\/es\/ultiman-el-convenio-para-la-regeneracion-urbana-de-la-placeta-les-xiques\/\" \/>\n<meta property=\"og:site_name\" content=\"COPE Alcoy\" \/>\n<meta property=\"article:published_time\" content=\"2019-09-17T12:15:21+00:00\" \/>\n<meta property=\"og:image\" content=\"https:\/\/www.copealcoy.es\/wp-content\/uploads\/2019\/09\/Reunio-EVha-7-1-scaled.jpg\" \/>\n\t<meta property=\"og:image:width\" content=\"2560\" \/>\n\t<meta property=\"og:image:height\" content=\"1707\" \/>\n\t<meta property=\"og:image:type\" content=\"image\/jpeg\" \/>\n<meta name=\"author\" content=\"Cope Alcoy\" \/>\n<meta name=\"twitter:label1\" content=\"Escrito por\" \/>\n\t<meta name=\"twitter:data1\" content=\"Cope Alcoy\" \/>\n\t<meta name=\"twitter:label2\" content=\"Tiempo de lectura\" \/>\n\t<meta name=\"twitter:data2\" content=\"1 minuto\" \/>\n<script type=\"application\/ld+json\" class=\"yoast-schema-graph\">{\"@context\":\"https:\\\/\\\/schema.org\",\"@graph\":[{\"@type\":\"Article\",\"@id\":\"https:\\\/\\\/www.copealcoy.es\\\/es\\\/ultiman-el-convenio-para-la-regeneracion-urbana-de-la-placeta-les-xiques\\\/#article\",\"isPartOf\":{\"@id\":\"https:\\\/\\\/www.copealcoy.es\\\/es\\\/ultiman-el-convenio-para-la-regeneracion-urbana-de-la-placeta-les-xiques\\\/\"},\"author\":{\"name\":\"Cope Alcoy\",\"@id\":\"https:\\\/\\\/www.copealcoy.es\\\/es\\\/#\\\/schema\\\/person\\\/e777c87fa024e57d40170af9df39882c\"},\"headline\":\"Ultiman un convenio para la dinamizaci\u00f3n de la Placeta Les Xiques\",\"datePublished\":\"2019-09-17T12:15:21+00:00\",\"mainEntityOfPage\":{\"@id\":\"https:\\\/\\\/www.copealcoy.es\\\/es\\\/ultiman-el-convenio-para-la-regeneracion-urbana-de-la-placeta-les-xiques\\\/\"},\"wordCount\":278,\"commentCount\":0,\"image\":{\"@id\":\"https:\\\/\\\/www.copealcoy.es\\\/es\\\/ultiman-el-convenio-para-la-regeneracion-urbana-de-la-placeta-les-xiques\\\/#primaryimage\"},\"thumbnailUrl\":\"https:\\\/\\\/www.copealcoy.es\\\/wp-content\\\/uploads\\\/2019\\\/09\\\/Reunio-EVha-7-1-scaled.jpg\",\"keywords\":[\"Ayuntamiento\",\"Convenio\",\"Generalitat\",\"Placeta Les Xiques\"],\"articleSection\":[\"Alcoy\",\"Noticias\",\"Portada\"],\"inLanguage\":\"es\"},{\"@type\":\"WebPage\",\"@id\":\"https:\\\/\\\/www.copealcoy.es\\\/es\\\/ultiman-el-convenio-para-la-regeneracion-urbana-de-la-placeta-les-xiques\\\/\",\"url\":\"https:\\\/\\\/www.copealcoy.es\\\/es\\\/ultiman-el-convenio-para-la-regeneracion-urbana-de-la-placeta-les-xiques\\\/\",\"name\":\"Ultiman un convenio para la dinamizaci\u00f3n de la Placeta Les Xiques - COPE Alcoy\",\"isPartOf\":{\"@id\":\"https:\\\/\\\/www.copealcoy.es\\\/es\\\/#website\"},\"primaryImageOfPage\":{\"@id\":\"https:\\\/\\\/www.copealcoy.es\\\/es\\\/ultiman-el-convenio-para-la-regeneracion-urbana-de-la-placeta-les-xiques\\\/#primaryimage\"},\"image\":{\"@id\":\"https:\\\/\\\/www.copealcoy.es\\\/es\\\/ultiman-el-convenio-para-la-regeneracion-urbana-de-la-placeta-les-xiques\\\/#primaryimage\"},\"thumbnailUrl\":\"https:\\\/\\\/www.copealcoy.es\\\/wp-content\\\/uploads\\\/2019\\\/09\\\/Reunio-EVha-7-1-scaled.jpg\",\"datePublished\":\"2019-09-17T12:15:21+00:00\",\"author\":{\"@id\":\"https:\\\/\\\/www.copealcoy.es\\\/es\\\/#\\\/schema\\\/person\\\/e777c87fa024e57d40170af9df39882c\"},\"breadcrumb\":{\"@id\":\"https:\\\/\\\/www.copealcoy.es\\\/es\\\/ultiman-el-convenio-para-la-regeneracion-urbana-de-la-placeta-les-xiques\\\/#breadcrumb\"},\"inLanguage\":\"es\",\"potentialAction\":[{\"@type\":\"ReadAction\",\"target\":[\"https:\\\/\\\/www.copealcoy.es\\\/es\\\/ultiman-el-convenio-para-la-regeneracion-urbana-de-la-placeta-les-xiques\\\/\"]}]},{\"@type\":\"ImageObject\",\"inLanguage\":\"es\",\"@id\":\"https:\\\/\\\/www.copealcoy.es\\\/es\\\/ultiman-el-convenio-para-la-regeneracion-urbana-de-la-placeta-les-xiques\\\/#primaryimage\",\"url\":\"https:\\\/\\\/www.copealcoy.es\\\/wp-content\\\/uploads\\\/2019\\\/09\\\/Reunio-EVha-7-1-scaled.jpg\",\"contentUrl\":\"https:\\\/\\\/www.copealcoy.es\\\/wp-content\\\/uploads\\\/2019\\\/09\\\/Reunio-EVha-7-1-scaled.jpg\",\"width\":2560,\"height\":1707},{\"@type\":\"BreadcrumbList\",\"@id\":\"https:\\\/\\\/www.copealcoy.es\\\/es\\\/ultiman-el-convenio-para-la-regeneracion-urbana-de-la-placeta-les-xiques\\\/#breadcrumb\",\"itemListElement\":[{\"@type\":\"ListItem\",\"position\":1,\"name\":\"Portada\",\"item\":\"https:\\\/\\\/www.copealcoy.es\\\/es\\\/\"},{\"@type\":\"ListItem\",\"position\":2,\"name\":\"Ultiman un convenio para la dinamizaci\u00f3n de la Placeta Les Xiques\"}]},{\"@type\":\"WebSite\",\"@id\":\"https:\\\/\\\/www.copealcoy.es\\\/es\\\/#website\",\"url\":\"https:\\\/\\\/www.copealcoy.es\\\/es\\\/\",\"name\":\"COPE Alcoy\",\"description\":\"Emisora COPE de radio local con emisi\u00f3n online. Pont de Sant Jordi 8-10 03803 Alcoy\",\"potentialAction\":[{\"@type\":\"SearchAction\",\"target\":{\"@type\":\"EntryPoint\",\"urlTemplate\":\"https:\\\/\\\/www.copealcoy.es\\\/es\\\/?s={search_term_string}\"},\"query-input\":{\"@type\":\"PropertyValueSpecification\",\"valueRequired\":true,\"valueName\":\"search_term_string\"}}],\"inLanguage\":\"es\"},{\"@type\":\"Person\",\"@id\":\"https:\\\/\\\/www.copealcoy.es\\\/es\\\/#\\\/schema\\\/person\\\/e777c87fa024e57d40170af9df39882c\",\"name\":\"Cope Alcoy\",\"image\":{\"@type\":\"ImageObject\",\"inLanguage\":\"es\",\"@id\":\"https:\\\/\\\/secure.gravatar.com\\\/avatar\\\/bb65d0283347e303893ba14f0692005417c1e0e690a325a4c5d8bb2b3943ee14?s=96&d=mm&r=g\",\"url\":\"https:\\\/\\\/secure.gravatar.com\\\/avatar\\\/bb65d0283347e303893ba14f0692005417c1e0e690a325a4c5d8bb2b3943ee14?s=96&d=mm&r=g\",\"contentUrl\":\"https:\\\/\\\/secure.gravatar.com\\\/avatar\\\/bb65d0283347e303893ba14f0692005417c1e0e690a325a4c5d8bb2b3943ee14?s=96&d=mm&r=g\",\"caption\":\"Cope Alcoy\"}}]}<\/script>\n<!-- \/ Yoast SEO plugin. -->","yoast_head_json":{"title":"Ultiman un convenio para la dinamizaci\u00f3n de la Placeta Les Xiques - COPE Alcoy","robots":{"index":"index","follow":"follow","max-snippet":"max-snippet:-1","max-image-preview":"max-image-preview:large","max-video-preview":"max-video-preview:-1"},"canonical":"https:\/\/www.copealcoy.es\/es\/ultiman-el-convenio-para-la-regeneracion-urbana-de-la-placeta-les-xiques\/","og_locale":"es_ES","og_type":"article","og_title":"Ultiman un convenio para la dinamizaci\u00f3n de la Placeta Les Xiques - COPE Alcoy","og_description":"El Ayuntamiento de Alcoy y la Generalitat Valenciana impulsar\u00e1n el convenio de colaboraci\u00f3n \u2018Joves per la integraci\u00f3\u2019 con la finalidad...","og_url":"https:\/\/www.copealcoy.es\/es\/ultiman-el-convenio-para-la-regeneracion-urbana-de-la-placeta-les-xiques\/","og_site_name":"COPE Alcoy","article_published_time":"2019-09-17T12:15:21+00:00","og_image":[{"width":2560,"height":1707,"url":"https:\/\/www.copealcoy.es\/wp-content\/uploads\/2019\/09\/Reunio-EVha-7-1-scaled.jpg","type":"image\/jpeg"}],"author":"Cope Alcoy","twitter_misc":{"Escrito por":"Cope Alcoy","Tiempo de lectura":"1 minuto"},"schema":{"@context":"https:\/\/schema.org","@graph":[{"@type":"Article","@id":"https:\/\/www.copealcoy.es\/es\/ultiman-el-convenio-para-la-regeneracion-urbana-de-la-placeta-les-xiques\/#article","isPartOf":{"@id":"https:\/\/www.copealcoy.es\/es\/ultiman-el-convenio-para-la-regeneracion-urbana-de-la-placeta-les-xiques\/"},"author":{"name":"Cope Alcoy","@id":"https:\/\/www.copealcoy.es\/es\/#\/schema\/person\/e777c87fa024e57d40170af9df39882c"},"headline":"Ultiman un convenio para la dinamizaci\u00f3n de la Placeta Les Xiques","datePublished":"2019-09-17T12:15:21+00:00","mainEntityOfPage":{"@id":"https:\/\/www.copealcoy.es\/es\/ultiman-el-convenio-para-la-regeneracion-urbana-de-la-placeta-les-xiques\/"},"wordCount":278,"commentCount":0,"image":{"@id":"https:\/\/www.copealcoy.es\/es\/ultiman-el-convenio-para-la-regeneracion-urbana-de-la-placeta-les-xiques\/#primaryimage"},"thumbnailUrl":"https:\/\/www.copealcoy.es\/wp-content\/uploads\/2019\/09\/Reunio-EVha-7-1-scaled.jpg","keywords":["Ayuntamiento","Convenio","Generalitat","Placeta Les Xiques"],"articleSection":["Alcoy","Noticias","Portada"],"inLanguage":"es"},{"@type":"WebPage","@id":"https:\/\/www.copealcoy.es\/es\/ultiman-el-convenio-para-la-regeneracion-urbana-de-la-placeta-les-xiques\/","url":"https:\/\/www.copealcoy.es\/es\/ultiman-el-convenio-para-la-regeneracion-urbana-de-la-placeta-les-xiques\/","name":"Ultiman un convenio para la dinamizaci\u00f3n de la Placeta Les Xiques - COPE Alcoy","isPartOf":{"@id":"https:\/\/www.copealcoy.es\/es\/#website"},"primaryImageOfPage":{"@id":"https:\/\/www.copealcoy.es\/es\/ultiman-el-convenio-para-la-regeneracion-urbana-de-la-placeta-les-xiques\/#primaryimage"},"image":{"@id":"https:\/\/www.copealcoy.es\/es\/ultiman-el-convenio-para-la-regeneracion-urbana-de-la-placeta-les-xiques\/#primaryimage"},"thumbnailUrl":"https:\/\/www.copealcoy.es\/wp-content\/uploads\/2019\/09\/Reunio-EVha-7-1-scaled.jpg","datePublished":"2019-09-17T12:15:21+00:00","author":{"@id":"https:\/\/www.copealcoy.es\/es\/#\/schema\/person\/e777c87fa024e57d40170af9df39882c"},"breadcrumb":{"@id":"https:\/\/www.copealcoy.es\/es\/ultiman-el-convenio-para-la-regeneracion-urbana-de-la-placeta-les-xiques\/#breadcrumb"},"inLanguage":"es","potentialAction":[{"@type":"ReadAction","target":["https:\/\/www.copealcoy.es\/es\/ultiman-el-convenio-para-la-regeneracion-urbana-de-la-placeta-les-xiques\/"]}]},{"@type":"ImageObject","inLanguage":"es","@id":"https:\/\/www.copealcoy.es\/es\/ultiman-el-convenio-para-la-regeneracion-urbana-de-la-placeta-les-xiques\/#primaryimage","url":"https:\/\/www.copealcoy.es\/wp-content\/uploads\/2019\/09\/Reunio-EVha-7-1-scaled.jpg","contentUrl":"https:\/\/www.copealcoy.es\/wp-content\/uploads\/2019\/09\/Reunio-EVha-7-1-scaled.jpg","width":2560,"height":1707},{"@type":"BreadcrumbList","@id":"https:\/\/www.copealcoy.es\/es\/ultiman-el-convenio-para-la-regeneracion-urbana-de-la-placeta-les-xiques\/#breadcrumb","itemListElement":[{"@type":"ListItem","position":1,"name":"Portada","item":"https:\/\/www.copealcoy.es\/es\/"},{"@type":"ListItem","position":2,"name":"Ultiman un convenio para la dinamizaci\u00f3n de la Placeta Les Xiques"}]},{"@type":"WebSite","@id":"https:\/\/www.copealcoy.es\/es\/#website","url":"https:\/\/www.copealcoy.es\/es\/","name":"COPE Alcoy","description":"Emisora COPE de radio local con emisi\u00f3n online. Pont de Sant Jordi 8-10 03803 Alcoy","potentialAction":[{"@type":"SearchAction","target":{"@type":"EntryPoint","urlTemplate":"https:\/\/www.copealcoy.es\/es\/?s={search_term_string}"},"query-input":{"@type":"PropertyValueSpecification","valueRequired":true,"valueName":"search_term_string"}}],"inLanguage":"es"},{"@type":"Person","@id":"https:\/\/www.copealcoy.es\/es\/#\/schema\/person\/e777c87fa024e57d40170af9df39882c","name":"Cope Alcoy","image":{"@type":"ImageObject","inLanguage":"es","@id":"https:\/\/secure.gravatar.com\/avatar\/bb65d0283347e303893ba14f0692005417c1e0e690a325a4c5d8bb2b3943ee14?s=96&d=mm&r=g","url":"https:\/\/secure.gravatar.com\/avatar\/bb65d0283347e303893ba14f0692005417c1e0e690a325a4c5d8bb2b3943ee14?s=96&d=mm&r=g","contentUrl":"https:\/\/secure.gravatar.com\/avatar\/bb65d0283347e303893ba14f0692005417c1e0e690a325a4c5d8bb2b3943ee14?s=96&d=mm&r=g","caption":"Cope Alcoy"}}]}},"_links":{"self":[{"href":"https:\/\/www.copealcoy.es\/es\/wp-json\/wp\/v2\/posts\/54924","targetHints":{"allow":["GET"]}}],"collection":[{"href":"https:\/\/www.copealcoy.es\/es\/wp-json\/wp\/v2\/posts"}],"about":[{"href":"https:\/\/www.copealcoy.es\/es\/wp-json\/wp\/v2\/types\/post"}],"author":[{"embeddable":true,"href":"https:\/\/www.copealcoy.es\/es\/wp-json\/wp\/v2\/users\/1"}],"replies":[{"embeddable":true,"href":"https:\/\/www.copealcoy.es\/es\/wp-json\/wp\/v2\/comments?post=54924"}],"version-history":[{"count":0,"href":"https:\/\/www.copealcoy.es\/es\/wp-json\/wp\/v2\/posts\/54924\/revisions"}],"wp:featuredmedia":[{"embeddable":true,"href":"https:\/\/www.copealcoy.es\/es\/wp-json\/wp\/v2\/media\/54926"}],"wp:attachment":[{"href":"https:\/\/www.copealcoy.es\/es\/wp-json\/wp\/v2\/media?parent=54924"}],"wp:term":[{"taxonomy":"category","embeddable":true,"href":"https:\/\/www.copealcoy.es\/es\/wp-json\/wp\/v2\/categories?post=54924"},{"taxonomy":"post_tag","embeddable":true,"href":"https:\/\/www.copealcoy.es\/es\/wp-json\/wp\/v2\/tags?post=54924"}],"curies":[{"name":"wp","href":"https:\/\/api.w.org\/{rel}","templated":true}]}}