{"id":54920,"date":"2019-09-17T12:00:36","date_gmt":"2019-09-17T12:00:36","guid":{"rendered":"https:\/\/copealcoi.es\/?p=54920"},"modified":"2019-09-17T12:00:36","modified_gmt":"2019-09-17T12:00:36","slug":"preocupacion-en-benillup-por-las-erosiones-del-barranc-de-caraita","status":"publish","type":"post","link":"https:\/\/www.copealcoy.es\/es\/preocupacion-en-benillup-por-las-erosiones-del-barranc-de-caraita\/","title":{"rendered":"Preocupaci\u00f3n en Benillup por las erosiones del &#8216;Barranc de Caraita&#8217;"},"content":{"rendered":"<p style=\"text-align: justify;\">Benillup sigue pidiendo<strong> soluciones urgentes<\/strong> para frenar<strong> la erosi\u00f3n que sufre el \u2018Barranc de Caraita\u2019<\/strong>, un problema que <strong>se ha agravado<\/strong> en los \u00faltimos d\u00edas a causa de la gota fr\u00eda.<\/p>\n<p style=\"text-align: justify;\">El alcalde de esta localidad del Comtat, <strong>Javier Navarro<\/strong>, explicaba este martes en COPE ALCOY que el Ayuntamiento <strong>sigue esperando respuestas de la Generalitat Valenciana y de la Confederaci\u00f3n Hidrogr\u00e1fica del J\u00facar<\/strong> para que se realice una actuaci\u00f3n que evite nuevos desprendimientos de tierras. De igual forma el primer edil aseguraba que los vecinos <strong>han realizado intervenciones en los \u00faltimos a\u00f1os<\/strong> para evitar que se agravase esta problem\u00e1tica &#8220;<em>han cavado zanjas y han realizado canalizaciones en el alcantarillado de las calles para intentar frenar el deslizamiento pero cuando llueve fuerte, como en los \u00faltimos d\u00edas, se hace imposible evitar nuevos corrimientos<\/em>&#8220;, destac\u00f3.<\/p>\n<p style=\"text-align: justify;\">Por \u00faltimo el Ayuntamiento de Benillup matiza que <strong>viene denunciando la situaci\u00f3n desde el a\u00f1o 2004<\/strong> y recuerdan que la misma<strong> pone en peligro las casas<\/strong> ya que el barranco est\u00e1 ya<strong> a escasos metros<\/strong> de muchas viviendas del municipio.<\/p>\n","protected":false},"excerpt":{"rendered":"<p>Benillup sigue pidiendo soluciones urgentes para frenar la erosi\u00f3n que sufre el \u2018Barranc de Caraita\u2019, un problema que se ha&#8230;<\/p>\n","protected":false},"author":1,"featured_media":28301,"comment_status":"open","ping_status":"open","sticky":false,"template":"","format":"standard","meta":{"footnotes":""},"categories":[98,75],"tags":[3615,409,3616,3863],"class_list":["post-54920","post","type-post","status-publish","format-standard","has-post-thumbnail","hentry","category-comarcas","category-noticias","tag-barranc-de-caraita","tag-benillup","tag-erosion","tag-preocupacion"],"yoast_head":"<!-- This site is optimized with the Yoast SEO plugin v27.3 - https:\/\/yoast.com\/product\/yoast-seo-wordpress\/ -->\n<title>Preocupaci\u00f3n en Benillup por las erosiones del &#039;Barranc de Caraita&#039; - COPE Alcoy<\/title>\n<meta name=\"robots\" content=\"index, follow, max-snippet:-1, max-image-preview:large, max-video-preview:-1\" \/>\n<link rel=\"canonical\" href=\"https:\/\/www.copealcoy.es\/es\/preocupacion-en-benillup-por-las-erosiones-del-barranc-de-caraita\/\" \/>\n<meta property=\"og:locale\" content=\"es_ES\" \/>\n<meta property=\"og:type\" content=\"article\" \/>\n<meta property=\"og:title\" content=\"Preocupaci\u00f3n en Benillup por las erosiones del &#039;Barranc de Caraita&#039; - COPE Alcoy\" \/>\n<meta property=\"og:description\" content=\"Benillup sigue pidiendo soluciones urgentes para frenar la erosi\u00f3n que sufre el \u2018Barranc de Caraita\u2019, un problema que se ha...\" \/>\n<meta property=\"og:url\" content=\"https:\/\/www.copealcoy.es\/es\/preocupacion-en-benillup-por-las-erosiones-del-barranc-de-caraita\/\" \/>\n<meta property=\"og:site_name\" content=\"COPE Alcoy\" \/>\n<meta property=\"article:published_time\" content=\"2019-09-17T12:00:36+00:00\" \/>\n<meta property=\"og:image\" content=\"https:\/\/www.copealcoy.es\/wp-content\/uploads\/2017\/01\/2016-12-21-asomados-precipicio-1-e1485360369578.jpg\" \/>\n\t<meta property=\"og:image:width\" content=\"526\" \/>\n\t<meta property=\"og:image:height\" content=\"278\" \/>\n\t<meta property=\"og:image:type\" content=\"image\/jpeg\" \/>\n<meta name=\"author\" content=\"Cope Alcoy\" \/>\n<meta name=\"twitter:label1\" content=\"Escrito por\" \/>\n\t<meta name=\"twitter:data1\" content=\"Cope Alcoy\" \/>\n\t<meta name=\"twitter:label2\" content=\"Tiempo de lectura\" \/>\n\t<meta name=\"twitter:data2\" content=\"1 minuto\" \/>\n<script type=\"application\/ld+json\" class=\"yoast-schema-graph\">{\"@context\":\"https:\\\/\\\/schema.org\",\"@graph\":[{\"@type\":\"Article\",\"@id\":\"https:\\\/\\\/www.copealcoy.es\\\/es\\\/preocupacion-en-benillup-por-las-erosiones-del-barranc-de-caraita\\\/#article\",\"isPartOf\":{\"@id\":\"https:\\\/\\\/www.copealcoy.es\\\/es\\\/preocupacion-en-benillup-por-las-erosiones-del-barranc-de-caraita\\\/\"},\"author\":{\"name\":\"Cope Alcoy\",\"@id\":\"https:\\\/\\\/www.copealcoy.es\\\/es\\\/#\\\/schema\\\/person\\\/e777c87fa024e57d40170af9df39882c\"},\"headline\":\"Preocupaci\u00f3n en Benillup por las erosiones del &#8216;Barranc de Caraita&#8217;\",\"datePublished\":\"2019-09-17T12:00:36+00:00\",\"mainEntityOfPage\":{\"@id\":\"https:\\\/\\\/www.copealcoy.es\\\/es\\\/preocupacion-en-benillup-por-las-erosiones-del-barranc-de-caraita\\\/\"},\"wordCount\":195,\"commentCount\":0,\"image\":{\"@id\":\"https:\\\/\\\/www.copealcoy.es\\\/es\\\/preocupacion-en-benillup-por-las-erosiones-del-barranc-de-caraita\\\/#primaryimage\"},\"thumbnailUrl\":\"https:\\\/\\\/www.copealcoy.es\\\/wp-content\\\/uploads\\\/2017\\\/01\\\/2016-12-21-asomados-precipicio-1-e1485360369578.jpg\",\"keywords\":[\"Barranc de Caraita\",\"Benillup\",\"erosi\u00f3n\",\"preocupaci\u00f3n\"],\"articleSection\":[\"Comarcas\",\"Noticias\"],\"inLanguage\":\"es\"},{\"@type\":\"WebPage\",\"@id\":\"https:\\\/\\\/www.copealcoy.es\\\/es\\\/preocupacion-en-benillup-por-las-erosiones-del-barranc-de-caraita\\\/\",\"url\":\"https:\\\/\\\/www.copealcoy.es\\\/es\\\/preocupacion-en-benillup-por-las-erosiones-del-barranc-de-caraita\\\/\",\"name\":\"Preocupaci\u00f3n en Benillup por las erosiones del 'Barranc de Caraita' - COPE Alcoy\",\"isPartOf\":{\"@id\":\"https:\\\/\\\/www.copealcoy.es\\\/es\\\/#website\"},\"primaryImageOfPage\":{\"@id\":\"https:\\\/\\\/www.copealcoy.es\\\/es\\\/preocupacion-en-benillup-por-las-erosiones-del-barranc-de-caraita\\\/#primaryimage\"},\"image\":{\"@id\":\"https:\\\/\\\/www.copealcoy.es\\\/es\\\/preocupacion-en-benillup-por-las-erosiones-del-barranc-de-caraita\\\/#primaryimage\"},\"thumbnailUrl\":\"https:\\\/\\\/www.copealcoy.es\\\/wp-content\\\/uploads\\\/2017\\\/01\\\/2016-12-21-asomados-precipicio-1-e1485360369578.jpg\",\"datePublished\":\"2019-09-17T12:00:36+00:00\",\"author\":{\"@id\":\"https:\\\/\\\/www.copealcoy.es\\\/es\\\/#\\\/schema\\\/person\\\/e777c87fa024e57d40170af9df39882c\"},\"breadcrumb\":{\"@id\":\"https:\\\/\\\/www.copealcoy.es\\\/es\\\/preocupacion-en-benillup-por-las-erosiones-del-barranc-de-caraita\\\/#breadcrumb\"},\"inLanguage\":\"es\",\"potentialAction\":[{\"@type\":\"ReadAction\",\"target\":[\"https:\\\/\\\/www.copealcoy.es\\\/es\\\/preocupacion-en-benillup-por-las-erosiones-del-barranc-de-caraita\\\/\"]}]},{\"@type\":\"ImageObject\",\"inLanguage\":\"es\",\"@id\":\"https:\\\/\\\/www.copealcoy.es\\\/es\\\/preocupacion-en-benillup-por-las-erosiones-del-barranc-de-caraita\\\/#primaryimage\",\"url\":\"https:\\\/\\\/www.copealcoy.es\\\/wp-content\\\/uploads\\\/2017\\\/01\\\/2016-12-21-asomados-precipicio-1-e1485360369578.jpg\",\"contentUrl\":\"https:\\\/\\\/www.copealcoy.es\\\/wp-content\\\/uploads\\\/2017\\\/01\\\/2016-12-21-asomados-precipicio-1-e1485360369578.jpg\",\"width\":526,\"height\":278,\"caption\":\"El Barranc de Caraita est\u00e1 a escasos metros de las casas de Benillup\"},{\"@type\":\"BreadcrumbList\",\"@id\":\"https:\\\/\\\/www.copealcoy.es\\\/es\\\/preocupacion-en-benillup-por-las-erosiones-del-barranc-de-caraita\\\/#breadcrumb\",\"itemListElement\":[{\"@type\":\"ListItem\",\"position\":1,\"name\":\"Portada\",\"item\":\"https:\\\/\\\/www.copealcoy.es\\\/es\\\/\"},{\"@type\":\"ListItem\",\"position\":2,\"name\":\"Preocupaci\u00f3n en Benillup por las erosiones del &#8216;Barranc de Caraita&#8217;\"}]},{\"@type\":\"WebSite\",\"@id\":\"https:\\\/\\\/www.copealcoy.es\\\/es\\\/#website\",\"url\":\"https:\\\/\\\/www.copealcoy.es\\\/es\\\/\",\"name\":\"COPE Alcoy\",\"description\":\"Emisora COPE de radio local con emisi\u00f3n online. Pont de Sant Jordi 8-10 03803 Alcoy\",\"potentialAction\":[{\"@type\":\"SearchAction\",\"target\":{\"@type\":\"EntryPoint\",\"urlTemplate\":\"https:\\\/\\\/www.copealcoy.es\\\/es\\\/?s={search_term_string}\"},\"query-input\":{\"@type\":\"PropertyValueSpecification\",\"valueRequired\":true,\"valueName\":\"search_term_string\"}}],\"inLanguage\":\"es\"},{\"@type\":\"Person\",\"@id\":\"https:\\\/\\\/www.copealcoy.es\\\/es\\\/#\\\/schema\\\/person\\\/e777c87fa024e57d40170af9df39882c\",\"name\":\"Cope Alcoy\",\"image\":{\"@type\":\"ImageObject\",\"inLanguage\":\"es\",\"@id\":\"https:\\\/\\\/secure.gravatar.com\\\/avatar\\\/bb65d0283347e303893ba14f0692005417c1e0e690a325a4c5d8bb2b3943ee14?s=96&d=mm&r=g\",\"url\":\"https:\\\/\\\/secure.gravatar.com\\\/avatar\\\/bb65d0283347e303893ba14f0692005417c1e0e690a325a4c5d8bb2b3943ee14?s=96&d=mm&r=g\",\"contentUrl\":\"https:\\\/\\\/secure.gravatar.com\\\/avatar\\\/bb65d0283347e303893ba14f0692005417c1e0e690a325a4c5d8bb2b3943ee14?s=96&d=mm&r=g\",\"caption\":\"Cope Alcoy\"}}]}<\/script>\n<!-- \/ Yoast SEO plugin. -->","yoast_head_json":{"title":"Preocupaci\u00f3n en Benillup por las erosiones del 'Barranc de Caraita' - COPE Alcoy","robots":{"index":"index","follow":"follow","max-snippet":"max-snippet:-1","max-image-preview":"max-image-preview:large","max-video-preview":"max-video-preview:-1"},"canonical":"https:\/\/www.copealcoy.es\/es\/preocupacion-en-benillup-por-las-erosiones-del-barranc-de-caraita\/","og_locale":"es_ES","og_type":"article","og_title":"Preocupaci\u00f3n en Benillup por las erosiones del 'Barranc de Caraita' - COPE Alcoy","og_description":"Benillup sigue pidiendo soluciones urgentes para frenar la erosi\u00f3n que sufre el \u2018Barranc de Caraita\u2019, un problema que se ha...","og_url":"https:\/\/www.copealcoy.es\/es\/preocupacion-en-benillup-por-las-erosiones-del-barranc-de-caraita\/","og_site_name":"COPE Alcoy","article_published_time":"2019-09-17T12:00:36+00:00","og_image":[{"width":526,"height":278,"url":"https:\/\/www.copealcoy.es\/wp-content\/uploads\/2017\/01\/2016-12-21-asomados-precipicio-1-e1485360369578.jpg","type":"image\/jpeg"}],"author":"Cope Alcoy","twitter_misc":{"Escrito por":"Cope Alcoy","Tiempo de lectura":"1 minuto"},"schema":{"@context":"https:\/\/schema.org","@graph":[{"@type":"Article","@id":"https:\/\/www.copealcoy.es\/es\/preocupacion-en-benillup-por-las-erosiones-del-barranc-de-caraita\/#article","isPartOf":{"@id":"https:\/\/www.copealcoy.es\/es\/preocupacion-en-benillup-por-las-erosiones-del-barranc-de-caraita\/"},"author":{"name":"Cope Alcoy","@id":"https:\/\/www.copealcoy.es\/es\/#\/schema\/person\/e777c87fa024e57d40170af9df39882c"},"headline":"Preocupaci\u00f3n en Benillup por las erosiones del &#8216;Barranc de Caraita&#8217;","datePublished":"2019-09-17T12:00:36+00:00","mainEntityOfPage":{"@id":"https:\/\/www.copealcoy.es\/es\/preocupacion-en-benillup-por-las-erosiones-del-barranc-de-caraita\/"},"wordCount":195,"commentCount":0,"image":{"@id":"https:\/\/www.copealcoy.es\/es\/preocupacion-en-benillup-por-las-erosiones-del-barranc-de-caraita\/#primaryimage"},"thumbnailUrl":"https:\/\/www.copealcoy.es\/wp-content\/uploads\/2017\/01\/2016-12-21-asomados-precipicio-1-e1485360369578.jpg","keywords":["Barranc de Caraita","Benillup","erosi\u00f3n","preocupaci\u00f3n"],"articleSection":["Comarcas","Noticias"],"inLanguage":"es"},{"@type":"WebPage","@id":"https:\/\/www.copealcoy.es\/es\/preocupacion-en-benillup-por-las-erosiones-del-barranc-de-caraita\/","url":"https:\/\/www.copealcoy.es\/es\/preocupacion-en-benillup-por-las-erosiones-del-barranc-de-caraita\/","name":"Preocupaci\u00f3n en Benillup por las erosiones del 'Barranc de Caraita' - COPE Alcoy","isPartOf":{"@id":"https:\/\/www.copealcoy.es\/es\/#website"},"primaryImageOfPage":{"@id":"https:\/\/www.copealcoy.es\/es\/preocupacion-en-benillup-por-las-erosiones-del-barranc-de-caraita\/#primaryimage"},"image":{"@id":"https:\/\/www.copealcoy.es\/es\/preocupacion-en-benillup-por-las-erosiones-del-barranc-de-caraita\/#primaryimage"},"thumbnailUrl":"https:\/\/www.copealcoy.es\/wp-content\/uploads\/2017\/01\/2016-12-21-asomados-precipicio-1-e1485360369578.jpg","datePublished":"2019-09-17T12:00:36+00:00","author":{"@id":"https:\/\/www.copealcoy.es\/es\/#\/schema\/person\/e777c87fa024e57d40170af9df39882c"},"breadcrumb":{"@id":"https:\/\/www.copealcoy.es\/es\/preocupacion-en-benillup-por-las-erosiones-del-barranc-de-caraita\/#breadcrumb"},"inLanguage":"es","potentialAction":[{"@type":"ReadAction","target":["https:\/\/www.copealcoy.es\/es\/preocupacion-en-benillup-por-las-erosiones-del-barranc-de-caraita\/"]}]},{"@type":"ImageObject","inLanguage":"es","@id":"https:\/\/www.copealcoy.es\/es\/preocupacion-en-benillup-por-las-erosiones-del-barranc-de-caraita\/#primaryimage","url":"https:\/\/www.copealcoy.es\/wp-content\/uploads\/2017\/01\/2016-12-21-asomados-precipicio-1-e1485360369578.jpg","contentUrl":"https:\/\/www.copealcoy.es\/wp-content\/uploads\/2017\/01\/2016-12-21-asomados-precipicio-1-e1485360369578.jpg","width":526,"height":278,"caption":"El Barranc de Caraita est\u00e1 a escasos metros de las casas de Benillup"},{"@type":"BreadcrumbList","@id":"https:\/\/www.copealcoy.es\/es\/preocupacion-en-benillup-por-las-erosiones-del-barranc-de-caraita\/#breadcrumb","itemListElement":[{"@type":"ListItem","position":1,"name":"Portada","item":"https:\/\/www.copealcoy.es\/es\/"},{"@type":"ListItem","position":2,"name":"Preocupaci\u00f3n en Benillup por las erosiones del &#8216;Barranc de Caraita&#8217;"}]},{"@type":"WebSite","@id":"https:\/\/www.copealcoy.es\/es\/#website","url":"https:\/\/www.copealcoy.es\/es\/","name":"COPE Alcoy","description":"Emisora COPE de radio local con emisi\u00f3n online. Pont de Sant Jordi 8-10 03803 Alcoy","potentialAction":[{"@type":"SearchAction","target":{"@type":"EntryPoint","urlTemplate":"https:\/\/www.copealcoy.es\/es\/?s={search_term_string}"},"query-input":{"@type":"PropertyValueSpecification","valueRequired":true,"valueName":"search_term_string"}}],"inLanguage":"es"},{"@type":"Person","@id":"https:\/\/www.copealcoy.es\/es\/#\/schema\/person\/e777c87fa024e57d40170af9df39882c","name":"Cope Alcoy","image":{"@type":"ImageObject","inLanguage":"es","@id":"https:\/\/secure.gravatar.com\/avatar\/bb65d0283347e303893ba14f0692005417c1e0e690a325a4c5d8bb2b3943ee14?s=96&d=mm&r=g","url":"https:\/\/secure.gravatar.com\/avatar\/bb65d0283347e303893ba14f0692005417c1e0e690a325a4c5d8bb2b3943ee14?s=96&d=mm&r=g","contentUrl":"https:\/\/secure.gravatar.com\/avatar\/bb65d0283347e303893ba14f0692005417c1e0e690a325a4c5d8bb2b3943ee14?s=96&d=mm&r=g","caption":"Cope Alcoy"}}]}},"_links":{"self":[{"href":"https:\/\/www.copealcoy.es\/es\/wp-json\/wp\/v2\/posts\/54920","targetHints":{"allow":["GET"]}}],"collection":[{"href":"https:\/\/www.copealcoy.es\/es\/wp-json\/wp\/v2\/posts"}],"about":[{"href":"https:\/\/www.copealcoy.es\/es\/wp-json\/wp\/v2\/types\/post"}],"author":[{"embeddable":true,"href":"https:\/\/www.copealcoy.es\/es\/wp-json\/wp\/v2\/users\/1"}],"replies":[{"embeddable":true,"href":"https:\/\/www.copealcoy.es\/es\/wp-json\/wp\/v2\/comments?post=54920"}],"version-history":[{"count":0,"href":"https:\/\/www.copealcoy.es\/es\/wp-json\/wp\/v2\/posts\/54920\/revisions"}],"wp:featuredmedia":[{"embeddable":true,"href":"https:\/\/www.copealcoy.es\/es\/wp-json\/wp\/v2\/media\/28301"}],"wp:attachment":[{"href":"https:\/\/www.copealcoy.es\/es\/wp-json\/wp\/v2\/media?parent=54920"}],"wp:term":[{"taxonomy":"category","embeddable":true,"href":"https:\/\/www.copealcoy.es\/es\/wp-json\/wp\/v2\/categories?post=54920"},{"taxonomy":"post_tag","embeddable":true,"href":"https:\/\/www.copealcoy.es\/es\/wp-json\/wp\/v2\/tags?post=54920"}],"curies":[{"name":"wp","href":"https:\/\/api.w.org\/{rel}","templated":true}]}}