{"id":54897,"date":"2019-09-16T13:00:52","date_gmt":"2019-09-16T13:00:52","guid":{"rendered":"https:\/\/copealcoi.es\/?p=54897"},"modified":"2019-09-16T13:00:52","modified_gmt":"2019-09-16T13:00:52","slug":"alcoy-despedira-a-camilo-sesto-el-23-de-septiembre","status":"publish","type":"post","link":"https:\/\/www.copealcoy.es\/es\/alcoy-despedira-a-camilo-sesto-el-23-de-septiembre\/","title":{"rendered":"Alcoy despedir\u00e1 a Camilo Sesto el 23 de septiembre"},"content":{"rendered":"<p style=\"text-align: justify;\">Alcoy despedir\u00e1 a <strong>Camilo Sesto<\/strong>, como bien merece el artista, <strong>el pr\u00f3ximo lunes<\/strong> 23 de septiembre.<\/p>\n<p style=\"text-align: justify;\">El Ayuntamiento ha informado que se instalar\u00e1 <strong>una Capilla Ardiente<\/strong> con las cenizas del cantante<strong> en el Sal\u00f3n de Plenos del Consistorio<\/strong>, que llegar\u00e1n procedentes de Madrid, para que todos aquellos que lo deseen <strong>puedan despedirse<\/strong> de una de las figuras m\u00e1s universales de la m\u00fasica. Paralelamente, las autoridades locales trabajan con las personas encargadas de gestionar su legado en el<strong> proyecto de creaci\u00f3n de un espacio muse\u00edstico<\/strong> donde la obra y los principales recuerdos de este cantante, compositor y productor con proyecci\u00f3n internacional; <strong>puedan estar expuestos al p\u00fablico<\/strong> como parte del rico patrimonio cultural de la ciudad del Serpis.<\/p>\n<p style=\"text-align: justify;\">Apuntar que el pasado viernes el Consejo de Ministros concedi\u00f3 a Camilo Sesto <strong>la Medalla al M\u00e9rito en las Bellas Artes<\/strong>, en su <strong>categor\u00eda de oro<\/strong>, a t\u00edtulo p\u00f3stumo.<\/p>\n","protected":false},"excerpt":{"rendered":"<p>Alcoy despedir\u00e1 a Camilo Sesto, como bien merece el artista, el pr\u00f3ximo lunes 23 de septiembre. El Ayuntamiento ha informado&#8230;<\/p>\n","protected":false},"author":1,"featured_media":26680,"comment_status":"open","ping_status":"open","sticky":false,"template":"","format":"standard","meta":{"footnotes":""},"categories":[97,78,75],"tags":[1494,2559,3495,9187,1114],"class_list":["post-54897","post","type-post","status-publish","format-standard","has-post-thumbnail","hentry","category-alcoy","category-fiestaycultura","category-noticias","tag-alcoy","tag-camilo-sesto","tag-capilla-ardiente","tag-cenizas","tag-museo"],"yoast_head":"<!-- This site is optimized with the Yoast SEO plugin v27.3 - https:\/\/yoast.com\/product\/yoast-seo-wordpress\/ -->\n<title>Alcoy despedir\u00e1 a Camilo Sesto el 23 de septiembre - COPE Alcoy<\/title>\n<meta name=\"robots\" content=\"index, follow, max-snippet:-1, max-image-preview:large, max-video-preview:-1\" \/>\n<link rel=\"canonical\" href=\"https:\/\/www.copealcoy.es\/es\/alcoy-despedira-a-camilo-sesto-el-23-de-septiembre\/\" \/>\n<meta property=\"og:locale\" content=\"es_ES\" \/>\n<meta property=\"og:type\" content=\"article\" \/>\n<meta property=\"og:title\" content=\"Alcoy despedir\u00e1 a Camilo Sesto el 23 de septiembre - COPE Alcoy\" \/>\n<meta property=\"og:description\" content=\"Alcoy despedir\u00e1 a Camilo Sesto, como bien merece el artista, el pr\u00f3ximo lunes 23 de septiembre. El Ayuntamiento ha informado...\" \/>\n<meta property=\"og:url\" content=\"https:\/\/www.copealcoy.es\/es\/alcoy-despedira-a-camilo-sesto-el-23-de-septiembre\/\" \/>\n<meta property=\"og:site_name\" content=\"COPE Alcoy\" \/>\n<meta property=\"article:published_time\" content=\"2019-09-16T13:00:52+00:00\" \/>\n<meta property=\"og:image\" content=\"https:\/\/www.copealcoy.es\/wp-content\/uploads\/2016\/11\/15095713_10211565472960551_5866087506670038868_n.jpg\" \/>\n\t<meta property=\"og:image:width\" content=\"960\" \/>\n\t<meta property=\"og:image:height\" content=\"635\" \/>\n\t<meta property=\"og:image:type\" content=\"image\/jpeg\" \/>\n<meta name=\"author\" content=\"Cope Alcoy\" \/>\n<meta name=\"twitter:label1\" content=\"Escrito por\" \/>\n\t<meta name=\"twitter:data1\" content=\"Cope Alcoy\" \/>\n\t<meta name=\"twitter:label2\" content=\"Tiempo de lectura\" \/>\n\t<meta name=\"twitter:data2\" content=\"1 minuto\" \/>\n<script type=\"application\/ld+json\" class=\"yoast-schema-graph\">{\"@context\":\"https:\\\/\\\/schema.org\",\"@graph\":[{\"@type\":\"Article\",\"@id\":\"https:\\\/\\\/www.copealcoy.es\\\/es\\\/alcoy-despedira-a-camilo-sesto-el-23-de-septiembre\\\/#article\",\"isPartOf\":{\"@id\":\"https:\\\/\\\/www.copealcoy.es\\\/es\\\/alcoy-despedira-a-camilo-sesto-el-23-de-septiembre\\\/\"},\"author\":{\"name\":\"Cope Alcoy\",\"@id\":\"https:\\\/\\\/www.copealcoy.es\\\/es\\\/#\\\/schema\\\/person\\\/e777c87fa024e57d40170af9df39882c\"},\"headline\":\"Alcoy despedir\u00e1 a Camilo Sesto el 23 de septiembre\",\"datePublished\":\"2019-09-16T13:00:52+00:00\",\"mainEntityOfPage\":{\"@id\":\"https:\\\/\\\/www.copealcoy.es\\\/es\\\/alcoy-despedira-a-camilo-sesto-el-23-de-septiembre\\\/\"},\"wordCount\":165,\"commentCount\":0,\"image\":{\"@id\":\"https:\\\/\\\/www.copealcoy.es\\\/es\\\/alcoy-despedira-a-camilo-sesto-el-23-de-septiembre\\\/#primaryimage\"},\"thumbnailUrl\":\"https:\\\/\\\/www.copealcoy.es\\\/wp-content\\\/uploads\\\/2016\\\/11\\\/15095713_10211565472960551_5866087506670038868_n.jpg\",\"keywords\":[\"Alcoy\",\"Camilo Sesto\",\"Capilla Ardiente\",\"cenizas\",\"Museo\"],\"articleSection\":[\"Alcoy\",\"Fiesta y Cultura\",\"Noticias\"],\"inLanguage\":\"es\"},{\"@type\":\"WebPage\",\"@id\":\"https:\\\/\\\/www.copealcoy.es\\\/es\\\/alcoy-despedira-a-camilo-sesto-el-23-de-septiembre\\\/\",\"url\":\"https:\\\/\\\/www.copealcoy.es\\\/es\\\/alcoy-despedira-a-camilo-sesto-el-23-de-septiembre\\\/\",\"name\":\"Alcoy despedir\u00e1 a Camilo Sesto el 23 de septiembre - COPE Alcoy\",\"isPartOf\":{\"@id\":\"https:\\\/\\\/www.copealcoy.es\\\/es\\\/#website\"},\"primaryImageOfPage\":{\"@id\":\"https:\\\/\\\/www.copealcoy.es\\\/es\\\/alcoy-despedira-a-camilo-sesto-el-23-de-septiembre\\\/#primaryimage\"},\"image\":{\"@id\":\"https:\\\/\\\/www.copealcoy.es\\\/es\\\/alcoy-despedira-a-camilo-sesto-el-23-de-septiembre\\\/#primaryimage\"},\"thumbnailUrl\":\"https:\\\/\\\/www.copealcoy.es\\\/wp-content\\\/uploads\\\/2016\\\/11\\\/15095713_10211565472960551_5866087506670038868_n.jpg\",\"datePublished\":\"2019-09-16T13:00:52+00:00\",\"author\":{\"@id\":\"https:\\\/\\\/www.copealcoy.es\\\/es\\\/#\\\/schema\\\/person\\\/e777c87fa024e57d40170af9df39882c\"},\"breadcrumb\":{\"@id\":\"https:\\\/\\\/www.copealcoy.es\\\/es\\\/alcoy-despedira-a-camilo-sesto-el-23-de-septiembre\\\/#breadcrumb\"},\"inLanguage\":\"es\",\"potentialAction\":[{\"@type\":\"ReadAction\",\"target\":[\"https:\\\/\\\/www.copealcoy.es\\\/es\\\/alcoy-despedira-a-camilo-sesto-el-23-de-septiembre\\\/\"]}]},{\"@type\":\"ImageObject\",\"inLanguage\":\"es\",\"@id\":\"https:\\\/\\\/www.copealcoy.es\\\/es\\\/alcoy-despedira-a-camilo-sesto-el-23-de-septiembre\\\/#primaryimage\",\"url\":\"https:\\\/\\\/www.copealcoy.es\\\/wp-content\\\/uploads\\\/2016\\\/11\\\/15095713_10211565472960551_5866087506670038868_n.jpg\",\"contentUrl\":\"https:\\\/\\\/www.copealcoy.es\\\/wp-content\\\/uploads\\\/2016\\\/11\\\/15095713_10211565472960551_5866087506670038868_n.jpg\",\"width\":960,\"height\":635,\"caption\":\"Camilo Sesto cant\u00f3 en la Pla\u00e7a de Dins para todos los fans\"},{\"@type\":\"BreadcrumbList\",\"@id\":\"https:\\\/\\\/www.copealcoy.es\\\/es\\\/alcoy-despedira-a-camilo-sesto-el-23-de-septiembre\\\/#breadcrumb\",\"itemListElement\":[{\"@type\":\"ListItem\",\"position\":1,\"name\":\"Portada\",\"item\":\"https:\\\/\\\/www.copealcoy.es\\\/es\\\/\"},{\"@type\":\"ListItem\",\"position\":2,\"name\":\"Alcoy despedir\u00e1 a Camilo Sesto el 23 de septiembre\"}]},{\"@type\":\"WebSite\",\"@id\":\"https:\\\/\\\/www.copealcoy.es\\\/es\\\/#website\",\"url\":\"https:\\\/\\\/www.copealcoy.es\\\/es\\\/\",\"name\":\"COPE Alcoy\",\"description\":\"Emisora COPE de radio local con emisi\u00f3n online. Pont de Sant Jordi 8-10 03803 Alcoy\",\"potentialAction\":[{\"@type\":\"SearchAction\",\"target\":{\"@type\":\"EntryPoint\",\"urlTemplate\":\"https:\\\/\\\/www.copealcoy.es\\\/es\\\/?s={search_term_string}\"},\"query-input\":{\"@type\":\"PropertyValueSpecification\",\"valueRequired\":true,\"valueName\":\"search_term_string\"}}],\"inLanguage\":\"es\"},{\"@type\":\"Person\",\"@id\":\"https:\\\/\\\/www.copealcoy.es\\\/es\\\/#\\\/schema\\\/person\\\/e777c87fa024e57d40170af9df39882c\",\"name\":\"Cope Alcoy\",\"image\":{\"@type\":\"ImageObject\",\"inLanguage\":\"es\",\"@id\":\"https:\\\/\\\/secure.gravatar.com\\\/avatar\\\/bb65d0283347e303893ba14f0692005417c1e0e690a325a4c5d8bb2b3943ee14?s=96&d=mm&r=g\",\"url\":\"https:\\\/\\\/secure.gravatar.com\\\/avatar\\\/bb65d0283347e303893ba14f0692005417c1e0e690a325a4c5d8bb2b3943ee14?s=96&d=mm&r=g\",\"contentUrl\":\"https:\\\/\\\/secure.gravatar.com\\\/avatar\\\/bb65d0283347e303893ba14f0692005417c1e0e690a325a4c5d8bb2b3943ee14?s=96&d=mm&r=g\",\"caption\":\"Cope Alcoy\"}}]}<\/script>\n<!-- \/ Yoast SEO plugin. -->","yoast_head_json":{"title":"Alcoy despedir\u00e1 a Camilo Sesto el 23 de septiembre - COPE Alcoy","robots":{"index":"index","follow":"follow","max-snippet":"max-snippet:-1","max-image-preview":"max-image-preview:large","max-video-preview":"max-video-preview:-1"},"canonical":"https:\/\/www.copealcoy.es\/es\/alcoy-despedira-a-camilo-sesto-el-23-de-septiembre\/","og_locale":"es_ES","og_type":"article","og_title":"Alcoy despedir\u00e1 a Camilo Sesto el 23 de septiembre - COPE Alcoy","og_description":"Alcoy despedir\u00e1 a Camilo Sesto, como bien merece el artista, el pr\u00f3ximo lunes 23 de septiembre. El Ayuntamiento ha informado...","og_url":"https:\/\/www.copealcoy.es\/es\/alcoy-despedira-a-camilo-sesto-el-23-de-septiembre\/","og_site_name":"COPE Alcoy","article_published_time":"2019-09-16T13:00:52+00:00","og_image":[{"width":960,"height":635,"url":"https:\/\/www.copealcoy.es\/wp-content\/uploads\/2016\/11\/15095713_10211565472960551_5866087506670038868_n.jpg","type":"image\/jpeg"}],"author":"Cope Alcoy","twitter_misc":{"Escrito por":"Cope Alcoy","Tiempo de lectura":"1 minuto"},"schema":{"@context":"https:\/\/schema.org","@graph":[{"@type":"Article","@id":"https:\/\/www.copealcoy.es\/es\/alcoy-despedira-a-camilo-sesto-el-23-de-septiembre\/#article","isPartOf":{"@id":"https:\/\/www.copealcoy.es\/es\/alcoy-despedira-a-camilo-sesto-el-23-de-septiembre\/"},"author":{"name":"Cope Alcoy","@id":"https:\/\/www.copealcoy.es\/es\/#\/schema\/person\/e777c87fa024e57d40170af9df39882c"},"headline":"Alcoy despedir\u00e1 a Camilo Sesto el 23 de septiembre","datePublished":"2019-09-16T13:00:52+00:00","mainEntityOfPage":{"@id":"https:\/\/www.copealcoy.es\/es\/alcoy-despedira-a-camilo-sesto-el-23-de-septiembre\/"},"wordCount":165,"commentCount":0,"image":{"@id":"https:\/\/www.copealcoy.es\/es\/alcoy-despedira-a-camilo-sesto-el-23-de-septiembre\/#primaryimage"},"thumbnailUrl":"https:\/\/www.copealcoy.es\/wp-content\/uploads\/2016\/11\/15095713_10211565472960551_5866087506670038868_n.jpg","keywords":["Alcoy","Camilo Sesto","Capilla Ardiente","cenizas","Museo"],"articleSection":["Alcoy","Fiesta y Cultura","Noticias"],"inLanguage":"es"},{"@type":"WebPage","@id":"https:\/\/www.copealcoy.es\/es\/alcoy-despedira-a-camilo-sesto-el-23-de-septiembre\/","url":"https:\/\/www.copealcoy.es\/es\/alcoy-despedira-a-camilo-sesto-el-23-de-septiembre\/","name":"Alcoy despedir\u00e1 a Camilo Sesto el 23 de septiembre - COPE Alcoy","isPartOf":{"@id":"https:\/\/www.copealcoy.es\/es\/#website"},"primaryImageOfPage":{"@id":"https:\/\/www.copealcoy.es\/es\/alcoy-despedira-a-camilo-sesto-el-23-de-septiembre\/#primaryimage"},"image":{"@id":"https:\/\/www.copealcoy.es\/es\/alcoy-despedira-a-camilo-sesto-el-23-de-septiembre\/#primaryimage"},"thumbnailUrl":"https:\/\/www.copealcoy.es\/wp-content\/uploads\/2016\/11\/15095713_10211565472960551_5866087506670038868_n.jpg","datePublished":"2019-09-16T13:00:52+00:00","author":{"@id":"https:\/\/www.copealcoy.es\/es\/#\/schema\/person\/e777c87fa024e57d40170af9df39882c"},"breadcrumb":{"@id":"https:\/\/www.copealcoy.es\/es\/alcoy-despedira-a-camilo-sesto-el-23-de-septiembre\/#breadcrumb"},"inLanguage":"es","potentialAction":[{"@type":"ReadAction","target":["https:\/\/www.copealcoy.es\/es\/alcoy-despedira-a-camilo-sesto-el-23-de-septiembre\/"]}]},{"@type":"ImageObject","inLanguage":"es","@id":"https:\/\/www.copealcoy.es\/es\/alcoy-despedira-a-camilo-sesto-el-23-de-septiembre\/#primaryimage","url":"https:\/\/www.copealcoy.es\/wp-content\/uploads\/2016\/11\/15095713_10211565472960551_5866087506670038868_n.jpg","contentUrl":"https:\/\/www.copealcoy.es\/wp-content\/uploads\/2016\/11\/15095713_10211565472960551_5866087506670038868_n.jpg","width":960,"height":635,"caption":"Camilo Sesto cant\u00f3 en la Pla\u00e7a de Dins para todos los fans"},{"@type":"BreadcrumbList","@id":"https:\/\/www.copealcoy.es\/es\/alcoy-despedira-a-camilo-sesto-el-23-de-septiembre\/#breadcrumb","itemListElement":[{"@type":"ListItem","position":1,"name":"Portada","item":"https:\/\/www.copealcoy.es\/es\/"},{"@type":"ListItem","position":2,"name":"Alcoy despedir\u00e1 a Camilo Sesto el 23 de septiembre"}]},{"@type":"WebSite","@id":"https:\/\/www.copealcoy.es\/es\/#website","url":"https:\/\/www.copealcoy.es\/es\/","name":"COPE Alcoy","description":"Emisora COPE de radio local con emisi\u00f3n online. Pont de Sant Jordi 8-10 03803 Alcoy","potentialAction":[{"@type":"SearchAction","target":{"@type":"EntryPoint","urlTemplate":"https:\/\/www.copealcoy.es\/es\/?s={search_term_string}"},"query-input":{"@type":"PropertyValueSpecification","valueRequired":true,"valueName":"search_term_string"}}],"inLanguage":"es"},{"@type":"Person","@id":"https:\/\/www.copealcoy.es\/es\/#\/schema\/person\/e777c87fa024e57d40170af9df39882c","name":"Cope Alcoy","image":{"@type":"ImageObject","inLanguage":"es","@id":"https:\/\/secure.gravatar.com\/avatar\/bb65d0283347e303893ba14f0692005417c1e0e690a325a4c5d8bb2b3943ee14?s=96&d=mm&r=g","url":"https:\/\/secure.gravatar.com\/avatar\/bb65d0283347e303893ba14f0692005417c1e0e690a325a4c5d8bb2b3943ee14?s=96&d=mm&r=g","contentUrl":"https:\/\/secure.gravatar.com\/avatar\/bb65d0283347e303893ba14f0692005417c1e0e690a325a4c5d8bb2b3943ee14?s=96&d=mm&r=g","caption":"Cope Alcoy"}}]}},"_links":{"self":[{"href":"https:\/\/www.copealcoy.es\/es\/wp-json\/wp\/v2\/posts\/54897","targetHints":{"allow":["GET"]}}],"collection":[{"href":"https:\/\/www.copealcoy.es\/es\/wp-json\/wp\/v2\/posts"}],"about":[{"href":"https:\/\/www.copealcoy.es\/es\/wp-json\/wp\/v2\/types\/post"}],"author":[{"embeddable":true,"href":"https:\/\/www.copealcoy.es\/es\/wp-json\/wp\/v2\/users\/1"}],"replies":[{"embeddable":true,"href":"https:\/\/www.copealcoy.es\/es\/wp-json\/wp\/v2\/comments?post=54897"}],"version-history":[{"count":0,"href":"https:\/\/www.copealcoy.es\/es\/wp-json\/wp\/v2\/posts\/54897\/revisions"}],"wp:featuredmedia":[{"embeddable":true,"href":"https:\/\/www.copealcoy.es\/es\/wp-json\/wp\/v2\/media\/26680"}],"wp:attachment":[{"href":"https:\/\/www.copealcoy.es\/es\/wp-json\/wp\/v2\/media?parent=54897"}],"wp:term":[{"taxonomy":"category","embeddable":true,"href":"https:\/\/www.copealcoy.es\/es\/wp-json\/wp\/v2\/categories?post=54897"},{"taxonomy":"post_tag","embeddable":true,"href":"https:\/\/www.copealcoy.es\/es\/wp-json\/wp\/v2\/tags?post=54897"}],"curies":[{"name":"wp","href":"https:\/\/api.w.org\/{rel}","templated":true}]}}