{"id":54891,"date":"2019-09-15T15:47:59","date_gmt":"2019-09-15T15:47:59","guid":{"rendered":"https:\/\/copealcoi.es\/?p=54891"},"modified":"2019-09-15T15:47:59","modified_gmt":"2019-09-15T15:47:59","slug":"el-bus-urbano-de-alcoy-registro-881-565-viajeros-en-el-primer-semestre-de-2019","status":"publish","type":"post","link":"https:\/\/www.copealcoy.es\/es\/el-bus-urbano-de-alcoy-registro-881-565-viajeros-en-el-primer-semestre-de-2019\/","title":{"rendered":"El bus urbano de Alcoy registr\u00f3 881.565 viajeros en el primer semestre de 2019"},"content":{"rendered":"<p style=\"text-align: justify;\">El <strong>autob\u00fas urbano de Alcoy<\/strong> registr\u00f3 un total de <strong>881.565 usuarios<\/strong> entre los meses de enero y junio del 2019. Desde el Consistorio alcoyano explican que esta cifra <strong>es la m\u00e1s alta registrada en un primer semestre de a\u00f1o desde el 2011<\/strong>, fecha en la que se contabilizaron\u00a0<strong>874.157 viajeros<\/strong> en el mismo periodo de tiempo.<\/p>\n<p style=\"text-align: justify;\">Desde el \u00e1rea de Movilidad del Ayuntamiento aseguran que <strong>la aplicaci\u00f3n de bonos sociales<\/strong> es una de las razones que ha llevado a este <strong>incremento progresivo<\/strong> de los usuarios del bus urbano en los \u00faltimos a\u00f1os &#8220;<em>es una buena noticia que tambi\u00e9n indica la concienciaci\u00f3n que tiene la ciudadan\u00eda respecto a la movilidad sostenible y el medio ambiente. Adem\u00e1s estos datos confirman que\u00a0tenemos las mejoras cifras de la \u00faltima d\u00e9cada<\/em>&#8220;, afirma el concejal <strong>Jordi Mart\u00ednez<\/strong>.<\/p>\n<p style=\"text-align: justify;\">Recordar que en el a\u00f1o 2014 el autob\u00fas urbano de Alcoy <strong>sufri\u00f3 una importante reestructuraci\u00f3n<\/strong> que llev\u00f3 a la\u00a0reducci\u00f3n de una l\u00ednea y tambi\u00e9n del n\u00famero de autobuses.<\/p>\n","protected":false},"excerpt":{"rendered":"<p>El autob\u00fas urbano de Alcoy registr\u00f3 un total de 881.565 usuarios entre los meses de enero y junio del 2019&#8230;.<\/p>\n","protected":false},"author":1,"featured_media":9337,"comment_status":"open","ping_status":"open","sticky":false,"template":"","format":"standard","meta":{"footnotes":""},"categories":[97,75,79],"tags":[5994,9185,1494,5072,2657],"class_list":["post-54891","post","type-post","status-publish","format-standard","has-post-thumbnail","hentry","category-alcoy","category-noticias","category-politicayeconomia","tag-5994","tag-881-565-viajeros","tag-alcoy","tag-bus-urbano","tag-primer-semestre"],"yoast_head":"<!-- This site is optimized with the Yoast SEO plugin v27.3 - https:\/\/yoast.com\/product\/yoast-seo-wordpress\/ -->\n<title>El bus urbano de Alcoy registr\u00f3 881.565 viajeros en el primer semestre de 2019 - COPE Alcoy<\/title>\n<meta name=\"robots\" content=\"index, follow, max-snippet:-1, max-image-preview:large, max-video-preview:-1\" \/>\n<link rel=\"canonical\" href=\"https:\/\/www.copealcoy.es\/es\/el-bus-urbano-de-alcoy-registro-881-565-viajeros-en-el-primer-semestre-de-2019\/\" \/>\n<meta property=\"og:locale\" content=\"es_ES\" \/>\n<meta property=\"og:type\" content=\"article\" \/>\n<meta property=\"og:title\" content=\"El bus urbano de Alcoy registr\u00f3 881.565 viajeros en el primer semestre de 2019 - COPE Alcoy\" \/>\n<meta property=\"og:description\" content=\"El autob\u00fas urbano de Alcoy registr\u00f3 un total de 881.565 usuarios entre los meses de enero y junio del 2019....\" \/>\n<meta property=\"og:url\" content=\"https:\/\/www.copealcoy.es\/es\/el-bus-urbano-de-alcoy-registro-881-565-viajeros-en-el-primer-semestre-de-2019\/\" \/>\n<meta property=\"og:site_name\" content=\"COPE Alcoy\" \/>\n<meta property=\"article:published_time\" content=\"2019-09-15T15:47:59+00:00\" \/>\n<meta property=\"og:image\" content=\"https:\/\/www.copealcoy.es\/wp-content\/uploads\/2014\/12\/image141.jpg\" \/>\n\t<meta property=\"og:image:width\" content=\"2592\" \/>\n\t<meta property=\"og:image:height\" content=\"1944\" \/>\n\t<meta property=\"og:image:type\" content=\"image\/jpeg\" \/>\n<meta name=\"author\" content=\"Cope Alcoy\" \/>\n<meta name=\"twitter:label1\" content=\"Escrito por\" \/>\n\t<meta name=\"twitter:data1\" content=\"Cope Alcoy\" \/>\n\t<meta name=\"twitter:label2\" content=\"Tiempo de lectura\" \/>\n\t<meta name=\"twitter:data2\" content=\"1 minuto\" \/>\n<script type=\"application\/ld+json\" class=\"yoast-schema-graph\">{\"@context\":\"https:\\\/\\\/schema.org\",\"@graph\":[{\"@type\":\"Article\",\"@id\":\"https:\\\/\\\/www.copealcoy.es\\\/es\\\/el-bus-urbano-de-alcoy-registro-881-565-viajeros-en-el-primer-semestre-de-2019\\\/#article\",\"isPartOf\":{\"@id\":\"https:\\\/\\\/www.copealcoy.es\\\/es\\\/el-bus-urbano-de-alcoy-registro-881-565-viajeros-en-el-primer-semestre-de-2019\\\/\"},\"author\":{\"name\":\"Cope Alcoy\",\"@id\":\"https:\\\/\\\/www.copealcoy.es\\\/es\\\/#\\\/schema\\\/person\\\/e777c87fa024e57d40170af9df39882c\"},\"headline\":\"El bus urbano de Alcoy registr\u00f3 881.565 viajeros en el primer semestre de 2019\",\"datePublished\":\"2019-09-15T15:47:59+00:00\",\"mainEntityOfPage\":{\"@id\":\"https:\\\/\\\/www.copealcoy.es\\\/es\\\/el-bus-urbano-de-alcoy-registro-881-565-viajeros-en-el-primer-semestre-de-2019\\\/\"},\"wordCount\":186,\"commentCount\":0,\"image\":{\"@id\":\"https:\\\/\\\/www.copealcoy.es\\\/es\\\/el-bus-urbano-de-alcoy-registro-881-565-viajeros-en-el-primer-semestre-de-2019\\\/#primaryimage\"},\"thumbnailUrl\":\"https:\\\/\\\/www.copealcoy.es\\\/wp-content\\\/uploads\\\/2014\\\/12\\\/image141.jpg\",\"keywords\":[\"2019\",\"881.565 viajeros\",\"Alcoy\",\"bus urbano\",\"primer semestre\"],\"articleSection\":[\"Alcoy\",\"Noticias\",\"Pol\u00edtica y Econom\u00eda\"],\"inLanguage\":\"es\"},{\"@type\":\"WebPage\",\"@id\":\"https:\\\/\\\/www.copealcoy.es\\\/es\\\/el-bus-urbano-de-alcoy-registro-881-565-viajeros-en-el-primer-semestre-de-2019\\\/\",\"url\":\"https:\\\/\\\/www.copealcoy.es\\\/es\\\/el-bus-urbano-de-alcoy-registro-881-565-viajeros-en-el-primer-semestre-de-2019\\\/\",\"name\":\"El bus urbano de Alcoy registr\u00f3 881.565 viajeros en el primer semestre de 2019 - COPE Alcoy\",\"isPartOf\":{\"@id\":\"https:\\\/\\\/www.copealcoy.es\\\/es\\\/#website\"},\"primaryImageOfPage\":{\"@id\":\"https:\\\/\\\/www.copealcoy.es\\\/es\\\/el-bus-urbano-de-alcoy-registro-881-565-viajeros-en-el-primer-semestre-de-2019\\\/#primaryimage\"},\"image\":{\"@id\":\"https:\\\/\\\/www.copealcoy.es\\\/es\\\/el-bus-urbano-de-alcoy-registro-881-565-viajeros-en-el-primer-semestre-de-2019\\\/#primaryimage\"},\"thumbnailUrl\":\"https:\\\/\\\/www.copealcoy.es\\\/wp-content\\\/uploads\\\/2014\\\/12\\\/image141.jpg\",\"datePublished\":\"2019-09-15T15:47:59+00:00\",\"author\":{\"@id\":\"https:\\\/\\\/www.copealcoy.es\\\/es\\\/#\\\/schema\\\/person\\\/e777c87fa024e57d40170af9df39882c\"},\"breadcrumb\":{\"@id\":\"https:\\\/\\\/www.copealcoy.es\\\/es\\\/el-bus-urbano-de-alcoy-registro-881-565-viajeros-en-el-primer-semestre-de-2019\\\/#breadcrumb\"},\"inLanguage\":\"es\",\"potentialAction\":[{\"@type\":\"ReadAction\",\"target\":[\"https:\\\/\\\/www.copealcoy.es\\\/es\\\/el-bus-urbano-de-alcoy-registro-881-565-viajeros-en-el-primer-semestre-de-2019\\\/\"]}]},{\"@type\":\"ImageObject\",\"inLanguage\":\"es\",\"@id\":\"https:\\\/\\\/www.copealcoy.es\\\/es\\\/el-bus-urbano-de-alcoy-registro-881-565-viajeros-en-el-primer-semestre-de-2019\\\/#primaryimage\",\"url\":\"https:\\\/\\\/www.copealcoy.es\\\/wp-content\\\/uploads\\\/2014\\\/12\\\/image141.jpg\",\"contentUrl\":\"https:\\\/\\\/www.copealcoy.es\\\/wp-content\\\/uploads\\\/2014\\\/12\\\/image141.jpg\",\"width\":1440,\"height\":1080,\"caption\":\"Autob\u00fas Urbano en el Centro de Alcoy\"},{\"@type\":\"BreadcrumbList\",\"@id\":\"https:\\\/\\\/www.copealcoy.es\\\/es\\\/el-bus-urbano-de-alcoy-registro-881-565-viajeros-en-el-primer-semestre-de-2019\\\/#breadcrumb\",\"itemListElement\":[{\"@type\":\"ListItem\",\"position\":1,\"name\":\"Portada\",\"item\":\"https:\\\/\\\/www.copealcoy.es\\\/es\\\/\"},{\"@type\":\"ListItem\",\"position\":2,\"name\":\"El bus urbano de Alcoy registr\u00f3 881.565 viajeros en el primer semestre de 2019\"}]},{\"@type\":\"WebSite\",\"@id\":\"https:\\\/\\\/www.copealcoy.es\\\/es\\\/#website\",\"url\":\"https:\\\/\\\/www.copealcoy.es\\\/es\\\/\",\"name\":\"COPE Alcoy\",\"description\":\"Emisora COPE de radio local con emisi\u00f3n online. Pont de Sant Jordi 8-10 03803 Alcoy\",\"potentialAction\":[{\"@type\":\"SearchAction\",\"target\":{\"@type\":\"EntryPoint\",\"urlTemplate\":\"https:\\\/\\\/www.copealcoy.es\\\/es\\\/?s={search_term_string}\"},\"query-input\":{\"@type\":\"PropertyValueSpecification\",\"valueRequired\":true,\"valueName\":\"search_term_string\"}}],\"inLanguage\":\"es\"},{\"@type\":\"Person\",\"@id\":\"https:\\\/\\\/www.copealcoy.es\\\/es\\\/#\\\/schema\\\/person\\\/e777c87fa024e57d40170af9df39882c\",\"name\":\"Cope Alcoy\",\"image\":{\"@type\":\"ImageObject\",\"inLanguage\":\"es\",\"@id\":\"https:\\\/\\\/secure.gravatar.com\\\/avatar\\\/bb65d0283347e303893ba14f0692005417c1e0e690a325a4c5d8bb2b3943ee14?s=96&d=mm&r=g\",\"url\":\"https:\\\/\\\/secure.gravatar.com\\\/avatar\\\/bb65d0283347e303893ba14f0692005417c1e0e690a325a4c5d8bb2b3943ee14?s=96&d=mm&r=g\",\"contentUrl\":\"https:\\\/\\\/secure.gravatar.com\\\/avatar\\\/bb65d0283347e303893ba14f0692005417c1e0e690a325a4c5d8bb2b3943ee14?s=96&d=mm&r=g\",\"caption\":\"Cope Alcoy\"}}]}<\/script>\n<!-- \/ Yoast SEO plugin. -->","yoast_head_json":{"title":"El bus urbano de Alcoy registr\u00f3 881.565 viajeros en el primer semestre de 2019 - COPE Alcoy","robots":{"index":"index","follow":"follow","max-snippet":"max-snippet:-1","max-image-preview":"max-image-preview:large","max-video-preview":"max-video-preview:-1"},"canonical":"https:\/\/www.copealcoy.es\/es\/el-bus-urbano-de-alcoy-registro-881-565-viajeros-en-el-primer-semestre-de-2019\/","og_locale":"es_ES","og_type":"article","og_title":"El bus urbano de Alcoy registr\u00f3 881.565 viajeros en el primer semestre de 2019 - COPE Alcoy","og_description":"El autob\u00fas urbano de Alcoy registr\u00f3 un total de 881.565 usuarios entre los meses de enero y junio del 2019....","og_url":"https:\/\/www.copealcoy.es\/es\/el-bus-urbano-de-alcoy-registro-881-565-viajeros-en-el-primer-semestre-de-2019\/","og_site_name":"COPE Alcoy","article_published_time":"2019-09-15T15:47:59+00:00","og_image":[{"width":2592,"height":1944,"url":"https:\/\/www.copealcoy.es\/wp-content\/uploads\/2014\/12\/image141.jpg","type":"image\/jpeg"}],"author":"Cope Alcoy","twitter_misc":{"Escrito por":"Cope Alcoy","Tiempo de lectura":"1 minuto"},"schema":{"@context":"https:\/\/schema.org","@graph":[{"@type":"Article","@id":"https:\/\/www.copealcoy.es\/es\/el-bus-urbano-de-alcoy-registro-881-565-viajeros-en-el-primer-semestre-de-2019\/#article","isPartOf":{"@id":"https:\/\/www.copealcoy.es\/es\/el-bus-urbano-de-alcoy-registro-881-565-viajeros-en-el-primer-semestre-de-2019\/"},"author":{"name":"Cope Alcoy","@id":"https:\/\/www.copealcoy.es\/es\/#\/schema\/person\/e777c87fa024e57d40170af9df39882c"},"headline":"El bus urbano de Alcoy registr\u00f3 881.565 viajeros en el primer semestre de 2019","datePublished":"2019-09-15T15:47:59+00:00","mainEntityOfPage":{"@id":"https:\/\/www.copealcoy.es\/es\/el-bus-urbano-de-alcoy-registro-881-565-viajeros-en-el-primer-semestre-de-2019\/"},"wordCount":186,"commentCount":0,"image":{"@id":"https:\/\/www.copealcoy.es\/es\/el-bus-urbano-de-alcoy-registro-881-565-viajeros-en-el-primer-semestre-de-2019\/#primaryimage"},"thumbnailUrl":"https:\/\/www.copealcoy.es\/wp-content\/uploads\/2014\/12\/image141.jpg","keywords":["2019","881.565 viajeros","Alcoy","bus urbano","primer semestre"],"articleSection":["Alcoy","Noticias","Pol\u00edtica y Econom\u00eda"],"inLanguage":"es"},{"@type":"WebPage","@id":"https:\/\/www.copealcoy.es\/es\/el-bus-urbano-de-alcoy-registro-881-565-viajeros-en-el-primer-semestre-de-2019\/","url":"https:\/\/www.copealcoy.es\/es\/el-bus-urbano-de-alcoy-registro-881-565-viajeros-en-el-primer-semestre-de-2019\/","name":"El bus urbano de Alcoy registr\u00f3 881.565 viajeros en el primer semestre de 2019 - COPE Alcoy","isPartOf":{"@id":"https:\/\/www.copealcoy.es\/es\/#website"},"primaryImageOfPage":{"@id":"https:\/\/www.copealcoy.es\/es\/el-bus-urbano-de-alcoy-registro-881-565-viajeros-en-el-primer-semestre-de-2019\/#primaryimage"},"image":{"@id":"https:\/\/www.copealcoy.es\/es\/el-bus-urbano-de-alcoy-registro-881-565-viajeros-en-el-primer-semestre-de-2019\/#primaryimage"},"thumbnailUrl":"https:\/\/www.copealcoy.es\/wp-content\/uploads\/2014\/12\/image141.jpg","datePublished":"2019-09-15T15:47:59+00:00","author":{"@id":"https:\/\/www.copealcoy.es\/es\/#\/schema\/person\/e777c87fa024e57d40170af9df39882c"},"breadcrumb":{"@id":"https:\/\/www.copealcoy.es\/es\/el-bus-urbano-de-alcoy-registro-881-565-viajeros-en-el-primer-semestre-de-2019\/#breadcrumb"},"inLanguage":"es","potentialAction":[{"@type":"ReadAction","target":["https:\/\/www.copealcoy.es\/es\/el-bus-urbano-de-alcoy-registro-881-565-viajeros-en-el-primer-semestre-de-2019\/"]}]},{"@type":"ImageObject","inLanguage":"es","@id":"https:\/\/www.copealcoy.es\/es\/el-bus-urbano-de-alcoy-registro-881-565-viajeros-en-el-primer-semestre-de-2019\/#primaryimage","url":"https:\/\/www.copealcoy.es\/wp-content\/uploads\/2014\/12\/image141.jpg","contentUrl":"https:\/\/www.copealcoy.es\/wp-content\/uploads\/2014\/12\/image141.jpg","width":1440,"height":1080,"caption":"Autob\u00fas Urbano en el Centro de Alcoy"},{"@type":"BreadcrumbList","@id":"https:\/\/www.copealcoy.es\/es\/el-bus-urbano-de-alcoy-registro-881-565-viajeros-en-el-primer-semestre-de-2019\/#breadcrumb","itemListElement":[{"@type":"ListItem","position":1,"name":"Portada","item":"https:\/\/www.copealcoy.es\/es\/"},{"@type":"ListItem","position":2,"name":"El bus urbano de Alcoy registr\u00f3 881.565 viajeros en el primer semestre de 2019"}]},{"@type":"WebSite","@id":"https:\/\/www.copealcoy.es\/es\/#website","url":"https:\/\/www.copealcoy.es\/es\/","name":"COPE Alcoy","description":"Emisora COPE de radio local con emisi\u00f3n online. Pont de Sant Jordi 8-10 03803 Alcoy","potentialAction":[{"@type":"SearchAction","target":{"@type":"EntryPoint","urlTemplate":"https:\/\/www.copealcoy.es\/es\/?s={search_term_string}"},"query-input":{"@type":"PropertyValueSpecification","valueRequired":true,"valueName":"search_term_string"}}],"inLanguage":"es"},{"@type":"Person","@id":"https:\/\/www.copealcoy.es\/es\/#\/schema\/person\/e777c87fa024e57d40170af9df39882c","name":"Cope Alcoy","image":{"@type":"ImageObject","inLanguage":"es","@id":"https:\/\/secure.gravatar.com\/avatar\/bb65d0283347e303893ba14f0692005417c1e0e690a325a4c5d8bb2b3943ee14?s=96&d=mm&r=g","url":"https:\/\/secure.gravatar.com\/avatar\/bb65d0283347e303893ba14f0692005417c1e0e690a325a4c5d8bb2b3943ee14?s=96&d=mm&r=g","contentUrl":"https:\/\/secure.gravatar.com\/avatar\/bb65d0283347e303893ba14f0692005417c1e0e690a325a4c5d8bb2b3943ee14?s=96&d=mm&r=g","caption":"Cope Alcoy"}}]}},"_links":{"self":[{"href":"https:\/\/www.copealcoy.es\/es\/wp-json\/wp\/v2\/posts\/54891","targetHints":{"allow":["GET"]}}],"collection":[{"href":"https:\/\/www.copealcoy.es\/es\/wp-json\/wp\/v2\/posts"}],"about":[{"href":"https:\/\/www.copealcoy.es\/es\/wp-json\/wp\/v2\/types\/post"}],"author":[{"embeddable":true,"href":"https:\/\/www.copealcoy.es\/es\/wp-json\/wp\/v2\/users\/1"}],"replies":[{"embeddable":true,"href":"https:\/\/www.copealcoy.es\/es\/wp-json\/wp\/v2\/comments?post=54891"}],"version-history":[{"count":0,"href":"https:\/\/www.copealcoy.es\/es\/wp-json\/wp\/v2\/posts\/54891\/revisions"}],"wp:featuredmedia":[{"embeddable":true,"href":"https:\/\/www.copealcoy.es\/es\/wp-json\/wp\/v2\/media\/9337"}],"wp:attachment":[{"href":"https:\/\/www.copealcoy.es\/es\/wp-json\/wp\/v2\/media?parent=54891"}],"wp:term":[{"taxonomy":"category","embeddable":true,"href":"https:\/\/www.copealcoy.es\/es\/wp-json\/wp\/v2\/categories?post=54891"},{"taxonomy":"post_tag","embeddable":true,"href":"https:\/\/www.copealcoy.es\/es\/wp-json\/wp\/v2\/tags?post=54891"}],"curies":[{"name":"wp","href":"https:\/\/api.w.org\/{rel}","templated":true}]}}