{"id":54873,"date":"2019-09-15T14:29:03","date_gmt":"2019-09-15T14:29:03","guid":{"rendered":"https:\/\/copealcoi.es\/?p=54873"},"modified":"2019-09-15T14:29:03","modified_gmt":"2019-09-15T14:29:03","slug":"la-lluvia-no-impide-el-homenaje-a-la-virgen-de-los-lirios","status":"publish","type":"post","link":"https:\/\/www.copealcoy.es\/es\/la-lluvia-no-impide-el-homenaje-a-la-virgen-de-los-lirios\/","title":{"rendered":"La lluvia no impide el homenaje a la Virgen de los Lirios"},"content":{"rendered":"<p style=\"text-align: justify;\">La <strong>adversa climatolog\u00eda<\/strong> ha vuelto a condicionar <strong>los actos centrales de las Fiestas Patronales<\/strong> que Alcoy dedica cada mes de septiembre a su patrona, <strong>la Virgen de los Lirios<\/strong>.<\/p>\n<p style=\"text-align: justify;\">El <strong>temporal de lluvias<\/strong> que venimos sufriendo en la comarca desde mediados de la pasada semana oblig\u00f3 a celebrar <strong>en el interior de la iglesia de San Mauro y San Francisco<\/strong> la tradicional<strong> ofrenda floral a la Mare de D\u00e9u<\/strong>. La cita tuvo lugar el s\u00e1bado por la tarde y en la misma participaron <strong>numerosas entidades de la ciudad<\/strong> cuyos representantes entregaron los ramos de flores a la patrona alcoyana. Asimismo actu\u00f3 <strong>el Grup de Danses Carrascal<\/strong> y se efectu\u00f3<strong> la &#8216;Crida&#8217; a la romer\u00eda<\/strong> a cargo de <strong>Do\u00f1a Amanda Mir\u00f3 Matarredona<\/strong>. La jornada incluy\u00f3 <strong>una misa solemne<\/strong> en honor de Nuestra Se\u00f1ora de los Lirios que cont\u00f3 con la asistencia de numerosos fieles.<\/p>\n<p style=\"text-align: justify;\">Hoy domingo, y por segundo a\u00f1o consecutivo, no se ha podido llevar a cabo <strong>la Romer\u00eda a la Font Roja<\/strong> a causa de la lluvia. El Ayuntamiento de Alcoy adopt\u00f3 la decisi\u00f3n ayer a mediod\u00eda para <strong>garantizar la m\u00e1xima seguridad en el Parque Natural<\/strong> tras los intensos chubascos de los \u00faltimos d\u00edas y ante las previsiones meteorol\u00f3gicas que apuntaban a precipitaciones para esta jornada. Por este motivo el d\u00eda grande de la Virgen de los Lirios ha quedado reducido a <strong>la celebraci\u00f3n de la eucarist\u00eda a mediod\u00eda<\/strong> en la citada iglesia de San Mauro y a <strong>una breve Romer\u00eda<\/strong> por el <strong>parque de La Glorieta<\/strong> que ha arrancado al finalizar la misa. Numerosas personas, al cesar la lluvia, <strong>han acompa\u00f1ado a la imagen peregrina de la Virgen de los Lirios<\/strong> por el c\u00e9ntrico parque mientras sonaban diferentes cantos en su honor.<\/p>\n<p style=\"text-align: justify;\">Los actos festivos terminar\u00e1n este martes 17 de septiembre con<strong> una misa de Acci\u00f3n de Gracias<\/strong> que tendr\u00e1 lugar a las 20:00h en San Mauro y San Francisco.<\/p>\n<p><strong>Una semana de actividades en honor a la patrona<\/strong><\/p>\n<p style=\"text-align: justify;\">Los actos de este s\u00e1bado y domingo han culminado <strong>una intensa semana de actividad festiva<\/strong> en honor a la Virgen de los Lirios, un calendario de propuestas que comenz\u00f3 el viernes 6 de septiembre con el <strong>descubrimiento del cartel anunciador<\/strong> de la Romer\u00eda en la fachada del Ayuntamiento creado este a\u00f1o por <strong>Luisa Fuster Vercher<\/strong>. Ya el lunes se present\u00f3 en el C\u00edrculo Industrial <strong>la Revista Lilia<\/strong>, cuya portada ha ideado <strong>Dori Cant\u00f3<\/strong>, mientras que el martes se efectu\u00f3 <strong>el Preg\u00f3n<\/strong> a cargo del sacerdote\u00a0<span style=\"font-size: inherit;\"><strong>Don Jos\u00e9 Juan Crespo Cars\u00ed<\/strong>.\u00a0<\/span><span style=\"font-size: inherit;\">Finalmente entre el mi\u00e9rcoles y el viernes se realiz\u00f3 <strong>el Triduo<\/strong>, predicado en esta ocasi\u00f3n por el <strong>Rvdo. D. Tom\u00e1s S\u00e1nchez V\u00e1zquez S.D.B<\/strong>, y dedicado a la juventud, las camareras de la Virgen o los matrimonios\u00a0<\/span><span style=\"font-size: inherit;\">que celebran sus Bodas de Oro y de Plata en este a\u00f1o.\u00a0<\/span><\/p>\n","protected":false},"excerpt":{"rendered":"<p>La adversa climatolog\u00eda ha vuelto a condicionar los actos centrales de las Fiestas Patronales que Alcoy dedica cada mes de&#8230;<\/p>\n","protected":false},"author":1,"featured_media":54875,"comment_status":"open","ping_status":"open","sticky":false,"template":"","format":"standard","meta":{"footnotes":""},"categories":[97,75,125],"tags":[1494,901,534,566,1347],"class_list":["post-54873","post","type-post","status-publish","format-standard","has-post-thumbnail","hentry","category-alcoy","category-noticias","category-portada","tag-alcoy","tag-homenaje","tag-lluvia","tag-romeria","tag-virgen-de-los-lirios"],"yoast_head":"<!-- This site is optimized with the Yoast SEO plugin v27.3 - https:\/\/yoast.com\/product\/yoast-seo-wordpress\/ -->\n<title>La lluvia no impide el homenaje a la Virgen de los Lirios - COPE Alcoy<\/title>\n<meta name=\"robots\" content=\"index, follow, max-snippet:-1, max-image-preview:large, max-video-preview:-1\" \/>\n<link rel=\"canonical\" href=\"https:\/\/www.copealcoy.es\/es\/la-lluvia-no-impide-el-homenaje-a-la-virgen-de-los-lirios\/\" \/>\n<meta property=\"og:locale\" content=\"es_ES\" \/>\n<meta property=\"og:type\" content=\"article\" \/>\n<meta property=\"og:title\" content=\"La lluvia no impide el homenaje a la Virgen de los Lirios - COPE Alcoy\" \/>\n<meta property=\"og:description\" content=\"La adversa climatolog\u00eda ha vuelto a condicionar los actos centrales de las Fiestas Patronales que Alcoy dedica cada mes de...\" \/>\n<meta property=\"og:url\" content=\"https:\/\/www.copealcoy.es\/es\/la-lluvia-no-impide-el-homenaje-a-la-virgen-de-los-lirios\/\" \/>\n<meta property=\"og:site_name\" content=\"COPE Alcoy\" \/>\n<meta property=\"article:published_time\" content=\"2019-09-15T14:29:03+00:00\" \/>\n<meta property=\"og:image\" content=\"https:\/\/www.copealcoy.es\/wp-content\/uploads\/2019\/09\/70092370_2713256978694237_3009203079993098240_n-1.jpg\" \/>\n\t<meta property=\"og:image:width\" content=\"740\" \/>\n\t<meta property=\"og:image:height\" content=\"463\" \/>\n\t<meta property=\"og:image:type\" content=\"image\/jpeg\" \/>\n<meta name=\"author\" content=\"Cope Alcoy\" \/>\n<meta name=\"twitter:label1\" content=\"Escrito por\" \/>\n\t<meta name=\"twitter:data1\" content=\"Cope Alcoy\" \/>\n\t<meta name=\"twitter:label2\" content=\"Tiempo de lectura\" \/>\n\t<meta name=\"twitter:data2\" content=\"2 minutos\" \/>\n<script type=\"application\/ld+json\" class=\"yoast-schema-graph\">{\"@context\":\"https:\\\/\\\/schema.org\",\"@graph\":[{\"@type\":\"Article\",\"@id\":\"https:\\\/\\\/www.copealcoy.es\\\/es\\\/la-lluvia-no-impide-el-homenaje-a-la-virgen-de-los-lirios\\\/#article\",\"isPartOf\":{\"@id\":\"https:\\\/\\\/www.copealcoy.es\\\/es\\\/la-lluvia-no-impide-el-homenaje-a-la-virgen-de-los-lirios\\\/\"},\"author\":{\"name\":\"Cope Alcoy\",\"@id\":\"https:\\\/\\\/www.copealcoy.es\\\/es\\\/#\\\/schema\\\/person\\\/e777c87fa024e57d40170af9df39882c\"},\"headline\":\"La lluvia no impide el homenaje a la Virgen de los Lirios\",\"datePublished\":\"2019-09-15T14:29:03+00:00\",\"mainEntityOfPage\":{\"@id\":\"https:\\\/\\\/www.copealcoy.es\\\/es\\\/la-lluvia-no-impide-el-homenaje-a-la-virgen-de-los-lirios\\\/\"},\"wordCount\":504,\"commentCount\":0,\"image\":{\"@id\":\"https:\\\/\\\/www.copealcoy.es\\\/es\\\/la-lluvia-no-impide-el-homenaje-a-la-virgen-de-los-lirios\\\/#primaryimage\"},\"thumbnailUrl\":\"https:\\\/\\\/www.copealcoy.es\\\/wp-content\\\/uploads\\\/2019\\\/09\\\/70092370_2713256978694237_3009203079993098240_n-1.jpg\",\"keywords\":[\"Alcoy\",\"Homenaje\",\"Lluvia\",\"Romer\u00eda\",\"Virgen de los Lirios\"],\"articleSection\":[\"Alcoy\",\"Noticias\",\"Portada\"],\"inLanguage\":\"es\"},{\"@type\":\"WebPage\",\"@id\":\"https:\\\/\\\/www.copealcoy.es\\\/es\\\/la-lluvia-no-impide-el-homenaje-a-la-virgen-de-los-lirios\\\/\",\"url\":\"https:\\\/\\\/www.copealcoy.es\\\/es\\\/la-lluvia-no-impide-el-homenaje-a-la-virgen-de-los-lirios\\\/\",\"name\":\"La lluvia no impide el homenaje a la Virgen de los Lirios - COPE Alcoy\",\"isPartOf\":{\"@id\":\"https:\\\/\\\/www.copealcoy.es\\\/es\\\/#website\"},\"primaryImageOfPage\":{\"@id\":\"https:\\\/\\\/www.copealcoy.es\\\/es\\\/la-lluvia-no-impide-el-homenaje-a-la-virgen-de-los-lirios\\\/#primaryimage\"},\"image\":{\"@id\":\"https:\\\/\\\/www.copealcoy.es\\\/es\\\/la-lluvia-no-impide-el-homenaje-a-la-virgen-de-los-lirios\\\/#primaryimage\"},\"thumbnailUrl\":\"https:\\\/\\\/www.copealcoy.es\\\/wp-content\\\/uploads\\\/2019\\\/09\\\/70092370_2713256978694237_3009203079993098240_n-1.jpg\",\"datePublished\":\"2019-09-15T14:29:03+00:00\",\"author\":{\"@id\":\"https:\\\/\\\/www.copealcoy.es\\\/es\\\/#\\\/schema\\\/person\\\/e777c87fa024e57d40170af9df39882c\"},\"breadcrumb\":{\"@id\":\"https:\\\/\\\/www.copealcoy.es\\\/es\\\/la-lluvia-no-impide-el-homenaje-a-la-virgen-de-los-lirios\\\/#breadcrumb\"},\"inLanguage\":\"es\",\"potentialAction\":[{\"@type\":\"ReadAction\",\"target\":[\"https:\\\/\\\/www.copealcoy.es\\\/es\\\/la-lluvia-no-impide-el-homenaje-a-la-virgen-de-los-lirios\\\/\"]}]},{\"@type\":\"ImageObject\",\"inLanguage\":\"es\",\"@id\":\"https:\\\/\\\/www.copealcoy.es\\\/es\\\/la-lluvia-no-impide-el-homenaje-a-la-virgen-de-los-lirios\\\/#primaryimage\",\"url\":\"https:\\\/\\\/www.copealcoy.es\\\/wp-content\\\/uploads\\\/2019\\\/09\\\/70092370_2713256978694237_3009203079993098240_n-1.jpg\",\"contentUrl\":\"https:\\\/\\\/www.copealcoy.es\\\/wp-content\\\/uploads\\\/2019\\\/09\\\/70092370_2713256978694237_3009203079993098240_n-1.jpg\",\"width\":740,\"height\":463,\"caption\":\"La imagen de la patrona ha recorrido La Glorieta \\\/ Foto: Ajuntament Alcoi\"},{\"@type\":\"BreadcrumbList\",\"@id\":\"https:\\\/\\\/www.copealcoy.es\\\/es\\\/la-lluvia-no-impide-el-homenaje-a-la-virgen-de-los-lirios\\\/#breadcrumb\",\"itemListElement\":[{\"@type\":\"ListItem\",\"position\":1,\"name\":\"Portada\",\"item\":\"https:\\\/\\\/www.copealcoy.es\\\/es\\\/\"},{\"@type\":\"ListItem\",\"position\":2,\"name\":\"La lluvia no impide el homenaje a la Virgen de los Lirios\"}]},{\"@type\":\"WebSite\",\"@id\":\"https:\\\/\\\/www.copealcoy.es\\\/es\\\/#website\",\"url\":\"https:\\\/\\\/www.copealcoy.es\\\/es\\\/\",\"name\":\"COPE Alcoy\",\"description\":\"Emisora COPE de radio local con emisi\u00f3n online. Pont de Sant Jordi 8-10 03803 Alcoy\",\"potentialAction\":[{\"@type\":\"SearchAction\",\"target\":{\"@type\":\"EntryPoint\",\"urlTemplate\":\"https:\\\/\\\/www.copealcoy.es\\\/es\\\/?s={search_term_string}\"},\"query-input\":{\"@type\":\"PropertyValueSpecification\",\"valueRequired\":true,\"valueName\":\"search_term_string\"}}],\"inLanguage\":\"es\"},{\"@type\":\"Person\",\"@id\":\"https:\\\/\\\/www.copealcoy.es\\\/es\\\/#\\\/schema\\\/person\\\/e777c87fa024e57d40170af9df39882c\",\"name\":\"Cope Alcoy\",\"image\":{\"@type\":\"ImageObject\",\"inLanguage\":\"es\",\"@id\":\"https:\\\/\\\/secure.gravatar.com\\\/avatar\\\/bb65d0283347e303893ba14f0692005417c1e0e690a325a4c5d8bb2b3943ee14?s=96&d=mm&r=g\",\"url\":\"https:\\\/\\\/secure.gravatar.com\\\/avatar\\\/bb65d0283347e303893ba14f0692005417c1e0e690a325a4c5d8bb2b3943ee14?s=96&d=mm&r=g\",\"contentUrl\":\"https:\\\/\\\/secure.gravatar.com\\\/avatar\\\/bb65d0283347e303893ba14f0692005417c1e0e690a325a4c5d8bb2b3943ee14?s=96&d=mm&r=g\",\"caption\":\"Cope Alcoy\"}}]}<\/script>\n<!-- \/ Yoast SEO plugin. -->","yoast_head_json":{"title":"La lluvia no impide el homenaje a la Virgen de los Lirios - COPE Alcoy","robots":{"index":"index","follow":"follow","max-snippet":"max-snippet:-1","max-image-preview":"max-image-preview:large","max-video-preview":"max-video-preview:-1"},"canonical":"https:\/\/www.copealcoy.es\/es\/la-lluvia-no-impide-el-homenaje-a-la-virgen-de-los-lirios\/","og_locale":"es_ES","og_type":"article","og_title":"La lluvia no impide el homenaje a la Virgen de los Lirios - COPE Alcoy","og_description":"La adversa climatolog\u00eda ha vuelto a condicionar los actos centrales de las Fiestas Patronales que Alcoy dedica cada mes de...","og_url":"https:\/\/www.copealcoy.es\/es\/la-lluvia-no-impide-el-homenaje-a-la-virgen-de-los-lirios\/","og_site_name":"COPE Alcoy","article_published_time":"2019-09-15T14:29:03+00:00","og_image":[{"width":740,"height":463,"url":"https:\/\/www.copealcoy.es\/wp-content\/uploads\/2019\/09\/70092370_2713256978694237_3009203079993098240_n-1.jpg","type":"image\/jpeg"}],"author":"Cope Alcoy","twitter_misc":{"Escrito por":"Cope Alcoy","Tiempo de lectura":"2 minutos"},"schema":{"@context":"https:\/\/schema.org","@graph":[{"@type":"Article","@id":"https:\/\/www.copealcoy.es\/es\/la-lluvia-no-impide-el-homenaje-a-la-virgen-de-los-lirios\/#article","isPartOf":{"@id":"https:\/\/www.copealcoy.es\/es\/la-lluvia-no-impide-el-homenaje-a-la-virgen-de-los-lirios\/"},"author":{"name":"Cope Alcoy","@id":"https:\/\/www.copealcoy.es\/es\/#\/schema\/person\/e777c87fa024e57d40170af9df39882c"},"headline":"La lluvia no impide el homenaje a la Virgen de los Lirios","datePublished":"2019-09-15T14:29:03+00:00","mainEntityOfPage":{"@id":"https:\/\/www.copealcoy.es\/es\/la-lluvia-no-impide-el-homenaje-a-la-virgen-de-los-lirios\/"},"wordCount":504,"commentCount":0,"image":{"@id":"https:\/\/www.copealcoy.es\/es\/la-lluvia-no-impide-el-homenaje-a-la-virgen-de-los-lirios\/#primaryimage"},"thumbnailUrl":"https:\/\/www.copealcoy.es\/wp-content\/uploads\/2019\/09\/70092370_2713256978694237_3009203079993098240_n-1.jpg","keywords":["Alcoy","Homenaje","Lluvia","Romer\u00eda","Virgen de los Lirios"],"articleSection":["Alcoy","Noticias","Portada"],"inLanguage":"es"},{"@type":"WebPage","@id":"https:\/\/www.copealcoy.es\/es\/la-lluvia-no-impide-el-homenaje-a-la-virgen-de-los-lirios\/","url":"https:\/\/www.copealcoy.es\/es\/la-lluvia-no-impide-el-homenaje-a-la-virgen-de-los-lirios\/","name":"La lluvia no impide el homenaje a la Virgen de los Lirios - COPE Alcoy","isPartOf":{"@id":"https:\/\/www.copealcoy.es\/es\/#website"},"primaryImageOfPage":{"@id":"https:\/\/www.copealcoy.es\/es\/la-lluvia-no-impide-el-homenaje-a-la-virgen-de-los-lirios\/#primaryimage"},"image":{"@id":"https:\/\/www.copealcoy.es\/es\/la-lluvia-no-impide-el-homenaje-a-la-virgen-de-los-lirios\/#primaryimage"},"thumbnailUrl":"https:\/\/www.copealcoy.es\/wp-content\/uploads\/2019\/09\/70092370_2713256978694237_3009203079993098240_n-1.jpg","datePublished":"2019-09-15T14:29:03+00:00","author":{"@id":"https:\/\/www.copealcoy.es\/es\/#\/schema\/person\/e777c87fa024e57d40170af9df39882c"},"breadcrumb":{"@id":"https:\/\/www.copealcoy.es\/es\/la-lluvia-no-impide-el-homenaje-a-la-virgen-de-los-lirios\/#breadcrumb"},"inLanguage":"es","potentialAction":[{"@type":"ReadAction","target":["https:\/\/www.copealcoy.es\/es\/la-lluvia-no-impide-el-homenaje-a-la-virgen-de-los-lirios\/"]}]},{"@type":"ImageObject","inLanguage":"es","@id":"https:\/\/www.copealcoy.es\/es\/la-lluvia-no-impide-el-homenaje-a-la-virgen-de-los-lirios\/#primaryimage","url":"https:\/\/www.copealcoy.es\/wp-content\/uploads\/2019\/09\/70092370_2713256978694237_3009203079993098240_n-1.jpg","contentUrl":"https:\/\/www.copealcoy.es\/wp-content\/uploads\/2019\/09\/70092370_2713256978694237_3009203079993098240_n-1.jpg","width":740,"height":463,"caption":"La imagen de la patrona ha recorrido La Glorieta \/ Foto: Ajuntament Alcoi"},{"@type":"BreadcrumbList","@id":"https:\/\/www.copealcoy.es\/es\/la-lluvia-no-impide-el-homenaje-a-la-virgen-de-los-lirios\/#breadcrumb","itemListElement":[{"@type":"ListItem","position":1,"name":"Portada","item":"https:\/\/www.copealcoy.es\/es\/"},{"@type":"ListItem","position":2,"name":"La lluvia no impide el homenaje a la Virgen de los Lirios"}]},{"@type":"WebSite","@id":"https:\/\/www.copealcoy.es\/es\/#website","url":"https:\/\/www.copealcoy.es\/es\/","name":"COPE Alcoy","description":"Emisora COPE de radio local con emisi\u00f3n online. Pont de Sant Jordi 8-10 03803 Alcoy","potentialAction":[{"@type":"SearchAction","target":{"@type":"EntryPoint","urlTemplate":"https:\/\/www.copealcoy.es\/es\/?s={search_term_string}"},"query-input":{"@type":"PropertyValueSpecification","valueRequired":true,"valueName":"search_term_string"}}],"inLanguage":"es"},{"@type":"Person","@id":"https:\/\/www.copealcoy.es\/es\/#\/schema\/person\/e777c87fa024e57d40170af9df39882c","name":"Cope Alcoy","image":{"@type":"ImageObject","inLanguage":"es","@id":"https:\/\/secure.gravatar.com\/avatar\/bb65d0283347e303893ba14f0692005417c1e0e690a325a4c5d8bb2b3943ee14?s=96&d=mm&r=g","url":"https:\/\/secure.gravatar.com\/avatar\/bb65d0283347e303893ba14f0692005417c1e0e690a325a4c5d8bb2b3943ee14?s=96&d=mm&r=g","contentUrl":"https:\/\/secure.gravatar.com\/avatar\/bb65d0283347e303893ba14f0692005417c1e0e690a325a4c5d8bb2b3943ee14?s=96&d=mm&r=g","caption":"Cope Alcoy"}}]}},"_links":{"self":[{"href":"https:\/\/www.copealcoy.es\/es\/wp-json\/wp\/v2\/posts\/54873","targetHints":{"allow":["GET"]}}],"collection":[{"href":"https:\/\/www.copealcoy.es\/es\/wp-json\/wp\/v2\/posts"}],"about":[{"href":"https:\/\/www.copealcoy.es\/es\/wp-json\/wp\/v2\/types\/post"}],"author":[{"embeddable":true,"href":"https:\/\/www.copealcoy.es\/es\/wp-json\/wp\/v2\/users\/1"}],"replies":[{"embeddable":true,"href":"https:\/\/www.copealcoy.es\/es\/wp-json\/wp\/v2\/comments?post=54873"}],"version-history":[{"count":0,"href":"https:\/\/www.copealcoy.es\/es\/wp-json\/wp\/v2\/posts\/54873\/revisions"}],"wp:featuredmedia":[{"embeddable":true,"href":"https:\/\/www.copealcoy.es\/es\/wp-json\/wp\/v2\/media\/54875"}],"wp:attachment":[{"href":"https:\/\/www.copealcoy.es\/es\/wp-json\/wp\/v2\/media?parent=54873"}],"wp:term":[{"taxonomy":"category","embeddable":true,"href":"https:\/\/www.copealcoy.es\/es\/wp-json\/wp\/v2\/categories?post=54873"},{"taxonomy":"post_tag","embeddable":true,"href":"https:\/\/www.copealcoy.es\/es\/wp-json\/wp\/v2\/tags?post=54873"}],"curies":[{"name":"wp","href":"https:\/\/api.w.org\/{rel}","templated":true}]}}