{"id":54811,"date":"2019-09-09T12:18:17","date_gmt":"2019-09-09T12:18:17","guid":{"rendered":"https:\/\/copealcoi.es\/?p=54811"},"modified":"2021-09-14T08:02:28","modified_gmt":"2021-09-14T07:02:28","slug":"multitudinario-ultimo-adios-al-alcoyano-camilo-sesto","status":"publish","type":"post","link":"https:\/\/www.copealcoy.es\/es\/multitudinario-ultimo-adios-al-alcoyano-camilo-sesto\/","title":{"rendered":"Multitudinario \u00faltimo adi\u00f3s al alcoyano Camilo Sesto"},"content":{"rendered":"<p style=\"text-align: justify;\">Espa\u00f1a despide este lunes <strong>al cantante alcoyano Camilo Sesto<\/strong>, una <strong>figura universal de la m\u00fasica<\/strong> que nos dej\u00f3 en la madrugada de ayer domingo a los 72 a\u00f1os de edad. La Capilla Ardiente del artista <strong>ha quedado instalada a las once de la ma\u00f1ana en la sede de la SGAE<\/strong>, ubicada en Madrid, y hasta all\u00ed se ha acercado <strong>una delegaci\u00f3n de Alcoy<\/strong> encabezada por el alcalde; <strong>Antonio Franc\u00e9s<\/strong>. No han faltado <strong>las visitas de representantes pol\u00edticos, de la m\u00fasica o de la cultura<\/strong> para despedir como se merece a un int\u00e9rprete que llev\u00f3 el nombre del pa\u00eds por medio mundo.<\/p>\n<p style=\"text-align: justify;\">&#8220;<em>Has vuelto Melina, alza tus manos hacia Dios<\/em>&#8220;. Esta ha sido la estrofa de la canci\u00f3n que <strong>varias decenas de personas<\/strong> han cantado mientras el f\u00e9retro con los restos mortales de Camilo Sesto llegaba a media ma\u00f1ana<strong> a la sede de la SGAE<\/strong>, donde ser\u00e1 velado todo el d\u00eda.\u00a0Aunque el p\u00fablico no ha podido\u00a0acceder a la capilla ardiente del cantante hasta las 11 de la ma\u00f1ana, enclave que permanecer\u00e1 abierto hasta las 20:00 horas, <strong>varias decenas de personas esperaban desde primera hora de la ma\u00f1ana\u00a0<\/strong>para rendir su particular homenaje al gran artista.<\/p>\n<p style=\"text-align: justify;\">Seg\u00fan han adelantado fuentes de la SGAE a la Cadena COPE, es en <strong>la sala Manuel de Falla<\/strong> del palacio donde se ha instalado\u00a0la Capilla Ardiente de Camilo Sesto, lugar en el que adem\u00e1s <strong>se ha puesto un piano de cola y una gran fotograf\u00eda<\/strong> del cantante.\u00a0La entidad, a la que Camilo Blanes se asoci\u00f3 en 1971, <strong>ha abierto una p\u00e1gina de condolencias virtual en Faceboo<\/strong>, donde est\u00e1n llegando numerosos registros de Alcoy, la Comunidad Valenciana, el conjunto del Estado e incluso tambi\u00e9n desde Latinoam\u00e9rica.<\/p>\n<p style=\"text-align: justify;\"><strong>Camilo Blanes Cort\u00e9s<\/strong>, nacido en Alcoy en 1946 e int\u00e9rprete de \u00e9xitos como &#8220;Vivir as\u00ed&#8221; o &#8220;Perd\u00f3name&#8221;, falleci\u00f3 ayer en un hospital madrile\u00f1o a causa de una complicaci\u00f3n renal. Sesto, nombre art\u00edstico del cantante, <strong>fue un \u00eddolo de larga y exitosa carrera<\/strong> en la que vendi\u00f3 millones de discos. Adem\u00e1s tiene el honor de haber sido <strong>el primer cantante espa\u00f1ol que logr\u00f3 el disco de platino<\/strong> sin olvidar que registr\u00f3 <strong>m\u00e1s de 340 obras y public\u00f3 40 \u00e1lbumes<\/strong> con los que consigui\u00f3 cincuenta &#8216;n\u00fameros 1&#8217; en distintos pa\u00edses.<\/p>\n\n\n<p><\/p>\n","protected":false},"excerpt":{"rendered":"<p>Espa\u00f1a despide este lunes al cantante alcoyano Camilo Sesto, una figura universal de la m\u00fasica que nos dej\u00f3 en la&#8230;<\/p>\n","protected":false},"author":1,"featured_media":77589,"comment_status":"open","ping_status":"open","sticky":false,"template":"","format":"standard","meta":{"footnotes":""},"categories":[97,78,75,125],"tags":[1494,2559,3495,9172,9173],"class_list":["post-54811","post","type-post","status-publish","format-standard","has-post-thumbnail","hentry","category-alcoy","category-fiestaycultura","category-noticias","category-portada","tag-alcoy","tag-camilo-sesto","tag-capilla-ardiente","tag-multitudinario-adios","tag-sgae"],"yoast_head":"<!-- This site is optimized with the Yoast SEO plugin v27.3 - https:\/\/yoast.com\/product\/yoast-seo-wordpress\/ -->\n<title>Multitudinario \u00faltimo adi\u00f3s al alcoyano Camilo Sesto - COPE Alcoy % %<\/title>\n<meta name=\"robots\" content=\"index, follow, max-snippet:-1, max-image-preview:large, max-video-preview:-1\" \/>\n<link rel=\"canonical\" href=\"https:\/\/www.copealcoy.es\/es\/multitudinario-ultimo-adios-al-alcoyano-camilo-sesto\/\" \/>\n<meta property=\"og:locale\" content=\"es_ES\" \/>\n<meta property=\"og:type\" content=\"article\" \/>\n<meta property=\"og:title\" content=\"Multitudinario \u00faltimo adi\u00f3s al alcoyano Camilo Sesto - COPE Alcoy % %\" \/>\n<meta property=\"og:description\" content=\"Espa\u00f1a despide este lunes al cantante alcoyano Camilo Sesto, una figura universal de la m\u00fasica que nos dej\u00f3 en la...\" \/>\n<meta property=\"og:url\" content=\"https:\/\/www.copealcoy.es\/es\/multitudinario-ultimo-adios-al-alcoyano-camilo-sesto\/\" \/>\n<meta property=\"og:site_name\" content=\"COPE Alcoy\" \/>\n<meta property=\"article:published_time\" content=\"2019-09-09T12:18:17+00:00\" \/>\n<meta property=\"article:modified_time\" content=\"2021-09-14T07:02:28+00:00\" \/>\n<meta property=\"og:image\" content=\"https:\/\/www.copealcoy.es\/wp-content\/uploads\/2019\/09\/WhatsApp-Image-2019-09-09-at-17.54.34-640x480-1.jpg\" \/>\n\t<meta property=\"og:image:width\" content=\"640\" \/>\n\t<meta property=\"og:image:height\" content=\"480\" \/>\n\t<meta property=\"og:image:type\" content=\"image\/jpeg\" \/>\n<meta name=\"author\" content=\"Cope Alcoy\" \/>\n<meta name=\"twitter:label1\" content=\"Escrito por\" \/>\n\t<meta name=\"twitter:data1\" content=\"Cope Alcoy\" \/>\n\t<meta name=\"twitter:label2\" content=\"Tiempo de lectura\" \/>\n\t<meta name=\"twitter:data2\" content=\"2 minutos\" \/>\n<script type=\"application\/ld+json\" class=\"yoast-schema-graph\">{\"@context\":\"https:\\\/\\\/schema.org\",\"@graph\":[{\"@type\":\"Article\",\"@id\":\"https:\\\/\\\/www.copealcoy.es\\\/es\\\/multitudinario-ultimo-adios-al-alcoyano-camilo-sesto\\\/#article\",\"isPartOf\":{\"@id\":\"https:\\\/\\\/www.copealcoy.es\\\/es\\\/multitudinario-ultimo-adios-al-alcoyano-camilo-sesto\\\/\"},\"author\":{\"name\":\"Cope Alcoy\",\"@id\":\"https:\\\/\\\/www.copealcoy.es\\\/es\\\/#\\\/schema\\\/person\\\/e777c87fa024e57d40170af9df39882c\"},\"headline\":\"Multitudinario \u00faltimo adi\u00f3s al alcoyano Camilo Sesto\",\"datePublished\":\"2019-09-09T12:18:17+00:00\",\"dateModified\":\"2021-09-14T07:02:28+00:00\",\"mainEntityOfPage\":{\"@id\":\"https:\\\/\\\/www.copealcoy.es\\\/es\\\/multitudinario-ultimo-adios-al-alcoyano-camilo-sesto\\\/\"},\"wordCount\":406,\"commentCount\":0,\"image\":{\"@id\":\"https:\\\/\\\/www.copealcoy.es\\\/es\\\/multitudinario-ultimo-adios-al-alcoyano-camilo-sesto\\\/#primaryimage\"},\"thumbnailUrl\":\"https:\\\/\\\/www.copealcoy.es\\\/wp-content\\\/uploads\\\/2019\\\/09\\\/WhatsApp-Image-2019-09-09-at-17.54.34-640x480-1.jpg\",\"keywords\":[\"Alcoy\",\"Camilo Sesto\",\"Capilla Ardiente\",\"multitudinario adi\u00f3s\",\"SGAE\"],\"articleSection\":[\"Alcoy\",\"Fiesta y Cultura\",\"Noticias\",\"Portada\"],\"inLanguage\":\"es\"},{\"@type\":\"WebPage\",\"@id\":\"https:\\\/\\\/www.copealcoy.es\\\/es\\\/multitudinario-ultimo-adios-al-alcoyano-camilo-sesto\\\/\",\"url\":\"https:\\\/\\\/www.copealcoy.es\\\/es\\\/multitudinario-ultimo-adios-al-alcoyano-camilo-sesto\\\/\",\"name\":\"Multitudinario \u00faltimo adi\u00f3s al alcoyano Camilo Sesto - COPE Alcoy % %\",\"isPartOf\":{\"@id\":\"https:\\\/\\\/www.copealcoy.es\\\/es\\\/#website\"},\"primaryImageOfPage\":{\"@id\":\"https:\\\/\\\/www.copealcoy.es\\\/es\\\/multitudinario-ultimo-adios-al-alcoyano-camilo-sesto\\\/#primaryimage\"},\"image\":{\"@id\":\"https:\\\/\\\/www.copealcoy.es\\\/es\\\/multitudinario-ultimo-adios-al-alcoyano-camilo-sesto\\\/#primaryimage\"},\"thumbnailUrl\":\"https:\\\/\\\/www.copealcoy.es\\\/wp-content\\\/uploads\\\/2019\\\/09\\\/WhatsApp-Image-2019-09-09-at-17.54.34-640x480-1.jpg\",\"datePublished\":\"2019-09-09T12:18:17+00:00\",\"dateModified\":\"2021-09-14T07:02:28+00:00\",\"author\":{\"@id\":\"https:\\\/\\\/www.copealcoy.es\\\/es\\\/#\\\/schema\\\/person\\\/e777c87fa024e57d40170af9df39882c\"},\"breadcrumb\":{\"@id\":\"https:\\\/\\\/www.copealcoy.es\\\/es\\\/multitudinario-ultimo-adios-al-alcoyano-camilo-sesto\\\/#breadcrumb\"},\"inLanguage\":\"es\",\"potentialAction\":[{\"@type\":\"ReadAction\",\"target\":[\"https:\\\/\\\/www.copealcoy.es\\\/es\\\/multitudinario-ultimo-adios-al-alcoyano-camilo-sesto\\\/\"]}]},{\"@type\":\"ImageObject\",\"inLanguage\":\"es\",\"@id\":\"https:\\\/\\\/www.copealcoy.es\\\/es\\\/multitudinario-ultimo-adios-al-alcoyano-camilo-sesto\\\/#primaryimage\",\"url\":\"https:\\\/\\\/www.copealcoy.es\\\/wp-content\\\/uploads\\\/2019\\\/09\\\/WhatsApp-Image-2019-09-09-at-17.54.34-640x480-1.jpg\",\"contentUrl\":\"https:\\\/\\\/www.copealcoy.es\\\/wp-content\\\/uploads\\\/2019\\\/09\\\/WhatsApp-Image-2019-09-09-at-17.54.34-640x480-1.jpg\",\"width\":640,\"height\":480},{\"@type\":\"BreadcrumbList\",\"@id\":\"https:\\\/\\\/www.copealcoy.es\\\/es\\\/multitudinario-ultimo-adios-al-alcoyano-camilo-sesto\\\/#breadcrumb\",\"itemListElement\":[{\"@type\":\"ListItem\",\"position\":1,\"name\":\"Portada\",\"item\":\"https:\\\/\\\/www.copealcoy.es\\\/es\\\/\"},{\"@type\":\"ListItem\",\"position\":2,\"name\":\"Multitudinario \u00faltimo adi\u00f3s al alcoyano Camilo Sesto\"}]},{\"@type\":\"WebSite\",\"@id\":\"https:\\\/\\\/www.copealcoy.es\\\/es\\\/#website\",\"url\":\"https:\\\/\\\/www.copealcoy.es\\\/es\\\/\",\"name\":\"COPE Alcoy\",\"description\":\"Emisora COPE de radio local con emisi\u00f3n online. Pont de Sant Jordi 8-10 03803 Alcoy\",\"potentialAction\":[{\"@type\":\"SearchAction\",\"target\":{\"@type\":\"EntryPoint\",\"urlTemplate\":\"https:\\\/\\\/www.copealcoy.es\\\/es\\\/?s={search_term_string}\"},\"query-input\":{\"@type\":\"PropertyValueSpecification\",\"valueRequired\":true,\"valueName\":\"search_term_string\"}}],\"inLanguage\":\"es\"},{\"@type\":\"Person\",\"@id\":\"https:\\\/\\\/www.copealcoy.es\\\/es\\\/#\\\/schema\\\/person\\\/e777c87fa024e57d40170af9df39882c\",\"name\":\"Cope Alcoy\",\"image\":{\"@type\":\"ImageObject\",\"inLanguage\":\"es\",\"@id\":\"https:\\\/\\\/secure.gravatar.com\\\/avatar\\\/bb65d0283347e303893ba14f0692005417c1e0e690a325a4c5d8bb2b3943ee14?s=96&d=mm&r=g\",\"url\":\"https:\\\/\\\/secure.gravatar.com\\\/avatar\\\/bb65d0283347e303893ba14f0692005417c1e0e690a325a4c5d8bb2b3943ee14?s=96&d=mm&r=g\",\"contentUrl\":\"https:\\\/\\\/secure.gravatar.com\\\/avatar\\\/bb65d0283347e303893ba14f0692005417c1e0e690a325a4c5d8bb2b3943ee14?s=96&d=mm&r=g\",\"caption\":\"Cope Alcoy\"}}]}<\/script>\n<!-- \/ Yoast SEO plugin. -->","yoast_head_json":{"title":"Multitudinario \u00faltimo adi\u00f3s al alcoyano Camilo Sesto - COPE Alcoy % %","robots":{"index":"index","follow":"follow","max-snippet":"max-snippet:-1","max-image-preview":"max-image-preview:large","max-video-preview":"max-video-preview:-1"},"canonical":"https:\/\/www.copealcoy.es\/es\/multitudinario-ultimo-adios-al-alcoyano-camilo-sesto\/","og_locale":"es_ES","og_type":"article","og_title":"Multitudinario \u00faltimo adi\u00f3s al alcoyano Camilo Sesto - COPE Alcoy % %","og_description":"Espa\u00f1a despide este lunes al cantante alcoyano Camilo Sesto, una figura universal de la m\u00fasica que nos dej\u00f3 en la...","og_url":"https:\/\/www.copealcoy.es\/es\/multitudinario-ultimo-adios-al-alcoyano-camilo-sesto\/","og_site_name":"COPE Alcoy","article_published_time":"2019-09-09T12:18:17+00:00","article_modified_time":"2021-09-14T07:02:28+00:00","og_image":[{"width":640,"height":480,"url":"https:\/\/www.copealcoy.es\/wp-content\/uploads\/2019\/09\/WhatsApp-Image-2019-09-09-at-17.54.34-640x480-1.jpg","type":"image\/jpeg"}],"author":"Cope Alcoy","twitter_misc":{"Escrito por":"Cope Alcoy","Tiempo de lectura":"2 minutos"},"schema":{"@context":"https:\/\/schema.org","@graph":[{"@type":"Article","@id":"https:\/\/www.copealcoy.es\/es\/multitudinario-ultimo-adios-al-alcoyano-camilo-sesto\/#article","isPartOf":{"@id":"https:\/\/www.copealcoy.es\/es\/multitudinario-ultimo-adios-al-alcoyano-camilo-sesto\/"},"author":{"name":"Cope Alcoy","@id":"https:\/\/www.copealcoy.es\/es\/#\/schema\/person\/e777c87fa024e57d40170af9df39882c"},"headline":"Multitudinario \u00faltimo adi\u00f3s al alcoyano Camilo Sesto","datePublished":"2019-09-09T12:18:17+00:00","dateModified":"2021-09-14T07:02:28+00:00","mainEntityOfPage":{"@id":"https:\/\/www.copealcoy.es\/es\/multitudinario-ultimo-adios-al-alcoyano-camilo-sesto\/"},"wordCount":406,"commentCount":0,"image":{"@id":"https:\/\/www.copealcoy.es\/es\/multitudinario-ultimo-adios-al-alcoyano-camilo-sesto\/#primaryimage"},"thumbnailUrl":"https:\/\/www.copealcoy.es\/wp-content\/uploads\/2019\/09\/WhatsApp-Image-2019-09-09-at-17.54.34-640x480-1.jpg","keywords":["Alcoy","Camilo Sesto","Capilla Ardiente","multitudinario adi\u00f3s","SGAE"],"articleSection":["Alcoy","Fiesta y Cultura","Noticias","Portada"],"inLanguage":"es"},{"@type":"WebPage","@id":"https:\/\/www.copealcoy.es\/es\/multitudinario-ultimo-adios-al-alcoyano-camilo-sesto\/","url":"https:\/\/www.copealcoy.es\/es\/multitudinario-ultimo-adios-al-alcoyano-camilo-sesto\/","name":"Multitudinario \u00faltimo adi\u00f3s al alcoyano Camilo Sesto - COPE Alcoy % %","isPartOf":{"@id":"https:\/\/www.copealcoy.es\/es\/#website"},"primaryImageOfPage":{"@id":"https:\/\/www.copealcoy.es\/es\/multitudinario-ultimo-adios-al-alcoyano-camilo-sesto\/#primaryimage"},"image":{"@id":"https:\/\/www.copealcoy.es\/es\/multitudinario-ultimo-adios-al-alcoyano-camilo-sesto\/#primaryimage"},"thumbnailUrl":"https:\/\/www.copealcoy.es\/wp-content\/uploads\/2019\/09\/WhatsApp-Image-2019-09-09-at-17.54.34-640x480-1.jpg","datePublished":"2019-09-09T12:18:17+00:00","dateModified":"2021-09-14T07:02:28+00:00","author":{"@id":"https:\/\/www.copealcoy.es\/es\/#\/schema\/person\/e777c87fa024e57d40170af9df39882c"},"breadcrumb":{"@id":"https:\/\/www.copealcoy.es\/es\/multitudinario-ultimo-adios-al-alcoyano-camilo-sesto\/#breadcrumb"},"inLanguage":"es","potentialAction":[{"@type":"ReadAction","target":["https:\/\/www.copealcoy.es\/es\/multitudinario-ultimo-adios-al-alcoyano-camilo-sesto\/"]}]},{"@type":"ImageObject","inLanguage":"es","@id":"https:\/\/www.copealcoy.es\/es\/multitudinario-ultimo-adios-al-alcoyano-camilo-sesto\/#primaryimage","url":"https:\/\/www.copealcoy.es\/wp-content\/uploads\/2019\/09\/WhatsApp-Image-2019-09-09-at-17.54.34-640x480-1.jpg","contentUrl":"https:\/\/www.copealcoy.es\/wp-content\/uploads\/2019\/09\/WhatsApp-Image-2019-09-09-at-17.54.34-640x480-1.jpg","width":640,"height":480},{"@type":"BreadcrumbList","@id":"https:\/\/www.copealcoy.es\/es\/multitudinario-ultimo-adios-al-alcoyano-camilo-sesto\/#breadcrumb","itemListElement":[{"@type":"ListItem","position":1,"name":"Portada","item":"https:\/\/www.copealcoy.es\/es\/"},{"@type":"ListItem","position":2,"name":"Multitudinario \u00faltimo adi\u00f3s al alcoyano Camilo Sesto"}]},{"@type":"WebSite","@id":"https:\/\/www.copealcoy.es\/es\/#website","url":"https:\/\/www.copealcoy.es\/es\/","name":"COPE Alcoy","description":"Emisora COPE de radio local con emisi\u00f3n online. Pont de Sant Jordi 8-10 03803 Alcoy","potentialAction":[{"@type":"SearchAction","target":{"@type":"EntryPoint","urlTemplate":"https:\/\/www.copealcoy.es\/es\/?s={search_term_string}"},"query-input":{"@type":"PropertyValueSpecification","valueRequired":true,"valueName":"search_term_string"}}],"inLanguage":"es"},{"@type":"Person","@id":"https:\/\/www.copealcoy.es\/es\/#\/schema\/person\/e777c87fa024e57d40170af9df39882c","name":"Cope Alcoy","image":{"@type":"ImageObject","inLanguage":"es","@id":"https:\/\/secure.gravatar.com\/avatar\/bb65d0283347e303893ba14f0692005417c1e0e690a325a4c5d8bb2b3943ee14?s=96&d=mm&r=g","url":"https:\/\/secure.gravatar.com\/avatar\/bb65d0283347e303893ba14f0692005417c1e0e690a325a4c5d8bb2b3943ee14?s=96&d=mm&r=g","contentUrl":"https:\/\/secure.gravatar.com\/avatar\/bb65d0283347e303893ba14f0692005417c1e0e690a325a4c5d8bb2b3943ee14?s=96&d=mm&r=g","caption":"Cope Alcoy"}}]}},"_links":{"self":[{"href":"https:\/\/www.copealcoy.es\/es\/wp-json\/wp\/v2\/posts\/54811","targetHints":{"allow":["GET"]}}],"collection":[{"href":"https:\/\/www.copealcoy.es\/es\/wp-json\/wp\/v2\/posts"}],"about":[{"href":"https:\/\/www.copealcoy.es\/es\/wp-json\/wp\/v2\/types\/post"}],"author":[{"embeddable":true,"href":"https:\/\/www.copealcoy.es\/es\/wp-json\/wp\/v2\/users\/1"}],"replies":[{"embeddable":true,"href":"https:\/\/www.copealcoy.es\/es\/wp-json\/wp\/v2\/comments?post=54811"}],"version-history":[{"count":0,"href":"https:\/\/www.copealcoy.es\/es\/wp-json\/wp\/v2\/posts\/54811\/revisions"}],"wp:featuredmedia":[{"embeddable":true,"href":"https:\/\/www.copealcoy.es\/es\/wp-json\/wp\/v2\/media\/77589"}],"wp:attachment":[{"href":"https:\/\/www.copealcoy.es\/es\/wp-json\/wp\/v2\/media?parent=54811"}],"wp:term":[{"taxonomy":"category","embeddable":true,"href":"https:\/\/www.copealcoy.es\/es\/wp-json\/wp\/v2\/categories?post=54811"},{"taxonomy":"post_tag","embeddable":true,"href":"https:\/\/www.copealcoy.es\/es\/wp-json\/wp\/v2\/tags?post=54811"}],"curies":[{"name":"wp","href":"https:\/\/api.w.org\/{rel}","templated":true}]}}