{"id":54786,"date":"2019-09-08T16:38:16","date_gmt":"2019-09-08T16:38:16","guid":{"rendered":"https:\/\/copealcoi.es\/?p=54786"},"modified":"2019-09-08T16:38:16","modified_gmt":"2019-09-08T16:38:16","slug":"alcoy-y-el-mundo-lloran-la-muerte-de-camilo-sesto","status":"publish","type":"post","link":"https:\/\/www.copealcoy.es\/es\/alcoy-y-el-mundo-lloran-la-muerte-de-camilo-sesto\/","title":{"rendered":"Alcoy y el mundo lloran la muerte de Camilo Sesto"},"content":{"rendered":"<p style=\"text-align: justify;\">Alcoy y pr\u00e1cticamente medio mundo han comenzado este domingo 8 de septiembre con <strong>la triste noticia del fallecimiento en Madrid del cantante y compositor Camilo Sesto<\/strong>, una<strong> figura universal de la m\u00fasica<\/strong> que nos ha dejado en 2019 <strong>a los 72 a\u00f1os de edad<\/strong> tras sufrir<strong> dos paros cardiacos<\/strong> como consecuencia de<strong> agravarse la enfermedad renal<\/strong> que padec\u00eda desde hac\u00eda tiempo.<\/p>\n<p style=\"text-align: justify;\">Camilo Blanes Cort\u00e9s naci\u00f3 en nuestra ciudad <strong>el 16 de septiembre de 1946<\/strong> en el seno de <strong>una familia humilde<\/strong>. Curs\u00f3 sus estudios en el <strong>Colegio Salesianos<\/strong>, donde empez\u00f3 a tener contacto con la m\u00fasica de la mano del Coro de la Iglesia, y posteriormente\u00a0<strong>realiz\u00f3 estudios de bellas artes<\/strong> al mismo tiempo que <strong>comenz\u00f3 su carrera musical<\/strong> formando parte del grupo <strong>&#8220;Los Dayson&#8221;<\/strong> cuando apenas era un adolescente.<\/p>\n<p style=\"text-align: justify;\">Ya con 18 a\u00f1os<strong> se traslad\u00f3 a Madrid para probar suerte<\/strong> y, desde entonces, desarroll\u00f3\u00a0<strong>una completa carrera musical con la venta de millones de discos en Espa\u00f1a e Iberoam\u00e9rica.\u00a0<\/strong>Su primer alb\u00fam\u00a0<strong>&#8220;Algo de mi&#8221;<\/strong>\u00a0fue grabado en 1971 y dos a\u00f1os despu\u00e9s<strong> represent\u00f3 a Espa\u00f1a en el festival internacional de la OTI\u00a0<\/strong>con la canci\u00f3n &#8220;Algo m\u00e1s&#8221;, tema con el que consigui\u00f3 una gran \u00e9xito de ventas en toda Latinoam\u00e9rica.<\/p>\n<p style=\"text-align: justify;\">En 1975 cobr\u00f3 m\u00e1s popularidad al interpretar, junto a la cantante dominicana <strong>\u00c1ngela Carrasco<\/strong>, al protagonista en el musical &#8220;<strong>Jesucristo Superstar&#8221;<\/strong>\u00a0estrenado en Madrid. Su \u00faltimo trabajo,\u00a0<strong>&#8220;Camilo sinf\u00f3nico&#8221;,<\/strong>\u00a0fue grabado con la orquesta de Radio Televisi\u00f3n Espa\u00f1ola y con colaboraciones de artistas espa\u00f1olas como Marta S\u00e1nchez, Pastora Soler, Ruth Lorenzo o M\u00f3nica Naranjo. El proyecto se present\u00f3 en Madrid el pasado 20 de noviembre.<\/p>\n<div class=\"col-xs-12 col-sm-12 col-md-8 col-lg-8 following-ad-ref-container\">\n<div class=\"detail-body\">\n<div class=\"video-container\">\n<p style=\"text-align: justify;\">Un fallo renal\u00a0<strong>provoc\u00f3 la muerte del cantante<\/strong>\u00a0Camilo\u00a0Sesto\u00a0la pasada noche en el Hospital Universitario Quir\u00f3nsalud Madrid (Pozuelo de Alarc\u00f3n, Madrid), seg\u00fan ha apuntado el representante del cantante,\u00a0<strong>Eduardo Guerv\u00f3s. <\/strong>Este \u00faltimo en declaraciones a TVE, <strong>recogidas por Fin de Semana Cope,\u00a0<\/strong>ha explicado que\u00a0<strong>el estado de salud del artista se encontraba <\/strong><em>&#8220;muy deteriorado&#8221;<\/em>a causa de estas complicaciones renales, por las que ya hab\u00eda sido ingresado el pasado a\u00f1o. Recordar que en agosto de 2018, el cantante\u00a0<strong>debi\u00f3 permanecer durante unos d\u00edas en el hospital Puerta de Hierro de Majadahonda (Madrid)\u00a0<\/strong>a causa de un c\u00f3lico nefr\u00edtico.\u00a0Entonces <strong>acudi\u00f3 al centro m\u00e9dico aquejado de un fuerte dolor lumbar<\/strong>, que, tras las pruebas pertinentes, fue diagnosticado como c\u00f3lico reno ureteral. Recibi\u00f3 el alta el 3 de agosto tras superar la complicaci\u00f3n.<\/p>\n<p style=\"text-align: justify;\">Apuntar que Camilo Sesto fue nombrado en 2016<strong> Hijo Predilecto de Alcoy<\/strong> en un acto celebrado en el Teatro Calder\u00f3n que incluy\u00f3<strong> la entrega de la Medalla de Oro de la ciudad<\/strong>. Dos a\u00f1os m\u00e1s tarde, en noviembre de 2018, <strong>se le dedic\u00f3 la Alameda<\/strong> en un nuevo homenaje de la ciudad que lo vio nacer y crecer.<\/p>\n<p><strong>Alcoy decreta dos d\u00edas de luto oficial\u00a0<\/strong><\/p>\n<p style=\"text-align: justify;\">Tras la muerte de Camilo Sesto <strong>las reacciones y las muestras de condolencias<\/strong> se han producido pr\u00e1cticamente desde todo el mundo, un hecho que demuestra <strong>la gran importancia<\/strong> que el cantante alcoyano ten\u00eda en el \u00e1mbito de la m\u00fasica internacional. El alcalde de Alcoy, <strong>Antonio Franc\u00e9s<\/strong>, ha informado a mediod\u00eda que el Ayuntamiento hab\u00eda decretado dos d\u00edas de luto oficial <strong>en se\u00f1al de duelo<\/strong> al mismo tiempo que recordaba que las banderas del Consistorio y de todos los estamentos oficiales locales <strong>ondear\u00e1n a media hasta<\/strong> &#8220;<em>ha sido el alcoyano m\u00e1s universal y autor de tantas canciones que forman parte de nuestra vida<\/em>&#8220;, afirm\u00f3 el primer edil.<\/p>\n<p style=\"text-align: justify;\">Tambi\u00e9n han llorado la p\u00e9rdida de Camilo Sesto <strong>los partidos de la Corporaci\u00f3n Municipal<\/strong> de Alcoy, el<strong> Presidente del Gobierno<\/strong> (Pedro S\u00e1nchez), los <strong>l\u00edderes de las formaciones pol\u00edticas nacionales<\/strong>, el <strong>Jefe del Consell<\/strong> (Ximo Puig), los <strong>partidos pol\u00edticos valencianos<\/strong>, <strong>instituciones<\/strong>, <strong>entidades<\/strong> y una enorme cantidad de <strong>artistas, m\u00fasicos y cantantes<\/strong> Espa\u00f1oles y de fuera. El <strong>Club de Fans<\/strong>, que preparaba una serie de actos para conmemorar el 73 aniversario de Camilo en las pr\u00f3ximas semanas, <strong>ha suspendido<\/strong> todas las actividades previstas mientras que una delegaci\u00f3n de Alcoy, con el alcalde a la cabeza; <strong>viajar\u00e1 ma\u00f1ana a la Capital de Espa\u00f1a<\/strong> para rendir un <strong>homenaje p\u00f3stumo<\/strong> a nuestro gran artista. Tambi\u00e9n COPE ALCOY lamenta la p\u00e9rdida de\u00a0nuestro querido y admirado Camilo Sesto. Su recuerdo siempre permanecer\u00e1 en Alcoy,\u00a0la ciudad que le vio nacer, que vibr\u00f3 con su m\u00fasica y a la que siempre llev\u00f3 en su coraz\u00f3n.<\/p>\n<p style=\"text-align: justify;\">Est\u00e1 previsto, seg\u00fan ha informado la familia, que Camilo Sesto <strong>sea incinerado<\/strong> cuando se cierre la Capilla Ardiente. Posteriormente <strong>sus cenizas ser\u00e1n trasladadas a Alcoy\u00a0<\/strong>y por el momento se desconoce si ser\u00e1n esparcidas o depositadas en el Cementerio Municipal. Descanse en Paz <strong>Camilo Blanes Cort\u00e9s<\/strong>, un artista universal<\/p>\n<\/div>\n<\/div>\n<\/div>\n","protected":false},"excerpt":{"rendered":"<p>Alcoy y pr\u00e1cticamente medio mundo han comenzado este domingo 8 de septiembre con la triste noticia del fallecimiento en Madrid&#8230;<\/p>\n","protected":false},"author":1,"featured_media":26642,"comment_status":"open","ping_status":"open","sticky":false,"template":"","format":"standard","meta":{"footnotes":""},"categories":[97,78,75,125],"tags":[1494,2559,253,9170,4365,9171],"class_list":["post-54786","post","type-post","status-publish","format-standard","has-post-thumbnail","hentry","category-alcoy","category-fiestaycultura","category-noticias","category-portada","tag-alcoy","tag-camilo-sesto","tag-fallecimiento","tag-lloran","tag-muerte","tag-mundo"],"yoast_head":"<!-- This site is optimized with the Yoast SEO plugin v27.3 - https:\/\/yoast.com\/product\/yoast-seo-wordpress\/ -->\n<title>Alcoy y el mundo lloran la muerte de Camilo Sesto - COPE Alcoy<\/title>\n<meta name=\"robots\" content=\"index, follow, max-snippet:-1, max-image-preview:large, max-video-preview:-1\" \/>\n<link rel=\"canonical\" href=\"https:\/\/www.copealcoy.es\/es\/alcoy-y-el-mundo-lloran-la-muerte-de-camilo-sesto\/\" \/>\n<meta property=\"og:locale\" content=\"es_ES\" \/>\n<meta property=\"og:type\" content=\"article\" \/>\n<meta property=\"og:title\" content=\"Alcoy y el mundo lloran la muerte de Camilo Sesto - COPE Alcoy\" \/>\n<meta property=\"og:description\" content=\"Alcoy y pr\u00e1cticamente medio mundo han comenzado este domingo 8 de septiembre con la triste noticia del fallecimiento en Madrid...\" \/>\n<meta property=\"og:url\" content=\"https:\/\/www.copealcoy.es\/es\/alcoy-y-el-mundo-lloran-la-muerte-de-camilo-sesto\/\" \/>\n<meta property=\"og:site_name\" content=\"COPE Alcoy\" \/>\n<meta property=\"article:published_time\" content=\"2019-09-08T16:38:16+00:00\" \/>\n<meta property=\"og:image\" content=\"https:\/\/www.copealcoy.es\/wp-content\/uploads\/2016\/11\/Camilo-Portada.jpg\" \/>\n\t<meta property=\"og:image:width\" content=\"617\" \/>\n\t<meta property=\"og:image:height\" content=\"312\" \/>\n\t<meta property=\"og:image:type\" content=\"image\/jpeg\" \/>\n<meta name=\"author\" content=\"Cope Alcoy\" \/>\n<meta name=\"twitter:label1\" content=\"Escrito por\" \/>\n\t<meta name=\"twitter:data1\" content=\"Cope Alcoy\" \/>\n\t<meta name=\"twitter:label2\" content=\"Tiempo de lectura\" \/>\n\t<meta name=\"twitter:data2\" content=\"4 minutos\" \/>\n<script type=\"application\/ld+json\" class=\"yoast-schema-graph\">{\"@context\":\"https:\\\/\\\/schema.org\",\"@graph\":[{\"@type\":\"Article\",\"@id\":\"https:\\\/\\\/www.copealcoy.es\\\/es\\\/alcoy-y-el-mundo-lloran-la-muerte-de-camilo-sesto\\\/#article\",\"isPartOf\":{\"@id\":\"https:\\\/\\\/www.copealcoy.es\\\/es\\\/alcoy-y-el-mundo-lloran-la-muerte-de-camilo-sesto\\\/\"},\"author\":{\"name\":\"Cope Alcoy\",\"@id\":\"https:\\\/\\\/www.copealcoy.es\\\/es\\\/#\\\/schema\\\/person\\\/e777c87fa024e57d40170af9df39882c\"},\"headline\":\"Alcoy y el mundo lloran la muerte de Camilo Sesto\",\"datePublished\":\"2019-09-08T16:38:16+00:00\",\"mainEntityOfPage\":{\"@id\":\"https:\\\/\\\/www.copealcoy.es\\\/es\\\/alcoy-y-el-mundo-lloran-la-muerte-de-camilo-sesto\\\/\"},\"wordCount\":837,\"commentCount\":0,\"image\":{\"@id\":\"https:\\\/\\\/www.copealcoy.es\\\/es\\\/alcoy-y-el-mundo-lloran-la-muerte-de-camilo-sesto\\\/#primaryimage\"},\"thumbnailUrl\":\"https:\\\/\\\/www.copealcoy.es\\\/wp-content\\\/uploads\\\/2016\\\/11\\\/Camilo-Portada.jpg\",\"keywords\":[\"Alcoy\",\"Camilo Sesto\",\"Fallecimiento\",\"lloran\",\"muerte\",\"mundo\"],\"articleSection\":[\"Alcoy\",\"Fiesta y Cultura\",\"Noticias\",\"Portada\"],\"inLanguage\":\"es\"},{\"@type\":\"WebPage\",\"@id\":\"https:\\\/\\\/www.copealcoy.es\\\/es\\\/alcoy-y-el-mundo-lloran-la-muerte-de-camilo-sesto\\\/\",\"url\":\"https:\\\/\\\/www.copealcoy.es\\\/es\\\/alcoy-y-el-mundo-lloran-la-muerte-de-camilo-sesto\\\/\",\"name\":\"Alcoy y el mundo lloran la muerte de Camilo Sesto - COPE Alcoy\",\"isPartOf\":{\"@id\":\"https:\\\/\\\/www.copealcoy.es\\\/es\\\/#website\"},\"primaryImageOfPage\":{\"@id\":\"https:\\\/\\\/www.copealcoy.es\\\/es\\\/alcoy-y-el-mundo-lloran-la-muerte-de-camilo-sesto\\\/#primaryimage\"},\"image\":{\"@id\":\"https:\\\/\\\/www.copealcoy.es\\\/es\\\/alcoy-y-el-mundo-lloran-la-muerte-de-camilo-sesto\\\/#primaryimage\"},\"thumbnailUrl\":\"https:\\\/\\\/www.copealcoy.es\\\/wp-content\\\/uploads\\\/2016\\\/11\\\/Camilo-Portada.jpg\",\"datePublished\":\"2019-09-08T16:38:16+00:00\",\"author\":{\"@id\":\"https:\\\/\\\/www.copealcoy.es\\\/es\\\/#\\\/schema\\\/person\\\/e777c87fa024e57d40170af9df39882c\"},\"breadcrumb\":{\"@id\":\"https:\\\/\\\/www.copealcoy.es\\\/es\\\/alcoy-y-el-mundo-lloran-la-muerte-de-camilo-sesto\\\/#breadcrumb\"},\"inLanguage\":\"es\",\"potentialAction\":[{\"@type\":\"ReadAction\",\"target\":[\"https:\\\/\\\/www.copealcoy.es\\\/es\\\/alcoy-y-el-mundo-lloran-la-muerte-de-camilo-sesto\\\/\"]}]},{\"@type\":\"ImageObject\",\"inLanguage\":\"es\",\"@id\":\"https:\\\/\\\/www.copealcoy.es\\\/es\\\/alcoy-y-el-mundo-lloran-la-muerte-de-camilo-sesto\\\/#primaryimage\",\"url\":\"https:\\\/\\\/www.copealcoy.es\\\/wp-content\\\/uploads\\\/2016\\\/11\\\/Camilo-Portada.jpg\",\"contentUrl\":\"https:\\\/\\\/www.copealcoy.es\\\/wp-content\\\/uploads\\\/2016\\\/11\\\/Camilo-Portada.jpg\",\"width\":617,\"height\":312},{\"@type\":\"BreadcrumbList\",\"@id\":\"https:\\\/\\\/www.copealcoy.es\\\/es\\\/alcoy-y-el-mundo-lloran-la-muerte-de-camilo-sesto\\\/#breadcrumb\",\"itemListElement\":[{\"@type\":\"ListItem\",\"position\":1,\"name\":\"Portada\",\"item\":\"https:\\\/\\\/www.copealcoy.es\\\/es\\\/\"},{\"@type\":\"ListItem\",\"position\":2,\"name\":\"Alcoy y el mundo lloran la muerte de Camilo Sesto\"}]},{\"@type\":\"WebSite\",\"@id\":\"https:\\\/\\\/www.copealcoy.es\\\/es\\\/#website\",\"url\":\"https:\\\/\\\/www.copealcoy.es\\\/es\\\/\",\"name\":\"COPE Alcoy\",\"description\":\"Emisora COPE de radio local con emisi\u00f3n online. Pont de Sant Jordi 8-10 03803 Alcoy\",\"potentialAction\":[{\"@type\":\"SearchAction\",\"target\":{\"@type\":\"EntryPoint\",\"urlTemplate\":\"https:\\\/\\\/www.copealcoy.es\\\/es\\\/?s={search_term_string}\"},\"query-input\":{\"@type\":\"PropertyValueSpecification\",\"valueRequired\":true,\"valueName\":\"search_term_string\"}}],\"inLanguage\":\"es\"},{\"@type\":\"Person\",\"@id\":\"https:\\\/\\\/www.copealcoy.es\\\/es\\\/#\\\/schema\\\/person\\\/e777c87fa024e57d40170af9df39882c\",\"name\":\"Cope Alcoy\",\"image\":{\"@type\":\"ImageObject\",\"inLanguage\":\"es\",\"@id\":\"https:\\\/\\\/secure.gravatar.com\\\/avatar\\\/bb65d0283347e303893ba14f0692005417c1e0e690a325a4c5d8bb2b3943ee14?s=96&d=mm&r=g\",\"url\":\"https:\\\/\\\/secure.gravatar.com\\\/avatar\\\/bb65d0283347e303893ba14f0692005417c1e0e690a325a4c5d8bb2b3943ee14?s=96&d=mm&r=g\",\"contentUrl\":\"https:\\\/\\\/secure.gravatar.com\\\/avatar\\\/bb65d0283347e303893ba14f0692005417c1e0e690a325a4c5d8bb2b3943ee14?s=96&d=mm&r=g\",\"caption\":\"Cope Alcoy\"}}]}<\/script>\n<!-- \/ Yoast SEO plugin. -->","yoast_head_json":{"title":"Alcoy y el mundo lloran la muerte de Camilo Sesto - COPE Alcoy","robots":{"index":"index","follow":"follow","max-snippet":"max-snippet:-1","max-image-preview":"max-image-preview:large","max-video-preview":"max-video-preview:-1"},"canonical":"https:\/\/www.copealcoy.es\/es\/alcoy-y-el-mundo-lloran-la-muerte-de-camilo-sesto\/","og_locale":"es_ES","og_type":"article","og_title":"Alcoy y el mundo lloran la muerte de Camilo Sesto - COPE Alcoy","og_description":"Alcoy y pr\u00e1cticamente medio mundo han comenzado este domingo 8 de septiembre con la triste noticia del fallecimiento en Madrid...","og_url":"https:\/\/www.copealcoy.es\/es\/alcoy-y-el-mundo-lloran-la-muerte-de-camilo-sesto\/","og_site_name":"COPE Alcoy","article_published_time":"2019-09-08T16:38:16+00:00","og_image":[{"width":617,"height":312,"url":"https:\/\/www.copealcoy.es\/wp-content\/uploads\/2016\/11\/Camilo-Portada.jpg","type":"image\/jpeg"}],"author":"Cope Alcoy","twitter_misc":{"Escrito por":"Cope Alcoy","Tiempo de lectura":"4 minutos"},"schema":{"@context":"https:\/\/schema.org","@graph":[{"@type":"Article","@id":"https:\/\/www.copealcoy.es\/es\/alcoy-y-el-mundo-lloran-la-muerte-de-camilo-sesto\/#article","isPartOf":{"@id":"https:\/\/www.copealcoy.es\/es\/alcoy-y-el-mundo-lloran-la-muerte-de-camilo-sesto\/"},"author":{"name":"Cope Alcoy","@id":"https:\/\/www.copealcoy.es\/es\/#\/schema\/person\/e777c87fa024e57d40170af9df39882c"},"headline":"Alcoy y el mundo lloran la muerte de Camilo Sesto","datePublished":"2019-09-08T16:38:16+00:00","mainEntityOfPage":{"@id":"https:\/\/www.copealcoy.es\/es\/alcoy-y-el-mundo-lloran-la-muerte-de-camilo-sesto\/"},"wordCount":837,"commentCount":0,"image":{"@id":"https:\/\/www.copealcoy.es\/es\/alcoy-y-el-mundo-lloran-la-muerte-de-camilo-sesto\/#primaryimage"},"thumbnailUrl":"https:\/\/www.copealcoy.es\/wp-content\/uploads\/2016\/11\/Camilo-Portada.jpg","keywords":["Alcoy","Camilo Sesto","Fallecimiento","lloran","muerte","mundo"],"articleSection":["Alcoy","Fiesta y Cultura","Noticias","Portada"],"inLanguage":"es"},{"@type":"WebPage","@id":"https:\/\/www.copealcoy.es\/es\/alcoy-y-el-mundo-lloran-la-muerte-de-camilo-sesto\/","url":"https:\/\/www.copealcoy.es\/es\/alcoy-y-el-mundo-lloran-la-muerte-de-camilo-sesto\/","name":"Alcoy y el mundo lloran la muerte de Camilo Sesto - COPE Alcoy","isPartOf":{"@id":"https:\/\/www.copealcoy.es\/es\/#website"},"primaryImageOfPage":{"@id":"https:\/\/www.copealcoy.es\/es\/alcoy-y-el-mundo-lloran-la-muerte-de-camilo-sesto\/#primaryimage"},"image":{"@id":"https:\/\/www.copealcoy.es\/es\/alcoy-y-el-mundo-lloran-la-muerte-de-camilo-sesto\/#primaryimage"},"thumbnailUrl":"https:\/\/www.copealcoy.es\/wp-content\/uploads\/2016\/11\/Camilo-Portada.jpg","datePublished":"2019-09-08T16:38:16+00:00","author":{"@id":"https:\/\/www.copealcoy.es\/es\/#\/schema\/person\/e777c87fa024e57d40170af9df39882c"},"breadcrumb":{"@id":"https:\/\/www.copealcoy.es\/es\/alcoy-y-el-mundo-lloran-la-muerte-de-camilo-sesto\/#breadcrumb"},"inLanguage":"es","potentialAction":[{"@type":"ReadAction","target":["https:\/\/www.copealcoy.es\/es\/alcoy-y-el-mundo-lloran-la-muerte-de-camilo-sesto\/"]}]},{"@type":"ImageObject","inLanguage":"es","@id":"https:\/\/www.copealcoy.es\/es\/alcoy-y-el-mundo-lloran-la-muerte-de-camilo-sesto\/#primaryimage","url":"https:\/\/www.copealcoy.es\/wp-content\/uploads\/2016\/11\/Camilo-Portada.jpg","contentUrl":"https:\/\/www.copealcoy.es\/wp-content\/uploads\/2016\/11\/Camilo-Portada.jpg","width":617,"height":312},{"@type":"BreadcrumbList","@id":"https:\/\/www.copealcoy.es\/es\/alcoy-y-el-mundo-lloran-la-muerte-de-camilo-sesto\/#breadcrumb","itemListElement":[{"@type":"ListItem","position":1,"name":"Portada","item":"https:\/\/www.copealcoy.es\/es\/"},{"@type":"ListItem","position":2,"name":"Alcoy y el mundo lloran la muerte de Camilo Sesto"}]},{"@type":"WebSite","@id":"https:\/\/www.copealcoy.es\/es\/#website","url":"https:\/\/www.copealcoy.es\/es\/","name":"COPE Alcoy","description":"Emisora COPE de radio local con emisi\u00f3n online. Pont de Sant Jordi 8-10 03803 Alcoy","potentialAction":[{"@type":"SearchAction","target":{"@type":"EntryPoint","urlTemplate":"https:\/\/www.copealcoy.es\/es\/?s={search_term_string}"},"query-input":{"@type":"PropertyValueSpecification","valueRequired":true,"valueName":"search_term_string"}}],"inLanguage":"es"},{"@type":"Person","@id":"https:\/\/www.copealcoy.es\/es\/#\/schema\/person\/e777c87fa024e57d40170af9df39882c","name":"Cope Alcoy","image":{"@type":"ImageObject","inLanguage":"es","@id":"https:\/\/secure.gravatar.com\/avatar\/bb65d0283347e303893ba14f0692005417c1e0e690a325a4c5d8bb2b3943ee14?s=96&d=mm&r=g","url":"https:\/\/secure.gravatar.com\/avatar\/bb65d0283347e303893ba14f0692005417c1e0e690a325a4c5d8bb2b3943ee14?s=96&d=mm&r=g","contentUrl":"https:\/\/secure.gravatar.com\/avatar\/bb65d0283347e303893ba14f0692005417c1e0e690a325a4c5d8bb2b3943ee14?s=96&d=mm&r=g","caption":"Cope Alcoy"}}]}},"_links":{"self":[{"href":"https:\/\/www.copealcoy.es\/es\/wp-json\/wp\/v2\/posts\/54786","targetHints":{"allow":["GET"]}}],"collection":[{"href":"https:\/\/www.copealcoy.es\/es\/wp-json\/wp\/v2\/posts"}],"about":[{"href":"https:\/\/www.copealcoy.es\/es\/wp-json\/wp\/v2\/types\/post"}],"author":[{"embeddable":true,"href":"https:\/\/www.copealcoy.es\/es\/wp-json\/wp\/v2\/users\/1"}],"replies":[{"embeddable":true,"href":"https:\/\/www.copealcoy.es\/es\/wp-json\/wp\/v2\/comments?post=54786"}],"version-history":[{"count":0,"href":"https:\/\/www.copealcoy.es\/es\/wp-json\/wp\/v2\/posts\/54786\/revisions"}],"wp:featuredmedia":[{"embeddable":true,"href":"https:\/\/www.copealcoy.es\/es\/wp-json\/wp\/v2\/media\/26642"}],"wp:attachment":[{"href":"https:\/\/www.copealcoy.es\/es\/wp-json\/wp\/v2\/media?parent=54786"}],"wp:term":[{"taxonomy":"category","embeddable":true,"href":"https:\/\/www.copealcoy.es\/es\/wp-json\/wp\/v2\/categories?post=54786"},{"taxonomy":"post_tag","embeddable":true,"href":"https:\/\/www.copealcoy.es\/es\/wp-json\/wp\/v2\/tags?post=54786"}],"curies":[{"name":"wp","href":"https:\/\/api.w.org\/{rel}","templated":true}]}}