{"id":54598,"date":"2019-08-20T17:04:53","date_gmt":"2019-08-20T17:04:53","guid":{"rendered":"https:\/\/copealcoi.es\/?p=54598"},"modified":"2019-08-20T17:04:53","modified_gmt":"2019-08-20T17:04:53","slug":"el-pp-lamenta-que-el-consell-descarte-mejorar-la-carretera-alcoy-benidorm","status":"publish","type":"post","link":"https:\/\/www.copealcoy.es\/es\/el-pp-lamenta-que-el-consell-descarte-mejorar-la-carretera-alcoy-benidorm\/","title":{"rendered":"El PP lamenta que el Consell descarte mejorar la carretera Alcoy-Benidorm"},"content":{"rendered":"<p style=\"text-align: justify;\">El <strong>Partido Popular<\/strong> ha informado de que <strong>la Generalitat Valenciana ha descartado el proyecto de mejora de la carretera CV70<\/strong> entre Alcoy y Benidorm. As\u00ed lo ha confirmado la Conselleria de Vivienda, Obras P\u00fablicas y Vertebraci\u00f3n del Territorio, en la respuesta a las alegaciones presentadas por el Partido Popular al plan Uneix, y que marca <strong>las infraestructuras estrat\u00e9gicas a ejecutar en la Comunidad Valenciana<\/strong> hasta 2030.<\/p>\n<p style=\"text-align: justify;\">Desde el PP se\u00f1alan que el Gobierno valenciano <strong>no ha atendido la petici\u00f3n del Ayuntamiento de Alcoy<\/strong>, que en octubre de 2018, acord\u00f3 solicitar a la Generalitat la inclusi\u00f3n de este proyecto en el citado plan auton\u00f3mico. En su respuesta, <strong>la Conselleria prima el entorno natural del trayecto de la carretera<\/strong> a la necesidad de <strong>mejorar su seguridad y reducir el tiempo de viaje<\/strong> para convertirse en <strong>un verdadero eje de conexi\u00f3n<\/strong> entre el interior y el litoral.<\/p>\n<p style=\"text-align: justify;\">El portavoz del PP en el Ayuntamiento de Alcoy, <strong>Quique Ruiz<\/strong>, lamenta que la Generalitat<strong> haya descartado un proyecto<\/strong> que persegu\u00eda <strong>aumentar la competitividad del interior<\/strong> &#8220;<em>el Consell habla de vertebrar el territorio pero a la hora de la verdad rechaza invertir para conseguirlo.\u00a0\u00a0La mejora de la CV70 no consiste en construir una autov\u00eda, sino en ampliar el \u00fanico carril por sentido que ya existe, eliminar curvas y evitar el paso por el interior de los cascos urbanos de los municipios<\/em>&#8220;, asevera.<\/p>\n<p style=\"text-align: justify;\">Por \u00faltimo Ruiz detalla que la Conselleria, en su respuesta, remarca que\u00a0<strong>existen itinerarios alternativos por v\u00edas de alta capacidad<\/strong> para la comunicaci\u00f3n entre L\u2019Alcoi\u00e0 y El Comtat con la costa &#8220;<em>una alternativas, de momento de pago, que\u00a0suponen una distancia mayor con lo que ello implica en materia de mayor coste en combustible y en contaminaci\u00f3n<\/em>&#8220;, concluye<strong>.\u00a0<\/strong><\/p>\n","protected":false},"excerpt":{"rendered":"<p>El Partido Popular ha informado de que la Generalitat Valenciana ha descartado el proyecto de mejora de la carretera CV70&#8230;<\/p>\n","protected":false},"author":1,"featured_media":45710,"comment_status":"open","ping_status":"open","sticky":false,"template":"","format":"standard","meta":{"footnotes":""},"categories":[97,75,79],"tags":[1494,479,9152,9153,5221,448],"class_list":["post-54598","post","type-post","status-publish","format-standard","has-post-thumbnail","hentry","category-alcoy","category-noticias","category-politicayeconomia","tag-alcoy","tag-consell","tag-cv-70","tag-descarta","tag-mejorar","tag-partido-popular"],"yoast_head":"<!-- This site is optimized with the Yoast SEO plugin v27.3 - https:\/\/yoast.com\/product\/yoast-seo-wordpress\/ -->\n<title>El PP lamenta que el Consell descarte mejorar la carretera Alcoy-Benidorm - COPE Alcoy<\/title>\n<meta name=\"robots\" content=\"index, follow, max-snippet:-1, max-image-preview:large, max-video-preview:-1\" \/>\n<link rel=\"canonical\" href=\"https:\/\/www.copealcoy.es\/es\/el-pp-lamenta-que-el-consell-descarte-mejorar-la-carretera-alcoy-benidorm\/\" \/>\n<meta property=\"og:locale\" content=\"es_ES\" \/>\n<meta property=\"og:type\" content=\"article\" \/>\n<meta property=\"og:title\" content=\"El PP lamenta que el Consell descarte mejorar la carretera Alcoy-Benidorm - COPE Alcoy\" \/>\n<meta property=\"og:description\" content=\"El Partido Popular ha informado de que la Generalitat Valenciana ha descartado el proyecto de mejora de la carretera CV70...\" \/>\n<meta property=\"og:url\" content=\"https:\/\/www.copealcoy.es\/es\/el-pp-lamenta-que-el-consell-descarte-mejorar-la-carretera-alcoy-benidorm\/\" \/>\n<meta property=\"og:site_name\" content=\"COPE Alcoy\" \/>\n<meta property=\"article:published_time\" content=\"2019-08-20T17:04:53+00:00\" \/>\n<meta property=\"og:image\" content=\"https:\/\/www.copealcoy.es\/wp-content\/uploads\/2018\/09\/Placa-Direccion-Alcoy-Benidorm-e1537887821628.jpg\" \/>\n\t<meta property=\"og:image:width\" content=\"519\" \/>\n\t<meta property=\"og:image:height\" content=\"293\" \/>\n\t<meta property=\"og:image:type\" content=\"image\/jpeg\" \/>\n<meta name=\"author\" content=\"Cope Alcoy\" \/>\n<meta name=\"twitter:label1\" content=\"Escrito por\" \/>\n\t<meta name=\"twitter:data1\" content=\"Cope Alcoy\" \/>\n\t<meta name=\"twitter:label2\" content=\"Tiempo de lectura\" \/>\n\t<meta name=\"twitter:data2\" content=\"1 minuto\" \/>\n<script type=\"application\/ld+json\" class=\"yoast-schema-graph\">{\"@context\":\"https:\\\/\\\/schema.org\",\"@graph\":[{\"@type\":\"Article\",\"@id\":\"https:\\\/\\\/www.copealcoy.es\\\/es\\\/el-pp-lamenta-que-el-consell-descarte-mejorar-la-carretera-alcoy-benidorm\\\/#article\",\"isPartOf\":{\"@id\":\"https:\\\/\\\/www.copealcoy.es\\\/es\\\/el-pp-lamenta-que-el-consell-descarte-mejorar-la-carretera-alcoy-benidorm\\\/\"},\"author\":{\"name\":\"Cope Alcoy\",\"@id\":\"https:\\\/\\\/www.copealcoy.es\\\/es\\\/#\\\/schema\\\/person\\\/e777c87fa024e57d40170af9df39882c\"},\"headline\":\"El PP lamenta que el Consell descarte mejorar la carretera Alcoy-Benidorm\",\"datePublished\":\"2019-08-20T17:04:53+00:00\",\"mainEntityOfPage\":{\"@id\":\"https:\\\/\\\/www.copealcoy.es\\\/es\\\/el-pp-lamenta-que-el-consell-descarte-mejorar-la-carretera-alcoy-benidorm\\\/\"},\"wordCount\":308,\"commentCount\":0,\"image\":{\"@id\":\"https:\\\/\\\/www.copealcoy.es\\\/es\\\/el-pp-lamenta-que-el-consell-descarte-mejorar-la-carretera-alcoy-benidorm\\\/#primaryimage\"},\"thumbnailUrl\":\"https:\\\/\\\/www.copealcoy.es\\\/wp-content\\\/uploads\\\/2018\\\/09\\\/Placa-Direccion-Alcoy-Benidorm-e1537887821628.jpg\",\"keywords\":[\"Alcoy\",\"Consell\",\"CV-70\",\"descarta\",\"mejorar\",\"Partido Popular\"],\"articleSection\":[\"Alcoy\",\"Noticias\",\"Pol\u00edtica y Econom\u00eda\"],\"inLanguage\":\"es\"},{\"@type\":\"WebPage\",\"@id\":\"https:\\\/\\\/www.copealcoy.es\\\/es\\\/el-pp-lamenta-que-el-consell-descarte-mejorar-la-carretera-alcoy-benidorm\\\/\",\"url\":\"https:\\\/\\\/www.copealcoy.es\\\/es\\\/el-pp-lamenta-que-el-consell-descarte-mejorar-la-carretera-alcoy-benidorm\\\/\",\"name\":\"El PP lamenta que el Consell descarte mejorar la carretera Alcoy-Benidorm - COPE Alcoy\",\"isPartOf\":{\"@id\":\"https:\\\/\\\/www.copealcoy.es\\\/es\\\/#website\"},\"primaryImageOfPage\":{\"@id\":\"https:\\\/\\\/www.copealcoy.es\\\/es\\\/el-pp-lamenta-que-el-consell-descarte-mejorar-la-carretera-alcoy-benidorm\\\/#primaryimage\"},\"image\":{\"@id\":\"https:\\\/\\\/www.copealcoy.es\\\/es\\\/el-pp-lamenta-que-el-consell-descarte-mejorar-la-carretera-alcoy-benidorm\\\/#primaryimage\"},\"thumbnailUrl\":\"https:\\\/\\\/www.copealcoy.es\\\/wp-content\\\/uploads\\\/2018\\\/09\\\/Placa-Direccion-Alcoy-Benidorm-e1537887821628.jpg\",\"datePublished\":\"2019-08-20T17:04:53+00:00\",\"author\":{\"@id\":\"https:\\\/\\\/www.copealcoy.es\\\/es\\\/#\\\/schema\\\/person\\\/e777c87fa024e57d40170af9df39882c\"},\"breadcrumb\":{\"@id\":\"https:\\\/\\\/www.copealcoy.es\\\/es\\\/el-pp-lamenta-que-el-consell-descarte-mejorar-la-carretera-alcoy-benidorm\\\/#breadcrumb\"},\"inLanguage\":\"es\",\"potentialAction\":[{\"@type\":\"ReadAction\",\"target\":[\"https:\\\/\\\/www.copealcoy.es\\\/es\\\/el-pp-lamenta-que-el-consell-descarte-mejorar-la-carretera-alcoy-benidorm\\\/\"]}]},{\"@type\":\"ImageObject\",\"inLanguage\":\"es\",\"@id\":\"https:\\\/\\\/www.copealcoy.es\\\/es\\\/el-pp-lamenta-que-el-consell-descarte-mejorar-la-carretera-alcoy-benidorm\\\/#primaryimage\",\"url\":\"https:\\\/\\\/www.copealcoy.es\\\/wp-content\\\/uploads\\\/2018\\\/09\\\/Placa-Direccion-Alcoy-Benidorm-e1537887821628.jpg\",\"contentUrl\":\"https:\\\/\\\/www.copealcoy.es\\\/wp-content\\\/uploads\\\/2018\\\/09\\\/Placa-Direccion-Alcoy-Benidorm-e1537887821628.jpg\",\"width\":519,\"height\":293},{\"@type\":\"BreadcrumbList\",\"@id\":\"https:\\\/\\\/www.copealcoy.es\\\/es\\\/el-pp-lamenta-que-el-consell-descarte-mejorar-la-carretera-alcoy-benidorm\\\/#breadcrumb\",\"itemListElement\":[{\"@type\":\"ListItem\",\"position\":1,\"name\":\"Portada\",\"item\":\"https:\\\/\\\/www.copealcoy.es\\\/es\\\/\"},{\"@type\":\"ListItem\",\"position\":2,\"name\":\"El PP lamenta que el Consell descarte mejorar la carretera Alcoy-Benidorm\"}]},{\"@type\":\"WebSite\",\"@id\":\"https:\\\/\\\/www.copealcoy.es\\\/es\\\/#website\",\"url\":\"https:\\\/\\\/www.copealcoy.es\\\/es\\\/\",\"name\":\"COPE Alcoy\",\"description\":\"Emisora COPE de radio local con emisi\u00f3n online. Pont de Sant Jordi 8-10 03803 Alcoy\",\"potentialAction\":[{\"@type\":\"SearchAction\",\"target\":{\"@type\":\"EntryPoint\",\"urlTemplate\":\"https:\\\/\\\/www.copealcoy.es\\\/es\\\/?s={search_term_string}\"},\"query-input\":{\"@type\":\"PropertyValueSpecification\",\"valueRequired\":true,\"valueName\":\"search_term_string\"}}],\"inLanguage\":\"es\"},{\"@type\":\"Person\",\"@id\":\"https:\\\/\\\/www.copealcoy.es\\\/es\\\/#\\\/schema\\\/person\\\/e777c87fa024e57d40170af9df39882c\",\"name\":\"Cope Alcoy\",\"image\":{\"@type\":\"ImageObject\",\"inLanguage\":\"es\",\"@id\":\"https:\\\/\\\/secure.gravatar.com\\\/avatar\\\/bb65d0283347e303893ba14f0692005417c1e0e690a325a4c5d8bb2b3943ee14?s=96&d=mm&r=g\",\"url\":\"https:\\\/\\\/secure.gravatar.com\\\/avatar\\\/bb65d0283347e303893ba14f0692005417c1e0e690a325a4c5d8bb2b3943ee14?s=96&d=mm&r=g\",\"contentUrl\":\"https:\\\/\\\/secure.gravatar.com\\\/avatar\\\/bb65d0283347e303893ba14f0692005417c1e0e690a325a4c5d8bb2b3943ee14?s=96&d=mm&r=g\",\"caption\":\"Cope Alcoy\"}}]}<\/script>\n<!-- \/ Yoast SEO plugin. -->","yoast_head_json":{"title":"El PP lamenta que el Consell descarte mejorar la carretera Alcoy-Benidorm - COPE Alcoy","robots":{"index":"index","follow":"follow","max-snippet":"max-snippet:-1","max-image-preview":"max-image-preview:large","max-video-preview":"max-video-preview:-1"},"canonical":"https:\/\/www.copealcoy.es\/es\/el-pp-lamenta-que-el-consell-descarte-mejorar-la-carretera-alcoy-benidorm\/","og_locale":"es_ES","og_type":"article","og_title":"El PP lamenta que el Consell descarte mejorar la carretera Alcoy-Benidorm - COPE Alcoy","og_description":"El Partido Popular ha informado de que la Generalitat Valenciana ha descartado el proyecto de mejora de la carretera CV70...","og_url":"https:\/\/www.copealcoy.es\/es\/el-pp-lamenta-que-el-consell-descarte-mejorar-la-carretera-alcoy-benidorm\/","og_site_name":"COPE Alcoy","article_published_time":"2019-08-20T17:04:53+00:00","og_image":[{"width":519,"height":293,"url":"https:\/\/www.copealcoy.es\/wp-content\/uploads\/2018\/09\/Placa-Direccion-Alcoy-Benidorm-e1537887821628.jpg","type":"image\/jpeg"}],"author":"Cope Alcoy","twitter_misc":{"Escrito por":"Cope Alcoy","Tiempo de lectura":"1 minuto"},"schema":{"@context":"https:\/\/schema.org","@graph":[{"@type":"Article","@id":"https:\/\/www.copealcoy.es\/es\/el-pp-lamenta-que-el-consell-descarte-mejorar-la-carretera-alcoy-benidorm\/#article","isPartOf":{"@id":"https:\/\/www.copealcoy.es\/es\/el-pp-lamenta-que-el-consell-descarte-mejorar-la-carretera-alcoy-benidorm\/"},"author":{"name":"Cope Alcoy","@id":"https:\/\/www.copealcoy.es\/es\/#\/schema\/person\/e777c87fa024e57d40170af9df39882c"},"headline":"El PP lamenta que el Consell descarte mejorar la carretera Alcoy-Benidorm","datePublished":"2019-08-20T17:04:53+00:00","mainEntityOfPage":{"@id":"https:\/\/www.copealcoy.es\/es\/el-pp-lamenta-que-el-consell-descarte-mejorar-la-carretera-alcoy-benidorm\/"},"wordCount":308,"commentCount":0,"image":{"@id":"https:\/\/www.copealcoy.es\/es\/el-pp-lamenta-que-el-consell-descarte-mejorar-la-carretera-alcoy-benidorm\/#primaryimage"},"thumbnailUrl":"https:\/\/www.copealcoy.es\/wp-content\/uploads\/2018\/09\/Placa-Direccion-Alcoy-Benidorm-e1537887821628.jpg","keywords":["Alcoy","Consell","CV-70","descarta","mejorar","Partido Popular"],"articleSection":["Alcoy","Noticias","Pol\u00edtica y Econom\u00eda"],"inLanguage":"es"},{"@type":"WebPage","@id":"https:\/\/www.copealcoy.es\/es\/el-pp-lamenta-que-el-consell-descarte-mejorar-la-carretera-alcoy-benidorm\/","url":"https:\/\/www.copealcoy.es\/es\/el-pp-lamenta-que-el-consell-descarte-mejorar-la-carretera-alcoy-benidorm\/","name":"El PP lamenta que el Consell descarte mejorar la carretera Alcoy-Benidorm - COPE Alcoy","isPartOf":{"@id":"https:\/\/www.copealcoy.es\/es\/#website"},"primaryImageOfPage":{"@id":"https:\/\/www.copealcoy.es\/es\/el-pp-lamenta-que-el-consell-descarte-mejorar-la-carretera-alcoy-benidorm\/#primaryimage"},"image":{"@id":"https:\/\/www.copealcoy.es\/es\/el-pp-lamenta-que-el-consell-descarte-mejorar-la-carretera-alcoy-benidorm\/#primaryimage"},"thumbnailUrl":"https:\/\/www.copealcoy.es\/wp-content\/uploads\/2018\/09\/Placa-Direccion-Alcoy-Benidorm-e1537887821628.jpg","datePublished":"2019-08-20T17:04:53+00:00","author":{"@id":"https:\/\/www.copealcoy.es\/es\/#\/schema\/person\/e777c87fa024e57d40170af9df39882c"},"breadcrumb":{"@id":"https:\/\/www.copealcoy.es\/es\/el-pp-lamenta-que-el-consell-descarte-mejorar-la-carretera-alcoy-benidorm\/#breadcrumb"},"inLanguage":"es","potentialAction":[{"@type":"ReadAction","target":["https:\/\/www.copealcoy.es\/es\/el-pp-lamenta-que-el-consell-descarte-mejorar-la-carretera-alcoy-benidorm\/"]}]},{"@type":"ImageObject","inLanguage":"es","@id":"https:\/\/www.copealcoy.es\/es\/el-pp-lamenta-que-el-consell-descarte-mejorar-la-carretera-alcoy-benidorm\/#primaryimage","url":"https:\/\/www.copealcoy.es\/wp-content\/uploads\/2018\/09\/Placa-Direccion-Alcoy-Benidorm-e1537887821628.jpg","contentUrl":"https:\/\/www.copealcoy.es\/wp-content\/uploads\/2018\/09\/Placa-Direccion-Alcoy-Benidorm-e1537887821628.jpg","width":519,"height":293},{"@type":"BreadcrumbList","@id":"https:\/\/www.copealcoy.es\/es\/el-pp-lamenta-que-el-consell-descarte-mejorar-la-carretera-alcoy-benidorm\/#breadcrumb","itemListElement":[{"@type":"ListItem","position":1,"name":"Portada","item":"https:\/\/www.copealcoy.es\/es\/"},{"@type":"ListItem","position":2,"name":"El PP lamenta que el Consell descarte mejorar la carretera Alcoy-Benidorm"}]},{"@type":"WebSite","@id":"https:\/\/www.copealcoy.es\/es\/#website","url":"https:\/\/www.copealcoy.es\/es\/","name":"COPE Alcoy","description":"Emisora COPE de radio local con emisi\u00f3n online. Pont de Sant Jordi 8-10 03803 Alcoy","potentialAction":[{"@type":"SearchAction","target":{"@type":"EntryPoint","urlTemplate":"https:\/\/www.copealcoy.es\/es\/?s={search_term_string}"},"query-input":{"@type":"PropertyValueSpecification","valueRequired":true,"valueName":"search_term_string"}}],"inLanguage":"es"},{"@type":"Person","@id":"https:\/\/www.copealcoy.es\/es\/#\/schema\/person\/e777c87fa024e57d40170af9df39882c","name":"Cope Alcoy","image":{"@type":"ImageObject","inLanguage":"es","@id":"https:\/\/secure.gravatar.com\/avatar\/bb65d0283347e303893ba14f0692005417c1e0e690a325a4c5d8bb2b3943ee14?s=96&d=mm&r=g","url":"https:\/\/secure.gravatar.com\/avatar\/bb65d0283347e303893ba14f0692005417c1e0e690a325a4c5d8bb2b3943ee14?s=96&d=mm&r=g","contentUrl":"https:\/\/secure.gravatar.com\/avatar\/bb65d0283347e303893ba14f0692005417c1e0e690a325a4c5d8bb2b3943ee14?s=96&d=mm&r=g","caption":"Cope Alcoy"}}]}},"_links":{"self":[{"href":"https:\/\/www.copealcoy.es\/es\/wp-json\/wp\/v2\/posts\/54598","targetHints":{"allow":["GET"]}}],"collection":[{"href":"https:\/\/www.copealcoy.es\/es\/wp-json\/wp\/v2\/posts"}],"about":[{"href":"https:\/\/www.copealcoy.es\/es\/wp-json\/wp\/v2\/types\/post"}],"author":[{"embeddable":true,"href":"https:\/\/www.copealcoy.es\/es\/wp-json\/wp\/v2\/users\/1"}],"replies":[{"embeddable":true,"href":"https:\/\/www.copealcoy.es\/es\/wp-json\/wp\/v2\/comments?post=54598"}],"version-history":[{"count":0,"href":"https:\/\/www.copealcoy.es\/es\/wp-json\/wp\/v2\/posts\/54598\/revisions"}],"wp:featuredmedia":[{"embeddable":true,"href":"https:\/\/www.copealcoy.es\/es\/wp-json\/wp\/v2\/media\/45710"}],"wp:attachment":[{"href":"https:\/\/www.copealcoy.es\/es\/wp-json\/wp\/v2\/media?parent=54598"}],"wp:term":[{"taxonomy":"category","embeddable":true,"href":"https:\/\/www.copealcoy.es\/es\/wp-json\/wp\/v2\/categories?post=54598"},{"taxonomy":"post_tag","embeddable":true,"href":"https:\/\/www.copealcoy.es\/es\/wp-json\/wp\/v2\/tags?post=54598"}],"curies":[{"name":"wp","href":"https:\/\/api.w.org\/{rel}","templated":true}]}}