{"id":54564,"date":"2019-08-20T13:13:50","date_gmt":"2019-08-20T13:13:50","guid":{"rendered":"https:\/\/copealcoi.es\/?p=54564"},"modified":"2019-08-20T13:13:50","modified_gmt":"2019-08-20T13:13:50","slug":"almudaina-se-encamina-hacia-sus-fiestas","status":"publish","type":"post","link":"https:\/\/www.copealcoy.es\/es\/almudaina-se-encamina-hacia-sus-fiestas\/","title":{"rendered":"Almudaina se encamina hacia sus Fiestas"},"content":{"rendered":"<p style=\"text-align: justify;\">Almudaina se prepara para celebrar esta semana <strong>sus Fiestas Patronales<\/strong>, unos festejos que <strong>centrar\u00e1n todo el protagonismo<\/strong> en la localidad de cara al fin de semana.<\/p>\n<p style=\"text-align: justify;\">En la programaci\u00f3n de actos destacan los<strong> volteos generales de campanas<\/strong>, los <strong>disfraces<\/strong>, las <strong>verbenas y discom\u00f3viles<\/strong> nocturnas e incluso las <strong>cenas al aire libre<\/strong>. Tambi\u00e9n figuran <strong>los pasacalles y las propuestas para los m\u00e1s peque\u00f1os<\/strong> junto a\u00a0<strong>las misas y procesiones<\/strong> en honor a San Bartolom\u00e9, el Sant\u00edsimo Cristo del Socorro y la Virgen del Rosario. El alcalde de esta localidad del Comtat, <strong>el veterano Jos\u00e9 Lu\u00eds Segu\u00ed<\/strong>, destacaba en COPE ALCOY este martes que <strong>los actos m\u00e1s singulares<\/strong> de estas Fiestas veraniegas son <strong>la bajada del Cristo a la poblaci\u00f3n<\/strong> desde la ermita alzada en su honor en la monta\u00f1a o la Aurora &#8220;<em>es un instante que tiene lugar al amanecer al igual que sucede con la Diana que se desarrolla en las Fiestas de Moros y Cristianos de muchas poblaciones del alrededor. Se trata de un momento muy emotivo en el que todos los que participamos sentimos muy adentro las ra\u00edces que nos unen a nuestro pueblo; Almudaina. Espero que nunca se pierda y que las generaciones futuras lo puedan conservar<\/em>&#8220;, asevera.<\/p>\n<p style=\"text-align: justify;\">Indicar que las Fiestas Patronales <strong>han estado precedidas<\/strong> tambi\u00e9n de iniciativas acu\u00e1ticas, representaciones teatrales o competiciones deportivas.<\/p>\n","protected":false},"excerpt":{"rendered":"<p>Almudaina se prepara para celebrar esta semana sus Fiestas Patronales, unos festejos que centrar\u00e1n todo el protagonismo en la localidad&#8230;<\/p>\n","protected":false},"author":1,"featured_media":24365,"comment_status":"open","ping_status":"open","sticky":false,"template":"","format":"standard","meta":{"footnotes":""},"categories":[98,75],"tags":[935,237,2954,2191],"class_list":["post-54564","post","type-post","status-publish","format-standard","has-post-thumbnail","hentry","category-comarcas","category-noticias","tag-almudaina","tag-comtat","tag-fiestas-patronales","tag-jose-luis-segui"],"yoast_head":"<!-- This site is optimized with the Yoast SEO plugin v27.3 - https:\/\/yoast.com\/product\/yoast-seo-wordpress\/ -->\n<title>Almudaina se encamina hacia sus Fiestas - COPE Alcoy<\/title>\n<meta name=\"robots\" content=\"index, follow, max-snippet:-1, max-image-preview:large, max-video-preview:-1\" \/>\n<link rel=\"canonical\" href=\"https:\/\/www.copealcoy.es\/es\/almudaina-se-encamina-hacia-sus-fiestas\/\" \/>\n<meta property=\"og:locale\" content=\"es_ES\" \/>\n<meta property=\"og:type\" content=\"article\" \/>\n<meta property=\"og:title\" content=\"Almudaina se encamina hacia sus Fiestas - COPE Alcoy\" \/>\n<meta property=\"og:description\" content=\"Almudaina se prepara para celebrar esta semana sus Fiestas Patronales, unos festejos que centrar\u00e1n todo el protagonismo en la localidad...\" \/>\n<meta property=\"og:url\" content=\"https:\/\/www.copealcoy.es\/es\/almudaina-se-encamina-hacia-sus-fiestas\/\" \/>\n<meta property=\"og:site_name\" content=\"COPE Alcoy\" \/>\n<meta property=\"article:published_time\" content=\"2019-08-20T13:13:50+00:00\" \/>\n<meta property=\"og:image\" content=\"https:\/\/www.copealcoy.es\/wp-content\/uploads\/2016\/08\/torre-almudaina-01.jpg\" \/>\n\t<meta property=\"og:image:width\" content=\"1024\" \/>\n\t<meta property=\"og:image:height\" content=\"683\" \/>\n\t<meta property=\"og:image:type\" content=\"image\/jpeg\" \/>\n<meta name=\"author\" content=\"Cope Alcoy\" \/>\n<meta name=\"twitter:label1\" content=\"Escrito por\" \/>\n\t<meta name=\"twitter:data1\" content=\"Cope Alcoy\" \/>\n\t<meta name=\"twitter:label2\" content=\"Tiempo de lectura\" \/>\n\t<meta name=\"twitter:data2\" content=\"1 minuto\" \/>\n<script type=\"application\/ld+json\" class=\"yoast-schema-graph\">{\"@context\":\"https:\\\/\\\/schema.org\",\"@graph\":[{\"@type\":\"Article\",\"@id\":\"https:\\\/\\\/www.copealcoy.es\\\/es\\\/almudaina-se-encamina-hacia-sus-fiestas\\\/#article\",\"isPartOf\":{\"@id\":\"https:\\\/\\\/www.copealcoy.es\\\/es\\\/almudaina-se-encamina-hacia-sus-fiestas\\\/\"},\"author\":{\"name\":\"Cope Alcoy\",\"@id\":\"https:\\\/\\\/www.copealcoy.es\\\/es\\\/#\\\/schema\\\/person\\\/e777c87fa024e57d40170af9df39882c\"},\"headline\":\"Almudaina se encamina hacia sus Fiestas\",\"datePublished\":\"2019-08-20T13:13:50+00:00\",\"mainEntityOfPage\":{\"@id\":\"https:\\\/\\\/www.copealcoy.es\\\/es\\\/almudaina-se-encamina-hacia-sus-fiestas\\\/\"},\"wordCount\":238,\"commentCount\":0,\"image\":{\"@id\":\"https:\\\/\\\/www.copealcoy.es\\\/es\\\/almudaina-se-encamina-hacia-sus-fiestas\\\/#primaryimage\"},\"thumbnailUrl\":\"https:\\\/\\\/www.copealcoy.es\\\/wp-content\\\/uploads\\\/2016\\\/08\\\/torre-almudaina-01-e1654714108842.jpg\",\"keywords\":[\"Almudaina\",\"Comtat\",\"fiestas patronales\",\"Jos\u00e9 Lu\u00eds Segu\u00ed\"],\"articleSection\":[\"Comarcas\",\"Noticias\"],\"inLanguage\":\"es\"},{\"@type\":\"WebPage\",\"@id\":\"https:\\\/\\\/www.copealcoy.es\\\/es\\\/almudaina-se-encamina-hacia-sus-fiestas\\\/\",\"url\":\"https:\\\/\\\/www.copealcoy.es\\\/es\\\/almudaina-se-encamina-hacia-sus-fiestas\\\/\",\"name\":\"Almudaina se encamina hacia sus Fiestas - COPE Alcoy\",\"isPartOf\":{\"@id\":\"https:\\\/\\\/www.copealcoy.es\\\/es\\\/#website\"},\"primaryImageOfPage\":{\"@id\":\"https:\\\/\\\/www.copealcoy.es\\\/es\\\/almudaina-se-encamina-hacia-sus-fiestas\\\/#primaryimage\"},\"image\":{\"@id\":\"https:\\\/\\\/www.copealcoy.es\\\/es\\\/almudaina-se-encamina-hacia-sus-fiestas\\\/#primaryimage\"},\"thumbnailUrl\":\"https:\\\/\\\/www.copealcoy.es\\\/wp-content\\\/uploads\\\/2016\\\/08\\\/torre-almudaina-01-e1654714108842.jpg\",\"datePublished\":\"2019-08-20T13:13:50+00:00\",\"author\":{\"@id\":\"https:\\\/\\\/www.copealcoy.es\\\/es\\\/#\\\/schema\\\/person\\\/e777c87fa024e57d40170af9df39882c\"},\"breadcrumb\":{\"@id\":\"https:\\\/\\\/www.copealcoy.es\\\/es\\\/almudaina-se-encamina-hacia-sus-fiestas\\\/#breadcrumb\"},\"inLanguage\":\"es\",\"potentialAction\":[{\"@type\":\"ReadAction\",\"target\":[\"https:\\\/\\\/www.copealcoy.es\\\/es\\\/almudaina-se-encamina-hacia-sus-fiestas\\\/\"]}]},{\"@type\":\"ImageObject\",\"inLanguage\":\"es\",\"@id\":\"https:\\\/\\\/www.copealcoy.es\\\/es\\\/almudaina-se-encamina-hacia-sus-fiestas\\\/#primaryimage\",\"url\":\"https:\\\/\\\/www.copealcoy.es\\\/wp-content\\\/uploads\\\/2016\\\/08\\\/torre-almudaina-01-e1654714108842.jpg\",\"contentUrl\":\"https:\\\/\\\/www.copealcoy.es\\\/wp-content\\\/uploads\\\/2016\\\/08\\\/torre-almudaina-01-e1654714108842.jpg\",\"width\":640,\"height\":427},{\"@type\":\"BreadcrumbList\",\"@id\":\"https:\\\/\\\/www.copealcoy.es\\\/es\\\/almudaina-se-encamina-hacia-sus-fiestas\\\/#breadcrumb\",\"itemListElement\":[{\"@type\":\"ListItem\",\"position\":1,\"name\":\"Portada\",\"item\":\"https:\\\/\\\/www.copealcoy.es\\\/es\\\/\"},{\"@type\":\"ListItem\",\"position\":2,\"name\":\"Almudaina se encamina hacia sus Fiestas\"}]},{\"@type\":\"WebSite\",\"@id\":\"https:\\\/\\\/www.copealcoy.es\\\/es\\\/#website\",\"url\":\"https:\\\/\\\/www.copealcoy.es\\\/es\\\/\",\"name\":\"COPE Alcoy\",\"description\":\"Emisora COPE de radio local con emisi\u00f3n online. Pont de Sant Jordi 8-10 03803 Alcoy\",\"potentialAction\":[{\"@type\":\"SearchAction\",\"target\":{\"@type\":\"EntryPoint\",\"urlTemplate\":\"https:\\\/\\\/www.copealcoy.es\\\/es\\\/?s={search_term_string}\"},\"query-input\":{\"@type\":\"PropertyValueSpecification\",\"valueRequired\":true,\"valueName\":\"search_term_string\"}}],\"inLanguage\":\"es\"},{\"@type\":\"Person\",\"@id\":\"https:\\\/\\\/www.copealcoy.es\\\/es\\\/#\\\/schema\\\/person\\\/e777c87fa024e57d40170af9df39882c\",\"name\":\"Cope Alcoy\",\"image\":{\"@type\":\"ImageObject\",\"inLanguage\":\"es\",\"@id\":\"https:\\\/\\\/secure.gravatar.com\\\/avatar\\\/bb65d0283347e303893ba14f0692005417c1e0e690a325a4c5d8bb2b3943ee14?s=96&d=mm&r=g\",\"url\":\"https:\\\/\\\/secure.gravatar.com\\\/avatar\\\/bb65d0283347e303893ba14f0692005417c1e0e690a325a4c5d8bb2b3943ee14?s=96&d=mm&r=g\",\"contentUrl\":\"https:\\\/\\\/secure.gravatar.com\\\/avatar\\\/bb65d0283347e303893ba14f0692005417c1e0e690a325a4c5d8bb2b3943ee14?s=96&d=mm&r=g\",\"caption\":\"Cope Alcoy\"}}]}<\/script>\n<!-- \/ Yoast SEO plugin. -->","yoast_head_json":{"title":"Almudaina se encamina hacia sus Fiestas - COPE Alcoy","robots":{"index":"index","follow":"follow","max-snippet":"max-snippet:-1","max-image-preview":"max-image-preview:large","max-video-preview":"max-video-preview:-1"},"canonical":"https:\/\/www.copealcoy.es\/es\/almudaina-se-encamina-hacia-sus-fiestas\/","og_locale":"es_ES","og_type":"article","og_title":"Almudaina se encamina hacia sus Fiestas - COPE Alcoy","og_description":"Almudaina se prepara para celebrar esta semana sus Fiestas Patronales, unos festejos que centrar\u00e1n todo el protagonismo en la localidad...","og_url":"https:\/\/www.copealcoy.es\/es\/almudaina-se-encamina-hacia-sus-fiestas\/","og_site_name":"COPE Alcoy","article_published_time":"2019-08-20T13:13:50+00:00","og_image":[{"width":1024,"height":683,"url":"https:\/\/www.copealcoy.es\/wp-content\/uploads\/2016\/08\/torre-almudaina-01.jpg","type":"image\/jpeg"}],"author":"Cope Alcoy","twitter_misc":{"Escrito por":"Cope Alcoy","Tiempo de lectura":"1 minuto"},"schema":{"@context":"https:\/\/schema.org","@graph":[{"@type":"Article","@id":"https:\/\/www.copealcoy.es\/es\/almudaina-se-encamina-hacia-sus-fiestas\/#article","isPartOf":{"@id":"https:\/\/www.copealcoy.es\/es\/almudaina-se-encamina-hacia-sus-fiestas\/"},"author":{"name":"Cope Alcoy","@id":"https:\/\/www.copealcoy.es\/es\/#\/schema\/person\/e777c87fa024e57d40170af9df39882c"},"headline":"Almudaina se encamina hacia sus Fiestas","datePublished":"2019-08-20T13:13:50+00:00","mainEntityOfPage":{"@id":"https:\/\/www.copealcoy.es\/es\/almudaina-se-encamina-hacia-sus-fiestas\/"},"wordCount":238,"commentCount":0,"image":{"@id":"https:\/\/www.copealcoy.es\/es\/almudaina-se-encamina-hacia-sus-fiestas\/#primaryimage"},"thumbnailUrl":"https:\/\/www.copealcoy.es\/wp-content\/uploads\/2016\/08\/torre-almudaina-01-e1654714108842.jpg","keywords":["Almudaina","Comtat","fiestas patronales","Jos\u00e9 Lu\u00eds Segu\u00ed"],"articleSection":["Comarcas","Noticias"],"inLanguage":"es"},{"@type":"WebPage","@id":"https:\/\/www.copealcoy.es\/es\/almudaina-se-encamina-hacia-sus-fiestas\/","url":"https:\/\/www.copealcoy.es\/es\/almudaina-se-encamina-hacia-sus-fiestas\/","name":"Almudaina se encamina hacia sus Fiestas - COPE Alcoy","isPartOf":{"@id":"https:\/\/www.copealcoy.es\/es\/#website"},"primaryImageOfPage":{"@id":"https:\/\/www.copealcoy.es\/es\/almudaina-se-encamina-hacia-sus-fiestas\/#primaryimage"},"image":{"@id":"https:\/\/www.copealcoy.es\/es\/almudaina-se-encamina-hacia-sus-fiestas\/#primaryimage"},"thumbnailUrl":"https:\/\/www.copealcoy.es\/wp-content\/uploads\/2016\/08\/torre-almudaina-01-e1654714108842.jpg","datePublished":"2019-08-20T13:13:50+00:00","author":{"@id":"https:\/\/www.copealcoy.es\/es\/#\/schema\/person\/e777c87fa024e57d40170af9df39882c"},"breadcrumb":{"@id":"https:\/\/www.copealcoy.es\/es\/almudaina-se-encamina-hacia-sus-fiestas\/#breadcrumb"},"inLanguage":"es","potentialAction":[{"@type":"ReadAction","target":["https:\/\/www.copealcoy.es\/es\/almudaina-se-encamina-hacia-sus-fiestas\/"]}]},{"@type":"ImageObject","inLanguage":"es","@id":"https:\/\/www.copealcoy.es\/es\/almudaina-se-encamina-hacia-sus-fiestas\/#primaryimage","url":"https:\/\/www.copealcoy.es\/wp-content\/uploads\/2016\/08\/torre-almudaina-01-e1654714108842.jpg","contentUrl":"https:\/\/www.copealcoy.es\/wp-content\/uploads\/2016\/08\/torre-almudaina-01-e1654714108842.jpg","width":640,"height":427},{"@type":"BreadcrumbList","@id":"https:\/\/www.copealcoy.es\/es\/almudaina-se-encamina-hacia-sus-fiestas\/#breadcrumb","itemListElement":[{"@type":"ListItem","position":1,"name":"Portada","item":"https:\/\/www.copealcoy.es\/es\/"},{"@type":"ListItem","position":2,"name":"Almudaina se encamina hacia sus Fiestas"}]},{"@type":"WebSite","@id":"https:\/\/www.copealcoy.es\/es\/#website","url":"https:\/\/www.copealcoy.es\/es\/","name":"COPE Alcoy","description":"Emisora COPE de radio local con emisi\u00f3n online. Pont de Sant Jordi 8-10 03803 Alcoy","potentialAction":[{"@type":"SearchAction","target":{"@type":"EntryPoint","urlTemplate":"https:\/\/www.copealcoy.es\/es\/?s={search_term_string}"},"query-input":{"@type":"PropertyValueSpecification","valueRequired":true,"valueName":"search_term_string"}}],"inLanguage":"es"},{"@type":"Person","@id":"https:\/\/www.copealcoy.es\/es\/#\/schema\/person\/e777c87fa024e57d40170af9df39882c","name":"Cope Alcoy","image":{"@type":"ImageObject","inLanguage":"es","@id":"https:\/\/secure.gravatar.com\/avatar\/bb65d0283347e303893ba14f0692005417c1e0e690a325a4c5d8bb2b3943ee14?s=96&d=mm&r=g","url":"https:\/\/secure.gravatar.com\/avatar\/bb65d0283347e303893ba14f0692005417c1e0e690a325a4c5d8bb2b3943ee14?s=96&d=mm&r=g","contentUrl":"https:\/\/secure.gravatar.com\/avatar\/bb65d0283347e303893ba14f0692005417c1e0e690a325a4c5d8bb2b3943ee14?s=96&d=mm&r=g","caption":"Cope Alcoy"}}]}},"_links":{"self":[{"href":"https:\/\/www.copealcoy.es\/es\/wp-json\/wp\/v2\/posts\/54564","targetHints":{"allow":["GET"]}}],"collection":[{"href":"https:\/\/www.copealcoy.es\/es\/wp-json\/wp\/v2\/posts"}],"about":[{"href":"https:\/\/www.copealcoy.es\/es\/wp-json\/wp\/v2\/types\/post"}],"author":[{"embeddable":true,"href":"https:\/\/www.copealcoy.es\/es\/wp-json\/wp\/v2\/users\/1"}],"replies":[{"embeddable":true,"href":"https:\/\/www.copealcoy.es\/es\/wp-json\/wp\/v2\/comments?post=54564"}],"version-history":[{"count":0,"href":"https:\/\/www.copealcoy.es\/es\/wp-json\/wp\/v2\/posts\/54564\/revisions"}],"wp:featuredmedia":[{"embeddable":true,"href":"https:\/\/www.copealcoy.es\/es\/wp-json\/wp\/v2\/media\/24365"}],"wp:attachment":[{"href":"https:\/\/www.copealcoy.es\/es\/wp-json\/wp\/v2\/media?parent=54564"}],"wp:term":[{"taxonomy":"category","embeddable":true,"href":"https:\/\/www.copealcoy.es\/es\/wp-json\/wp\/v2\/categories?post=54564"},{"taxonomy":"post_tag","embeddable":true,"href":"https:\/\/www.copealcoy.es\/es\/wp-json\/wp\/v2\/tags?post=54564"}],"curies":[{"name":"wp","href":"https:\/\/api.w.org\/{rel}","templated":true}]}}