{"id":54466,"date":"2019-08-16T17:20:40","date_gmt":"2019-08-16T17:20:40","guid":{"rendered":"https:\/\/copealcoi.es\/?p=54466"},"modified":"2019-08-16T17:20:40","modified_gmt":"2019-08-16T17:20:40","slug":"propuesto-el-calendario-escolar-para-el-proximo-curso","status":"publish","type":"post","link":"https:\/\/www.copealcoy.es\/es\/propuesto-el-calendario-escolar-para-el-proximo-curso\/","title":{"rendered":"Propuesto el Calendario Escolar para el pr\u00f3ximo curso"},"content":{"rendered":"<p style=\"text-align: justify;\">El <strong>Consejo Escolar Municipal de Alcoy<\/strong> se reuni\u00f3 semanas atr\u00e1s para <strong>plantear los festivos<\/strong> que tendr\u00e1n los colegios de la ciudad de cara al <strong>pr\u00f3ximo curso 2019\/2020<\/strong>.<\/p>\n<p style=\"text-align: justify;\">Hay que destacar que las clases comenzar\u00e1n <strong>el 9 de septiembre<\/strong> para Infantil, Primaria, Secundaria, Bachillerato y Formaci\u00f3n profesional. El \u00faltimo d\u00eda de clase s\u00ed ser\u00e1 diferente para peque\u00f1os y grandes ya que en ESO, Bachillerato y FP termina <strong>el 16 de junio de 2020<\/strong> mientras que en Infantil y Primaria ser\u00e1<strong> el 18 de junio<\/strong>.<\/p>\n<p style=\"text-align: justify;\">En Alcoy se ha propuesto festivo <strong>el viernes 14 de febrero<\/strong> as\u00ed como el <strong>viernes 20 de marzo<\/strong> con ocasi\u00f3n del puente festivo de San Jos\u00e9 ya que el jueves 19 ser\u00e1 festivo en toda la Comunidad Valenciana. Adem\u00e1s, por segundo a\u00f1o consecutivo,\u00a0<span style=\"font-size: inherit;\">el Consejo Escolar <strong>ha pedido cambiar la festividad del lunes 20 de abril<\/strong>, d\u00eda de San Vicente Ferrer, por <strong>el d\u00eda 24 de abril<\/strong> para de esta forma tener un d\u00eda m\u00e1s en las fiestas de Moros y Cristianos.<\/span><\/p>\n<p style=\"text-align: justify;\">El calendario acordado por el Consejo Escolar Municipal<strong> ha sido presentado a la Conselleria de Educaci\u00f3n<\/strong> y ahora el Gobierno Auton\u00f3mico validar\u00e1 su aprobaci\u00f3n.<\/p>\n","protected":false},"excerpt":{"rendered":"<p>El Consejo Escolar Municipal de Alcoy se reuni\u00f3 semanas atr\u00e1s para plantear los festivos que tendr\u00e1n los colegios de la&#8230;<\/p>\n","protected":false},"author":1,"featured_media":14174,"comment_status":"open","ping_status":"open","sticky":false,"template":"","format":"standard","meta":{"footnotes":""},"categories":[97,900,75],"tags":[1494,5993,4688],"class_list":["post-54466","post","type-post","status-publish","format-standard","has-post-thumbnail","hentry","category-alcoy","category-educacion","category-noticias","tag-alcoy","tag-calendario-escolar","tag-propuesta"],"yoast_head":"<!-- This site is optimized with the Yoast SEO plugin v27.3 - https:\/\/yoast.com\/product\/yoast-seo-wordpress\/ -->\n<title>Propuesto el Calendario Escolar para el pr\u00f3ximo curso - COPE Alcoy<\/title>\n<meta name=\"robots\" content=\"index, follow, max-snippet:-1, max-image-preview:large, max-video-preview:-1\" \/>\n<link rel=\"canonical\" href=\"https:\/\/www.copealcoy.es\/es\/propuesto-el-calendario-escolar-para-el-proximo-curso\/\" \/>\n<meta property=\"og:locale\" content=\"es_ES\" \/>\n<meta property=\"og:type\" content=\"article\" \/>\n<meta property=\"og:title\" content=\"Propuesto el Calendario Escolar para el pr\u00f3ximo curso - COPE Alcoy\" \/>\n<meta property=\"og:description\" content=\"El Consejo Escolar Municipal de Alcoy se reuni\u00f3 semanas atr\u00e1s para plantear los festivos que tendr\u00e1n los colegios de la...\" \/>\n<meta property=\"og:url\" content=\"https:\/\/www.copealcoy.es\/es\/propuesto-el-calendario-escolar-para-el-proximo-curso\/\" \/>\n<meta property=\"og:site_name\" content=\"COPE Alcoy\" \/>\n<meta property=\"article:published_time\" content=\"2019-08-16T17:20:40+00:00\" \/>\n<meta property=\"og:image\" content=\"https:\/\/www.copealcoy.es\/wp-content\/uploads\/2015\/06\/lasalle0.jpg\" \/>\n\t<meta property=\"og:image:width\" content=\"2042\" \/>\n\t<meta property=\"og:image:height\" content=\"1543\" \/>\n\t<meta property=\"og:image:type\" content=\"image\/jpeg\" \/>\n<meta name=\"author\" content=\"Cope Alcoy\" \/>\n<meta name=\"twitter:label1\" content=\"Escrito por\" \/>\n\t<meta name=\"twitter:data1\" content=\"Cope Alcoy\" \/>\n\t<meta name=\"twitter:label2\" content=\"Tiempo de lectura\" \/>\n\t<meta name=\"twitter:data2\" content=\"1 minuto\" \/>\n<script type=\"application\/ld+json\" class=\"yoast-schema-graph\">{\"@context\":\"https:\\\/\\\/schema.org\",\"@graph\":[{\"@type\":\"Article\",\"@id\":\"https:\\\/\\\/www.copealcoy.es\\\/es\\\/propuesto-el-calendario-escolar-para-el-proximo-curso\\\/#article\",\"isPartOf\":{\"@id\":\"https:\\\/\\\/www.copealcoy.es\\\/es\\\/propuesto-el-calendario-escolar-para-el-proximo-curso\\\/\"},\"author\":{\"name\":\"Cope Alcoy\",\"@id\":\"https:\\\/\\\/www.copealcoy.es\\\/es\\\/#\\\/schema\\\/person\\\/e777c87fa024e57d40170af9df39882c\"},\"headline\":\"Propuesto el Calendario Escolar para el pr\u00f3ximo curso\",\"datePublished\":\"2019-08-16T17:20:40+00:00\",\"mainEntityOfPage\":{\"@id\":\"https:\\\/\\\/www.copealcoy.es\\\/es\\\/propuesto-el-calendario-escolar-para-el-proximo-curso\\\/\"},\"wordCount\":205,\"commentCount\":0,\"image\":{\"@id\":\"https:\\\/\\\/www.copealcoy.es\\\/es\\\/propuesto-el-calendario-escolar-para-el-proximo-curso\\\/#primaryimage\"},\"thumbnailUrl\":\"https:\\\/\\\/www.copealcoy.es\\\/wp-content\\\/uploads\\\/2015\\\/06\\\/lasalle0.jpg\",\"keywords\":[\"Alcoy\",\"calendario escolar\",\"propuesta\"],\"articleSection\":[\"Alcoy\",\"Educaci\u00f3n\",\"Noticias\"],\"inLanguage\":\"es\"},{\"@type\":\"WebPage\",\"@id\":\"https:\\\/\\\/www.copealcoy.es\\\/es\\\/propuesto-el-calendario-escolar-para-el-proximo-curso\\\/\",\"url\":\"https:\\\/\\\/www.copealcoy.es\\\/es\\\/propuesto-el-calendario-escolar-para-el-proximo-curso\\\/\",\"name\":\"Propuesto el Calendario Escolar para el pr\u00f3ximo curso - COPE Alcoy\",\"isPartOf\":{\"@id\":\"https:\\\/\\\/www.copealcoy.es\\\/es\\\/#website\"},\"primaryImageOfPage\":{\"@id\":\"https:\\\/\\\/www.copealcoy.es\\\/es\\\/propuesto-el-calendario-escolar-para-el-proximo-curso\\\/#primaryimage\"},\"image\":{\"@id\":\"https:\\\/\\\/www.copealcoy.es\\\/es\\\/propuesto-el-calendario-escolar-para-el-proximo-curso\\\/#primaryimage\"},\"thumbnailUrl\":\"https:\\\/\\\/www.copealcoy.es\\\/wp-content\\\/uploads\\\/2015\\\/06\\\/lasalle0.jpg\",\"datePublished\":\"2019-08-16T17:20:40+00:00\",\"author\":{\"@id\":\"https:\\\/\\\/www.copealcoy.es\\\/es\\\/#\\\/schema\\\/person\\\/e777c87fa024e57d40170af9df39882c\"},\"breadcrumb\":{\"@id\":\"https:\\\/\\\/www.copealcoy.es\\\/es\\\/propuesto-el-calendario-escolar-para-el-proximo-curso\\\/#breadcrumb\"},\"inLanguage\":\"es\",\"potentialAction\":[{\"@type\":\"ReadAction\",\"target\":[\"https:\\\/\\\/www.copealcoy.es\\\/es\\\/propuesto-el-calendario-escolar-para-el-proximo-curso\\\/\"]}]},{\"@type\":\"ImageObject\",\"inLanguage\":\"es\",\"@id\":\"https:\\\/\\\/www.copealcoy.es\\\/es\\\/propuesto-el-calendario-escolar-para-el-proximo-curso\\\/#primaryimage\",\"url\":\"https:\\\/\\\/www.copealcoy.es\\\/wp-content\\\/uploads\\\/2015\\\/06\\\/lasalle0.jpg\",\"contentUrl\":\"https:\\\/\\\/www.copealcoy.es\\\/wp-content\\\/uploads\\\/2015\\\/06\\\/lasalle0.jpg\",\"width\":1429,\"height\":1080},{\"@type\":\"BreadcrumbList\",\"@id\":\"https:\\\/\\\/www.copealcoy.es\\\/es\\\/propuesto-el-calendario-escolar-para-el-proximo-curso\\\/#breadcrumb\",\"itemListElement\":[{\"@type\":\"ListItem\",\"position\":1,\"name\":\"Portada\",\"item\":\"https:\\\/\\\/www.copealcoy.es\\\/es\\\/\"},{\"@type\":\"ListItem\",\"position\":2,\"name\":\"Propuesto el Calendario Escolar para el pr\u00f3ximo curso\"}]},{\"@type\":\"WebSite\",\"@id\":\"https:\\\/\\\/www.copealcoy.es\\\/es\\\/#website\",\"url\":\"https:\\\/\\\/www.copealcoy.es\\\/es\\\/\",\"name\":\"COPE Alcoy\",\"description\":\"Emisora COPE de radio local con emisi\u00f3n online. Pont de Sant Jordi 8-10 03803 Alcoy\",\"potentialAction\":[{\"@type\":\"SearchAction\",\"target\":{\"@type\":\"EntryPoint\",\"urlTemplate\":\"https:\\\/\\\/www.copealcoy.es\\\/es\\\/?s={search_term_string}\"},\"query-input\":{\"@type\":\"PropertyValueSpecification\",\"valueRequired\":true,\"valueName\":\"search_term_string\"}}],\"inLanguage\":\"es\"},{\"@type\":\"Person\",\"@id\":\"https:\\\/\\\/www.copealcoy.es\\\/es\\\/#\\\/schema\\\/person\\\/e777c87fa024e57d40170af9df39882c\",\"name\":\"Cope Alcoy\",\"image\":{\"@type\":\"ImageObject\",\"inLanguage\":\"es\",\"@id\":\"https:\\\/\\\/secure.gravatar.com\\\/avatar\\\/bb65d0283347e303893ba14f0692005417c1e0e690a325a4c5d8bb2b3943ee14?s=96&d=mm&r=g\",\"url\":\"https:\\\/\\\/secure.gravatar.com\\\/avatar\\\/bb65d0283347e303893ba14f0692005417c1e0e690a325a4c5d8bb2b3943ee14?s=96&d=mm&r=g\",\"contentUrl\":\"https:\\\/\\\/secure.gravatar.com\\\/avatar\\\/bb65d0283347e303893ba14f0692005417c1e0e690a325a4c5d8bb2b3943ee14?s=96&d=mm&r=g\",\"caption\":\"Cope Alcoy\"}}]}<\/script>\n<!-- \/ Yoast SEO plugin. -->","yoast_head_json":{"title":"Propuesto el Calendario Escolar para el pr\u00f3ximo curso - COPE Alcoy","robots":{"index":"index","follow":"follow","max-snippet":"max-snippet:-1","max-image-preview":"max-image-preview:large","max-video-preview":"max-video-preview:-1"},"canonical":"https:\/\/www.copealcoy.es\/es\/propuesto-el-calendario-escolar-para-el-proximo-curso\/","og_locale":"es_ES","og_type":"article","og_title":"Propuesto el Calendario Escolar para el pr\u00f3ximo curso - COPE Alcoy","og_description":"El Consejo Escolar Municipal de Alcoy se reuni\u00f3 semanas atr\u00e1s para plantear los festivos que tendr\u00e1n los colegios de la...","og_url":"https:\/\/www.copealcoy.es\/es\/propuesto-el-calendario-escolar-para-el-proximo-curso\/","og_site_name":"COPE Alcoy","article_published_time":"2019-08-16T17:20:40+00:00","og_image":[{"width":2042,"height":1543,"url":"https:\/\/www.copealcoy.es\/wp-content\/uploads\/2015\/06\/lasalle0.jpg","type":"image\/jpeg"}],"author":"Cope Alcoy","twitter_misc":{"Escrito por":"Cope Alcoy","Tiempo de lectura":"1 minuto"},"schema":{"@context":"https:\/\/schema.org","@graph":[{"@type":"Article","@id":"https:\/\/www.copealcoy.es\/es\/propuesto-el-calendario-escolar-para-el-proximo-curso\/#article","isPartOf":{"@id":"https:\/\/www.copealcoy.es\/es\/propuesto-el-calendario-escolar-para-el-proximo-curso\/"},"author":{"name":"Cope Alcoy","@id":"https:\/\/www.copealcoy.es\/es\/#\/schema\/person\/e777c87fa024e57d40170af9df39882c"},"headline":"Propuesto el Calendario Escolar para el pr\u00f3ximo curso","datePublished":"2019-08-16T17:20:40+00:00","mainEntityOfPage":{"@id":"https:\/\/www.copealcoy.es\/es\/propuesto-el-calendario-escolar-para-el-proximo-curso\/"},"wordCount":205,"commentCount":0,"image":{"@id":"https:\/\/www.copealcoy.es\/es\/propuesto-el-calendario-escolar-para-el-proximo-curso\/#primaryimage"},"thumbnailUrl":"https:\/\/www.copealcoy.es\/wp-content\/uploads\/2015\/06\/lasalle0.jpg","keywords":["Alcoy","calendario escolar","propuesta"],"articleSection":["Alcoy","Educaci\u00f3n","Noticias"],"inLanguage":"es"},{"@type":"WebPage","@id":"https:\/\/www.copealcoy.es\/es\/propuesto-el-calendario-escolar-para-el-proximo-curso\/","url":"https:\/\/www.copealcoy.es\/es\/propuesto-el-calendario-escolar-para-el-proximo-curso\/","name":"Propuesto el Calendario Escolar para el pr\u00f3ximo curso - COPE Alcoy","isPartOf":{"@id":"https:\/\/www.copealcoy.es\/es\/#website"},"primaryImageOfPage":{"@id":"https:\/\/www.copealcoy.es\/es\/propuesto-el-calendario-escolar-para-el-proximo-curso\/#primaryimage"},"image":{"@id":"https:\/\/www.copealcoy.es\/es\/propuesto-el-calendario-escolar-para-el-proximo-curso\/#primaryimage"},"thumbnailUrl":"https:\/\/www.copealcoy.es\/wp-content\/uploads\/2015\/06\/lasalle0.jpg","datePublished":"2019-08-16T17:20:40+00:00","author":{"@id":"https:\/\/www.copealcoy.es\/es\/#\/schema\/person\/e777c87fa024e57d40170af9df39882c"},"breadcrumb":{"@id":"https:\/\/www.copealcoy.es\/es\/propuesto-el-calendario-escolar-para-el-proximo-curso\/#breadcrumb"},"inLanguage":"es","potentialAction":[{"@type":"ReadAction","target":["https:\/\/www.copealcoy.es\/es\/propuesto-el-calendario-escolar-para-el-proximo-curso\/"]}]},{"@type":"ImageObject","inLanguage":"es","@id":"https:\/\/www.copealcoy.es\/es\/propuesto-el-calendario-escolar-para-el-proximo-curso\/#primaryimage","url":"https:\/\/www.copealcoy.es\/wp-content\/uploads\/2015\/06\/lasalle0.jpg","contentUrl":"https:\/\/www.copealcoy.es\/wp-content\/uploads\/2015\/06\/lasalle0.jpg","width":1429,"height":1080},{"@type":"BreadcrumbList","@id":"https:\/\/www.copealcoy.es\/es\/propuesto-el-calendario-escolar-para-el-proximo-curso\/#breadcrumb","itemListElement":[{"@type":"ListItem","position":1,"name":"Portada","item":"https:\/\/www.copealcoy.es\/es\/"},{"@type":"ListItem","position":2,"name":"Propuesto el Calendario Escolar para el pr\u00f3ximo curso"}]},{"@type":"WebSite","@id":"https:\/\/www.copealcoy.es\/es\/#website","url":"https:\/\/www.copealcoy.es\/es\/","name":"COPE Alcoy","description":"Emisora COPE de radio local con emisi\u00f3n online. Pont de Sant Jordi 8-10 03803 Alcoy","potentialAction":[{"@type":"SearchAction","target":{"@type":"EntryPoint","urlTemplate":"https:\/\/www.copealcoy.es\/es\/?s={search_term_string}"},"query-input":{"@type":"PropertyValueSpecification","valueRequired":true,"valueName":"search_term_string"}}],"inLanguage":"es"},{"@type":"Person","@id":"https:\/\/www.copealcoy.es\/es\/#\/schema\/person\/e777c87fa024e57d40170af9df39882c","name":"Cope Alcoy","image":{"@type":"ImageObject","inLanguage":"es","@id":"https:\/\/secure.gravatar.com\/avatar\/bb65d0283347e303893ba14f0692005417c1e0e690a325a4c5d8bb2b3943ee14?s=96&d=mm&r=g","url":"https:\/\/secure.gravatar.com\/avatar\/bb65d0283347e303893ba14f0692005417c1e0e690a325a4c5d8bb2b3943ee14?s=96&d=mm&r=g","contentUrl":"https:\/\/secure.gravatar.com\/avatar\/bb65d0283347e303893ba14f0692005417c1e0e690a325a4c5d8bb2b3943ee14?s=96&d=mm&r=g","caption":"Cope Alcoy"}}]}},"_links":{"self":[{"href":"https:\/\/www.copealcoy.es\/es\/wp-json\/wp\/v2\/posts\/54466","targetHints":{"allow":["GET"]}}],"collection":[{"href":"https:\/\/www.copealcoy.es\/es\/wp-json\/wp\/v2\/posts"}],"about":[{"href":"https:\/\/www.copealcoy.es\/es\/wp-json\/wp\/v2\/types\/post"}],"author":[{"embeddable":true,"href":"https:\/\/www.copealcoy.es\/es\/wp-json\/wp\/v2\/users\/1"}],"replies":[{"embeddable":true,"href":"https:\/\/www.copealcoy.es\/es\/wp-json\/wp\/v2\/comments?post=54466"}],"version-history":[{"count":0,"href":"https:\/\/www.copealcoy.es\/es\/wp-json\/wp\/v2\/posts\/54466\/revisions"}],"wp:featuredmedia":[{"embeddable":true,"href":"https:\/\/www.copealcoy.es\/es\/wp-json\/wp\/v2\/media\/14174"}],"wp:attachment":[{"href":"https:\/\/www.copealcoy.es\/es\/wp-json\/wp\/v2\/media?parent=54466"}],"wp:term":[{"taxonomy":"category","embeddable":true,"href":"https:\/\/www.copealcoy.es\/es\/wp-json\/wp\/v2\/categories?post=54466"},{"taxonomy":"post_tag","embeddable":true,"href":"https:\/\/www.copealcoy.es\/es\/wp-json\/wp\/v2\/tags?post=54466"}],"curies":[{"name":"wp","href":"https:\/\/api.w.org\/{rel}","templated":true}]}}