{"id":54463,"date":"2019-08-16T17:13:51","date_gmt":"2019-08-16T17:13:51","guid":{"rendered":"https:\/\/copealcoi.es\/?p=54463"},"modified":"2019-08-16T17:13:51","modified_gmt":"2019-08-16T17:13:51","slug":"mas-de-25-000-banistas-pasaron-por-las-piscinas-de-alcoy-en-julio","status":"publish","type":"post","link":"https:\/\/www.copealcoy.es\/es\/mas-de-25-000-banistas-pasaron-por-las-piscinas-de-alcoy-en-julio\/","title":{"rendered":"M\u00e1s de 25.000 ba\u00f1istas pasaron por las piscinas de Alcoy en julio"},"content":{"rendered":"<p style=\"text-align: justify;\">Las <strong>tres piscinas municipales de Alcoy<\/strong> han acogido durante el mes de julio a <strong>25.323 personas<\/strong>. La que mayor n\u00famero de visitas ha recibido es <strong>la piscina municipal Jos\u00e9 Trenzano<\/strong>, con 10.835, seguida por <strong>la del Polideportivo de Caramanxel Juan Agudo Garat<\/strong>, con 8.649, y la del <strong>Polideportivo de Batoi<\/strong>, con 5.839 personas.<\/p>\n<p style=\"text-align: justify;\">Una de las novedades que presenta el servicio este a\u00f1o se encuentra en <strong>las medidas de seguridad<\/strong>, que han mejorado con la instalaci\u00f3n de 8 c\u00e1maras. Tambi\u00e9n se est\u00e1n llevando a cabo<strong> varias actividades<\/strong>\u00a0para el p\u00fablico m\u00e1s joven en la piscina Jos\u00e9 Trenzano Al\u00f3s y<strong> los menores de 16 a\u00f1os<\/strong> han tenido <strong>entrada gratuita<\/strong> en cuatro ocasiones as\u00ed como <strong>han disfrutado de actividades infantiles<\/strong> con hinchables en la propia piscina.<\/p>\n<p style=\"text-align: justify;\">El concejal de Deportes, <strong>Miguel Juan Reig<\/strong>, valora positivamente esta cifras y destaca que las mismas <strong>son tambi\u00e9n resultado de la implantaci\u00f3n de los bonos de temporada<\/strong> &#8220;<em>nuestro objetivo es garantizar el acceso a las piscinas p\u00fablicas de propiedad municipal a lo largo del verano, que las personas usuarias tengan las m\u00e1ximas comodidades y unas instalaciones como toca\u00bb. Reig recuerda que &#8220;el objetivo del ayuntamiento no es incrementar la cifra de asistentes, que depende en gran parte de la climatolog\u00eda y no de la inversi\u00f3n que se haga, aunque seguiremos mejorando estos espacios municipales<\/em>&#8220;, afirma.<\/p>\n<p style=\"text-align: justify;\">Recordar que las tres piscinas municipales de Alcoy, es decir; <strong>Jos\u00e9 Trenzano Al\u00f3s, Caramanxel Juan Agudo Garat y Batoi<\/strong> abren sus puertas de forma gratuita para <strong>todas las personas mayores de 65 a\u00f1os<\/strong> todos los lunes de julio y agosto.<\/p>\n","protected":false},"excerpt":{"rendered":"<p>Las tres piscinas municipales de Alcoy han acogido durante el mes de julio a 25.323 personas. La que mayor n\u00famero&#8230;<\/p>\n","protected":false},"author":1,"featured_media":43997,"comment_status":"open","ping_status":"open","sticky":false,"template":"","format":"standard","meta":{"footnotes":""},"categories":[92,75],"tags":[9132,1494,9133,1133],"class_list":["post-54463","post","type-post","status-publish","format-standard","has-post-thumbnail","hentry","category-deportes","category-noticias","tag-25-000-banistas","tag-alcoy","tag-julio","tag-piscinas"],"yoast_head":"<!-- This site is optimized with the Yoast SEO plugin v27.3 - https:\/\/yoast.com\/product\/yoast-seo-wordpress\/ -->\n<title>M\u00e1s de 25.000 ba\u00f1istas pasaron por las piscinas de Alcoy en julio - COPE Alcoy<\/title>\n<meta name=\"robots\" content=\"index, follow, max-snippet:-1, max-image-preview:large, max-video-preview:-1\" \/>\n<link rel=\"canonical\" href=\"https:\/\/www.copealcoy.es\/es\/mas-de-25-000-banistas-pasaron-por-las-piscinas-de-alcoy-en-julio\/\" \/>\n<meta property=\"og:locale\" content=\"es_ES\" \/>\n<meta property=\"og:type\" content=\"article\" \/>\n<meta property=\"og:title\" content=\"M\u00e1s de 25.000 ba\u00f1istas pasaron por las piscinas de Alcoy en julio - COPE Alcoy\" \/>\n<meta property=\"og:description\" content=\"Las tres piscinas municipales de Alcoy han acogido durante el mes de julio a 25.323 personas. La que mayor n\u00famero...\" \/>\n<meta property=\"og:url\" content=\"https:\/\/www.copealcoy.es\/es\/mas-de-25-000-banistas-pasaron-por-las-piscinas-de-alcoy-en-julio\/\" \/>\n<meta property=\"og:site_name\" content=\"COPE Alcoy\" \/>\n<meta property=\"article:published_time\" content=\"2019-08-16T17:13:51+00:00\" \/>\n<meta property=\"og:image\" content=\"https:\/\/www.copealcoy.es\/wp-content\/uploads\/2018\/07\/20180706_activitats_piscines_20180712021213-e1531500192570.jpg\" \/>\n\t<meta property=\"og:image:width\" content=\"1592\" \/>\n\t<meta property=\"og:image:height\" content=\"888\" \/>\n\t<meta property=\"og:image:type\" content=\"image\/jpeg\" \/>\n<meta name=\"author\" content=\"Cope Alcoy\" \/>\n<meta name=\"twitter:label1\" content=\"Escrito por\" \/>\n\t<meta name=\"twitter:data1\" content=\"Cope Alcoy\" \/>\n\t<meta name=\"twitter:label2\" content=\"Tiempo de lectura\" \/>\n\t<meta name=\"twitter:data2\" content=\"1 minuto\" \/>\n<script type=\"application\/ld+json\" class=\"yoast-schema-graph\">{\"@context\":\"https:\\\/\\\/schema.org\",\"@graph\":[{\"@type\":\"Article\",\"@id\":\"https:\\\/\\\/www.copealcoy.es\\\/es\\\/mas-de-25-000-banistas-pasaron-por-las-piscinas-de-alcoy-en-julio\\\/#article\",\"isPartOf\":{\"@id\":\"https:\\\/\\\/www.copealcoy.es\\\/es\\\/mas-de-25-000-banistas-pasaron-por-las-piscinas-de-alcoy-en-julio\\\/\"},\"author\":{\"name\":\"Cope Alcoy\",\"@id\":\"https:\\\/\\\/www.copealcoy.es\\\/es\\\/#\\\/schema\\\/person\\\/e777c87fa024e57d40170af9df39882c\"},\"headline\":\"M\u00e1s de 25.000 ba\u00f1istas pasaron por las piscinas de Alcoy en julio\",\"datePublished\":\"2019-08-16T17:13:51+00:00\",\"mainEntityOfPage\":{\"@id\":\"https:\\\/\\\/www.copealcoy.es\\\/es\\\/mas-de-25-000-banistas-pasaron-por-las-piscinas-de-alcoy-en-julio\\\/\"},\"wordCount\":283,\"commentCount\":0,\"image\":{\"@id\":\"https:\\\/\\\/www.copealcoy.es\\\/es\\\/mas-de-25-000-banistas-pasaron-por-las-piscinas-de-alcoy-en-julio\\\/#primaryimage\"},\"thumbnailUrl\":\"https:\\\/\\\/www.copealcoy.es\\\/wp-content\\\/uploads\\\/2018\\\/07\\\/20180706_activitats_piscines_20180712021213-e1531500192570.jpg\",\"keywords\":[\"25.000 ba\u00f1istas\",\"Alcoy\",\"julio\",\"piscinas\"],\"articleSection\":[\"Deportes\",\"Noticias\"],\"inLanguage\":\"es\"},{\"@type\":\"WebPage\",\"@id\":\"https:\\\/\\\/www.copealcoy.es\\\/es\\\/mas-de-25-000-banistas-pasaron-por-las-piscinas-de-alcoy-en-julio\\\/\",\"url\":\"https:\\\/\\\/www.copealcoy.es\\\/es\\\/mas-de-25-000-banistas-pasaron-por-las-piscinas-de-alcoy-en-julio\\\/\",\"name\":\"M\u00e1s de 25.000 ba\u00f1istas pasaron por las piscinas de Alcoy en julio - COPE Alcoy\",\"isPartOf\":{\"@id\":\"https:\\\/\\\/www.copealcoy.es\\\/es\\\/#website\"},\"primaryImageOfPage\":{\"@id\":\"https:\\\/\\\/www.copealcoy.es\\\/es\\\/mas-de-25-000-banistas-pasaron-por-las-piscinas-de-alcoy-en-julio\\\/#primaryimage\"},\"image\":{\"@id\":\"https:\\\/\\\/www.copealcoy.es\\\/es\\\/mas-de-25-000-banistas-pasaron-por-las-piscinas-de-alcoy-en-julio\\\/#primaryimage\"},\"thumbnailUrl\":\"https:\\\/\\\/www.copealcoy.es\\\/wp-content\\\/uploads\\\/2018\\\/07\\\/20180706_activitats_piscines_20180712021213-e1531500192570.jpg\",\"datePublished\":\"2019-08-16T17:13:51+00:00\",\"author\":{\"@id\":\"https:\\\/\\\/www.copealcoy.es\\\/es\\\/#\\\/schema\\\/person\\\/e777c87fa024e57d40170af9df39882c\"},\"breadcrumb\":{\"@id\":\"https:\\\/\\\/www.copealcoy.es\\\/es\\\/mas-de-25-000-banistas-pasaron-por-las-piscinas-de-alcoy-en-julio\\\/#breadcrumb\"},\"inLanguage\":\"es\",\"potentialAction\":[{\"@type\":\"ReadAction\",\"target\":[\"https:\\\/\\\/www.copealcoy.es\\\/es\\\/mas-de-25-000-banistas-pasaron-por-las-piscinas-de-alcoy-en-julio\\\/\"]}]},{\"@type\":\"ImageObject\",\"inLanguage\":\"es\",\"@id\":\"https:\\\/\\\/www.copealcoy.es\\\/es\\\/mas-de-25-000-banistas-pasaron-por-las-piscinas-de-alcoy-en-julio\\\/#primaryimage\",\"url\":\"https:\\\/\\\/www.copealcoy.es\\\/wp-content\\\/uploads\\\/2018\\\/07\\\/20180706_activitats_piscines_20180712021213-e1531500192570.jpg\",\"contentUrl\":\"https:\\\/\\\/www.copealcoy.es\\\/wp-content\\\/uploads\\\/2018\\\/07\\\/20180706_activitats_piscines_20180712021213-e1531500192570.jpg\",\"width\":1592,\"height\":888},{\"@type\":\"BreadcrumbList\",\"@id\":\"https:\\\/\\\/www.copealcoy.es\\\/es\\\/mas-de-25-000-banistas-pasaron-por-las-piscinas-de-alcoy-en-julio\\\/#breadcrumb\",\"itemListElement\":[{\"@type\":\"ListItem\",\"position\":1,\"name\":\"Portada\",\"item\":\"https:\\\/\\\/www.copealcoy.es\\\/es\\\/\"},{\"@type\":\"ListItem\",\"position\":2,\"name\":\"M\u00e1s de 25.000 ba\u00f1istas pasaron por las piscinas de Alcoy en julio\"}]},{\"@type\":\"WebSite\",\"@id\":\"https:\\\/\\\/www.copealcoy.es\\\/es\\\/#website\",\"url\":\"https:\\\/\\\/www.copealcoy.es\\\/es\\\/\",\"name\":\"COPE Alcoy\",\"description\":\"Emisora COPE de radio local con emisi\u00f3n online. Pont de Sant Jordi 8-10 03803 Alcoy\",\"potentialAction\":[{\"@type\":\"SearchAction\",\"target\":{\"@type\":\"EntryPoint\",\"urlTemplate\":\"https:\\\/\\\/www.copealcoy.es\\\/es\\\/?s={search_term_string}\"},\"query-input\":{\"@type\":\"PropertyValueSpecification\",\"valueRequired\":true,\"valueName\":\"search_term_string\"}}],\"inLanguage\":\"es\"},{\"@type\":\"Person\",\"@id\":\"https:\\\/\\\/www.copealcoy.es\\\/es\\\/#\\\/schema\\\/person\\\/e777c87fa024e57d40170af9df39882c\",\"name\":\"Cope Alcoy\",\"image\":{\"@type\":\"ImageObject\",\"inLanguage\":\"es\",\"@id\":\"https:\\\/\\\/secure.gravatar.com\\\/avatar\\\/bb65d0283347e303893ba14f0692005417c1e0e690a325a4c5d8bb2b3943ee14?s=96&d=mm&r=g\",\"url\":\"https:\\\/\\\/secure.gravatar.com\\\/avatar\\\/bb65d0283347e303893ba14f0692005417c1e0e690a325a4c5d8bb2b3943ee14?s=96&d=mm&r=g\",\"contentUrl\":\"https:\\\/\\\/secure.gravatar.com\\\/avatar\\\/bb65d0283347e303893ba14f0692005417c1e0e690a325a4c5d8bb2b3943ee14?s=96&d=mm&r=g\",\"caption\":\"Cope Alcoy\"}}]}<\/script>\n<!-- \/ Yoast SEO plugin. -->","yoast_head_json":{"title":"M\u00e1s de 25.000 ba\u00f1istas pasaron por las piscinas de Alcoy en julio - COPE Alcoy","robots":{"index":"index","follow":"follow","max-snippet":"max-snippet:-1","max-image-preview":"max-image-preview:large","max-video-preview":"max-video-preview:-1"},"canonical":"https:\/\/www.copealcoy.es\/es\/mas-de-25-000-banistas-pasaron-por-las-piscinas-de-alcoy-en-julio\/","og_locale":"es_ES","og_type":"article","og_title":"M\u00e1s de 25.000 ba\u00f1istas pasaron por las piscinas de Alcoy en julio - COPE Alcoy","og_description":"Las tres piscinas municipales de Alcoy han acogido durante el mes de julio a 25.323 personas. La que mayor n\u00famero...","og_url":"https:\/\/www.copealcoy.es\/es\/mas-de-25-000-banistas-pasaron-por-las-piscinas-de-alcoy-en-julio\/","og_site_name":"COPE Alcoy","article_published_time":"2019-08-16T17:13:51+00:00","og_image":[{"width":1592,"height":888,"url":"https:\/\/www.copealcoy.es\/wp-content\/uploads\/2018\/07\/20180706_activitats_piscines_20180712021213-e1531500192570.jpg","type":"image\/jpeg"}],"author":"Cope Alcoy","twitter_misc":{"Escrito por":"Cope Alcoy","Tiempo de lectura":"1 minuto"},"schema":{"@context":"https:\/\/schema.org","@graph":[{"@type":"Article","@id":"https:\/\/www.copealcoy.es\/es\/mas-de-25-000-banistas-pasaron-por-las-piscinas-de-alcoy-en-julio\/#article","isPartOf":{"@id":"https:\/\/www.copealcoy.es\/es\/mas-de-25-000-banistas-pasaron-por-las-piscinas-de-alcoy-en-julio\/"},"author":{"name":"Cope Alcoy","@id":"https:\/\/www.copealcoy.es\/es\/#\/schema\/person\/e777c87fa024e57d40170af9df39882c"},"headline":"M\u00e1s de 25.000 ba\u00f1istas pasaron por las piscinas de Alcoy en julio","datePublished":"2019-08-16T17:13:51+00:00","mainEntityOfPage":{"@id":"https:\/\/www.copealcoy.es\/es\/mas-de-25-000-banistas-pasaron-por-las-piscinas-de-alcoy-en-julio\/"},"wordCount":283,"commentCount":0,"image":{"@id":"https:\/\/www.copealcoy.es\/es\/mas-de-25-000-banistas-pasaron-por-las-piscinas-de-alcoy-en-julio\/#primaryimage"},"thumbnailUrl":"https:\/\/www.copealcoy.es\/wp-content\/uploads\/2018\/07\/20180706_activitats_piscines_20180712021213-e1531500192570.jpg","keywords":["25.000 ba\u00f1istas","Alcoy","julio","piscinas"],"articleSection":["Deportes","Noticias"],"inLanguage":"es"},{"@type":"WebPage","@id":"https:\/\/www.copealcoy.es\/es\/mas-de-25-000-banistas-pasaron-por-las-piscinas-de-alcoy-en-julio\/","url":"https:\/\/www.copealcoy.es\/es\/mas-de-25-000-banistas-pasaron-por-las-piscinas-de-alcoy-en-julio\/","name":"M\u00e1s de 25.000 ba\u00f1istas pasaron por las piscinas de Alcoy en julio - COPE Alcoy","isPartOf":{"@id":"https:\/\/www.copealcoy.es\/es\/#website"},"primaryImageOfPage":{"@id":"https:\/\/www.copealcoy.es\/es\/mas-de-25-000-banistas-pasaron-por-las-piscinas-de-alcoy-en-julio\/#primaryimage"},"image":{"@id":"https:\/\/www.copealcoy.es\/es\/mas-de-25-000-banistas-pasaron-por-las-piscinas-de-alcoy-en-julio\/#primaryimage"},"thumbnailUrl":"https:\/\/www.copealcoy.es\/wp-content\/uploads\/2018\/07\/20180706_activitats_piscines_20180712021213-e1531500192570.jpg","datePublished":"2019-08-16T17:13:51+00:00","author":{"@id":"https:\/\/www.copealcoy.es\/es\/#\/schema\/person\/e777c87fa024e57d40170af9df39882c"},"breadcrumb":{"@id":"https:\/\/www.copealcoy.es\/es\/mas-de-25-000-banistas-pasaron-por-las-piscinas-de-alcoy-en-julio\/#breadcrumb"},"inLanguage":"es","potentialAction":[{"@type":"ReadAction","target":["https:\/\/www.copealcoy.es\/es\/mas-de-25-000-banistas-pasaron-por-las-piscinas-de-alcoy-en-julio\/"]}]},{"@type":"ImageObject","inLanguage":"es","@id":"https:\/\/www.copealcoy.es\/es\/mas-de-25-000-banistas-pasaron-por-las-piscinas-de-alcoy-en-julio\/#primaryimage","url":"https:\/\/www.copealcoy.es\/wp-content\/uploads\/2018\/07\/20180706_activitats_piscines_20180712021213-e1531500192570.jpg","contentUrl":"https:\/\/www.copealcoy.es\/wp-content\/uploads\/2018\/07\/20180706_activitats_piscines_20180712021213-e1531500192570.jpg","width":1592,"height":888},{"@type":"BreadcrumbList","@id":"https:\/\/www.copealcoy.es\/es\/mas-de-25-000-banistas-pasaron-por-las-piscinas-de-alcoy-en-julio\/#breadcrumb","itemListElement":[{"@type":"ListItem","position":1,"name":"Portada","item":"https:\/\/www.copealcoy.es\/es\/"},{"@type":"ListItem","position":2,"name":"M\u00e1s de 25.000 ba\u00f1istas pasaron por las piscinas de Alcoy en julio"}]},{"@type":"WebSite","@id":"https:\/\/www.copealcoy.es\/es\/#website","url":"https:\/\/www.copealcoy.es\/es\/","name":"COPE Alcoy","description":"Emisora COPE de radio local con emisi\u00f3n online. Pont de Sant Jordi 8-10 03803 Alcoy","potentialAction":[{"@type":"SearchAction","target":{"@type":"EntryPoint","urlTemplate":"https:\/\/www.copealcoy.es\/es\/?s={search_term_string}"},"query-input":{"@type":"PropertyValueSpecification","valueRequired":true,"valueName":"search_term_string"}}],"inLanguage":"es"},{"@type":"Person","@id":"https:\/\/www.copealcoy.es\/es\/#\/schema\/person\/e777c87fa024e57d40170af9df39882c","name":"Cope Alcoy","image":{"@type":"ImageObject","inLanguage":"es","@id":"https:\/\/secure.gravatar.com\/avatar\/bb65d0283347e303893ba14f0692005417c1e0e690a325a4c5d8bb2b3943ee14?s=96&d=mm&r=g","url":"https:\/\/secure.gravatar.com\/avatar\/bb65d0283347e303893ba14f0692005417c1e0e690a325a4c5d8bb2b3943ee14?s=96&d=mm&r=g","contentUrl":"https:\/\/secure.gravatar.com\/avatar\/bb65d0283347e303893ba14f0692005417c1e0e690a325a4c5d8bb2b3943ee14?s=96&d=mm&r=g","caption":"Cope Alcoy"}}]}},"_links":{"self":[{"href":"https:\/\/www.copealcoy.es\/es\/wp-json\/wp\/v2\/posts\/54463","targetHints":{"allow":["GET"]}}],"collection":[{"href":"https:\/\/www.copealcoy.es\/es\/wp-json\/wp\/v2\/posts"}],"about":[{"href":"https:\/\/www.copealcoy.es\/es\/wp-json\/wp\/v2\/types\/post"}],"author":[{"embeddable":true,"href":"https:\/\/www.copealcoy.es\/es\/wp-json\/wp\/v2\/users\/1"}],"replies":[{"embeddable":true,"href":"https:\/\/www.copealcoy.es\/es\/wp-json\/wp\/v2\/comments?post=54463"}],"version-history":[{"count":0,"href":"https:\/\/www.copealcoy.es\/es\/wp-json\/wp\/v2\/posts\/54463\/revisions"}],"wp:featuredmedia":[{"embeddable":true,"href":"https:\/\/www.copealcoy.es\/es\/wp-json\/wp\/v2\/media\/43997"}],"wp:attachment":[{"href":"https:\/\/www.copealcoy.es\/es\/wp-json\/wp\/v2\/media?parent=54463"}],"wp:term":[{"taxonomy":"category","embeddable":true,"href":"https:\/\/www.copealcoy.es\/es\/wp-json\/wp\/v2\/categories?post=54463"},{"taxonomy":"post_tag","embeddable":true,"href":"https:\/\/www.copealcoy.es\/es\/wp-json\/wp\/v2\/tags?post=54463"}],"curies":[{"name":"wp","href":"https:\/\/api.w.org\/{rel}","templated":true}]}}