{"id":54448,"date":"2019-08-14T16:40:27","date_gmt":"2019-08-14T16:40:27","guid":{"rendered":"https:\/\/copealcoi.es\/?p=54448"},"modified":"2019-08-14T16:40:27","modified_gmt":"2019-08-14T16:40:27","slug":"beniarres-ya-disfruta-de-sus-fiestas-patronales","status":"publish","type":"post","link":"https:\/\/www.copealcoy.es\/es\/beniarres-ya-disfruta-de-sus-fiestas-patronales\/","title":{"rendered":"Beniarr\u00e9s ya disfruta de sus Fiestas Patronales"},"content":{"rendered":"<p style=\"text-align: justify;\">Beniarr\u00e9s ya ha entrado de lleno en <strong>la celebraci\u00f3n de sus Fiestas Patronales<\/strong>, unas jornadas intensas <strong>repletas de actos en homenaje a los patronos del municipio<\/strong> sin dejar de lado los moros y cristianos.<\/p>\n<p style=\"text-align: justify;\">La programaci\u00f3n arranca hoy con <strong>&#8216;La Vespra&#8217;<\/strong> en la que se incluyen <strong>volteos generales de campanas<\/strong>, el preg\u00f3n o<strong> la &#8216;Entraeta&#8217;<\/strong> en la que participan las Filaes Moros del Benicadell, Guerrers del Cid y Maseros. \u00a0El 15 de agosto est\u00e1 reservado a <strong>la Asunci\u00f3n de la Virgen<\/strong> con actos como la Diana, la misa y la procesi\u00f3n en honor a la Virgen de Agosto o <strong>la gran Entrada de Moros y Cristianos<\/strong> a partir 18:30h en la que no faltar\u00e1n las escuadras de negros de cada Fil\u00e0. El viernes <strong>es el d\u00eda dedicado a San Roque<\/strong> con tambi\u00e9n <strong>la misa y procesi\u00f3n dedicadas al santo<\/strong> que le ofrecen &#8216;Els Fadrins&#8217; sin dejar de lado &#8216;La Cord\u00e0&#8217; que ser\u00e1 protagonista a partir de las cinco de la madrugada. Seguidamente el s\u00e1bado 17 se celebrar\u00e1<strong> la festividad del Sant\u00edsimo Cristo del Amparo<\/strong> con tambi\u00e9n<strong> misa y procesi\u00f3n<\/strong> e incluso una holli solidaria a partir de las siete de la tarde en la antigua estaci\u00f3n. Por \u00faltimo el domingo <strong>los vecinos de Beniarr\u00e9s rendir\u00e1n homenaje \u00a0a su patrona, la Verge de la Cova Santa,<\/strong> con la Misa Mayor a mediod\u00eda seguida de la Ofrenda Floral a las ocho de la tarde y la multitudinaria procesi\u00f3n que dar\u00e1 inicio a las nueve de la noche. Despu\u00e9s un hijo del pueblo<strong> har\u00e1 el &#8216;Fervor\u00ed&#8217;<\/strong>, se cantar\u00e1 el Himno de la Virgen y se disparar\u00e1 un gran castillo de fuegos artificiales antes de que a medianoche <strong>una nueva &#8216;Cord\u00e0&#8217;<\/strong> culmine los festejos.<\/p>\n<p style=\"text-align: justify;\">El alcalde de Beniarr\u00e9s, <strong>Miguel \u00c1ngel Sanchis<\/strong>, indica que las Fiestas se viven de d\u00eda con numerosos actos pero <strong>tambi\u00e9n de noche<\/strong> con la actuaci\u00f3n de<strong> importantes orquestas<\/strong> &#8220;<em>son muchas las personas que vienen a disfrutar de nuestras Fiestas porque son en verano, en periodo vacaciones, y eso motiva una gran afluencia durante pr\u00e1cticamente todos los d\u00edas<\/em>&#8220;, afirma.<\/p>\n<p style=\"text-align: justify;\">Indicar que las Fiestas de Beniarr\u00e9s han incluido u<strong>na Semana Cultural previa repleta de actividades<\/strong> para toda la familia as\u00ed como numerosas propuestas culturales.<\/p>\n","protected":false},"excerpt":{"rendered":"<p>Beniarr\u00e9s ya ha entrado de lleno en la celebraci\u00f3n de sus Fiestas Patronales, unas jornadas intensas repletas de actos en&#8230;<\/p>\n","protected":false},"author":1,"featured_media":20292,"comment_status":"open","ping_status":"open","sticky":false,"template":"","format":"standard","meta":{"footnotes":""},"categories":[98,75],"tags":[851,237,2954],"class_list":["post-54448","post","type-post","status-publish","format-standard","has-post-thumbnail","hentry","category-comarcas","category-noticias","tag-beniarres","tag-comtat","tag-fiestas-patronales"],"yoast_head":"<!-- This site is optimized with the Yoast SEO plugin v27.3 - https:\/\/yoast.com\/product\/yoast-seo-wordpress\/ -->\n<title>Beniarr\u00e9s ya disfruta de sus Fiestas Patronales - COPE Alcoy<\/title>\n<meta name=\"robots\" content=\"index, follow, max-snippet:-1, max-image-preview:large, max-video-preview:-1\" \/>\n<link rel=\"canonical\" href=\"https:\/\/www.copealcoy.es\/es\/beniarres-ya-disfruta-de-sus-fiestas-patronales\/\" \/>\n<meta property=\"og:locale\" content=\"es_ES\" \/>\n<meta property=\"og:type\" content=\"article\" \/>\n<meta property=\"og:title\" content=\"Beniarr\u00e9s ya disfruta de sus Fiestas Patronales - COPE Alcoy\" \/>\n<meta property=\"og:description\" content=\"Beniarr\u00e9s ya ha entrado de lleno en la celebraci\u00f3n de sus Fiestas Patronales, unas jornadas intensas repletas de actos en...\" \/>\n<meta property=\"og:url\" content=\"https:\/\/www.copealcoy.es\/es\/beniarres-ya-disfruta-de-sus-fiestas-patronales\/\" \/>\n<meta property=\"og:site_name\" content=\"COPE Alcoy\" \/>\n<meta property=\"article:published_time\" content=\"2019-08-14T16:40:27+00:00\" \/>\n<meta property=\"og:image\" content=\"https:\/\/www.copealcoy.es\/wp-content\/uploads\/2016\/03\/DSC03231b.jpg\" \/>\n\t<meta property=\"og:image:width\" content=\"709\" \/>\n\t<meta property=\"og:image:height\" content=\"361\" \/>\n\t<meta property=\"og:image:type\" content=\"image\/jpeg\" \/>\n<meta name=\"author\" content=\"Cope Alcoy\" \/>\n<meta name=\"twitter:label1\" content=\"Escrito por\" \/>\n\t<meta name=\"twitter:data1\" content=\"Cope Alcoy\" \/>\n\t<meta name=\"twitter:label2\" content=\"Tiempo de lectura\" \/>\n\t<meta name=\"twitter:data2\" content=\"2 minutos\" \/>\n<script type=\"application\/ld+json\" class=\"yoast-schema-graph\">{\"@context\":\"https:\\\/\\\/schema.org\",\"@graph\":[{\"@type\":\"Article\",\"@id\":\"https:\\\/\\\/www.copealcoy.es\\\/es\\\/beniarres-ya-disfruta-de-sus-fiestas-patronales\\\/#article\",\"isPartOf\":{\"@id\":\"https:\\\/\\\/www.copealcoy.es\\\/es\\\/beniarres-ya-disfruta-de-sus-fiestas-patronales\\\/\"},\"author\":{\"name\":\"Cope Alcoy\",\"@id\":\"https:\\\/\\\/www.copealcoy.es\\\/es\\\/#\\\/schema\\\/person\\\/e777c87fa024e57d40170af9df39882c\"},\"headline\":\"Beniarr\u00e9s ya disfruta de sus Fiestas Patronales\",\"datePublished\":\"2019-08-14T16:40:27+00:00\",\"mainEntityOfPage\":{\"@id\":\"https:\\\/\\\/www.copealcoy.es\\\/es\\\/beniarres-ya-disfruta-de-sus-fiestas-patronales\\\/\"},\"wordCount\":395,\"commentCount\":0,\"image\":{\"@id\":\"https:\\\/\\\/www.copealcoy.es\\\/es\\\/beniarres-ya-disfruta-de-sus-fiestas-patronales\\\/#primaryimage\"},\"thumbnailUrl\":\"https:\\\/\\\/www.copealcoy.es\\\/wp-content\\\/uploads\\\/2016\\\/03\\\/DSC03231b.jpg\",\"keywords\":[\"Beniarres\",\"Comtat\",\"fiestas patronales\"],\"articleSection\":[\"Comarcas\",\"Noticias\"],\"inLanguage\":\"es\"},{\"@type\":\"WebPage\",\"@id\":\"https:\\\/\\\/www.copealcoy.es\\\/es\\\/beniarres-ya-disfruta-de-sus-fiestas-patronales\\\/\",\"url\":\"https:\\\/\\\/www.copealcoy.es\\\/es\\\/beniarres-ya-disfruta-de-sus-fiestas-patronales\\\/\",\"name\":\"Beniarr\u00e9s ya disfruta de sus Fiestas Patronales - COPE Alcoy\",\"isPartOf\":{\"@id\":\"https:\\\/\\\/www.copealcoy.es\\\/es\\\/#website\"},\"primaryImageOfPage\":{\"@id\":\"https:\\\/\\\/www.copealcoy.es\\\/es\\\/beniarres-ya-disfruta-de-sus-fiestas-patronales\\\/#primaryimage\"},\"image\":{\"@id\":\"https:\\\/\\\/www.copealcoy.es\\\/es\\\/beniarres-ya-disfruta-de-sus-fiestas-patronales\\\/#primaryimage\"},\"thumbnailUrl\":\"https:\\\/\\\/www.copealcoy.es\\\/wp-content\\\/uploads\\\/2016\\\/03\\\/DSC03231b.jpg\",\"datePublished\":\"2019-08-14T16:40:27+00:00\",\"author\":{\"@id\":\"https:\\\/\\\/www.copealcoy.es\\\/es\\\/#\\\/schema\\\/person\\\/e777c87fa024e57d40170af9df39882c\"},\"breadcrumb\":{\"@id\":\"https:\\\/\\\/www.copealcoy.es\\\/es\\\/beniarres-ya-disfruta-de-sus-fiestas-patronales\\\/#breadcrumb\"},\"inLanguage\":\"es\",\"potentialAction\":[{\"@type\":\"ReadAction\",\"target\":[\"https:\\\/\\\/www.copealcoy.es\\\/es\\\/beniarres-ya-disfruta-de-sus-fiestas-patronales\\\/\"]}]},{\"@type\":\"ImageObject\",\"inLanguage\":\"es\",\"@id\":\"https:\\\/\\\/www.copealcoy.es\\\/es\\\/beniarres-ya-disfruta-de-sus-fiestas-patronales\\\/#primaryimage\",\"url\":\"https:\\\/\\\/www.copealcoy.es\\\/wp-content\\\/uploads\\\/2016\\\/03\\\/DSC03231b.jpg\",\"contentUrl\":\"https:\\\/\\\/www.copealcoy.es\\\/wp-content\\\/uploads\\\/2016\\\/03\\\/DSC03231b.jpg\",\"width\":709,\"height\":361,\"caption\":\"Beniarr\u00e9s es una de las localidades beneficiarias de las ayudas\"},{\"@type\":\"BreadcrumbList\",\"@id\":\"https:\\\/\\\/www.copealcoy.es\\\/es\\\/beniarres-ya-disfruta-de-sus-fiestas-patronales\\\/#breadcrumb\",\"itemListElement\":[{\"@type\":\"ListItem\",\"position\":1,\"name\":\"Portada\",\"item\":\"https:\\\/\\\/www.copealcoy.es\\\/es\\\/\"},{\"@type\":\"ListItem\",\"position\":2,\"name\":\"Beniarr\u00e9s ya disfruta de sus Fiestas Patronales\"}]},{\"@type\":\"WebSite\",\"@id\":\"https:\\\/\\\/www.copealcoy.es\\\/es\\\/#website\",\"url\":\"https:\\\/\\\/www.copealcoy.es\\\/es\\\/\",\"name\":\"COPE Alcoy\",\"description\":\"Emisora COPE de radio local con emisi\u00f3n online. Pont de Sant Jordi 8-10 03803 Alcoy\",\"potentialAction\":[{\"@type\":\"SearchAction\",\"target\":{\"@type\":\"EntryPoint\",\"urlTemplate\":\"https:\\\/\\\/www.copealcoy.es\\\/es\\\/?s={search_term_string}\"},\"query-input\":{\"@type\":\"PropertyValueSpecification\",\"valueRequired\":true,\"valueName\":\"search_term_string\"}}],\"inLanguage\":\"es\"},{\"@type\":\"Person\",\"@id\":\"https:\\\/\\\/www.copealcoy.es\\\/es\\\/#\\\/schema\\\/person\\\/e777c87fa024e57d40170af9df39882c\",\"name\":\"Cope Alcoy\",\"image\":{\"@type\":\"ImageObject\",\"inLanguage\":\"es\",\"@id\":\"https:\\\/\\\/secure.gravatar.com\\\/avatar\\\/bb65d0283347e303893ba14f0692005417c1e0e690a325a4c5d8bb2b3943ee14?s=96&d=mm&r=g\",\"url\":\"https:\\\/\\\/secure.gravatar.com\\\/avatar\\\/bb65d0283347e303893ba14f0692005417c1e0e690a325a4c5d8bb2b3943ee14?s=96&d=mm&r=g\",\"contentUrl\":\"https:\\\/\\\/secure.gravatar.com\\\/avatar\\\/bb65d0283347e303893ba14f0692005417c1e0e690a325a4c5d8bb2b3943ee14?s=96&d=mm&r=g\",\"caption\":\"Cope Alcoy\"}}]}<\/script>\n<!-- \/ Yoast SEO plugin. -->","yoast_head_json":{"title":"Beniarr\u00e9s ya disfruta de sus Fiestas Patronales - COPE Alcoy","robots":{"index":"index","follow":"follow","max-snippet":"max-snippet:-1","max-image-preview":"max-image-preview:large","max-video-preview":"max-video-preview:-1"},"canonical":"https:\/\/www.copealcoy.es\/es\/beniarres-ya-disfruta-de-sus-fiestas-patronales\/","og_locale":"es_ES","og_type":"article","og_title":"Beniarr\u00e9s ya disfruta de sus Fiestas Patronales - COPE Alcoy","og_description":"Beniarr\u00e9s ya ha entrado de lleno en la celebraci\u00f3n de sus Fiestas Patronales, unas jornadas intensas repletas de actos en...","og_url":"https:\/\/www.copealcoy.es\/es\/beniarres-ya-disfruta-de-sus-fiestas-patronales\/","og_site_name":"COPE Alcoy","article_published_time":"2019-08-14T16:40:27+00:00","og_image":[{"width":709,"height":361,"url":"https:\/\/www.copealcoy.es\/wp-content\/uploads\/2016\/03\/DSC03231b.jpg","type":"image\/jpeg"}],"author":"Cope Alcoy","twitter_misc":{"Escrito por":"Cope Alcoy","Tiempo de lectura":"2 minutos"},"schema":{"@context":"https:\/\/schema.org","@graph":[{"@type":"Article","@id":"https:\/\/www.copealcoy.es\/es\/beniarres-ya-disfruta-de-sus-fiestas-patronales\/#article","isPartOf":{"@id":"https:\/\/www.copealcoy.es\/es\/beniarres-ya-disfruta-de-sus-fiestas-patronales\/"},"author":{"name":"Cope Alcoy","@id":"https:\/\/www.copealcoy.es\/es\/#\/schema\/person\/e777c87fa024e57d40170af9df39882c"},"headline":"Beniarr\u00e9s ya disfruta de sus Fiestas Patronales","datePublished":"2019-08-14T16:40:27+00:00","mainEntityOfPage":{"@id":"https:\/\/www.copealcoy.es\/es\/beniarres-ya-disfruta-de-sus-fiestas-patronales\/"},"wordCount":395,"commentCount":0,"image":{"@id":"https:\/\/www.copealcoy.es\/es\/beniarres-ya-disfruta-de-sus-fiestas-patronales\/#primaryimage"},"thumbnailUrl":"https:\/\/www.copealcoy.es\/wp-content\/uploads\/2016\/03\/DSC03231b.jpg","keywords":["Beniarres","Comtat","fiestas patronales"],"articleSection":["Comarcas","Noticias"],"inLanguage":"es"},{"@type":"WebPage","@id":"https:\/\/www.copealcoy.es\/es\/beniarres-ya-disfruta-de-sus-fiestas-patronales\/","url":"https:\/\/www.copealcoy.es\/es\/beniarres-ya-disfruta-de-sus-fiestas-patronales\/","name":"Beniarr\u00e9s ya disfruta de sus Fiestas Patronales - COPE Alcoy","isPartOf":{"@id":"https:\/\/www.copealcoy.es\/es\/#website"},"primaryImageOfPage":{"@id":"https:\/\/www.copealcoy.es\/es\/beniarres-ya-disfruta-de-sus-fiestas-patronales\/#primaryimage"},"image":{"@id":"https:\/\/www.copealcoy.es\/es\/beniarres-ya-disfruta-de-sus-fiestas-patronales\/#primaryimage"},"thumbnailUrl":"https:\/\/www.copealcoy.es\/wp-content\/uploads\/2016\/03\/DSC03231b.jpg","datePublished":"2019-08-14T16:40:27+00:00","author":{"@id":"https:\/\/www.copealcoy.es\/es\/#\/schema\/person\/e777c87fa024e57d40170af9df39882c"},"breadcrumb":{"@id":"https:\/\/www.copealcoy.es\/es\/beniarres-ya-disfruta-de-sus-fiestas-patronales\/#breadcrumb"},"inLanguage":"es","potentialAction":[{"@type":"ReadAction","target":["https:\/\/www.copealcoy.es\/es\/beniarres-ya-disfruta-de-sus-fiestas-patronales\/"]}]},{"@type":"ImageObject","inLanguage":"es","@id":"https:\/\/www.copealcoy.es\/es\/beniarres-ya-disfruta-de-sus-fiestas-patronales\/#primaryimage","url":"https:\/\/www.copealcoy.es\/wp-content\/uploads\/2016\/03\/DSC03231b.jpg","contentUrl":"https:\/\/www.copealcoy.es\/wp-content\/uploads\/2016\/03\/DSC03231b.jpg","width":709,"height":361,"caption":"Beniarr\u00e9s es una de las localidades beneficiarias de las ayudas"},{"@type":"BreadcrumbList","@id":"https:\/\/www.copealcoy.es\/es\/beniarres-ya-disfruta-de-sus-fiestas-patronales\/#breadcrumb","itemListElement":[{"@type":"ListItem","position":1,"name":"Portada","item":"https:\/\/www.copealcoy.es\/es\/"},{"@type":"ListItem","position":2,"name":"Beniarr\u00e9s ya disfruta de sus Fiestas Patronales"}]},{"@type":"WebSite","@id":"https:\/\/www.copealcoy.es\/es\/#website","url":"https:\/\/www.copealcoy.es\/es\/","name":"COPE Alcoy","description":"Emisora COPE de radio local con emisi\u00f3n online. Pont de Sant Jordi 8-10 03803 Alcoy","potentialAction":[{"@type":"SearchAction","target":{"@type":"EntryPoint","urlTemplate":"https:\/\/www.copealcoy.es\/es\/?s={search_term_string}"},"query-input":{"@type":"PropertyValueSpecification","valueRequired":true,"valueName":"search_term_string"}}],"inLanguage":"es"},{"@type":"Person","@id":"https:\/\/www.copealcoy.es\/es\/#\/schema\/person\/e777c87fa024e57d40170af9df39882c","name":"Cope Alcoy","image":{"@type":"ImageObject","inLanguage":"es","@id":"https:\/\/secure.gravatar.com\/avatar\/bb65d0283347e303893ba14f0692005417c1e0e690a325a4c5d8bb2b3943ee14?s=96&d=mm&r=g","url":"https:\/\/secure.gravatar.com\/avatar\/bb65d0283347e303893ba14f0692005417c1e0e690a325a4c5d8bb2b3943ee14?s=96&d=mm&r=g","contentUrl":"https:\/\/secure.gravatar.com\/avatar\/bb65d0283347e303893ba14f0692005417c1e0e690a325a4c5d8bb2b3943ee14?s=96&d=mm&r=g","caption":"Cope Alcoy"}}]}},"_links":{"self":[{"href":"https:\/\/www.copealcoy.es\/es\/wp-json\/wp\/v2\/posts\/54448","targetHints":{"allow":["GET"]}}],"collection":[{"href":"https:\/\/www.copealcoy.es\/es\/wp-json\/wp\/v2\/posts"}],"about":[{"href":"https:\/\/www.copealcoy.es\/es\/wp-json\/wp\/v2\/types\/post"}],"author":[{"embeddable":true,"href":"https:\/\/www.copealcoy.es\/es\/wp-json\/wp\/v2\/users\/1"}],"replies":[{"embeddable":true,"href":"https:\/\/www.copealcoy.es\/es\/wp-json\/wp\/v2\/comments?post=54448"}],"version-history":[{"count":0,"href":"https:\/\/www.copealcoy.es\/es\/wp-json\/wp\/v2\/posts\/54448\/revisions"}],"wp:featuredmedia":[{"embeddable":true,"href":"https:\/\/www.copealcoy.es\/es\/wp-json\/wp\/v2\/media\/20292"}],"wp:attachment":[{"href":"https:\/\/www.copealcoy.es\/es\/wp-json\/wp\/v2\/media?parent=54448"}],"wp:term":[{"taxonomy":"category","embeddable":true,"href":"https:\/\/www.copealcoy.es\/es\/wp-json\/wp\/v2\/categories?post=54448"},{"taxonomy":"post_tag","embeddable":true,"href":"https:\/\/www.copealcoy.es\/es\/wp-json\/wp\/v2\/tags?post=54448"}],"curies":[{"name":"wp","href":"https:\/\/api.w.org\/{rel}","templated":true}]}}