{"id":54373,"date":"2019-08-13T22:15:26","date_gmt":"2019-08-13T22:15:26","guid":{"rendered":"https:\/\/copealcoi.es\/?p=54373"},"modified":"2019-08-13T22:15:26","modified_gmt":"2019-08-13T22:15:26","slug":"la-torre-de-almudaina-celebra-su-decimo-aniversario-con-puertas-abiertas","status":"publish","type":"post","link":"https:\/\/www.copealcoy.es\/es\/la-torre-de-almudaina-celebra-su-decimo-aniversario-con-puertas-abiertas\/","title":{"rendered":"La Torre de Almudaina celebra su d\u00e9cimo aniversario con puertas abiertas"},"content":{"rendered":"<p style=\"text-align: justify;\">Este mi\u00e9rcoles 14 de agosto <strong>se cumplir\u00e1n diez a\u00f1os desde la apertura al p\u00fablico de la Torre Almohade de Almudaina<\/strong>, un monumento de \u00e9poca isl\u00e1mica ubicado en nuestras comarcas del Comtat y de l&#8217;Alcoi\u00e0 que <strong>formaba parte del recinto fortificado<\/strong> de la peque\u00f1a alquer\u00eda existente en la zona, conocida entonces como \u201cal-Mudayyina\u201d, origen del actual nombre de la poblaci\u00f3n.<\/p>\n<p style=\"text-align: justify;\">Para celebrar esta efem\u00e9ride, este mi\u00e9rcoles 14 de agosto <strong>se podr\u00e1 visitar la fortaleza de forma gratuita<\/strong>, dentro de su horario habitual, por la ma\u00f1ana de <strong>9:00h a 13:00h<\/strong> y por la tarde,<strong> de 18:00h a 21:00h<\/strong>. De esta forma se podr\u00e1 conocer todo lo que en ella se guarda al mismo tiempo que se podr\u00e1 disfrutar de sus vistas y del entorno.<\/p>\n<p style=\"text-align: justify;\">Tras la declaraci\u00f3n de BIC, Bien de Inter\u00e9s Cultural, con categor\u00eda de monumento por el Ayuntamiento de Almudaina,<strong> la Diputacion de Alicante<\/strong> adquiri\u00f3 la torre para su preservaci\u00f3n. El \u00c1rea de Arquitectura a<strong>cometi\u00f3, su restauraci\u00f3n y valorizaci\u00f3n\u00a0<\/strong>recayendo despu\u00e9s en <strong>la Fundaci\u00f3n MARQ<\/strong> la encomienda de gesti\u00f3n, integrando la Torre en la red de yacimientos y monumentos del MARQ, junto a <em>Lucentum <\/em>Alicante, <em>La Illeta <\/em>en Campello y<em> el Santuario del Pla de Petracos y el Centro de Interpretaci\u00f3n de Arte Rupestre <\/em>en Castell de Castells. Hay que recordar que a esta red a la se unir\u00eda en 2016\u00a0<em>La Cava Gran de Agres<\/em>.<\/p>\n<p style=\"text-align: justify;\">La restauraci\u00f3n llevada a cabo en la Torre y su entorno <strong>permite comprender<\/strong> a trav\u00e9s de las huellas halladas en sus muros, l<strong>a curiosa t\u00e9cnica empleada en su construcci\u00f3n<\/strong> y <strong>las secuelas de los cambios<\/strong> sufridos en sus ochocientos a\u00f1os de historia. Un magn\u00edfico \u201cmuseo de sitio\u201d, seg\u00fan definen desde el MARQ, para<strong> introducir al visitante<\/strong> en el conocimiento y el disfrute de su historia, arquitectura y paisaje.<\/p>\n","protected":false},"excerpt":{"rendered":"<p>Este mi\u00e9rcoles 14 de agosto se cumplir\u00e1n diez a\u00f1os desde la apertura al p\u00fablico de la Torre Almohade de Almudaina,&#8230;<\/p>\n","protected":false},"author":1,"featured_media":24365,"comment_status":"open","ping_status":"open","sticky":false,"template":"","format":"standard","meta":{"footnotes":""},"categories":[98,75],"tags":[269,3061,1031,2766],"class_list":["post-54373","post","type-post","status-publish","format-standard","has-post-thumbnail","hentry","category-comarcas","category-noticias","tag-alicante","tag-decimo-aniversario","tag-marq","tag-torre-almudaina"],"yoast_head":"<!-- This site is optimized with the Yoast SEO plugin v27.3 - https:\/\/yoast.com\/product\/yoast-seo-wordpress\/ -->\n<title>La Torre de Almudaina celebra su d\u00e9cimo aniversario con puertas abiertas - COPE Alcoy<\/title>\n<meta name=\"robots\" content=\"index, follow, max-snippet:-1, max-image-preview:large, max-video-preview:-1\" \/>\n<link rel=\"canonical\" href=\"https:\/\/www.copealcoy.es\/es\/la-torre-de-almudaina-celebra-su-decimo-aniversario-con-puertas-abiertas\/\" \/>\n<meta property=\"og:locale\" content=\"es_ES\" \/>\n<meta property=\"og:type\" content=\"article\" \/>\n<meta property=\"og:title\" content=\"La Torre de Almudaina celebra su d\u00e9cimo aniversario con puertas abiertas - COPE Alcoy\" \/>\n<meta property=\"og:description\" content=\"Este mi\u00e9rcoles 14 de agosto se cumplir\u00e1n diez a\u00f1os desde la apertura al p\u00fablico de la Torre Almohade de Almudaina,...\" \/>\n<meta property=\"og:url\" content=\"https:\/\/www.copealcoy.es\/es\/la-torre-de-almudaina-celebra-su-decimo-aniversario-con-puertas-abiertas\/\" \/>\n<meta property=\"og:site_name\" content=\"COPE Alcoy\" \/>\n<meta property=\"article:published_time\" content=\"2019-08-13T22:15:26+00:00\" \/>\n<meta property=\"og:image\" content=\"https:\/\/www.copealcoy.es\/wp-content\/uploads\/2016\/08\/torre-almudaina-01.jpg\" \/>\n\t<meta property=\"og:image:width\" content=\"1024\" \/>\n\t<meta property=\"og:image:height\" content=\"683\" \/>\n\t<meta property=\"og:image:type\" content=\"image\/jpeg\" \/>\n<meta name=\"author\" content=\"Cope Alcoy\" \/>\n<meta name=\"twitter:label1\" content=\"Escrito por\" \/>\n\t<meta name=\"twitter:data1\" content=\"Cope Alcoy\" \/>\n\t<meta name=\"twitter:label2\" content=\"Tiempo de lectura\" \/>\n\t<meta name=\"twitter:data2\" content=\"2 minutos\" \/>\n<script type=\"application\/ld+json\" class=\"yoast-schema-graph\">{\"@context\":\"https:\\\/\\\/schema.org\",\"@graph\":[{\"@type\":\"Article\",\"@id\":\"https:\\\/\\\/www.copealcoy.es\\\/es\\\/la-torre-de-almudaina-celebra-su-decimo-aniversario-con-puertas-abiertas\\\/#article\",\"isPartOf\":{\"@id\":\"https:\\\/\\\/www.copealcoy.es\\\/es\\\/la-torre-de-almudaina-celebra-su-decimo-aniversario-con-puertas-abiertas\\\/\"},\"author\":{\"name\":\"Cope Alcoy\",\"@id\":\"https:\\\/\\\/www.copealcoy.es\\\/es\\\/#\\\/schema\\\/person\\\/e777c87fa024e57d40170af9df39882c\"},\"headline\":\"La Torre de Almudaina celebra su d\u00e9cimo aniversario con puertas abiertas\",\"datePublished\":\"2019-08-13T22:15:26+00:00\",\"mainEntityOfPage\":{\"@id\":\"https:\\\/\\\/www.copealcoy.es\\\/es\\\/la-torre-de-almudaina-celebra-su-decimo-aniversario-con-puertas-abiertas\\\/\"},\"wordCount\":333,\"commentCount\":0,\"image\":{\"@id\":\"https:\\\/\\\/www.copealcoy.es\\\/es\\\/la-torre-de-almudaina-celebra-su-decimo-aniversario-con-puertas-abiertas\\\/#primaryimage\"},\"thumbnailUrl\":\"https:\\\/\\\/www.copealcoy.es\\\/wp-content\\\/uploads\\\/2016\\\/08\\\/torre-almudaina-01-e1654714108842.jpg\",\"keywords\":[\"Alicante\",\"d\u00e9cimo aniversario\",\"MARQ\",\"Torre Almudaina\"],\"articleSection\":[\"Comarcas\",\"Noticias\"],\"inLanguage\":\"es\"},{\"@type\":\"WebPage\",\"@id\":\"https:\\\/\\\/www.copealcoy.es\\\/es\\\/la-torre-de-almudaina-celebra-su-decimo-aniversario-con-puertas-abiertas\\\/\",\"url\":\"https:\\\/\\\/www.copealcoy.es\\\/es\\\/la-torre-de-almudaina-celebra-su-decimo-aniversario-con-puertas-abiertas\\\/\",\"name\":\"La Torre de Almudaina celebra su d\u00e9cimo aniversario con puertas abiertas - COPE Alcoy\",\"isPartOf\":{\"@id\":\"https:\\\/\\\/www.copealcoy.es\\\/es\\\/#website\"},\"primaryImageOfPage\":{\"@id\":\"https:\\\/\\\/www.copealcoy.es\\\/es\\\/la-torre-de-almudaina-celebra-su-decimo-aniversario-con-puertas-abiertas\\\/#primaryimage\"},\"image\":{\"@id\":\"https:\\\/\\\/www.copealcoy.es\\\/es\\\/la-torre-de-almudaina-celebra-su-decimo-aniversario-con-puertas-abiertas\\\/#primaryimage\"},\"thumbnailUrl\":\"https:\\\/\\\/www.copealcoy.es\\\/wp-content\\\/uploads\\\/2016\\\/08\\\/torre-almudaina-01-e1654714108842.jpg\",\"datePublished\":\"2019-08-13T22:15:26+00:00\",\"author\":{\"@id\":\"https:\\\/\\\/www.copealcoy.es\\\/es\\\/#\\\/schema\\\/person\\\/e777c87fa024e57d40170af9df39882c\"},\"breadcrumb\":{\"@id\":\"https:\\\/\\\/www.copealcoy.es\\\/es\\\/la-torre-de-almudaina-celebra-su-decimo-aniversario-con-puertas-abiertas\\\/#breadcrumb\"},\"inLanguage\":\"es\",\"potentialAction\":[{\"@type\":\"ReadAction\",\"target\":[\"https:\\\/\\\/www.copealcoy.es\\\/es\\\/la-torre-de-almudaina-celebra-su-decimo-aniversario-con-puertas-abiertas\\\/\"]}]},{\"@type\":\"ImageObject\",\"inLanguage\":\"es\",\"@id\":\"https:\\\/\\\/www.copealcoy.es\\\/es\\\/la-torre-de-almudaina-celebra-su-decimo-aniversario-con-puertas-abiertas\\\/#primaryimage\",\"url\":\"https:\\\/\\\/www.copealcoy.es\\\/wp-content\\\/uploads\\\/2016\\\/08\\\/torre-almudaina-01-e1654714108842.jpg\",\"contentUrl\":\"https:\\\/\\\/www.copealcoy.es\\\/wp-content\\\/uploads\\\/2016\\\/08\\\/torre-almudaina-01-e1654714108842.jpg\",\"width\":640,\"height\":427},{\"@type\":\"BreadcrumbList\",\"@id\":\"https:\\\/\\\/www.copealcoy.es\\\/es\\\/la-torre-de-almudaina-celebra-su-decimo-aniversario-con-puertas-abiertas\\\/#breadcrumb\",\"itemListElement\":[{\"@type\":\"ListItem\",\"position\":1,\"name\":\"Portada\",\"item\":\"https:\\\/\\\/www.copealcoy.es\\\/es\\\/\"},{\"@type\":\"ListItem\",\"position\":2,\"name\":\"La Torre de Almudaina celebra su d\u00e9cimo aniversario con puertas abiertas\"}]},{\"@type\":\"WebSite\",\"@id\":\"https:\\\/\\\/www.copealcoy.es\\\/es\\\/#website\",\"url\":\"https:\\\/\\\/www.copealcoy.es\\\/es\\\/\",\"name\":\"COPE Alcoy\",\"description\":\"Emisora COPE de radio local con emisi\u00f3n online. Pont de Sant Jordi 8-10 03803 Alcoy\",\"potentialAction\":[{\"@type\":\"SearchAction\",\"target\":{\"@type\":\"EntryPoint\",\"urlTemplate\":\"https:\\\/\\\/www.copealcoy.es\\\/es\\\/?s={search_term_string}\"},\"query-input\":{\"@type\":\"PropertyValueSpecification\",\"valueRequired\":true,\"valueName\":\"search_term_string\"}}],\"inLanguage\":\"es\"},{\"@type\":\"Person\",\"@id\":\"https:\\\/\\\/www.copealcoy.es\\\/es\\\/#\\\/schema\\\/person\\\/e777c87fa024e57d40170af9df39882c\",\"name\":\"Cope Alcoy\",\"image\":{\"@type\":\"ImageObject\",\"inLanguage\":\"es\",\"@id\":\"https:\\\/\\\/secure.gravatar.com\\\/avatar\\\/bb65d0283347e303893ba14f0692005417c1e0e690a325a4c5d8bb2b3943ee14?s=96&d=mm&r=g\",\"url\":\"https:\\\/\\\/secure.gravatar.com\\\/avatar\\\/bb65d0283347e303893ba14f0692005417c1e0e690a325a4c5d8bb2b3943ee14?s=96&d=mm&r=g\",\"contentUrl\":\"https:\\\/\\\/secure.gravatar.com\\\/avatar\\\/bb65d0283347e303893ba14f0692005417c1e0e690a325a4c5d8bb2b3943ee14?s=96&d=mm&r=g\",\"caption\":\"Cope Alcoy\"}}]}<\/script>\n<!-- \/ Yoast SEO plugin. -->","yoast_head_json":{"title":"La Torre de Almudaina celebra su d\u00e9cimo aniversario con puertas abiertas - COPE Alcoy","robots":{"index":"index","follow":"follow","max-snippet":"max-snippet:-1","max-image-preview":"max-image-preview:large","max-video-preview":"max-video-preview:-1"},"canonical":"https:\/\/www.copealcoy.es\/es\/la-torre-de-almudaina-celebra-su-decimo-aniversario-con-puertas-abiertas\/","og_locale":"es_ES","og_type":"article","og_title":"La Torre de Almudaina celebra su d\u00e9cimo aniversario con puertas abiertas - COPE Alcoy","og_description":"Este mi\u00e9rcoles 14 de agosto se cumplir\u00e1n diez a\u00f1os desde la apertura al p\u00fablico de la Torre Almohade de Almudaina,...","og_url":"https:\/\/www.copealcoy.es\/es\/la-torre-de-almudaina-celebra-su-decimo-aniversario-con-puertas-abiertas\/","og_site_name":"COPE Alcoy","article_published_time":"2019-08-13T22:15:26+00:00","og_image":[{"width":1024,"height":683,"url":"https:\/\/www.copealcoy.es\/wp-content\/uploads\/2016\/08\/torre-almudaina-01.jpg","type":"image\/jpeg"}],"author":"Cope Alcoy","twitter_misc":{"Escrito por":"Cope Alcoy","Tiempo de lectura":"2 minutos"},"schema":{"@context":"https:\/\/schema.org","@graph":[{"@type":"Article","@id":"https:\/\/www.copealcoy.es\/es\/la-torre-de-almudaina-celebra-su-decimo-aniversario-con-puertas-abiertas\/#article","isPartOf":{"@id":"https:\/\/www.copealcoy.es\/es\/la-torre-de-almudaina-celebra-su-decimo-aniversario-con-puertas-abiertas\/"},"author":{"name":"Cope Alcoy","@id":"https:\/\/www.copealcoy.es\/es\/#\/schema\/person\/e777c87fa024e57d40170af9df39882c"},"headline":"La Torre de Almudaina celebra su d\u00e9cimo aniversario con puertas abiertas","datePublished":"2019-08-13T22:15:26+00:00","mainEntityOfPage":{"@id":"https:\/\/www.copealcoy.es\/es\/la-torre-de-almudaina-celebra-su-decimo-aniversario-con-puertas-abiertas\/"},"wordCount":333,"commentCount":0,"image":{"@id":"https:\/\/www.copealcoy.es\/es\/la-torre-de-almudaina-celebra-su-decimo-aniversario-con-puertas-abiertas\/#primaryimage"},"thumbnailUrl":"https:\/\/www.copealcoy.es\/wp-content\/uploads\/2016\/08\/torre-almudaina-01-e1654714108842.jpg","keywords":["Alicante","d\u00e9cimo aniversario","MARQ","Torre Almudaina"],"articleSection":["Comarcas","Noticias"],"inLanguage":"es"},{"@type":"WebPage","@id":"https:\/\/www.copealcoy.es\/es\/la-torre-de-almudaina-celebra-su-decimo-aniversario-con-puertas-abiertas\/","url":"https:\/\/www.copealcoy.es\/es\/la-torre-de-almudaina-celebra-su-decimo-aniversario-con-puertas-abiertas\/","name":"La Torre de Almudaina celebra su d\u00e9cimo aniversario con puertas abiertas - COPE Alcoy","isPartOf":{"@id":"https:\/\/www.copealcoy.es\/es\/#website"},"primaryImageOfPage":{"@id":"https:\/\/www.copealcoy.es\/es\/la-torre-de-almudaina-celebra-su-decimo-aniversario-con-puertas-abiertas\/#primaryimage"},"image":{"@id":"https:\/\/www.copealcoy.es\/es\/la-torre-de-almudaina-celebra-su-decimo-aniversario-con-puertas-abiertas\/#primaryimage"},"thumbnailUrl":"https:\/\/www.copealcoy.es\/wp-content\/uploads\/2016\/08\/torre-almudaina-01-e1654714108842.jpg","datePublished":"2019-08-13T22:15:26+00:00","author":{"@id":"https:\/\/www.copealcoy.es\/es\/#\/schema\/person\/e777c87fa024e57d40170af9df39882c"},"breadcrumb":{"@id":"https:\/\/www.copealcoy.es\/es\/la-torre-de-almudaina-celebra-su-decimo-aniversario-con-puertas-abiertas\/#breadcrumb"},"inLanguage":"es","potentialAction":[{"@type":"ReadAction","target":["https:\/\/www.copealcoy.es\/es\/la-torre-de-almudaina-celebra-su-decimo-aniversario-con-puertas-abiertas\/"]}]},{"@type":"ImageObject","inLanguage":"es","@id":"https:\/\/www.copealcoy.es\/es\/la-torre-de-almudaina-celebra-su-decimo-aniversario-con-puertas-abiertas\/#primaryimage","url":"https:\/\/www.copealcoy.es\/wp-content\/uploads\/2016\/08\/torre-almudaina-01-e1654714108842.jpg","contentUrl":"https:\/\/www.copealcoy.es\/wp-content\/uploads\/2016\/08\/torre-almudaina-01-e1654714108842.jpg","width":640,"height":427},{"@type":"BreadcrumbList","@id":"https:\/\/www.copealcoy.es\/es\/la-torre-de-almudaina-celebra-su-decimo-aniversario-con-puertas-abiertas\/#breadcrumb","itemListElement":[{"@type":"ListItem","position":1,"name":"Portada","item":"https:\/\/www.copealcoy.es\/es\/"},{"@type":"ListItem","position":2,"name":"La Torre de Almudaina celebra su d\u00e9cimo aniversario con puertas abiertas"}]},{"@type":"WebSite","@id":"https:\/\/www.copealcoy.es\/es\/#website","url":"https:\/\/www.copealcoy.es\/es\/","name":"COPE Alcoy","description":"Emisora COPE de radio local con emisi\u00f3n online. Pont de Sant Jordi 8-10 03803 Alcoy","potentialAction":[{"@type":"SearchAction","target":{"@type":"EntryPoint","urlTemplate":"https:\/\/www.copealcoy.es\/es\/?s={search_term_string}"},"query-input":{"@type":"PropertyValueSpecification","valueRequired":true,"valueName":"search_term_string"}}],"inLanguage":"es"},{"@type":"Person","@id":"https:\/\/www.copealcoy.es\/es\/#\/schema\/person\/e777c87fa024e57d40170af9df39882c","name":"Cope Alcoy","image":{"@type":"ImageObject","inLanguage":"es","@id":"https:\/\/secure.gravatar.com\/avatar\/bb65d0283347e303893ba14f0692005417c1e0e690a325a4c5d8bb2b3943ee14?s=96&d=mm&r=g","url":"https:\/\/secure.gravatar.com\/avatar\/bb65d0283347e303893ba14f0692005417c1e0e690a325a4c5d8bb2b3943ee14?s=96&d=mm&r=g","contentUrl":"https:\/\/secure.gravatar.com\/avatar\/bb65d0283347e303893ba14f0692005417c1e0e690a325a4c5d8bb2b3943ee14?s=96&d=mm&r=g","caption":"Cope Alcoy"}}]}},"_links":{"self":[{"href":"https:\/\/www.copealcoy.es\/es\/wp-json\/wp\/v2\/posts\/54373","targetHints":{"allow":["GET"]}}],"collection":[{"href":"https:\/\/www.copealcoy.es\/es\/wp-json\/wp\/v2\/posts"}],"about":[{"href":"https:\/\/www.copealcoy.es\/es\/wp-json\/wp\/v2\/types\/post"}],"author":[{"embeddable":true,"href":"https:\/\/www.copealcoy.es\/es\/wp-json\/wp\/v2\/users\/1"}],"replies":[{"embeddable":true,"href":"https:\/\/www.copealcoy.es\/es\/wp-json\/wp\/v2\/comments?post=54373"}],"version-history":[{"count":0,"href":"https:\/\/www.copealcoy.es\/es\/wp-json\/wp\/v2\/posts\/54373\/revisions"}],"wp:featuredmedia":[{"embeddable":true,"href":"https:\/\/www.copealcoy.es\/es\/wp-json\/wp\/v2\/media\/24365"}],"wp:attachment":[{"href":"https:\/\/www.copealcoy.es\/es\/wp-json\/wp\/v2\/media?parent=54373"}],"wp:term":[{"taxonomy":"category","embeddable":true,"href":"https:\/\/www.copealcoy.es\/es\/wp-json\/wp\/v2\/categories?post=54373"},{"taxonomy":"post_tag","embeddable":true,"href":"https:\/\/www.copealcoy.es\/es\/wp-json\/wp\/v2\/tags?post=54373"}],"curies":[{"name":"wp","href":"https:\/\/api.w.org\/{rel}","templated":true}]}}