{"id":54342,"date":"2019-08-13T12:33:56","date_gmt":"2019-08-13T12:33:56","guid":{"rendered":"https:\/\/copealcoi.es\/?p=54342"},"modified":"2019-08-13T12:33:56","modified_gmt":"2019-08-13T12:33:56","slug":"la-feria-modernista-de-alcoy-tendra-su-propia-carrera-pedestre","status":"publish","type":"post","link":"https:\/\/www.copealcoy.es\/es\/la-feria-modernista-de-alcoy-tendra-su-propia-carrera-pedestre\/","title":{"rendered":"La Feria Modernista de Alcoy tendr\u00e1 su propia &#8216;Carrera Pedestre&#8217;"},"content":{"rendered":"<p style=\"text-align: justify;\">La pr\u00f3xima edici\u00f3n de <strong>la Fira Modernista de Alcoy<\/strong> tambi\u00e9n incluir\u00e1 <strong>actividades deportivas<\/strong> y una de ellas ser\u00e1 la realizar\u00e1n de <strong>una &#8216;Carrera Pedestre&#8217;<\/strong>.<\/p>\n<p style=\"text-align: justify;\">La concejala de Turismo y el concejal de Deportes han presentado esta actividad para <strong>el domingo 22 de septiembre<\/strong>, a las 9 de la ma\u00f1ana, y han explicado que este <strong>ser\u00e1 un d\u00eda dedicado al deporte modernista<\/strong>. La carrera saldr\u00e1 de la Plaza de Espa\u00f1a, subir\u00e1 por San Nicol\u00e1s, bajar\u00e1 por San Francisco y pasar\u00e1 por parte de San Lorenzo y la Placeta de Les Gallines. Ambos remarcan que <strong>ser\u00e1 una interesante propuesta<\/strong> que estar\u00e1 abierta a todo el mundo &#8220;<em>no es una carrera competitiva as\u00ed que el recorrido se puede hacer corriendo o a pie si se desea<\/em>&#8220;, se\u00f1ala <strong>Miguel Juan Reig<\/strong>; Concejal de Deportes en Alcoy.<\/p>\n<p style=\"text-align: justify;\">Tanto <strong>Lorena Zamorano<\/strong>, concejala de Turismo, como Reig recalcaron que <strong>hay que intentar ir con la indumentaria modernista<\/strong>. Zamorano ha apuntado que en el perfil de Facebook de la Feria Modernista<strong> se colgar\u00e1n fotos de deportistas y atletas de la \u00e9poca<\/strong> para animar a la participaci\u00f3n &#8220;<em>las mujeres en aquellos momentos siempre iban bien tapadas hasta los pies. La vestimenta femenina ser\u00eda un poco m\u00e1s complicada de recrear que la masculina&#8221;, <\/em>se\u00f1ala.<\/p>\n<p style=\"text-align: justify;\">Indicar que los interesados en participar <strong>tienen que inscribirse antes del 13 de septiembre<\/strong> en el Centro de Deportes o en cualquier club de atletismo o running de Alcoy.<\/p>\n<p><iframe loading=\"lazy\" title=\"RP &#039;Carrera Pedestre&#039; Setmana Modernista 2019\" width=\"1200\" height=\"675\" src=\"https:\/\/www.youtube.com\/embed\/IHDwfKXIDBs?feature=oembed\" frameborder=\"0\" allow=\"accelerometer; autoplay; encrypted-media; gyroscope; picture-in-picture\" allowfullscreen><\/iframe><\/p>\n","protected":false},"excerpt":{"rendered":"<p>La pr\u00f3xima edici\u00f3n de la Fira Modernista de Alcoy tambi\u00e9n incluir\u00e1 actividades deportivas y una de ellas ser\u00e1 la realizar\u00e1n&#8230;<\/p>\n","protected":false},"author":1,"featured_media":54343,"comment_status":"open","ping_status":"open","sticky":false,"template":"","format":"standard","meta":{"footnotes":""},"categories":[97,78,75],"tags":[1494,9124,4643,1796,2366],"class_list":["post-54342","post","type-post","status-publish","format-standard","has-post-thumbnail","hentry","category-alcoy","category-fiestaycultura","category-noticias","tag-alcoy","tag-carrera-pedestre","tag-feria-modernista","tag-lorena-zamorano","tag-miguel-juan-reig"],"yoast_head":"<!-- This site is optimized with the Yoast SEO plugin v27.3 - https:\/\/yoast.com\/product\/yoast-seo-wordpress\/ -->\n<title>La Feria Modernista de Alcoy tendr\u00e1 su propia &#039;Carrera Pedestre&#039; - COPE Alcoy<\/title>\n<meta name=\"robots\" content=\"index, follow, max-snippet:-1, max-image-preview:large, max-video-preview:-1\" \/>\n<link rel=\"canonical\" href=\"https:\/\/www.copealcoy.es\/es\/la-feria-modernista-de-alcoy-tendra-su-propia-carrera-pedestre\/\" \/>\n<meta property=\"og:locale\" content=\"es_ES\" \/>\n<meta property=\"og:type\" content=\"article\" \/>\n<meta property=\"og:title\" content=\"La Feria Modernista de Alcoy tendr\u00e1 su propia &#039;Carrera Pedestre&#039; - COPE Alcoy\" \/>\n<meta property=\"og:description\" content=\"La pr\u00f3xima edici\u00f3n de la Fira Modernista de Alcoy tambi\u00e9n incluir\u00e1 actividades deportivas y una de ellas ser\u00e1 la realizar\u00e1n...\" \/>\n<meta property=\"og:url\" content=\"https:\/\/www.copealcoy.es\/es\/la-feria-modernista-de-alcoy-tendra-su-propia-carrera-pedestre\/\" \/>\n<meta property=\"og:site_name\" content=\"COPE Alcoy\" \/>\n<meta property=\"article:published_time\" content=\"2019-08-13T12:33:56+00:00\" \/>\n<meta property=\"og:image\" content=\"https:\/\/www.copealcoy.es\/wp-content\/uploads\/2019\/08\/IMG_6243-1-1280x640-1.jpg\" \/>\n\t<meta property=\"og:image:width\" content=\"1280\" \/>\n\t<meta property=\"og:image:height\" content=\"640\" \/>\n\t<meta property=\"og:image:type\" content=\"image\/jpeg\" \/>\n<meta name=\"author\" content=\"Cope Alcoy\" \/>\n<meta name=\"twitter:label1\" content=\"Escrito por\" \/>\n\t<meta name=\"twitter:data1\" content=\"Cope Alcoy\" \/>\n\t<meta name=\"twitter:label2\" content=\"Tiempo de lectura\" \/>\n\t<meta name=\"twitter:data2\" content=\"1 minuto\" \/>\n<script type=\"application\/ld+json\" class=\"yoast-schema-graph\">{\"@context\":\"https:\\\/\\\/schema.org\",\"@graph\":[{\"@type\":\"Article\",\"@id\":\"https:\\\/\\\/www.copealcoy.es\\\/es\\\/la-feria-modernista-de-alcoy-tendra-su-propia-carrera-pedestre\\\/#article\",\"isPartOf\":{\"@id\":\"https:\\\/\\\/www.copealcoy.es\\\/es\\\/la-feria-modernista-de-alcoy-tendra-su-propia-carrera-pedestre\\\/\"},\"author\":{\"name\":\"Cope Alcoy\",\"@id\":\"https:\\\/\\\/www.copealcoy.es\\\/es\\\/#\\\/schema\\\/person\\\/e777c87fa024e57d40170af9df39882c\"},\"headline\":\"La Feria Modernista de Alcoy tendr\u00e1 su propia &#8216;Carrera Pedestre&#8217;\",\"datePublished\":\"2019-08-13T12:33:56+00:00\",\"mainEntityOfPage\":{\"@id\":\"https:\\\/\\\/www.copealcoy.es\\\/es\\\/la-feria-modernista-de-alcoy-tendra-su-propia-carrera-pedestre\\\/\"},\"wordCount\":258,\"commentCount\":0,\"image\":{\"@id\":\"https:\\\/\\\/www.copealcoy.es\\\/es\\\/la-feria-modernista-de-alcoy-tendra-su-propia-carrera-pedestre\\\/#primaryimage\"},\"thumbnailUrl\":\"https:\\\/\\\/www.copealcoy.es\\\/wp-content\\\/uploads\\\/2019\\\/08\\\/IMG_6243-1-1280x640-1.jpg\",\"keywords\":[\"Alcoy\",\"Carrera Pedestre\",\"Feria Modernista\",\"Lorena Zamorano\",\"Miguel Juan Reig\"],\"articleSection\":[\"Alcoy\",\"Fiesta y Cultura\",\"Noticias\"],\"inLanguage\":\"es\"},{\"@type\":\"WebPage\",\"@id\":\"https:\\\/\\\/www.copealcoy.es\\\/es\\\/la-feria-modernista-de-alcoy-tendra-su-propia-carrera-pedestre\\\/\",\"url\":\"https:\\\/\\\/www.copealcoy.es\\\/es\\\/la-feria-modernista-de-alcoy-tendra-su-propia-carrera-pedestre\\\/\",\"name\":\"La Feria Modernista de Alcoy tendr\u00e1 su propia 'Carrera Pedestre' - COPE Alcoy\",\"isPartOf\":{\"@id\":\"https:\\\/\\\/www.copealcoy.es\\\/es\\\/#website\"},\"primaryImageOfPage\":{\"@id\":\"https:\\\/\\\/www.copealcoy.es\\\/es\\\/la-feria-modernista-de-alcoy-tendra-su-propia-carrera-pedestre\\\/#primaryimage\"},\"image\":{\"@id\":\"https:\\\/\\\/www.copealcoy.es\\\/es\\\/la-feria-modernista-de-alcoy-tendra-su-propia-carrera-pedestre\\\/#primaryimage\"},\"thumbnailUrl\":\"https:\\\/\\\/www.copealcoy.es\\\/wp-content\\\/uploads\\\/2019\\\/08\\\/IMG_6243-1-1280x640-1.jpg\",\"datePublished\":\"2019-08-13T12:33:56+00:00\",\"author\":{\"@id\":\"https:\\\/\\\/www.copealcoy.es\\\/es\\\/#\\\/schema\\\/person\\\/e777c87fa024e57d40170af9df39882c\"},\"breadcrumb\":{\"@id\":\"https:\\\/\\\/www.copealcoy.es\\\/es\\\/la-feria-modernista-de-alcoy-tendra-su-propia-carrera-pedestre\\\/#breadcrumb\"},\"inLanguage\":\"es\",\"potentialAction\":[{\"@type\":\"ReadAction\",\"target\":[\"https:\\\/\\\/www.copealcoy.es\\\/es\\\/la-feria-modernista-de-alcoy-tendra-su-propia-carrera-pedestre\\\/\"]}]},{\"@type\":\"ImageObject\",\"inLanguage\":\"es\",\"@id\":\"https:\\\/\\\/www.copealcoy.es\\\/es\\\/la-feria-modernista-de-alcoy-tendra-su-propia-carrera-pedestre\\\/#primaryimage\",\"url\":\"https:\\\/\\\/www.copealcoy.es\\\/wp-content\\\/uploads\\\/2019\\\/08\\\/IMG_6243-1-1280x640-1.jpg\",\"contentUrl\":\"https:\\\/\\\/www.copealcoy.es\\\/wp-content\\\/uploads\\\/2019\\\/08\\\/IMG_6243-1-1280x640-1.jpg\",\"width\":1280,\"height\":640,\"caption\":\"Miguel Juan Reig, Lorena Zamorano y Javier L\u00f3pez presentaron la actividad\"},{\"@type\":\"BreadcrumbList\",\"@id\":\"https:\\\/\\\/www.copealcoy.es\\\/es\\\/la-feria-modernista-de-alcoy-tendra-su-propia-carrera-pedestre\\\/#breadcrumb\",\"itemListElement\":[{\"@type\":\"ListItem\",\"position\":1,\"name\":\"Portada\",\"item\":\"https:\\\/\\\/www.copealcoy.es\\\/es\\\/\"},{\"@type\":\"ListItem\",\"position\":2,\"name\":\"La Feria Modernista de Alcoy tendr\u00e1 su propia &#8216;Carrera Pedestre&#8217;\"}]},{\"@type\":\"WebSite\",\"@id\":\"https:\\\/\\\/www.copealcoy.es\\\/es\\\/#website\",\"url\":\"https:\\\/\\\/www.copealcoy.es\\\/es\\\/\",\"name\":\"COPE Alcoy\",\"description\":\"Emisora COPE de radio local con emisi\u00f3n online. Pont de Sant Jordi 8-10 03803 Alcoy\",\"potentialAction\":[{\"@type\":\"SearchAction\",\"target\":{\"@type\":\"EntryPoint\",\"urlTemplate\":\"https:\\\/\\\/www.copealcoy.es\\\/es\\\/?s={search_term_string}\"},\"query-input\":{\"@type\":\"PropertyValueSpecification\",\"valueRequired\":true,\"valueName\":\"search_term_string\"}}],\"inLanguage\":\"es\"},{\"@type\":\"Person\",\"@id\":\"https:\\\/\\\/www.copealcoy.es\\\/es\\\/#\\\/schema\\\/person\\\/e777c87fa024e57d40170af9df39882c\",\"name\":\"Cope Alcoy\",\"image\":{\"@type\":\"ImageObject\",\"inLanguage\":\"es\",\"@id\":\"https:\\\/\\\/secure.gravatar.com\\\/avatar\\\/bb65d0283347e303893ba14f0692005417c1e0e690a325a4c5d8bb2b3943ee14?s=96&d=mm&r=g\",\"url\":\"https:\\\/\\\/secure.gravatar.com\\\/avatar\\\/bb65d0283347e303893ba14f0692005417c1e0e690a325a4c5d8bb2b3943ee14?s=96&d=mm&r=g\",\"contentUrl\":\"https:\\\/\\\/secure.gravatar.com\\\/avatar\\\/bb65d0283347e303893ba14f0692005417c1e0e690a325a4c5d8bb2b3943ee14?s=96&d=mm&r=g\",\"caption\":\"Cope Alcoy\"}}]}<\/script>\n<!-- \/ Yoast SEO plugin. -->","yoast_head_json":{"title":"La Feria Modernista de Alcoy tendr\u00e1 su propia 'Carrera Pedestre' - COPE Alcoy","robots":{"index":"index","follow":"follow","max-snippet":"max-snippet:-1","max-image-preview":"max-image-preview:large","max-video-preview":"max-video-preview:-1"},"canonical":"https:\/\/www.copealcoy.es\/es\/la-feria-modernista-de-alcoy-tendra-su-propia-carrera-pedestre\/","og_locale":"es_ES","og_type":"article","og_title":"La Feria Modernista de Alcoy tendr\u00e1 su propia 'Carrera Pedestre' - COPE Alcoy","og_description":"La pr\u00f3xima edici\u00f3n de la Fira Modernista de Alcoy tambi\u00e9n incluir\u00e1 actividades deportivas y una de ellas ser\u00e1 la realizar\u00e1n...","og_url":"https:\/\/www.copealcoy.es\/es\/la-feria-modernista-de-alcoy-tendra-su-propia-carrera-pedestre\/","og_site_name":"COPE Alcoy","article_published_time":"2019-08-13T12:33:56+00:00","og_image":[{"width":1280,"height":640,"url":"https:\/\/www.copealcoy.es\/wp-content\/uploads\/2019\/08\/IMG_6243-1-1280x640-1.jpg","type":"image\/jpeg"}],"author":"Cope Alcoy","twitter_misc":{"Escrito por":"Cope Alcoy","Tiempo de lectura":"1 minuto"},"schema":{"@context":"https:\/\/schema.org","@graph":[{"@type":"Article","@id":"https:\/\/www.copealcoy.es\/es\/la-feria-modernista-de-alcoy-tendra-su-propia-carrera-pedestre\/#article","isPartOf":{"@id":"https:\/\/www.copealcoy.es\/es\/la-feria-modernista-de-alcoy-tendra-su-propia-carrera-pedestre\/"},"author":{"name":"Cope Alcoy","@id":"https:\/\/www.copealcoy.es\/es\/#\/schema\/person\/e777c87fa024e57d40170af9df39882c"},"headline":"La Feria Modernista de Alcoy tendr\u00e1 su propia &#8216;Carrera Pedestre&#8217;","datePublished":"2019-08-13T12:33:56+00:00","mainEntityOfPage":{"@id":"https:\/\/www.copealcoy.es\/es\/la-feria-modernista-de-alcoy-tendra-su-propia-carrera-pedestre\/"},"wordCount":258,"commentCount":0,"image":{"@id":"https:\/\/www.copealcoy.es\/es\/la-feria-modernista-de-alcoy-tendra-su-propia-carrera-pedestre\/#primaryimage"},"thumbnailUrl":"https:\/\/www.copealcoy.es\/wp-content\/uploads\/2019\/08\/IMG_6243-1-1280x640-1.jpg","keywords":["Alcoy","Carrera Pedestre","Feria Modernista","Lorena Zamorano","Miguel Juan Reig"],"articleSection":["Alcoy","Fiesta y Cultura","Noticias"],"inLanguage":"es"},{"@type":"WebPage","@id":"https:\/\/www.copealcoy.es\/es\/la-feria-modernista-de-alcoy-tendra-su-propia-carrera-pedestre\/","url":"https:\/\/www.copealcoy.es\/es\/la-feria-modernista-de-alcoy-tendra-su-propia-carrera-pedestre\/","name":"La Feria Modernista de Alcoy tendr\u00e1 su propia 'Carrera Pedestre' - COPE Alcoy","isPartOf":{"@id":"https:\/\/www.copealcoy.es\/es\/#website"},"primaryImageOfPage":{"@id":"https:\/\/www.copealcoy.es\/es\/la-feria-modernista-de-alcoy-tendra-su-propia-carrera-pedestre\/#primaryimage"},"image":{"@id":"https:\/\/www.copealcoy.es\/es\/la-feria-modernista-de-alcoy-tendra-su-propia-carrera-pedestre\/#primaryimage"},"thumbnailUrl":"https:\/\/www.copealcoy.es\/wp-content\/uploads\/2019\/08\/IMG_6243-1-1280x640-1.jpg","datePublished":"2019-08-13T12:33:56+00:00","author":{"@id":"https:\/\/www.copealcoy.es\/es\/#\/schema\/person\/e777c87fa024e57d40170af9df39882c"},"breadcrumb":{"@id":"https:\/\/www.copealcoy.es\/es\/la-feria-modernista-de-alcoy-tendra-su-propia-carrera-pedestre\/#breadcrumb"},"inLanguage":"es","potentialAction":[{"@type":"ReadAction","target":["https:\/\/www.copealcoy.es\/es\/la-feria-modernista-de-alcoy-tendra-su-propia-carrera-pedestre\/"]}]},{"@type":"ImageObject","inLanguage":"es","@id":"https:\/\/www.copealcoy.es\/es\/la-feria-modernista-de-alcoy-tendra-su-propia-carrera-pedestre\/#primaryimage","url":"https:\/\/www.copealcoy.es\/wp-content\/uploads\/2019\/08\/IMG_6243-1-1280x640-1.jpg","contentUrl":"https:\/\/www.copealcoy.es\/wp-content\/uploads\/2019\/08\/IMG_6243-1-1280x640-1.jpg","width":1280,"height":640,"caption":"Miguel Juan Reig, Lorena Zamorano y Javier L\u00f3pez presentaron la actividad"},{"@type":"BreadcrumbList","@id":"https:\/\/www.copealcoy.es\/es\/la-feria-modernista-de-alcoy-tendra-su-propia-carrera-pedestre\/#breadcrumb","itemListElement":[{"@type":"ListItem","position":1,"name":"Portada","item":"https:\/\/www.copealcoy.es\/es\/"},{"@type":"ListItem","position":2,"name":"La Feria Modernista de Alcoy tendr\u00e1 su propia &#8216;Carrera Pedestre&#8217;"}]},{"@type":"WebSite","@id":"https:\/\/www.copealcoy.es\/es\/#website","url":"https:\/\/www.copealcoy.es\/es\/","name":"COPE Alcoy","description":"Emisora COPE de radio local con emisi\u00f3n online. Pont de Sant Jordi 8-10 03803 Alcoy","potentialAction":[{"@type":"SearchAction","target":{"@type":"EntryPoint","urlTemplate":"https:\/\/www.copealcoy.es\/es\/?s={search_term_string}"},"query-input":{"@type":"PropertyValueSpecification","valueRequired":true,"valueName":"search_term_string"}}],"inLanguage":"es"},{"@type":"Person","@id":"https:\/\/www.copealcoy.es\/es\/#\/schema\/person\/e777c87fa024e57d40170af9df39882c","name":"Cope Alcoy","image":{"@type":"ImageObject","inLanguage":"es","@id":"https:\/\/secure.gravatar.com\/avatar\/bb65d0283347e303893ba14f0692005417c1e0e690a325a4c5d8bb2b3943ee14?s=96&d=mm&r=g","url":"https:\/\/secure.gravatar.com\/avatar\/bb65d0283347e303893ba14f0692005417c1e0e690a325a4c5d8bb2b3943ee14?s=96&d=mm&r=g","contentUrl":"https:\/\/secure.gravatar.com\/avatar\/bb65d0283347e303893ba14f0692005417c1e0e690a325a4c5d8bb2b3943ee14?s=96&d=mm&r=g","caption":"Cope Alcoy"}}]}},"_links":{"self":[{"href":"https:\/\/www.copealcoy.es\/es\/wp-json\/wp\/v2\/posts\/54342","targetHints":{"allow":["GET"]}}],"collection":[{"href":"https:\/\/www.copealcoy.es\/es\/wp-json\/wp\/v2\/posts"}],"about":[{"href":"https:\/\/www.copealcoy.es\/es\/wp-json\/wp\/v2\/types\/post"}],"author":[{"embeddable":true,"href":"https:\/\/www.copealcoy.es\/es\/wp-json\/wp\/v2\/users\/1"}],"replies":[{"embeddable":true,"href":"https:\/\/www.copealcoy.es\/es\/wp-json\/wp\/v2\/comments?post=54342"}],"version-history":[{"count":0,"href":"https:\/\/www.copealcoy.es\/es\/wp-json\/wp\/v2\/posts\/54342\/revisions"}],"wp:featuredmedia":[{"embeddable":true,"href":"https:\/\/www.copealcoy.es\/es\/wp-json\/wp\/v2\/media\/54343"}],"wp:attachment":[{"href":"https:\/\/www.copealcoy.es\/es\/wp-json\/wp\/v2\/media?parent=54342"}],"wp:term":[{"taxonomy":"category","embeddable":true,"href":"https:\/\/www.copealcoy.es\/es\/wp-json\/wp\/v2\/categories?post=54342"},{"taxonomy":"post_tag","embeddable":true,"href":"https:\/\/www.copealcoy.es\/es\/wp-json\/wp\/v2\/tags?post=54342"}],"curies":[{"name":"wp","href":"https:\/\/api.w.org\/{rel}","templated":true}]}}