{"id":54282,"date":"2019-08-10T16:24:00","date_gmt":"2019-08-10T16:24:00","guid":{"rendered":"https:\/\/copealcoi.es\/?p=54282"},"modified":"2019-08-10T16:24:00","modified_gmt":"2019-08-10T16:24:00","slug":"cocentaina-ya-disfruta-de-su-entrada-de-moros-y-cristianos","status":"publish","type":"post","link":"https:\/\/www.copealcoy.es\/es\/cocentaina-ya-disfruta-de-su-entrada-de-moros-y-cristianos\/","title":{"rendered":"Cocentaina ya disfruta de su Entrada de Moros y Cristianos"},"content":{"rendered":"<p style=\"text-align: justify;\">La <strong>Entrada de Moros y Cristianos de Cocentaina del 2019<\/strong> ha arrancado a las siete de la tarde desde la parte alta del Passeig del Comtat y cuenta este a\u00f1o con una participaci\u00f3n de <strong>m\u00e1s de tres mil personas<\/strong> entre festeros y m\u00fasicos.<\/p>\n<p style=\"text-align: justify;\">En el desfile participan <strong>las 16 Filaes contestanas<\/strong>y las miradas se centrar\u00e1n en los cuatro cargos festeros de este a\u00f1o: <strong>M\u00e0xim Ferrer Sell\u00e9s&nbsp;<\/strong>(Capit\u00e1n Cristiano de la Fil\u00e0 Contestanos), <strong>Javier Pascual Motos<\/strong>(Abanderado Cristiano de la Fil\u00e0 Creuats), <strong>Rub\u00e9n Colomina Arroyo<\/strong>(Capit\u00e1n Moro de la Fil\u00e0 Bereberes \u2018Els Borts\u2019) y <strong>Abraham Molt\u00f3 Garc\u00eda<\/strong>(Abanderado Moro de la Fil\u00e0 Manta Roja). La Entrada <strong>discurrir\u00e1<\/strong> por el Passeig del Comtat y la calle Bisbe Estanya para llegar al Pla junto al Castillo de Fiestas y el Palau Comtal. Despu\u00e9s enfilar\u00e1 la calle Mare de D\u00e9u del Miracle hasta concluir en la Placeta dels Ap\u00f2stols.<\/p>\n<p style=\"text-align: justify;\">La jornada acabar\u00e1 con <strong>la actuaci\u00f3n de una discom\u00f3vil&nbsp;<\/strong>en la parte central de l\u2019Avinguda del Pa\u00eds Valenci\u00e0.<\/p>\n","protected":false},"excerpt":{"rendered":"<p>La Entrada de Moros y Cristianos de Cocentaina del 2019 ha arrancado a las siete de la tarde desde la&#8230;<\/p>\n","protected":false},"author":1,"featured_media":54285,"comment_status":"open","ping_status":"open","sticky":false,"template":"","format":"standard","meta":{"footnotes":""},"categories":[98,75,125],"tags":[132,1987,565,609,4488],"class_list":["post-54282","post","type-post","status-publish","format-standard","has-post-thumbnail","hentry","category-comarcas","category-noticias","category-portada","tag-cocentaina","tag-entrada","tag-fiestas","tag-moros-y-cristianos","tag-san-hipolito-martir"],"yoast_head":"<!-- This site is optimized with the Yoast SEO plugin v27.3 - https:\/\/yoast.com\/product\/yoast-seo-wordpress\/ -->\n<title>Cocentaina ya disfruta de su Entrada de Moros y Cristianos - COPE Alcoy<\/title>\n<meta name=\"robots\" content=\"index, follow, max-snippet:-1, max-image-preview:large, max-video-preview:-1\" \/>\n<link rel=\"canonical\" href=\"https:\/\/www.copealcoy.es\/es\/cocentaina-ya-disfruta-de-su-entrada-de-moros-y-cristianos\/\" \/>\n<meta property=\"og:locale\" content=\"es_ES\" \/>\n<meta property=\"og:type\" content=\"article\" \/>\n<meta property=\"og:title\" content=\"Cocentaina ya disfruta de su Entrada de Moros y Cristianos - COPE Alcoy\" \/>\n<meta property=\"og:description\" content=\"La Entrada de Moros y Cristianos de Cocentaina del 2019 ha arrancado a las siete de la tarde desde la...\" \/>\n<meta property=\"og:url\" content=\"https:\/\/www.copealcoy.es\/es\/cocentaina-ya-disfruta-de-su-entrada-de-moros-y-cristianos\/\" \/>\n<meta property=\"og:site_name\" content=\"COPE Alcoy\" \/>\n<meta property=\"article:published_time\" content=\"2019-08-10T16:24:00+00:00\" \/>\n<meta property=\"og:image\" content=\"https:\/\/www.copealcoy.es\/wp-content\/uploads\/2019\/08\/68568202_1734808473329297_1766945044448673792_n-e1565480005918-1.jpg\" \/>\n\t<meta property=\"og:image:width\" content=\"844\" \/>\n\t<meta property=\"og:image:height\" content=\"489\" \/>\n\t<meta property=\"og:image:type\" content=\"image\/jpeg\" \/>\n<meta name=\"author\" content=\"Cope Alcoy\" \/>\n<meta name=\"twitter:label1\" content=\"Escrito por\" \/>\n\t<meta name=\"twitter:data1\" content=\"Cope Alcoy\" \/>\n\t<meta name=\"twitter:label2\" content=\"Tiempo de lectura\" \/>\n\t<meta name=\"twitter:data2\" content=\"1 minuto\" \/>\n<script type=\"application\/ld+json\" class=\"yoast-schema-graph\">{\"@context\":\"https:\\\/\\\/schema.org\",\"@graph\":[{\"@type\":\"Article\",\"@id\":\"https:\\\/\\\/www.copealcoy.es\\\/es\\\/cocentaina-ya-disfruta-de-su-entrada-de-moros-y-cristianos\\\/#article\",\"isPartOf\":{\"@id\":\"https:\\\/\\\/www.copealcoy.es\\\/es\\\/cocentaina-ya-disfruta-de-su-entrada-de-moros-y-cristianos\\\/\"},\"author\":{\"name\":\"Cope Alcoy\",\"@id\":\"https:\\\/\\\/www.copealcoy.es\\\/es\\\/#\\\/schema\\\/person\\\/e777c87fa024e57d40170af9df39882c\"},\"headline\":\"Cocentaina ya disfruta de su Entrada de Moros y Cristianos\",\"datePublished\":\"2019-08-10T16:24:00+00:00\",\"mainEntityOfPage\":{\"@id\":\"https:\\\/\\\/www.copealcoy.es\\\/es\\\/cocentaina-ya-disfruta-de-su-entrada-de-moros-y-cristianos\\\/\"},\"wordCount\":192,\"commentCount\":0,\"image\":{\"@id\":\"https:\\\/\\\/www.copealcoy.es\\\/es\\\/cocentaina-ya-disfruta-de-su-entrada-de-moros-y-cristianos\\\/#primaryimage\"},\"thumbnailUrl\":\"https:\\\/\\\/www.copealcoy.es\\\/wp-content\\\/uploads\\\/2019\\\/08\\\/68568202_1734808473329297_1766945044448673792_n-e1565480005918-1.jpg\",\"keywords\":[\"Cocentaina\",\"Entrada\",\"Fiestas\",\"Moros Y Cristianos\",\"San Hip\u00f3lito M\u00e1rtir\"],\"articleSection\":[\"Comarcas\",\"Noticias\",\"Portada\"],\"inLanguage\":\"es\"},{\"@type\":\"WebPage\",\"@id\":\"https:\\\/\\\/www.copealcoy.es\\\/es\\\/cocentaina-ya-disfruta-de-su-entrada-de-moros-y-cristianos\\\/\",\"url\":\"https:\\\/\\\/www.copealcoy.es\\\/es\\\/cocentaina-ya-disfruta-de-su-entrada-de-moros-y-cristianos\\\/\",\"name\":\"Cocentaina ya disfruta de su Entrada de Moros y Cristianos - COPE Alcoy\",\"isPartOf\":{\"@id\":\"https:\\\/\\\/www.copealcoy.es\\\/es\\\/#website\"},\"primaryImageOfPage\":{\"@id\":\"https:\\\/\\\/www.copealcoy.es\\\/es\\\/cocentaina-ya-disfruta-de-su-entrada-de-moros-y-cristianos\\\/#primaryimage\"},\"image\":{\"@id\":\"https:\\\/\\\/www.copealcoy.es\\\/es\\\/cocentaina-ya-disfruta-de-su-entrada-de-moros-y-cristianos\\\/#primaryimage\"},\"thumbnailUrl\":\"https:\\\/\\\/www.copealcoy.es\\\/wp-content\\\/uploads\\\/2019\\\/08\\\/68568202_1734808473329297_1766945044448673792_n-e1565480005918-1.jpg\",\"datePublished\":\"2019-08-10T16:24:00+00:00\",\"author\":{\"@id\":\"https:\\\/\\\/www.copealcoy.es\\\/es\\\/#\\\/schema\\\/person\\\/e777c87fa024e57d40170af9df39882c\"},\"breadcrumb\":{\"@id\":\"https:\\\/\\\/www.copealcoy.es\\\/es\\\/cocentaina-ya-disfruta-de-su-entrada-de-moros-y-cristianos\\\/#breadcrumb\"},\"inLanguage\":\"es\",\"potentialAction\":[{\"@type\":\"ReadAction\",\"target\":[\"https:\\\/\\\/www.copealcoy.es\\\/es\\\/cocentaina-ya-disfruta-de-su-entrada-de-moros-y-cristianos\\\/\"]}]},{\"@type\":\"ImageObject\",\"inLanguage\":\"es\",\"@id\":\"https:\\\/\\\/www.copealcoy.es\\\/es\\\/cocentaina-ya-disfruta-de-su-entrada-de-moros-y-cristianos\\\/#primaryimage\",\"url\":\"https:\\\/\\\/www.copealcoy.es\\\/wp-content\\\/uploads\\\/2019\\\/08\\\/68568202_1734808473329297_1766945044448673792_n-e1565480005918-1.jpg\",\"contentUrl\":\"https:\\\/\\\/www.copealcoy.es\\\/wp-content\\\/uploads\\\/2019\\\/08\\\/68568202_1734808473329297_1766945044448673792_n-e1565480005918-1.jpg\",\"width\":844,\"height\":489,\"caption\":\"M\u00e0xim Ferrer, Capit\u00e1n Cristiano de la Fil\u00e0 Contestanos, a su llegada al Pla \\\/ Foto: G. Pascual\"},{\"@type\":\"BreadcrumbList\",\"@id\":\"https:\\\/\\\/www.copealcoy.es\\\/es\\\/cocentaina-ya-disfruta-de-su-entrada-de-moros-y-cristianos\\\/#breadcrumb\",\"itemListElement\":[{\"@type\":\"ListItem\",\"position\":1,\"name\":\"Portada\",\"item\":\"https:\\\/\\\/www.copealcoy.es\\\/es\\\/\"},{\"@type\":\"ListItem\",\"position\":2,\"name\":\"Cocentaina ya disfruta de su Entrada de Moros y Cristianos\"}]},{\"@type\":\"WebSite\",\"@id\":\"https:\\\/\\\/www.copealcoy.es\\\/es\\\/#website\",\"url\":\"https:\\\/\\\/www.copealcoy.es\\\/es\\\/\",\"name\":\"COPE Alcoy\",\"description\":\"Emisora COPE de radio local con emisi\u00f3n online. Pont de Sant Jordi 8-10 03803 Alcoy\",\"potentialAction\":[{\"@type\":\"SearchAction\",\"target\":{\"@type\":\"EntryPoint\",\"urlTemplate\":\"https:\\\/\\\/www.copealcoy.es\\\/es\\\/?s={search_term_string}\"},\"query-input\":{\"@type\":\"PropertyValueSpecification\",\"valueRequired\":true,\"valueName\":\"search_term_string\"}}],\"inLanguage\":\"es\"},{\"@type\":\"Person\",\"@id\":\"https:\\\/\\\/www.copealcoy.es\\\/es\\\/#\\\/schema\\\/person\\\/e777c87fa024e57d40170af9df39882c\",\"name\":\"Cope Alcoy\",\"image\":{\"@type\":\"ImageObject\",\"inLanguage\":\"es\",\"@id\":\"https:\\\/\\\/secure.gravatar.com\\\/avatar\\\/bb65d0283347e303893ba14f0692005417c1e0e690a325a4c5d8bb2b3943ee14?s=96&d=mm&r=g\",\"url\":\"https:\\\/\\\/secure.gravatar.com\\\/avatar\\\/bb65d0283347e303893ba14f0692005417c1e0e690a325a4c5d8bb2b3943ee14?s=96&d=mm&r=g\",\"contentUrl\":\"https:\\\/\\\/secure.gravatar.com\\\/avatar\\\/bb65d0283347e303893ba14f0692005417c1e0e690a325a4c5d8bb2b3943ee14?s=96&d=mm&r=g\",\"caption\":\"Cope Alcoy\"}}]}<\/script>\n<!-- \/ Yoast SEO plugin. -->","yoast_head_json":{"title":"Cocentaina ya disfruta de su Entrada de Moros y Cristianos - COPE Alcoy","robots":{"index":"index","follow":"follow","max-snippet":"max-snippet:-1","max-image-preview":"max-image-preview:large","max-video-preview":"max-video-preview:-1"},"canonical":"https:\/\/www.copealcoy.es\/es\/cocentaina-ya-disfruta-de-su-entrada-de-moros-y-cristianos\/","og_locale":"es_ES","og_type":"article","og_title":"Cocentaina ya disfruta de su Entrada de Moros y Cristianos - COPE Alcoy","og_description":"La Entrada de Moros y Cristianos de Cocentaina del 2019 ha arrancado a las siete de la tarde desde la...","og_url":"https:\/\/www.copealcoy.es\/es\/cocentaina-ya-disfruta-de-su-entrada-de-moros-y-cristianos\/","og_site_name":"COPE Alcoy","article_published_time":"2019-08-10T16:24:00+00:00","og_image":[{"width":844,"height":489,"url":"https:\/\/www.copealcoy.es\/wp-content\/uploads\/2019\/08\/68568202_1734808473329297_1766945044448673792_n-e1565480005918-1.jpg","type":"image\/jpeg"}],"author":"Cope Alcoy","twitter_misc":{"Escrito por":"Cope Alcoy","Tiempo de lectura":"1 minuto"},"schema":{"@context":"https:\/\/schema.org","@graph":[{"@type":"Article","@id":"https:\/\/www.copealcoy.es\/es\/cocentaina-ya-disfruta-de-su-entrada-de-moros-y-cristianos\/#article","isPartOf":{"@id":"https:\/\/www.copealcoy.es\/es\/cocentaina-ya-disfruta-de-su-entrada-de-moros-y-cristianos\/"},"author":{"name":"Cope Alcoy","@id":"https:\/\/www.copealcoy.es\/es\/#\/schema\/person\/e777c87fa024e57d40170af9df39882c"},"headline":"Cocentaina ya disfruta de su Entrada de Moros y Cristianos","datePublished":"2019-08-10T16:24:00+00:00","mainEntityOfPage":{"@id":"https:\/\/www.copealcoy.es\/es\/cocentaina-ya-disfruta-de-su-entrada-de-moros-y-cristianos\/"},"wordCount":192,"commentCount":0,"image":{"@id":"https:\/\/www.copealcoy.es\/es\/cocentaina-ya-disfruta-de-su-entrada-de-moros-y-cristianos\/#primaryimage"},"thumbnailUrl":"https:\/\/www.copealcoy.es\/wp-content\/uploads\/2019\/08\/68568202_1734808473329297_1766945044448673792_n-e1565480005918-1.jpg","keywords":["Cocentaina","Entrada","Fiestas","Moros Y Cristianos","San Hip\u00f3lito M\u00e1rtir"],"articleSection":["Comarcas","Noticias","Portada"],"inLanguage":"es"},{"@type":"WebPage","@id":"https:\/\/www.copealcoy.es\/es\/cocentaina-ya-disfruta-de-su-entrada-de-moros-y-cristianos\/","url":"https:\/\/www.copealcoy.es\/es\/cocentaina-ya-disfruta-de-su-entrada-de-moros-y-cristianos\/","name":"Cocentaina ya disfruta de su Entrada de Moros y Cristianos - COPE Alcoy","isPartOf":{"@id":"https:\/\/www.copealcoy.es\/es\/#website"},"primaryImageOfPage":{"@id":"https:\/\/www.copealcoy.es\/es\/cocentaina-ya-disfruta-de-su-entrada-de-moros-y-cristianos\/#primaryimage"},"image":{"@id":"https:\/\/www.copealcoy.es\/es\/cocentaina-ya-disfruta-de-su-entrada-de-moros-y-cristianos\/#primaryimage"},"thumbnailUrl":"https:\/\/www.copealcoy.es\/wp-content\/uploads\/2019\/08\/68568202_1734808473329297_1766945044448673792_n-e1565480005918-1.jpg","datePublished":"2019-08-10T16:24:00+00:00","author":{"@id":"https:\/\/www.copealcoy.es\/es\/#\/schema\/person\/e777c87fa024e57d40170af9df39882c"},"breadcrumb":{"@id":"https:\/\/www.copealcoy.es\/es\/cocentaina-ya-disfruta-de-su-entrada-de-moros-y-cristianos\/#breadcrumb"},"inLanguage":"es","potentialAction":[{"@type":"ReadAction","target":["https:\/\/www.copealcoy.es\/es\/cocentaina-ya-disfruta-de-su-entrada-de-moros-y-cristianos\/"]}]},{"@type":"ImageObject","inLanguage":"es","@id":"https:\/\/www.copealcoy.es\/es\/cocentaina-ya-disfruta-de-su-entrada-de-moros-y-cristianos\/#primaryimage","url":"https:\/\/www.copealcoy.es\/wp-content\/uploads\/2019\/08\/68568202_1734808473329297_1766945044448673792_n-e1565480005918-1.jpg","contentUrl":"https:\/\/www.copealcoy.es\/wp-content\/uploads\/2019\/08\/68568202_1734808473329297_1766945044448673792_n-e1565480005918-1.jpg","width":844,"height":489,"caption":"M\u00e0xim Ferrer, Capit\u00e1n Cristiano de la Fil\u00e0 Contestanos, a su llegada al Pla \/ Foto: G. Pascual"},{"@type":"BreadcrumbList","@id":"https:\/\/www.copealcoy.es\/es\/cocentaina-ya-disfruta-de-su-entrada-de-moros-y-cristianos\/#breadcrumb","itemListElement":[{"@type":"ListItem","position":1,"name":"Portada","item":"https:\/\/www.copealcoy.es\/es\/"},{"@type":"ListItem","position":2,"name":"Cocentaina ya disfruta de su Entrada de Moros y Cristianos"}]},{"@type":"WebSite","@id":"https:\/\/www.copealcoy.es\/es\/#website","url":"https:\/\/www.copealcoy.es\/es\/","name":"COPE Alcoy","description":"Emisora COPE de radio local con emisi\u00f3n online. Pont de Sant Jordi 8-10 03803 Alcoy","potentialAction":[{"@type":"SearchAction","target":{"@type":"EntryPoint","urlTemplate":"https:\/\/www.copealcoy.es\/es\/?s={search_term_string}"},"query-input":{"@type":"PropertyValueSpecification","valueRequired":true,"valueName":"search_term_string"}}],"inLanguage":"es"},{"@type":"Person","@id":"https:\/\/www.copealcoy.es\/es\/#\/schema\/person\/e777c87fa024e57d40170af9df39882c","name":"Cope Alcoy","image":{"@type":"ImageObject","inLanguage":"es","@id":"https:\/\/secure.gravatar.com\/avatar\/bb65d0283347e303893ba14f0692005417c1e0e690a325a4c5d8bb2b3943ee14?s=96&d=mm&r=g","url":"https:\/\/secure.gravatar.com\/avatar\/bb65d0283347e303893ba14f0692005417c1e0e690a325a4c5d8bb2b3943ee14?s=96&d=mm&r=g","contentUrl":"https:\/\/secure.gravatar.com\/avatar\/bb65d0283347e303893ba14f0692005417c1e0e690a325a4c5d8bb2b3943ee14?s=96&d=mm&r=g","caption":"Cope Alcoy"}}]}},"_links":{"self":[{"href":"https:\/\/www.copealcoy.es\/es\/wp-json\/wp\/v2\/posts\/54282","targetHints":{"allow":["GET"]}}],"collection":[{"href":"https:\/\/www.copealcoy.es\/es\/wp-json\/wp\/v2\/posts"}],"about":[{"href":"https:\/\/www.copealcoy.es\/es\/wp-json\/wp\/v2\/types\/post"}],"author":[{"embeddable":true,"href":"https:\/\/www.copealcoy.es\/es\/wp-json\/wp\/v2\/users\/1"}],"replies":[{"embeddable":true,"href":"https:\/\/www.copealcoy.es\/es\/wp-json\/wp\/v2\/comments?post=54282"}],"version-history":[{"count":0,"href":"https:\/\/www.copealcoy.es\/es\/wp-json\/wp\/v2\/posts\/54282\/revisions"}],"wp:featuredmedia":[{"embeddable":true,"href":"https:\/\/www.copealcoy.es\/es\/wp-json\/wp\/v2\/media\/54285"}],"wp:attachment":[{"href":"https:\/\/www.copealcoy.es\/es\/wp-json\/wp\/v2\/media?parent=54282"}],"wp:term":[{"taxonomy":"category","embeddable":true,"href":"https:\/\/www.copealcoy.es\/es\/wp-json\/wp\/v2\/categories?post=54282"},{"taxonomy":"post_tag","embeddable":true,"href":"https:\/\/www.copealcoy.es\/es\/wp-json\/wp\/v2\/tags?post=54282"}],"curies":[{"name":"wp","href":"https:\/\/api.w.org\/{rel}","templated":true}]}}