{"id":54259,"date":"2019-08-09T10:32:21","date_gmt":"2019-08-09T10:32:21","guid":{"rendered":"https:\/\/copealcoi.es\/?p=54259"},"modified":"2019-08-09T10:32:21","modified_gmt":"2019-08-09T10:32:21","slug":"cocentaina-quiere-unas-fiestas-de-interes-turistico-nacional","status":"publish","type":"post","link":"https:\/\/www.copealcoy.es\/es\/cocentaina-quiere-unas-fiestas-de-interes-turistico-nacional\/","title":{"rendered":"Cocentaina quiere unas Fiestas de Inter\u00e9s Tur\u00edstico Nacional"},"content":{"rendered":"<p style=\"text-align: justify;\">Cocentaina ya lo tiene todo preparado para celebrar este fin de semana <strong>sus Fiestas de Moros y Cristianos en honor a San Hip\u00f3lito M\u00e1rtir<\/strong>, unas celebraciones que fueron declaradas de Inter\u00e9s Tur\u00edstico en la d\u00e9cada de los ochenta y que pronto tendr\u00e1n <strong>tambi\u00e9n la declaraci\u00f3n de Fiesta de Inter\u00e9s Tur\u00edstico Nacional<\/strong>.\u00a0 El proceso, seg\u00fan ha informado el Ayuntamiento del municipio, <strong>avanza a buen ritmo\u00a0<\/strong>y podr\u00eda culminar en unos meses &#8220;<em>los \u00faltimos requisitos que restaban por hacer era el refuerzo de la publicidad\u00a0de los festejos en todo el territorio Nacional; una acci\u00f3n que se ha llevado a cabo para las Fiestas de este a\u00f1o<\/em>&#8220;, afirmaba en COPE ALCOY este viernes la alcaldesa de la Villa Condal; <strong>Mireia Estepa<\/strong>.<\/p>\n<p style=\"text-align: justify;\">La <strong>Interpretaci\u00f3n del Himno de Fiestas<\/strong>, dirigido por <strong>Edu Bernab\u00e9u<\/strong>, y la <strong>&#8216;Nit de l&#8217;Olla&#8217;<\/strong> abren este viernes 9 de agosto los festejos dando especial protagonismo a la m\u00fasica festera. Ma\u00f1ana s\u00e1bado,\u00a0a las siete de la tarde, comenzar\u00e1 <strong>la gran Entrada de moros y cristianos<\/strong> en la calle Pare Francisco Agull\u00f3. En el acto todas las miradas estar\u00e1n centradas en los cargos festeros de este a\u00f1o que desempe\u00f1an <strong>M\u00e0xim Ferrer Sell\u00e9s<\/strong> (Capit\u00e1n Cristiano de la Fil\u00e0 Contestanos), <strong>Javier Pascual Motos<\/strong> (Abanderado Cristiano de la Fil\u00e0 Creuats), <strong>Rub\u00e9n Colomina Arroyo<\/strong> (Capit\u00e1n Moro de la Fil\u00e0 Bereberes \u2018Els Borts\u2019) y <strong>Abraham Molt\u00f3 Garc\u00eda<\/strong> (Abanderado Moro de la Fil\u00e0 Manta Roja). El desfile <strong>recorrer\u00e1 todo el Passeig del Comtat<\/strong> y la calle Obispo Esta\u00f1a <strong>hasta llegar al Pla<\/strong> para despu\u00e9s discurrir por la calle Mare de D\u00e9u del Miracle y finalizar en la Placeta dels Ap\u00f2stols. Desde la Junta de Fiestas de la Villa Condal aseguran que<strong> se espera una importante afluencia de p\u00fablico<\/strong> dado <strong>el buen ritmo de la venta de sillas<\/strong> para presenciar la Entrada que se ha registrado esta semana al mismo tiempo que se destaca que en la misma <strong>participar\u00e1n m\u00e1s de tres mil personas<\/strong> entre festeros y m\u00fasicos \u201c<em>es uno de los actos m\u00e1s esperados por los festeros y las festeras as\u00ed como por los visitantes que nos acompa\u00f1an. Todas las Filaes lucir\u00e1n con esplendor y los cargos volver\u00e1n a sorprender al p\u00fablico porque nos consta que han preparado unos espectaculares boatos<\/em>\u201d, afirma el Presidente de la entidad; <strong>Hip\u00f2lit Borr\u00e0s<\/strong>.<\/p>\n<p style=\"text-align: justify;\">La actividad festera seguir\u00e1 el domingo \u00a0con el <strong>d\u00eda dedicado a San Hip\u00f3lito M\u00e1rtir<\/strong> y actos matinales como <strong>la Segunda Diana, la ofrenda floral, la misa mayor o la Presentaci\u00f3n de Armas<\/strong> a Capitanes y Abanderados. Por la tarde se rendir\u00e1 homenaje al patr\u00f3n con <strong>la solemne procesi\u00f3n<\/strong> en la que saldr\u00e1n a la calle la Reliquia as\u00ed como la imagen de San Hip\u00f3lito, est\u00e1 \u00faltima luciendo un nuevo aspecto tras la restauraci\u00f3n que ha realizado a la misma Inma Ribelles. La jornada acabar\u00e1 en la medianoche con <strong>la humor\u00edstica y divertida Retreta<\/strong> en la que participar\u00e1n las Filaes de forma voluntaria.<\/p>\n<p style=\"text-align: justify;\">El lunes terminar\u00e1n las Fiestas de Moros y Cristianos con e<strong>l d\u00eda del Alardo<\/strong> en el que los festeros y las festeras <strong>emplear\u00e1n cerca de 500 kilos de p\u00f3lvora<\/strong> en los disparos de arcabucer\u00eda. La munici\u00f3n<strong> se ha repartido este viernes<\/strong> en la Cantera de Botella para extremar todas las medidas de seguridad &#8220;<em>ha sido un reparto sencillo, sin ning\u00fan tipo de problema, e incluso se nos ha asegurado que hemos sido uno de los primeros municipios de la zona en facilitar este proceso para no generar m\u00e1s contratiempos a los festeros<\/em>&#8220;, ha asegurado <strong>Hip\u00f2lit Borr\u00e0s<\/strong> en COPE ALCOY.<\/p>\n<p style=\"text-align: justify;\">Recordar que en COPE ALCOY <strong>podr\u00e1n seguir la actualidad de la Festa<\/strong> <strong>Contestana<\/strong> a trav\u00e9s de la radio y en nuestras redes sociales: Facebook, Twitter e Instagram.<\/p>\n","protected":false},"excerpt":{"rendered":"<p>Cocentaina ya lo tiene todo preparado para celebrar este fin de semana sus Fiestas de Moros y Cristianos en honor&#8230;<\/p>\n","protected":false},"author":1,"featured_media":54260,"comment_status":"open","ping_status":"open","sticky":false,"template":"","format":"standard","meta":{"footnotes":""},"categories":[98,75,125],"tags":[132,237,565,8808],"class_list":["post-54259","post","type-post","status-publish","format-standard","has-post-thumbnail","hentry","category-comarcas","category-noticias","category-portada","tag-cocentaina","tag-comtat","tag-fiestas","tag-interes-turistico-internacional"],"yoast_head":"<!-- This site is optimized with the Yoast SEO plugin v27.3 - https:\/\/yoast.com\/product\/yoast-seo-wordpress\/ -->\n<title>Cocentaina quiere unas Fiestas de Inter\u00e9s Tur\u00edstico Nacional - COPE Alcoy<\/title>\n<meta name=\"robots\" content=\"index, follow, max-snippet:-1, max-image-preview:large, max-video-preview:-1\" \/>\n<link rel=\"canonical\" href=\"https:\/\/www.copealcoy.es\/es\/cocentaina-quiere-unas-fiestas-de-interes-turistico-nacional\/\" \/>\n<meta property=\"og:locale\" content=\"es_ES\" \/>\n<meta property=\"og:type\" content=\"article\" \/>\n<meta property=\"og:title\" content=\"Cocentaina quiere unas Fiestas de Inter\u00e9s Tur\u00edstico Nacional - COPE Alcoy\" \/>\n<meta property=\"og:description\" content=\"Cocentaina ya lo tiene todo preparado para celebrar este fin de semana sus Fiestas de Moros y Cristianos en honor...\" \/>\n<meta property=\"og:url\" content=\"https:\/\/www.copealcoy.es\/es\/cocentaina-quiere-unas-fiestas-de-interes-turistico-nacional\/\" \/>\n<meta property=\"og:site_name\" content=\"COPE Alcoy\" \/>\n<meta property=\"article:published_time\" content=\"2019-08-09T10:32:21+00:00\" \/>\n<meta property=\"og:image\" content=\"https:\/\/www.copealcoy.es\/wp-content\/uploads\/2019\/08\/68248671_10219656433542060_5472112484875763712_n-1.jpg\" \/>\n\t<meta property=\"og:image:width\" content=\"960\" \/>\n\t<meta property=\"og:image:height\" content=\"720\" \/>\n\t<meta property=\"og:image:type\" content=\"image\/jpeg\" \/>\n<meta name=\"author\" content=\"Cope Alcoy\" \/>\n<meta name=\"twitter:label1\" content=\"Escrito por\" \/>\n\t<meta name=\"twitter:data1\" content=\"Cope Alcoy\" \/>\n\t<meta name=\"twitter:label2\" content=\"Tiempo de lectura\" \/>\n\t<meta name=\"twitter:data2\" content=\"3 minutos\" \/>\n<script type=\"application\/ld+json\" class=\"yoast-schema-graph\">{\"@context\":\"https:\\\/\\\/schema.org\",\"@graph\":[{\"@type\":\"Article\",\"@id\":\"https:\\\/\\\/www.copealcoy.es\\\/es\\\/cocentaina-quiere-unas-fiestas-de-interes-turistico-nacional\\\/#article\",\"isPartOf\":{\"@id\":\"https:\\\/\\\/www.copealcoy.es\\\/es\\\/cocentaina-quiere-unas-fiestas-de-interes-turistico-nacional\\\/\"},\"author\":{\"name\":\"Cope Alcoy\",\"@id\":\"https:\\\/\\\/www.copealcoy.es\\\/es\\\/#\\\/schema\\\/person\\\/e777c87fa024e57d40170af9df39882c\"},\"headline\":\"Cocentaina quiere unas Fiestas de Inter\u00e9s Tur\u00edstico Nacional\",\"datePublished\":\"2019-08-09T10:32:21+00:00\",\"mainEntityOfPage\":{\"@id\":\"https:\\\/\\\/www.copealcoy.es\\\/es\\\/cocentaina-quiere-unas-fiestas-de-interes-turistico-nacional\\\/\"},\"wordCount\":675,\"commentCount\":0,\"image\":{\"@id\":\"https:\\\/\\\/www.copealcoy.es\\\/es\\\/cocentaina-quiere-unas-fiestas-de-interes-turistico-nacional\\\/#primaryimage\"},\"thumbnailUrl\":\"https:\\\/\\\/www.copealcoy.es\\\/wp-content\\\/uploads\\\/2019\\\/08\\\/68248671_10219656433542060_5472112484875763712_n-1.jpg\",\"keywords\":[\"Cocentaina\",\"Comtat\",\"Fiestas\",\"Inter\u00e9s Tur\u00edstico Internacional\"],\"articleSection\":[\"Comarcas\",\"Noticias\",\"Portada\"],\"inLanguage\":\"es\"},{\"@type\":\"WebPage\",\"@id\":\"https:\\\/\\\/www.copealcoy.es\\\/es\\\/cocentaina-quiere-unas-fiestas-de-interes-turistico-nacional\\\/\",\"url\":\"https:\\\/\\\/www.copealcoy.es\\\/es\\\/cocentaina-quiere-unas-fiestas-de-interes-turistico-nacional\\\/\",\"name\":\"Cocentaina quiere unas Fiestas de Inter\u00e9s Tur\u00edstico Nacional - COPE Alcoy\",\"isPartOf\":{\"@id\":\"https:\\\/\\\/www.copealcoy.es\\\/es\\\/#website\"},\"primaryImageOfPage\":{\"@id\":\"https:\\\/\\\/www.copealcoy.es\\\/es\\\/cocentaina-quiere-unas-fiestas-de-interes-turistico-nacional\\\/#primaryimage\"},\"image\":{\"@id\":\"https:\\\/\\\/www.copealcoy.es\\\/es\\\/cocentaina-quiere-unas-fiestas-de-interes-turistico-nacional\\\/#primaryimage\"},\"thumbnailUrl\":\"https:\\\/\\\/www.copealcoy.es\\\/wp-content\\\/uploads\\\/2019\\\/08\\\/68248671_10219656433542060_5472112484875763712_n-1.jpg\",\"datePublished\":\"2019-08-09T10:32:21+00:00\",\"author\":{\"@id\":\"https:\\\/\\\/www.copealcoy.es\\\/es\\\/#\\\/schema\\\/person\\\/e777c87fa024e57d40170af9df39882c\"},\"breadcrumb\":{\"@id\":\"https:\\\/\\\/www.copealcoy.es\\\/es\\\/cocentaina-quiere-unas-fiestas-de-interes-turistico-nacional\\\/#breadcrumb\"},\"inLanguage\":\"es\",\"potentialAction\":[{\"@type\":\"ReadAction\",\"target\":[\"https:\\\/\\\/www.copealcoy.es\\\/es\\\/cocentaina-quiere-unas-fiestas-de-interes-turistico-nacional\\\/\"]}]},{\"@type\":\"ImageObject\",\"inLanguage\":\"es\",\"@id\":\"https:\\\/\\\/www.copealcoy.es\\\/es\\\/cocentaina-quiere-unas-fiestas-de-interes-turistico-nacional\\\/#primaryimage\",\"url\":\"https:\\\/\\\/www.copealcoy.es\\\/wp-content\\\/uploads\\\/2019\\\/08\\\/68248671_10219656433542060_5472112484875763712_n-1.jpg\",\"contentUrl\":\"https:\\\/\\\/www.copealcoy.es\\\/wp-content\\\/uploads\\\/2019\\\/08\\\/68248671_10219656433542060_5472112484875763712_n-1.jpg\",\"width\":960,\"height\":720,\"caption\":\"El Pla es uno de los centros neur\u00e1lgicos de la Festa\"},{\"@type\":\"BreadcrumbList\",\"@id\":\"https:\\\/\\\/www.copealcoy.es\\\/es\\\/cocentaina-quiere-unas-fiestas-de-interes-turistico-nacional\\\/#breadcrumb\",\"itemListElement\":[{\"@type\":\"ListItem\",\"position\":1,\"name\":\"Portada\",\"item\":\"https:\\\/\\\/www.copealcoy.es\\\/es\\\/\"},{\"@type\":\"ListItem\",\"position\":2,\"name\":\"Cocentaina quiere unas Fiestas de Inter\u00e9s Tur\u00edstico Nacional\"}]},{\"@type\":\"WebSite\",\"@id\":\"https:\\\/\\\/www.copealcoy.es\\\/es\\\/#website\",\"url\":\"https:\\\/\\\/www.copealcoy.es\\\/es\\\/\",\"name\":\"COPE Alcoy\",\"description\":\"Emisora COPE de radio local con emisi\u00f3n online. Pont de Sant Jordi 8-10 03803 Alcoy\",\"potentialAction\":[{\"@type\":\"SearchAction\",\"target\":{\"@type\":\"EntryPoint\",\"urlTemplate\":\"https:\\\/\\\/www.copealcoy.es\\\/es\\\/?s={search_term_string}\"},\"query-input\":{\"@type\":\"PropertyValueSpecification\",\"valueRequired\":true,\"valueName\":\"search_term_string\"}}],\"inLanguage\":\"es\"},{\"@type\":\"Person\",\"@id\":\"https:\\\/\\\/www.copealcoy.es\\\/es\\\/#\\\/schema\\\/person\\\/e777c87fa024e57d40170af9df39882c\",\"name\":\"Cope Alcoy\",\"image\":{\"@type\":\"ImageObject\",\"inLanguage\":\"es\",\"@id\":\"https:\\\/\\\/secure.gravatar.com\\\/avatar\\\/bb65d0283347e303893ba14f0692005417c1e0e690a325a4c5d8bb2b3943ee14?s=96&d=mm&r=g\",\"url\":\"https:\\\/\\\/secure.gravatar.com\\\/avatar\\\/bb65d0283347e303893ba14f0692005417c1e0e690a325a4c5d8bb2b3943ee14?s=96&d=mm&r=g\",\"contentUrl\":\"https:\\\/\\\/secure.gravatar.com\\\/avatar\\\/bb65d0283347e303893ba14f0692005417c1e0e690a325a4c5d8bb2b3943ee14?s=96&d=mm&r=g\",\"caption\":\"Cope Alcoy\"}}]}<\/script>\n<!-- \/ Yoast SEO plugin. -->","yoast_head_json":{"title":"Cocentaina quiere unas Fiestas de Inter\u00e9s Tur\u00edstico Nacional - COPE Alcoy","robots":{"index":"index","follow":"follow","max-snippet":"max-snippet:-1","max-image-preview":"max-image-preview:large","max-video-preview":"max-video-preview:-1"},"canonical":"https:\/\/www.copealcoy.es\/es\/cocentaina-quiere-unas-fiestas-de-interes-turistico-nacional\/","og_locale":"es_ES","og_type":"article","og_title":"Cocentaina quiere unas Fiestas de Inter\u00e9s Tur\u00edstico Nacional - COPE Alcoy","og_description":"Cocentaina ya lo tiene todo preparado para celebrar este fin de semana sus Fiestas de Moros y Cristianos en honor...","og_url":"https:\/\/www.copealcoy.es\/es\/cocentaina-quiere-unas-fiestas-de-interes-turistico-nacional\/","og_site_name":"COPE Alcoy","article_published_time":"2019-08-09T10:32:21+00:00","og_image":[{"width":960,"height":720,"url":"https:\/\/www.copealcoy.es\/wp-content\/uploads\/2019\/08\/68248671_10219656433542060_5472112484875763712_n-1.jpg","type":"image\/jpeg"}],"author":"Cope Alcoy","twitter_misc":{"Escrito por":"Cope Alcoy","Tiempo de lectura":"3 minutos"},"schema":{"@context":"https:\/\/schema.org","@graph":[{"@type":"Article","@id":"https:\/\/www.copealcoy.es\/es\/cocentaina-quiere-unas-fiestas-de-interes-turistico-nacional\/#article","isPartOf":{"@id":"https:\/\/www.copealcoy.es\/es\/cocentaina-quiere-unas-fiestas-de-interes-turistico-nacional\/"},"author":{"name":"Cope Alcoy","@id":"https:\/\/www.copealcoy.es\/es\/#\/schema\/person\/e777c87fa024e57d40170af9df39882c"},"headline":"Cocentaina quiere unas Fiestas de Inter\u00e9s Tur\u00edstico Nacional","datePublished":"2019-08-09T10:32:21+00:00","mainEntityOfPage":{"@id":"https:\/\/www.copealcoy.es\/es\/cocentaina-quiere-unas-fiestas-de-interes-turistico-nacional\/"},"wordCount":675,"commentCount":0,"image":{"@id":"https:\/\/www.copealcoy.es\/es\/cocentaina-quiere-unas-fiestas-de-interes-turistico-nacional\/#primaryimage"},"thumbnailUrl":"https:\/\/www.copealcoy.es\/wp-content\/uploads\/2019\/08\/68248671_10219656433542060_5472112484875763712_n-1.jpg","keywords":["Cocentaina","Comtat","Fiestas","Inter\u00e9s Tur\u00edstico Internacional"],"articleSection":["Comarcas","Noticias","Portada"],"inLanguage":"es"},{"@type":"WebPage","@id":"https:\/\/www.copealcoy.es\/es\/cocentaina-quiere-unas-fiestas-de-interes-turistico-nacional\/","url":"https:\/\/www.copealcoy.es\/es\/cocentaina-quiere-unas-fiestas-de-interes-turistico-nacional\/","name":"Cocentaina quiere unas Fiestas de Inter\u00e9s Tur\u00edstico Nacional - COPE Alcoy","isPartOf":{"@id":"https:\/\/www.copealcoy.es\/es\/#website"},"primaryImageOfPage":{"@id":"https:\/\/www.copealcoy.es\/es\/cocentaina-quiere-unas-fiestas-de-interes-turistico-nacional\/#primaryimage"},"image":{"@id":"https:\/\/www.copealcoy.es\/es\/cocentaina-quiere-unas-fiestas-de-interes-turistico-nacional\/#primaryimage"},"thumbnailUrl":"https:\/\/www.copealcoy.es\/wp-content\/uploads\/2019\/08\/68248671_10219656433542060_5472112484875763712_n-1.jpg","datePublished":"2019-08-09T10:32:21+00:00","author":{"@id":"https:\/\/www.copealcoy.es\/es\/#\/schema\/person\/e777c87fa024e57d40170af9df39882c"},"breadcrumb":{"@id":"https:\/\/www.copealcoy.es\/es\/cocentaina-quiere-unas-fiestas-de-interes-turistico-nacional\/#breadcrumb"},"inLanguage":"es","potentialAction":[{"@type":"ReadAction","target":["https:\/\/www.copealcoy.es\/es\/cocentaina-quiere-unas-fiestas-de-interes-turistico-nacional\/"]}]},{"@type":"ImageObject","inLanguage":"es","@id":"https:\/\/www.copealcoy.es\/es\/cocentaina-quiere-unas-fiestas-de-interes-turistico-nacional\/#primaryimage","url":"https:\/\/www.copealcoy.es\/wp-content\/uploads\/2019\/08\/68248671_10219656433542060_5472112484875763712_n-1.jpg","contentUrl":"https:\/\/www.copealcoy.es\/wp-content\/uploads\/2019\/08\/68248671_10219656433542060_5472112484875763712_n-1.jpg","width":960,"height":720,"caption":"El Pla es uno de los centros neur\u00e1lgicos de la Festa"},{"@type":"BreadcrumbList","@id":"https:\/\/www.copealcoy.es\/es\/cocentaina-quiere-unas-fiestas-de-interes-turistico-nacional\/#breadcrumb","itemListElement":[{"@type":"ListItem","position":1,"name":"Portada","item":"https:\/\/www.copealcoy.es\/es\/"},{"@type":"ListItem","position":2,"name":"Cocentaina quiere unas Fiestas de Inter\u00e9s Tur\u00edstico Nacional"}]},{"@type":"WebSite","@id":"https:\/\/www.copealcoy.es\/es\/#website","url":"https:\/\/www.copealcoy.es\/es\/","name":"COPE Alcoy","description":"Emisora COPE de radio local con emisi\u00f3n online. Pont de Sant Jordi 8-10 03803 Alcoy","potentialAction":[{"@type":"SearchAction","target":{"@type":"EntryPoint","urlTemplate":"https:\/\/www.copealcoy.es\/es\/?s={search_term_string}"},"query-input":{"@type":"PropertyValueSpecification","valueRequired":true,"valueName":"search_term_string"}}],"inLanguage":"es"},{"@type":"Person","@id":"https:\/\/www.copealcoy.es\/es\/#\/schema\/person\/e777c87fa024e57d40170af9df39882c","name":"Cope Alcoy","image":{"@type":"ImageObject","inLanguage":"es","@id":"https:\/\/secure.gravatar.com\/avatar\/bb65d0283347e303893ba14f0692005417c1e0e690a325a4c5d8bb2b3943ee14?s=96&d=mm&r=g","url":"https:\/\/secure.gravatar.com\/avatar\/bb65d0283347e303893ba14f0692005417c1e0e690a325a4c5d8bb2b3943ee14?s=96&d=mm&r=g","contentUrl":"https:\/\/secure.gravatar.com\/avatar\/bb65d0283347e303893ba14f0692005417c1e0e690a325a4c5d8bb2b3943ee14?s=96&d=mm&r=g","caption":"Cope Alcoy"}}]}},"_links":{"self":[{"href":"https:\/\/www.copealcoy.es\/es\/wp-json\/wp\/v2\/posts\/54259","targetHints":{"allow":["GET"]}}],"collection":[{"href":"https:\/\/www.copealcoy.es\/es\/wp-json\/wp\/v2\/posts"}],"about":[{"href":"https:\/\/www.copealcoy.es\/es\/wp-json\/wp\/v2\/types\/post"}],"author":[{"embeddable":true,"href":"https:\/\/www.copealcoy.es\/es\/wp-json\/wp\/v2\/users\/1"}],"replies":[{"embeddable":true,"href":"https:\/\/www.copealcoy.es\/es\/wp-json\/wp\/v2\/comments?post=54259"}],"version-history":[{"count":0,"href":"https:\/\/www.copealcoy.es\/es\/wp-json\/wp\/v2\/posts\/54259\/revisions"}],"wp:featuredmedia":[{"embeddable":true,"href":"https:\/\/www.copealcoy.es\/es\/wp-json\/wp\/v2\/media\/54260"}],"wp:attachment":[{"href":"https:\/\/www.copealcoy.es\/es\/wp-json\/wp\/v2\/media?parent=54259"}],"wp:term":[{"taxonomy":"category","embeddable":true,"href":"https:\/\/www.copealcoy.es\/es\/wp-json\/wp\/v2\/categories?post=54259"},{"taxonomy":"post_tag","embeddable":true,"href":"https:\/\/www.copealcoy.es\/es\/wp-json\/wp\/v2\/tags?post=54259"}],"curies":[{"name":"wp","href":"https:\/\/api.w.org\/{rel}","templated":true}]}}