{"id":54244,"date":"2019-08-09T00:59:04","date_gmt":"2019-08-09T00:59:04","guid":{"rendered":"https:\/\/copealcoi.es\/?p=54244"},"modified":"2019-08-09T00:59:04","modified_gmt":"2019-08-09T00:59:04","slug":"el-concierto-de-la-union-musical-contestana-culmina-la-semana-festera","status":"publish","type":"post","link":"https:\/\/www.copealcoy.es\/es\/el-concierto-de-la-union-musical-contestana-culmina-la-semana-festera\/","title":{"rendered":"El Concierto de la Uni\u00f3n Musical Contestana culmina la Semana Festera"},"content":{"rendered":"<p style=\"text-align: justify;\">La <strong>Uni\u00f3n Musical Contestana<\/strong> cerr\u00f3 anoche la Semana Festera de Cocentaina con la celebraci\u00f3n de su <strong>XLVII Concierto dedicado a las Fiestas de Moros y Cristianos<\/strong> en honor a San Hip\u00f3lito M\u00e1rtir. La cita tuvo lugar en el <strong>patio de armas del Palau Comtal<\/strong>, a partir de las 22:30h, y estuvo presentada por <strong>Mari Nieves Pascual<\/strong>. Adem\u00e1s <strong>Sa\u00fal G\u00f3mez se despidi\u00f3 como Director Titular de la banda<\/strong> y tuvo oportunidad de dirigir gran parte de las piezas que hicieron sonar los m\u00fasicos. Asimismo realizaron <strong>los Directores invitados<\/strong> pudieron dirigir sus propias creaciones ante el numeroso p\u00fablico que se congreg\u00f3 en esta consolidada cita musical.<\/p>\n<p style=\"text-align: justify;\">El Concierto <strong>estuvo dividido en dos partes<\/strong> y <strong>en la primera<\/strong> sonaron composiciones como el pasodoble\u00a0<em>Sant Hip\u00f2lit\u00a0<\/em>de <strong>Joaqu\u00edn Sansalvador Molt\u00f3<\/strong>, la marcha mora\u00a0<em>El Cad\u00ed Bereber\u00a0<\/em>de <strong>Jos\u00e9 P\u00e9rez Vilaplana<\/strong>,\u00a0el estreno del pasodoble\u00a0<em>Juanvi\u00a0<\/em>de <strong>Francisco Valor<\/strong> y dedicado al joven Juanvi Cardona fallecido en la &#8216;Plant\u00e0 del Xop&#8217; de Planes en 2012, la marcha cristiana\u00a0<em>Sethzar lo Blanc\u00a0<\/em>de<strong> Vicente P\u00e9rez i Esteban<\/strong>,\u00a0<em>Suite Al&#8217;Ariba<\/em> de <strong>Sa\u00fal G\u00f3mez i Soler<\/strong> y la marcha cristiana\u00a0<em>Millenium\u00a0<\/em>de <strong>Josep Robert Sell\u00e9s i Camps<\/strong>. En la segunda parte, tras un peque\u00f1o receso, la Uni\u00f3n Musical Contestana toc\u00f3 el pasodoble\u00a0<em>El Transvaal\u00a0<\/em>de <strong>Camilo P\u00e9rez Laporta<\/strong>, la marcha cristiana\u00a0<em>Aziama\u00a0<\/em>de<strong> Azael Tormo<\/strong>, el pasodoble\u00a0<em>Pare i M\u00fasic<\/em> de <strong>Marcos Verd\u00fa<\/strong>, la marcha mora\u00a0<em>Yall\u00e4ba\u00a0<\/em>de <strong>Jos\u00e9 Rafael Pascual Vilaplana<\/strong>, la marcha cristiana\u00a0<em>La Rosa dels Vents\u00a0<\/em>de <strong>Ferran Sanchis Gandia<\/strong> y la marcha \u00e1rabe\u00a0<em>Navarro El Bort\u00a0<\/em>de <strong>Gustavo Pascual<\/strong>. Por \u00faltimo son\u00f3 <strong>el Himno de Fiestas<\/strong> con letra del poeta Gerard Mur i P\u00e9rez as\u00ed como m\u00fasica de Jos\u00e9 Insa Mart\u00ednez.<\/p>\n<p style=\"text-align: justify;\">La recta final del acto estuvo reservada para <strong>los parlamentos<\/strong> de la <strong>Presidenta de la Uni\u00f3n Musical Contestana<\/strong> (Neli Jover), el <strong>Presidente de la Junta de Fiestas<\/strong> (Hip\u00f2lit Borr\u00e0s) y <strong>la alcaldesa<\/strong> (Mireia Estepa). Por \u00faltimo la banda <strong>hizo entrega de un cuadro<\/strong>, con una fotograf\u00eda de todos los miembros, en <strong>se\u00f1al de agradecimiento<\/strong> a Sa\u00fal G\u00f3mez i Soler por los a\u00f1os que ha estado como Director Titular de la misma.<\/p>\n","protected":false},"excerpt":{"rendered":"<p>La Uni\u00f3n Musical Contestana cerr\u00f3 anoche la Semana Festera de Cocentaina con la celebraci\u00f3n de su XLVII Concierto dedicado a&#8230;<\/p>\n","protected":false},"author":1,"featured_media":54245,"comment_status":"open","ping_status":"open","sticky":false,"template":"","format":"standard","meta":{"footnotes":""},"categories":[98,75],"tags":[132,237,701,2001,2172],"class_list":["post-54244","post","type-post","status-publish","format-standard","has-post-thumbnail","hentry","category-comarcas","category-noticias","tag-cocentaina","tag-comtat","tag-concierto","tag-fiestas-de-moros-y-cristianos","tag-union-musical-contestana"],"yoast_head":"<!-- This site is optimized with the Yoast SEO plugin v27.3 - https:\/\/yoast.com\/product\/yoast-seo-wordpress\/ -->\n<title>El Concierto de la Uni\u00f3n Musical Contestana culmina la Semana Festera - COPE Alcoy<\/title>\n<meta name=\"robots\" content=\"index, follow, max-snippet:-1, max-image-preview:large, max-video-preview:-1\" \/>\n<link rel=\"canonical\" href=\"https:\/\/www.copealcoy.es\/es\/el-concierto-de-la-union-musical-contestana-culmina-la-semana-festera\/\" \/>\n<meta property=\"og:locale\" content=\"es_ES\" \/>\n<meta property=\"og:type\" content=\"article\" \/>\n<meta property=\"og:title\" content=\"El Concierto de la Uni\u00f3n Musical Contestana culmina la Semana Festera - COPE Alcoy\" \/>\n<meta property=\"og:description\" content=\"La Uni\u00f3n Musical Contestana cerr\u00f3 anoche la Semana Festera de Cocentaina con la celebraci\u00f3n de su XLVII Concierto dedicado a...\" \/>\n<meta property=\"og:url\" content=\"https:\/\/www.copealcoy.es\/es\/el-concierto-de-la-union-musical-contestana-culmina-la-semana-festera\/\" \/>\n<meta property=\"og:site_name\" content=\"COPE Alcoy\" \/>\n<meta property=\"article:published_time\" content=\"2019-08-09T00:59:04+00:00\" \/>\n<meta property=\"og:image\" content=\"https:\/\/www.copealcoy.es\/wp-content\/uploads\/2019\/08\/IMG_0117-1.jpg\" \/>\n\t<meta property=\"og:image:width\" content=\"1331\" \/>\n\t<meta property=\"og:image:height\" content=\"641\" \/>\n\t<meta property=\"og:image:type\" content=\"image\/jpeg\" \/>\n<meta name=\"author\" content=\"Cope Alcoy\" \/>\n<meta name=\"twitter:label1\" content=\"Escrito por\" \/>\n\t<meta name=\"twitter:data1\" content=\"Cope Alcoy\" \/>\n\t<meta name=\"twitter:label2\" content=\"Tiempo de lectura\" \/>\n\t<meta name=\"twitter:data2\" content=\"2 minutos\" \/>\n<script type=\"application\/ld+json\" class=\"yoast-schema-graph\">{\"@context\":\"https:\\\/\\\/schema.org\",\"@graph\":[{\"@type\":\"Article\",\"@id\":\"https:\\\/\\\/www.copealcoy.es\\\/es\\\/el-concierto-de-la-union-musical-contestana-culmina-la-semana-festera\\\/#article\",\"isPartOf\":{\"@id\":\"https:\\\/\\\/www.copealcoy.es\\\/es\\\/el-concierto-de-la-union-musical-contestana-culmina-la-semana-festera\\\/\"},\"author\":{\"name\":\"Cope Alcoy\",\"@id\":\"https:\\\/\\\/www.copealcoy.es\\\/es\\\/#\\\/schema\\\/person\\\/e777c87fa024e57d40170af9df39882c\"},\"headline\":\"El Concierto de la Uni\u00f3n Musical Contestana culmina la Semana Festera\",\"datePublished\":\"2019-08-09T00:59:04+00:00\",\"mainEntityOfPage\":{\"@id\":\"https:\\\/\\\/www.copealcoy.es\\\/es\\\/el-concierto-de-la-union-musical-contestana-culmina-la-semana-festera\\\/\"},\"wordCount\":392,\"commentCount\":0,\"image\":{\"@id\":\"https:\\\/\\\/www.copealcoy.es\\\/es\\\/el-concierto-de-la-union-musical-contestana-culmina-la-semana-festera\\\/#primaryimage\"},\"thumbnailUrl\":\"https:\\\/\\\/www.copealcoy.es\\\/wp-content\\\/uploads\\\/2019\\\/08\\\/IMG_0117-1.jpg\",\"keywords\":[\"Cocentaina\",\"Comtat\",\"Concierto\",\"Fiestas de Moros y Cristianos\",\"Uni\u00f3n Musical Contestana\"],\"articleSection\":[\"Comarcas\",\"Noticias\"],\"inLanguage\":\"es\"},{\"@type\":\"WebPage\",\"@id\":\"https:\\\/\\\/www.copealcoy.es\\\/es\\\/el-concierto-de-la-union-musical-contestana-culmina-la-semana-festera\\\/\",\"url\":\"https:\\\/\\\/www.copealcoy.es\\\/es\\\/el-concierto-de-la-union-musical-contestana-culmina-la-semana-festera\\\/\",\"name\":\"El Concierto de la Uni\u00f3n Musical Contestana culmina la Semana Festera - COPE Alcoy\",\"isPartOf\":{\"@id\":\"https:\\\/\\\/www.copealcoy.es\\\/es\\\/#website\"},\"primaryImageOfPage\":{\"@id\":\"https:\\\/\\\/www.copealcoy.es\\\/es\\\/el-concierto-de-la-union-musical-contestana-culmina-la-semana-festera\\\/#primaryimage\"},\"image\":{\"@id\":\"https:\\\/\\\/www.copealcoy.es\\\/es\\\/el-concierto-de-la-union-musical-contestana-culmina-la-semana-festera\\\/#primaryimage\"},\"thumbnailUrl\":\"https:\\\/\\\/www.copealcoy.es\\\/wp-content\\\/uploads\\\/2019\\\/08\\\/IMG_0117-1.jpg\",\"datePublished\":\"2019-08-09T00:59:04+00:00\",\"author\":{\"@id\":\"https:\\\/\\\/www.copealcoy.es\\\/es\\\/#\\\/schema\\\/person\\\/e777c87fa024e57d40170af9df39882c\"},\"breadcrumb\":{\"@id\":\"https:\\\/\\\/www.copealcoy.es\\\/es\\\/el-concierto-de-la-union-musical-contestana-culmina-la-semana-festera\\\/#breadcrumb\"},\"inLanguage\":\"es\",\"potentialAction\":[{\"@type\":\"ReadAction\",\"target\":[\"https:\\\/\\\/www.copealcoy.es\\\/es\\\/el-concierto-de-la-union-musical-contestana-culmina-la-semana-festera\\\/\"]}]},{\"@type\":\"ImageObject\",\"inLanguage\":\"es\",\"@id\":\"https:\\\/\\\/www.copealcoy.es\\\/es\\\/el-concierto-de-la-union-musical-contestana-culmina-la-semana-festera\\\/#primaryimage\",\"url\":\"https:\\\/\\\/www.copealcoy.es\\\/wp-content\\\/uploads\\\/2019\\\/08\\\/IMG_0117-1.jpg\",\"contentUrl\":\"https:\\\/\\\/www.copealcoy.es\\\/wp-content\\\/uploads\\\/2019\\\/08\\\/IMG_0117-1.jpg\",\"width\":1331,\"height\":641,\"caption\":\"El Concierto culmin\u00f3 anoche la Semana Festera\"},{\"@type\":\"BreadcrumbList\",\"@id\":\"https:\\\/\\\/www.copealcoy.es\\\/es\\\/el-concierto-de-la-union-musical-contestana-culmina-la-semana-festera\\\/#breadcrumb\",\"itemListElement\":[{\"@type\":\"ListItem\",\"position\":1,\"name\":\"Portada\",\"item\":\"https:\\\/\\\/www.copealcoy.es\\\/es\\\/\"},{\"@type\":\"ListItem\",\"position\":2,\"name\":\"El Concierto de la Uni\u00f3n Musical Contestana culmina la Semana Festera\"}]},{\"@type\":\"WebSite\",\"@id\":\"https:\\\/\\\/www.copealcoy.es\\\/es\\\/#website\",\"url\":\"https:\\\/\\\/www.copealcoy.es\\\/es\\\/\",\"name\":\"COPE Alcoy\",\"description\":\"Emisora COPE de radio local con emisi\u00f3n online. Pont de Sant Jordi 8-10 03803 Alcoy\",\"potentialAction\":[{\"@type\":\"SearchAction\",\"target\":{\"@type\":\"EntryPoint\",\"urlTemplate\":\"https:\\\/\\\/www.copealcoy.es\\\/es\\\/?s={search_term_string}\"},\"query-input\":{\"@type\":\"PropertyValueSpecification\",\"valueRequired\":true,\"valueName\":\"search_term_string\"}}],\"inLanguage\":\"es\"},{\"@type\":\"Person\",\"@id\":\"https:\\\/\\\/www.copealcoy.es\\\/es\\\/#\\\/schema\\\/person\\\/e777c87fa024e57d40170af9df39882c\",\"name\":\"Cope Alcoy\",\"image\":{\"@type\":\"ImageObject\",\"inLanguage\":\"es\",\"@id\":\"https:\\\/\\\/secure.gravatar.com\\\/avatar\\\/bb65d0283347e303893ba14f0692005417c1e0e690a325a4c5d8bb2b3943ee14?s=96&d=mm&r=g\",\"url\":\"https:\\\/\\\/secure.gravatar.com\\\/avatar\\\/bb65d0283347e303893ba14f0692005417c1e0e690a325a4c5d8bb2b3943ee14?s=96&d=mm&r=g\",\"contentUrl\":\"https:\\\/\\\/secure.gravatar.com\\\/avatar\\\/bb65d0283347e303893ba14f0692005417c1e0e690a325a4c5d8bb2b3943ee14?s=96&d=mm&r=g\",\"caption\":\"Cope Alcoy\"}}]}<\/script>\n<!-- \/ Yoast SEO plugin. -->","yoast_head_json":{"title":"El Concierto de la Uni\u00f3n Musical Contestana culmina la Semana Festera - COPE Alcoy","robots":{"index":"index","follow":"follow","max-snippet":"max-snippet:-1","max-image-preview":"max-image-preview:large","max-video-preview":"max-video-preview:-1"},"canonical":"https:\/\/www.copealcoy.es\/es\/el-concierto-de-la-union-musical-contestana-culmina-la-semana-festera\/","og_locale":"es_ES","og_type":"article","og_title":"El Concierto de la Uni\u00f3n Musical Contestana culmina la Semana Festera - COPE Alcoy","og_description":"La Uni\u00f3n Musical Contestana cerr\u00f3 anoche la Semana Festera de Cocentaina con la celebraci\u00f3n de su XLVII Concierto dedicado a...","og_url":"https:\/\/www.copealcoy.es\/es\/el-concierto-de-la-union-musical-contestana-culmina-la-semana-festera\/","og_site_name":"COPE Alcoy","article_published_time":"2019-08-09T00:59:04+00:00","og_image":[{"width":1331,"height":641,"url":"https:\/\/www.copealcoy.es\/wp-content\/uploads\/2019\/08\/IMG_0117-1.jpg","type":"image\/jpeg"}],"author":"Cope Alcoy","twitter_misc":{"Escrito por":"Cope Alcoy","Tiempo de lectura":"2 minutos"},"schema":{"@context":"https:\/\/schema.org","@graph":[{"@type":"Article","@id":"https:\/\/www.copealcoy.es\/es\/el-concierto-de-la-union-musical-contestana-culmina-la-semana-festera\/#article","isPartOf":{"@id":"https:\/\/www.copealcoy.es\/es\/el-concierto-de-la-union-musical-contestana-culmina-la-semana-festera\/"},"author":{"name":"Cope Alcoy","@id":"https:\/\/www.copealcoy.es\/es\/#\/schema\/person\/e777c87fa024e57d40170af9df39882c"},"headline":"El Concierto de la Uni\u00f3n Musical Contestana culmina la Semana Festera","datePublished":"2019-08-09T00:59:04+00:00","mainEntityOfPage":{"@id":"https:\/\/www.copealcoy.es\/es\/el-concierto-de-la-union-musical-contestana-culmina-la-semana-festera\/"},"wordCount":392,"commentCount":0,"image":{"@id":"https:\/\/www.copealcoy.es\/es\/el-concierto-de-la-union-musical-contestana-culmina-la-semana-festera\/#primaryimage"},"thumbnailUrl":"https:\/\/www.copealcoy.es\/wp-content\/uploads\/2019\/08\/IMG_0117-1.jpg","keywords":["Cocentaina","Comtat","Concierto","Fiestas de Moros y Cristianos","Uni\u00f3n Musical Contestana"],"articleSection":["Comarcas","Noticias"],"inLanguage":"es"},{"@type":"WebPage","@id":"https:\/\/www.copealcoy.es\/es\/el-concierto-de-la-union-musical-contestana-culmina-la-semana-festera\/","url":"https:\/\/www.copealcoy.es\/es\/el-concierto-de-la-union-musical-contestana-culmina-la-semana-festera\/","name":"El Concierto de la Uni\u00f3n Musical Contestana culmina la Semana Festera - COPE Alcoy","isPartOf":{"@id":"https:\/\/www.copealcoy.es\/es\/#website"},"primaryImageOfPage":{"@id":"https:\/\/www.copealcoy.es\/es\/el-concierto-de-la-union-musical-contestana-culmina-la-semana-festera\/#primaryimage"},"image":{"@id":"https:\/\/www.copealcoy.es\/es\/el-concierto-de-la-union-musical-contestana-culmina-la-semana-festera\/#primaryimage"},"thumbnailUrl":"https:\/\/www.copealcoy.es\/wp-content\/uploads\/2019\/08\/IMG_0117-1.jpg","datePublished":"2019-08-09T00:59:04+00:00","author":{"@id":"https:\/\/www.copealcoy.es\/es\/#\/schema\/person\/e777c87fa024e57d40170af9df39882c"},"breadcrumb":{"@id":"https:\/\/www.copealcoy.es\/es\/el-concierto-de-la-union-musical-contestana-culmina-la-semana-festera\/#breadcrumb"},"inLanguage":"es","potentialAction":[{"@type":"ReadAction","target":["https:\/\/www.copealcoy.es\/es\/el-concierto-de-la-union-musical-contestana-culmina-la-semana-festera\/"]}]},{"@type":"ImageObject","inLanguage":"es","@id":"https:\/\/www.copealcoy.es\/es\/el-concierto-de-la-union-musical-contestana-culmina-la-semana-festera\/#primaryimage","url":"https:\/\/www.copealcoy.es\/wp-content\/uploads\/2019\/08\/IMG_0117-1.jpg","contentUrl":"https:\/\/www.copealcoy.es\/wp-content\/uploads\/2019\/08\/IMG_0117-1.jpg","width":1331,"height":641,"caption":"El Concierto culmin\u00f3 anoche la Semana Festera"},{"@type":"BreadcrumbList","@id":"https:\/\/www.copealcoy.es\/es\/el-concierto-de-la-union-musical-contestana-culmina-la-semana-festera\/#breadcrumb","itemListElement":[{"@type":"ListItem","position":1,"name":"Portada","item":"https:\/\/www.copealcoy.es\/es\/"},{"@type":"ListItem","position":2,"name":"El Concierto de la Uni\u00f3n Musical Contestana culmina la Semana Festera"}]},{"@type":"WebSite","@id":"https:\/\/www.copealcoy.es\/es\/#website","url":"https:\/\/www.copealcoy.es\/es\/","name":"COPE Alcoy","description":"Emisora COPE de radio local con emisi\u00f3n online. Pont de Sant Jordi 8-10 03803 Alcoy","potentialAction":[{"@type":"SearchAction","target":{"@type":"EntryPoint","urlTemplate":"https:\/\/www.copealcoy.es\/es\/?s={search_term_string}"},"query-input":{"@type":"PropertyValueSpecification","valueRequired":true,"valueName":"search_term_string"}}],"inLanguage":"es"},{"@type":"Person","@id":"https:\/\/www.copealcoy.es\/es\/#\/schema\/person\/e777c87fa024e57d40170af9df39882c","name":"Cope Alcoy","image":{"@type":"ImageObject","inLanguage":"es","@id":"https:\/\/secure.gravatar.com\/avatar\/bb65d0283347e303893ba14f0692005417c1e0e690a325a4c5d8bb2b3943ee14?s=96&d=mm&r=g","url":"https:\/\/secure.gravatar.com\/avatar\/bb65d0283347e303893ba14f0692005417c1e0e690a325a4c5d8bb2b3943ee14?s=96&d=mm&r=g","contentUrl":"https:\/\/secure.gravatar.com\/avatar\/bb65d0283347e303893ba14f0692005417c1e0e690a325a4c5d8bb2b3943ee14?s=96&d=mm&r=g","caption":"Cope Alcoy"}}]}},"_links":{"self":[{"href":"https:\/\/www.copealcoy.es\/es\/wp-json\/wp\/v2\/posts\/54244","targetHints":{"allow":["GET"]}}],"collection":[{"href":"https:\/\/www.copealcoy.es\/es\/wp-json\/wp\/v2\/posts"}],"about":[{"href":"https:\/\/www.copealcoy.es\/es\/wp-json\/wp\/v2\/types\/post"}],"author":[{"embeddable":true,"href":"https:\/\/www.copealcoy.es\/es\/wp-json\/wp\/v2\/users\/1"}],"replies":[{"embeddable":true,"href":"https:\/\/www.copealcoy.es\/es\/wp-json\/wp\/v2\/comments?post=54244"}],"version-history":[{"count":0,"href":"https:\/\/www.copealcoy.es\/es\/wp-json\/wp\/v2\/posts\/54244\/revisions"}],"wp:featuredmedia":[{"embeddable":true,"href":"https:\/\/www.copealcoy.es\/es\/wp-json\/wp\/v2\/media\/54245"}],"wp:attachment":[{"href":"https:\/\/www.copealcoy.es\/es\/wp-json\/wp\/v2\/media?parent=54244"}],"wp:term":[{"taxonomy":"category","embeddable":true,"href":"https:\/\/www.copealcoy.es\/es\/wp-json\/wp\/v2\/categories?post=54244"},{"taxonomy":"post_tag","embeddable":true,"href":"https:\/\/www.copealcoy.es\/es\/wp-json\/wp\/v2\/tags?post=54244"}],"curies":[{"name":"wp","href":"https:\/\/api.w.org\/{rel}","templated":true}]}}