{"id":54217,"date":"2019-08-08T16:10:27","date_gmt":"2019-08-08T16:10:27","guid":{"rendered":"https:\/\/copealcoi.es\/?p=54217"},"modified":"2019-08-08T16:10:27","modified_gmt":"2019-08-08T16:10:27","slug":"el-alcoyano-disputara-la-edicion-2019-de-la-copa-rfef","status":"publish","type":"post","link":"https:\/\/www.copealcoy.es\/es\/el-alcoyano-disputara-la-edicion-2019-de-la-copa-rfef\/","title":{"rendered":"El Alcoyano disputar\u00e1 la edici\u00f3n 2019 de la Copa RFEF"},"content":{"rendered":"<p style=\"text-align: justify;\">El <strong>CD Alcoyano<\/strong> disputar\u00e1 la edici\u00f3n 2019 de la <strong>Copa RFEF<\/strong>. El Deportivo se enrola en esta competici\u00f3n que disputan equipos de <strong>Segunda Divisi\u00f3n B y Tercera<\/strong>, que no hayan disputado la Copa del Rey. El Alcoyano ha pasado como cabeza de serie y de esta manera no tiene que disputar la fase auton\u00f3mica. Entre la primera y la tercera ronda, son fases por proximidad geogr\u00e1fica y los rivales pueden ser <strong>Castell\u00f3n, Sabadell y los ganadores de las fases auton\u00f3micas de las regiones de Murcia, Valencia, Baleares, Catalu\u00f1a y Arag\u00f3n<\/strong><\/p>\n<p style=\"text-align: justify;\">Eliminatoria a <strong>partido \u00fanico<\/strong> en todas las rondas. Primera Ronda <strong>3 Octubre<\/strong>, Segunda Ronda <strong>17 Octubre<\/strong>, Tercera Ronda <strong>7 Noviembre,<\/strong> Semifinal<strong> 21 Noviembre,<\/strong> Final 5 Diciembre.<\/p>\n<p style=\"text-align: justify;\">En el caso de ser Semifinalista, <strong>se accede a la primera Ronda de la Copa del Rey<\/strong>, donde se enfrentar\u00eda a un Primera Divisi\u00f3n o a un Segunda Divisi\u00f3n.<\/p>\n","protected":false},"excerpt":{"rendered":"<p>El CD Alcoyano disputar\u00e1 la edici\u00f3n 2019 de la Copa RFEF. El Deportivo se enrola en esta competici\u00f3n que disputan&#8230;<\/p>\n","protected":false},"author":1,"featured_media":53251,"comment_status":"open","ping_status":"open","sticky":false,"template":"","format":"standard","meta":{"footnotes":""},"categories":[92,75],"tags":[140,9111,8993],"class_list":["post-54217","post","type-post","status-publish","format-standard","has-post-thumbnail","hentry","category-deportes","category-noticias","tag-alcoyano","tag-copa-rfef","tag-edicion-2019"],"yoast_head":"<!-- This site is optimized with the Yoast SEO plugin v27.3 - https:\/\/yoast.com\/product\/yoast-seo-wordpress\/ -->\n<title>El Alcoyano disputar\u00e1 la edici\u00f3n 2019 de la Copa RFEF - COPE Alcoy<\/title>\n<meta name=\"robots\" content=\"index, follow, max-snippet:-1, max-image-preview:large, max-video-preview:-1\" \/>\n<link rel=\"canonical\" href=\"https:\/\/www.copealcoy.es\/es\/el-alcoyano-disputara-la-edicion-2019-de-la-copa-rfef\/\" \/>\n<meta property=\"og:locale\" content=\"es_ES\" \/>\n<meta property=\"og:type\" content=\"article\" \/>\n<meta property=\"og:title\" content=\"El Alcoyano disputar\u00e1 la edici\u00f3n 2019 de la Copa RFEF - COPE Alcoy\" \/>\n<meta property=\"og:description\" content=\"El CD Alcoyano disputar\u00e1 la edici\u00f3n 2019 de la Copa RFEF. El Deportivo se enrola en esta competici\u00f3n que disputan...\" \/>\n<meta property=\"og:url\" content=\"https:\/\/www.copealcoy.es\/es\/el-alcoyano-disputara-la-edicion-2019-de-la-copa-rfef\/\" \/>\n<meta property=\"og:site_name\" content=\"COPE Alcoy\" \/>\n<meta property=\"article:published_time\" content=\"2019-08-08T16:10:27+00:00\" \/>\n<meta property=\"og:image\" content=\"https:\/\/www.copealcoy.es\/wp-content\/uploads\/2019\/07\/66740636_1259853337525930_7374221795102031872_n-e1563383356945-1.jpg\" \/>\n\t<meta property=\"og:image:width\" content=\"832\" \/>\n\t<meta property=\"og:image:height\" content=\"530\" \/>\n\t<meta property=\"og:image:type\" content=\"image\/jpeg\" \/>\n<meta name=\"author\" content=\"Cope Alcoy\" \/>\n<meta name=\"twitter:label1\" content=\"Escrito por\" \/>\n\t<meta name=\"twitter:data1\" content=\"Cope Alcoy\" \/>\n\t<meta name=\"twitter:label2\" content=\"Tiempo de lectura\" \/>\n\t<meta name=\"twitter:data2\" content=\"1 minuto\" \/>\n<script type=\"application\/ld+json\" class=\"yoast-schema-graph\">{\"@context\":\"https:\\\/\\\/schema.org\",\"@graph\":[{\"@type\":\"Article\",\"@id\":\"https:\\\/\\\/www.copealcoy.es\\\/es\\\/el-alcoyano-disputara-la-edicion-2019-de-la-copa-rfef\\\/#article\",\"isPartOf\":{\"@id\":\"https:\\\/\\\/www.copealcoy.es\\\/es\\\/el-alcoyano-disputara-la-edicion-2019-de-la-copa-rfef\\\/\"},\"author\":{\"name\":\"Cope Alcoy\",\"@id\":\"https:\\\/\\\/www.copealcoy.es\\\/es\\\/#\\\/schema\\\/person\\\/e777c87fa024e57d40170af9df39882c\"},\"headline\":\"El Alcoyano disputar\u00e1 la edici\u00f3n 2019 de la Copa RFEF\",\"datePublished\":\"2019-08-08T16:10:27+00:00\",\"mainEntityOfPage\":{\"@id\":\"https:\\\/\\\/www.copealcoy.es\\\/es\\\/el-alcoyano-disputara-la-edicion-2019-de-la-copa-rfef\\\/\"},\"wordCount\":161,\"commentCount\":0,\"image\":{\"@id\":\"https:\\\/\\\/www.copealcoy.es\\\/es\\\/el-alcoyano-disputara-la-edicion-2019-de-la-copa-rfef\\\/#primaryimage\"},\"thumbnailUrl\":\"https:\\\/\\\/www.copealcoy.es\\\/wp-content\\\/uploads\\\/2019\\\/07\\\/66740636_1259853337525930_7374221795102031872_n-e1563383356945-1.jpg\",\"keywords\":[\"Alcoyano\",\"Copa RFEF\",\"edici\u00f3n 2019\"],\"articleSection\":[\"Deportes\",\"Noticias\"],\"inLanguage\":\"es\"},{\"@type\":\"WebPage\",\"@id\":\"https:\\\/\\\/www.copealcoy.es\\\/es\\\/el-alcoyano-disputara-la-edicion-2019-de-la-copa-rfef\\\/\",\"url\":\"https:\\\/\\\/www.copealcoy.es\\\/es\\\/el-alcoyano-disputara-la-edicion-2019-de-la-copa-rfef\\\/\",\"name\":\"El Alcoyano disputar\u00e1 la edici\u00f3n 2019 de la Copa RFEF - COPE Alcoy\",\"isPartOf\":{\"@id\":\"https:\\\/\\\/www.copealcoy.es\\\/es\\\/#website\"},\"primaryImageOfPage\":{\"@id\":\"https:\\\/\\\/www.copealcoy.es\\\/es\\\/el-alcoyano-disputara-la-edicion-2019-de-la-copa-rfef\\\/#primaryimage\"},\"image\":{\"@id\":\"https:\\\/\\\/www.copealcoy.es\\\/es\\\/el-alcoyano-disputara-la-edicion-2019-de-la-copa-rfef\\\/#primaryimage\"},\"thumbnailUrl\":\"https:\\\/\\\/www.copealcoy.es\\\/wp-content\\\/uploads\\\/2019\\\/07\\\/66740636_1259853337525930_7374221795102031872_n-e1563383356945-1.jpg\",\"datePublished\":\"2019-08-08T16:10:27+00:00\",\"author\":{\"@id\":\"https:\\\/\\\/www.copealcoy.es\\\/es\\\/#\\\/schema\\\/person\\\/e777c87fa024e57d40170af9df39882c\"},\"breadcrumb\":{\"@id\":\"https:\\\/\\\/www.copealcoy.es\\\/es\\\/el-alcoyano-disputara-la-edicion-2019-de-la-copa-rfef\\\/#breadcrumb\"},\"inLanguage\":\"es\",\"potentialAction\":[{\"@type\":\"ReadAction\",\"target\":[\"https:\\\/\\\/www.copealcoy.es\\\/es\\\/el-alcoyano-disputara-la-edicion-2019-de-la-copa-rfef\\\/\"]}]},{\"@type\":\"ImageObject\",\"inLanguage\":\"es\",\"@id\":\"https:\\\/\\\/www.copealcoy.es\\\/es\\\/el-alcoyano-disputara-la-edicion-2019-de-la-copa-rfef\\\/#primaryimage\",\"url\":\"https:\\\/\\\/www.copealcoy.es\\\/wp-content\\\/uploads\\\/2019\\\/07\\\/66740636_1259853337525930_7374221795102031872_n-e1563383356945-1.jpg\",\"contentUrl\":\"https:\\\/\\\/www.copealcoy.es\\\/wp-content\\\/uploads\\\/2019\\\/07\\\/66740636_1259853337525930_7374221795102031872_n-e1563383356945-1.jpg\",\"width\":832,\"height\":530,\"caption\":\"Los jugadores ya han comenzado a trabajar bajo las \u00f3rdenes del t\u00e9cnico\"},{\"@type\":\"BreadcrumbList\",\"@id\":\"https:\\\/\\\/www.copealcoy.es\\\/es\\\/el-alcoyano-disputara-la-edicion-2019-de-la-copa-rfef\\\/#breadcrumb\",\"itemListElement\":[{\"@type\":\"ListItem\",\"position\":1,\"name\":\"Portada\",\"item\":\"https:\\\/\\\/www.copealcoy.es\\\/es\\\/\"},{\"@type\":\"ListItem\",\"position\":2,\"name\":\"El Alcoyano disputar\u00e1 la edici\u00f3n 2019 de la Copa RFEF\"}]},{\"@type\":\"WebSite\",\"@id\":\"https:\\\/\\\/www.copealcoy.es\\\/es\\\/#website\",\"url\":\"https:\\\/\\\/www.copealcoy.es\\\/es\\\/\",\"name\":\"COPE Alcoy\",\"description\":\"Emisora COPE de radio local con emisi\u00f3n online. Pont de Sant Jordi 8-10 03803 Alcoy\",\"potentialAction\":[{\"@type\":\"SearchAction\",\"target\":{\"@type\":\"EntryPoint\",\"urlTemplate\":\"https:\\\/\\\/www.copealcoy.es\\\/es\\\/?s={search_term_string}\"},\"query-input\":{\"@type\":\"PropertyValueSpecification\",\"valueRequired\":true,\"valueName\":\"search_term_string\"}}],\"inLanguage\":\"es\"},{\"@type\":\"Person\",\"@id\":\"https:\\\/\\\/www.copealcoy.es\\\/es\\\/#\\\/schema\\\/person\\\/e777c87fa024e57d40170af9df39882c\",\"name\":\"Cope Alcoy\",\"image\":{\"@type\":\"ImageObject\",\"inLanguage\":\"es\",\"@id\":\"https:\\\/\\\/secure.gravatar.com\\\/avatar\\\/bb65d0283347e303893ba14f0692005417c1e0e690a325a4c5d8bb2b3943ee14?s=96&d=mm&r=g\",\"url\":\"https:\\\/\\\/secure.gravatar.com\\\/avatar\\\/bb65d0283347e303893ba14f0692005417c1e0e690a325a4c5d8bb2b3943ee14?s=96&d=mm&r=g\",\"contentUrl\":\"https:\\\/\\\/secure.gravatar.com\\\/avatar\\\/bb65d0283347e303893ba14f0692005417c1e0e690a325a4c5d8bb2b3943ee14?s=96&d=mm&r=g\",\"caption\":\"Cope Alcoy\"}}]}<\/script>\n<!-- \/ Yoast SEO plugin. -->","yoast_head_json":{"title":"El Alcoyano disputar\u00e1 la edici\u00f3n 2019 de la Copa RFEF - COPE Alcoy","robots":{"index":"index","follow":"follow","max-snippet":"max-snippet:-1","max-image-preview":"max-image-preview:large","max-video-preview":"max-video-preview:-1"},"canonical":"https:\/\/www.copealcoy.es\/es\/el-alcoyano-disputara-la-edicion-2019-de-la-copa-rfef\/","og_locale":"es_ES","og_type":"article","og_title":"El Alcoyano disputar\u00e1 la edici\u00f3n 2019 de la Copa RFEF - COPE Alcoy","og_description":"El CD Alcoyano disputar\u00e1 la edici\u00f3n 2019 de la Copa RFEF. El Deportivo se enrola en esta competici\u00f3n que disputan...","og_url":"https:\/\/www.copealcoy.es\/es\/el-alcoyano-disputara-la-edicion-2019-de-la-copa-rfef\/","og_site_name":"COPE Alcoy","article_published_time":"2019-08-08T16:10:27+00:00","og_image":[{"width":832,"height":530,"url":"https:\/\/www.copealcoy.es\/wp-content\/uploads\/2019\/07\/66740636_1259853337525930_7374221795102031872_n-e1563383356945-1.jpg","type":"image\/jpeg"}],"author":"Cope Alcoy","twitter_misc":{"Escrito por":"Cope Alcoy","Tiempo de lectura":"1 minuto"},"schema":{"@context":"https:\/\/schema.org","@graph":[{"@type":"Article","@id":"https:\/\/www.copealcoy.es\/es\/el-alcoyano-disputara-la-edicion-2019-de-la-copa-rfef\/#article","isPartOf":{"@id":"https:\/\/www.copealcoy.es\/es\/el-alcoyano-disputara-la-edicion-2019-de-la-copa-rfef\/"},"author":{"name":"Cope Alcoy","@id":"https:\/\/www.copealcoy.es\/es\/#\/schema\/person\/e777c87fa024e57d40170af9df39882c"},"headline":"El Alcoyano disputar\u00e1 la edici\u00f3n 2019 de la Copa RFEF","datePublished":"2019-08-08T16:10:27+00:00","mainEntityOfPage":{"@id":"https:\/\/www.copealcoy.es\/es\/el-alcoyano-disputara-la-edicion-2019-de-la-copa-rfef\/"},"wordCount":161,"commentCount":0,"image":{"@id":"https:\/\/www.copealcoy.es\/es\/el-alcoyano-disputara-la-edicion-2019-de-la-copa-rfef\/#primaryimage"},"thumbnailUrl":"https:\/\/www.copealcoy.es\/wp-content\/uploads\/2019\/07\/66740636_1259853337525930_7374221795102031872_n-e1563383356945-1.jpg","keywords":["Alcoyano","Copa RFEF","edici\u00f3n 2019"],"articleSection":["Deportes","Noticias"],"inLanguage":"es"},{"@type":"WebPage","@id":"https:\/\/www.copealcoy.es\/es\/el-alcoyano-disputara-la-edicion-2019-de-la-copa-rfef\/","url":"https:\/\/www.copealcoy.es\/es\/el-alcoyano-disputara-la-edicion-2019-de-la-copa-rfef\/","name":"El Alcoyano disputar\u00e1 la edici\u00f3n 2019 de la Copa RFEF - COPE Alcoy","isPartOf":{"@id":"https:\/\/www.copealcoy.es\/es\/#website"},"primaryImageOfPage":{"@id":"https:\/\/www.copealcoy.es\/es\/el-alcoyano-disputara-la-edicion-2019-de-la-copa-rfef\/#primaryimage"},"image":{"@id":"https:\/\/www.copealcoy.es\/es\/el-alcoyano-disputara-la-edicion-2019-de-la-copa-rfef\/#primaryimage"},"thumbnailUrl":"https:\/\/www.copealcoy.es\/wp-content\/uploads\/2019\/07\/66740636_1259853337525930_7374221795102031872_n-e1563383356945-1.jpg","datePublished":"2019-08-08T16:10:27+00:00","author":{"@id":"https:\/\/www.copealcoy.es\/es\/#\/schema\/person\/e777c87fa024e57d40170af9df39882c"},"breadcrumb":{"@id":"https:\/\/www.copealcoy.es\/es\/el-alcoyano-disputara-la-edicion-2019-de-la-copa-rfef\/#breadcrumb"},"inLanguage":"es","potentialAction":[{"@type":"ReadAction","target":["https:\/\/www.copealcoy.es\/es\/el-alcoyano-disputara-la-edicion-2019-de-la-copa-rfef\/"]}]},{"@type":"ImageObject","inLanguage":"es","@id":"https:\/\/www.copealcoy.es\/es\/el-alcoyano-disputara-la-edicion-2019-de-la-copa-rfef\/#primaryimage","url":"https:\/\/www.copealcoy.es\/wp-content\/uploads\/2019\/07\/66740636_1259853337525930_7374221795102031872_n-e1563383356945-1.jpg","contentUrl":"https:\/\/www.copealcoy.es\/wp-content\/uploads\/2019\/07\/66740636_1259853337525930_7374221795102031872_n-e1563383356945-1.jpg","width":832,"height":530,"caption":"Los jugadores ya han comenzado a trabajar bajo las \u00f3rdenes del t\u00e9cnico"},{"@type":"BreadcrumbList","@id":"https:\/\/www.copealcoy.es\/es\/el-alcoyano-disputara-la-edicion-2019-de-la-copa-rfef\/#breadcrumb","itemListElement":[{"@type":"ListItem","position":1,"name":"Portada","item":"https:\/\/www.copealcoy.es\/es\/"},{"@type":"ListItem","position":2,"name":"El Alcoyano disputar\u00e1 la edici\u00f3n 2019 de la Copa RFEF"}]},{"@type":"WebSite","@id":"https:\/\/www.copealcoy.es\/es\/#website","url":"https:\/\/www.copealcoy.es\/es\/","name":"COPE Alcoy","description":"Emisora COPE de radio local con emisi\u00f3n online. Pont de Sant Jordi 8-10 03803 Alcoy","potentialAction":[{"@type":"SearchAction","target":{"@type":"EntryPoint","urlTemplate":"https:\/\/www.copealcoy.es\/es\/?s={search_term_string}"},"query-input":{"@type":"PropertyValueSpecification","valueRequired":true,"valueName":"search_term_string"}}],"inLanguage":"es"},{"@type":"Person","@id":"https:\/\/www.copealcoy.es\/es\/#\/schema\/person\/e777c87fa024e57d40170af9df39882c","name":"Cope Alcoy","image":{"@type":"ImageObject","inLanguage":"es","@id":"https:\/\/secure.gravatar.com\/avatar\/bb65d0283347e303893ba14f0692005417c1e0e690a325a4c5d8bb2b3943ee14?s=96&d=mm&r=g","url":"https:\/\/secure.gravatar.com\/avatar\/bb65d0283347e303893ba14f0692005417c1e0e690a325a4c5d8bb2b3943ee14?s=96&d=mm&r=g","contentUrl":"https:\/\/secure.gravatar.com\/avatar\/bb65d0283347e303893ba14f0692005417c1e0e690a325a4c5d8bb2b3943ee14?s=96&d=mm&r=g","caption":"Cope Alcoy"}}]}},"_links":{"self":[{"href":"https:\/\/www.copealcoy.es\/es\/wp-json\/wp\/v2\/posts\/54217","targetHints":{"allow":["GET"]}}],"collection":[{"href":"https:\/\/www.copealcoy.es\/es\/wp-json\/wp\/v2\/posts"}],"about":[{"href":"https:\/\/www.copealcoy.es\/es\/wp-json\/wp\/v2\/types\/post"}],"author":[{"embeddable":true,"href":"https:\/\/www.copealcoy.es\/es\/wp-json\/wp\/v2\/users\/1"}],"replies":[{"embeddable":true,"href":"https:\/\/www.copealcoy.es\/es\/wp-json\/wp\/v2\/comments?post=54217"}],"version-history":[{"count":0,"href":"https:\/\/www.copealcoy.es\/es\/wp-json\/wp\/v2\/posts\/54217\/revisions"}],"wp:featuredmedia":[{"embeddable":true,"href":"https:\/\/www.copealcoy.es\/es\/wp-json\/wp\/v2\/media\/53251"}],"wp:attachment":[{"href":"https:\/\/www.copealcoy.es\/es\/wp-json\/wp\/v2\/media?parent=54217"}],"wp:term":[{"taxonomy":"category","embeddable":true,"href":"https:\/\/www.copealcoy.es\/es\/wp-json\/wp\/v2\/categories?post=54217"},{"taxonomy":"post_tag","embeddable":true,"href":"https:\/\/www.copealcoy.es\/es\/wp-json\/wp\/v2\/tags?post=54217"}],"curies":[{"name":"wp","href":"https:\/\/api.w.org\/{rel}","templated":true}]}}