{"id":54203,"date":"2019-08-08T15:04:50","date_gmt":"2019-08-08T15:04:50","guid":{"rendered":"https:\/\/copealcoi.es\/?p=54203"},"modified":"2019-08-08T15:04:50","modified_gmt":"2019-08-08T15:04:50","slug":"el-paro-aumento-en-la-comarca-durante-el-mes-de-julio","status":"publish","type":"post","link":"https:\/\/www.copealcoy.es\/es\/el-paro-aumento-en-la-comarca-durante-el-mes-de-julio\/","title":{"rendered":"El paro aument\u00f3 en la comarca durante el mes de julio"},"content":{"rendered":"<p style=\"text-align: justify;\">El mes de julio termin\u00f3 con <strong>un incremento del paro de 156 personas<\/strong> en el conjunto de<strong> las comarcas del Comtat y de l\u2019Alcoi\u00e0<\/strong>. As\u00ed se desprende de los datos del <strong>Servicio Valenciano de Empleo<\/strong>, Labora, y en los que se demuestra que ahora mismo existe en nuestra zona <strong>un total de 10.606<\/strong> desempleados.<\/p>\n<p style=\"text-align: justify;\">Por municipios destaca <strong>Alcoy<\/strong> con un incremento de 20 parados y una cifra total de 4.906 personas sin trabajo en estos momentos. A continuaci\u00f3n sobresale\u00a0<strong>Ibi<\/strong> con 41 parados m\u00e1s (1.835), <strong>Castalla<\/strong> con una subida de 35 personas (721), <strong>Banyeres de Mariola<\/strong> con un aumento de 33 vecinos (376) y <strong>Onil<\/strong> con 23 parados m\u00e1s (578) y <strong>Muro<\/strong> con 5 parados m\u00e1s (625). En el resto de poblaciones <strong>las subidas y bajadas<\/strong> del paro fueron m\u00ednimas.<\/p>\n<p style=\"text-align: justify;\">En cuanto a al g\u00e9nero, indicar que ahora mismo en la comarca <strong>hay m\u00e1s mujeres desempleadas que hombres<\/strong> mientras que en los sectores <strong>la industria<\/strong>, <strong>el comercio y la reparaci\u00f3n de veh\u00edculos<\/strong> o <strong>las actividades administrativas y servicios auxiliares<\/strong> son los que tienen una mayor demanda de ocupaci\u00f3n.<\/p>\n","protected":false},"excerpt":{"rendered":"<p>El mes de julio termin\u00f3 con un incremento del paro de 156 personas en el conjunto de las comarcas del&#8230;<\/p>\n","protected":false},"author":1,"featured_media":54204,"comment_status":"open","ping_status":"open","sticky":false,"template":"","format":"standard","meta":{"footnotes":""},"categories":[75,79],"tags":[482,236,237,5114,341],"class_list":["post-54203","post","type-post","status-publish","format-standard","has-post-thumbnail","hentry","category-noticias","category-politicayeconomia","tag-alcoia","tag-comarca","tag-comtat","tag-incremento","tag-paro"],"yoast_head":"<!-- This site is optimized with the Yoast SEO plugin v27.3 - https:\/\/yoast.com\/product\/yoast-seo-wordpress\/ -->\n<title>El paro aument\u00f3 en la comarca durante el mes de julio - COPE Alcoy<\/title>\n<meta name=\"robots\" content=\"index, follow, max-snippet:-1, max-image-preview:large, max-video-preview:-1\" \/>\n<link rel=\"canonical\" href=\"https:\/\/www.copealcoy.es\/es\/el-paro-aumento-en-la-comarca-durante-el-mes-de-julio\/\" \/>\n<meta property=\"og:locale\" content=\"es_ES\" \/>\n<meta property=\"og:type\" content=\"article\" \/>\n<meta property=\"og:title\" content=\"El paro aument\u00f3 en la comarca durante el mes de julio - COPE Alcoy\" \/>\n<meta property=\"og:description\" content=\"El mes de julio termin\u00f3 con un incremento del paro de 156 personas en el conjunto de las comarcas del...\" \/>\n<meta property=\"og:url\" content=\"https:\/\/www.copealcoy.es\/es\/el-paro-aumento-en-la-comarca-durante-el-mes-de-julio\/\" \/>\n<meta property=\"og:site_name\" content=\"COPE Alcoy\" \/>\n<meta property=\"article:published_time\" content=\"2019-08-08T15:04:50+00:00\" \/>\n<meta property=\"og:image\" content=\"https:\/\/www.copealcoy.es\/wp-content\/uploads\/2019\/08\/Labora_a24_esto_es_elche_actualidad_24-1.jpg\" \/>\n\t<meta property=\"og:image:width\" content=\"1080\" \/>\n\t<meta property=\"og:image:height\" content=\"600\" \/>\n\t<meta property=\"og:image:type\" content=\"image\/jpeg\" \/>\n<meta name=\"author\" content=\"Cope Alcoy\" \/>\n<meta name=\"twitter:label1\" content=\"Escrito por\" \/>\n\t<meta name=\"twitter:data1\" content=\"Cope Alcoy\" \/>\n\t<meta name=\"twitter:label2\" content=\"Tiempo de lectura\" \/>\n\t<meta name=\"twitter:data2\" content=\"1 minuto\" \/>\n<script type=\"application\/ld+json\" class=\"yoast-schema-graph\">{\"@context\":\"https:\\\/\\\/schema.org\",\"@graph\":[{\"@type\":\"Article\",\"@id\":\"https:\\\/\\\/www.copealcoy.es\\\/es\\\/el-paro-aumento-en-la-comarca-durante-el-mes-de-julio\\\/#article\",\"isPartOf\":{\"@id\":\"https:\\\/\\\/www.copealcoy.es\\\/es\\\/el-paro-aumento-en-la-comarca-durante-el-mes-de-julio\\\/\"},\"author\":{\"name\":\"Cope Alcoy\",\"@id\":\"https:\\\/\\\/www.copealcoy.es\\\/es\\\/#\\\/schema\\\/person\\\/e777c87fa024e57d40170af9df39882c\"},\"headline\":\"El paro aument\u00f3 en la comarca durante el mes de julio\",\"datePublished\":\"2019-08-08T15:04:50+00:00\",\"mainEntityOfPage\":{\"@id\":\"https:\\\/\\\/www.copealcoy.es\\\/es\\\/el-paro-aumento-en-la-comarca-durante-el-mes-de-julio\\\/\"},\"wordCount\":186,\"commentCount\":0,\"image\":{\"@id\":\"https:\\\/\\\/www.copealcoy.es\\\/es\\\/el-paro-aumento-en-la-comarca-durante-el-mes-de-julio\\\/#primaryimage\"},\"thumbnailUrl\":\"https:\\\/\\\/www.copealcoy.es\\\/wp-content\\\/uploads\\\/2019\\\/08\\\/Labora_a24_esto_es_elche_actualidad_24-1.jpg\",\"keywords\":[\"Alcoi\u00e0\",\"Comarca\",\"Comtat\",\"incremento\",\"Paro\"],\"articleSection\":[\"Noticias\",\"Pol\u00edtica y Econom\u00eda\"],\"inLanguage\":\"es\"},{\"@type\":\"WebPage\",\"@id\":\"https:\\\/\\\/www.copealcoy.es\\\/es\\\/el-paro-aumento-en-la-comarca-durante-el-mes-de-julio\\\/\",\"url\":\"https:\\\/\\\/www.copealcoy.es\\\/es\\\/el-paro-aumento-en-la-comarca-durante-el-mes-de-julio\\\/\",\"name\":\"El paro aument\u00f3 en la comarca durante el mes de julio - COPE Alcoy\",\"isPartOf\":{\"@id\":\"https:\\\/\\\/www.copealcoy.es\\\/es\\\/#website\"},\"primaryImageOfPage\":{\"@id\":\"https:\\\/\\\/www.copealcoy.es\\\/es\\\/el-paro-aumento-en-la-comarca-durante-el-mes-de-julio\\\/#primaryimage\"},\"image\":{\"@id\":\"https:\\\/\\\/www.copealcoy.es\\\/es\\\/el-paro-aumento-en-la-comarca-durante-el-mes-de-julio\\\/#primaryimage\"},\"thumbnailUrl\":\"https:\\\/\\\/www.copealcoy.es\\\/wp-content\\\/uploads\\\/2019\\\/08\\\/Labora_a24_esto_es_elche_actualidad_24-1.jpg\",\"datePublished\":\"2019-08-08T15:04:50+00:00\",\"author\":{\"@id\":\"https:\\\/\\\/www.copealcoy.es\\\/es\\\/#\\\/schema\\\/person\\\/e777c87fa024e57d40170af9df39882c\"},\"breadcrumb\":{\"@id\":\"https:\\\/\\\/www.copealcoy.es\\\/es\\\/el-paro-aumento-en-la-comarca-durante-el-mes-de-julio\\\/#breadcrumb\"},\"inLanguage\":\"es\",\"potentialAction\":[{\"@type\":\"ReadAction\",\"target\":[\"https:\\\/\\\/www.copealcoy.es\\\/es\\\/el-paro-aumento-en-la-comarca-durante-el-mes-de-julio\\\/\"]}]},{\"@type\":\"ImageObject\",\"inLanguage\":\"es\",\"@id\":\"https:\\\/\\\/www.copealcoy.es\\\/es\\\/el-paro-aumento-en-la-comarca-durante-el-mes-de-julio\\\/#primaryimage\",\"url\":\"https:\\\/\\\/www.copealcoy.es\\\/wp-content\\\/uploads\\\/2019\\\/08\\\/Labora_a24_esto_es_elche_actualidad_24-1.jpg\",\"contentUrl\":\"https:\\\/\\\/www.copealcoy.es\\\/wp-content\\\/uploads\\\/2019\\\/08\\\/Labora_a24_esto_es_elche_actualidad_24-1.jpg\",\"width\":1080,\"height\":600},{\"@type\":\"BreadcrumbList\",\"@id\":\"https:\\\/\\\/www.copealcoy.es\\\/es\\\/el-paro-aumento-en-la-comarca-durante-el-mes-de-julio\\\/#breadcrumb\",\"itemListElement\":[{\"@type\":\"ListItem\",\"position\":1,\"name\":\"Portada\",\"item\":\"https:\\\/\\\/www.copealcoy.es\\\/es\\\/\"},{\"@type\":\"ListItem\",\"position\":2,\"name\":\"El paro aument\u00f3 en la comarca durante el mes de julio\"}]},{\"@type\":\"WebSite\",\"@id\":\"https:\\\/\\\/www.copealcoy.es\\\/es\\\/#website\",\"url\":\"https:\\\/\\\/www.copealcoy.es\\\/es\\\/\",\"name\":\"COPE Alcoy\",\"description\":\"Emisora COPE de radio local con emisi\u00f3n online. Pont de Sant Jordi 8-10 03803 Alcoy\",\"potentialAction\":[{\"@type\":\"SearchAction\",\"target\":{\"@type\":\"EntryPoint\",\"urlTemplate\":\"https:\\\/\\\/www.copealcoy.es\\\/es\\\/?s={search_term_string}\"},\"query-input\":{\"@type\":\"PropertyValueSpecification\",\"valueRequired\":true,\"valueName\":\"search_term_string\"}}],\"inLanguage\":\"es\"},{\"@type\":\"Person\",\"@id\":\"https:\\\/\\\/www.copealcoy.es\\\/es\\\/#\\\/schema\\\/person\\\/e777c87fa024e57d40170af9df39882c\",\"name\":\"Cope Alcoy\",\"image\":{\"@type\":\"ImageObject\",\"inLanguage\":\"es\",\"@id\":\"https:\\\/\\\/secure.gravatar.com\\\/avatar\\\/bb65d0283347e303893ba14f0692005417c1e0e690a325a4c5d8bb2b3943ee14?s=96&d=mm&r=g\",\"url\":\"https:\\\/\\\/secure.gravatar.com\\\/avatar\\\/bb65d0283347e303893ba14f0692005417c1e0e690a325a4c5d8bb2b3943ee14?s=96&d=mm&r=g\",\"contentUrl\":\"https:\\\/\\\/secure.gravatar.com\\\/avatar\\\/bb65d0283347e303893ba14f0692005417c1e0e690a325a4c5d8bb2b3943ee14?s=96&d=mm&r=g\",\"caption\":\"Cope Alcoy\"}}]}<\/script>\n<!-- \/ Yoast SEO plugin. -->","yoast_head_json":{"title":"El paro aument\u00f3 en la comarca durante el mes de julio - COPE Alcoy","robots":{"index":"index","follow":"follow","max-snippet":"max-snippet:-1","max-image-preview":"max-image-preview:large","max-video-preview":"max-video-preview:-1"},"canonical":"https:\/\/www.copealcoy.es\/es\/el-paro-aumento-en-la-comarca-durante-el-mes-de-julio\/","og_locale":"es_ES","og_type":"article","og_title":"El paro aument\u00f3 en la comarca durante el mes de julio - COPE Alcoy","og_description":"El mes de julio termin\u00f3 con un incremento del paro de 156 personas en el conjunto de las comarcas del...","og_url":"https:\/\/www.copealcoy.es\/es\/el-paro-aumento-en-la-comarca-durante-el-mes-de-julio\/","og_site_name":"COPE Alcoy","article_published_time":"2019-08-08T15:04:50+00:00","og_image":[{"width":1080,"height":600,"url":"https:\/\/www.copealcoy.es\/wp-content\/uploads\/2019\/08\/Labora_a24_esto_es_elche_actualidad_24-1.jpg","type":"image\/jpeg"}],"author":"Cope Alcoy","twitter_misc":{"Escrito por":"Cope Alcoy","Tiempo de lectura":"1 minuto"},"schema":{"@context":"https:\/\/schema.org","@graph":[{"@type":"Article","@id":"https:\/\/www.copealcoy.es\/es\/el-paro-aumento-en-la-comarca-durante-el-mes-de-julio\/#article","isPartOf":{"@id":"https:\/\/www.copealcoy.es\/es\/el-paro-aumento-en-la-comarca-durante-el-mes-de-julio\/"},"author":{"name":"Cope Alcoy","@id":"https:\/\/www.copealcoy.es\/es\/#\/schema\/person\/e777c87fa024e57d40170af9df39882c"},"headline":"El paro aument\u00f3 en la comarca durante el mes de julio","datePublished":"2019-08-08T15:04:50+00:00","mainEntityOfPage":{"@id":"https:\/\/www.copealcoy.es\/es\/el-paro-aumento-en-la-comarca-durante-el-mes-de-julio\/"},"wordCount":186,"commentCount":0,"image":{"@id":"https:\/\/www.copealcoy.es\/es\/el-paro-aumento-en-la-comarca-durante-el-mes-de-julio\/#primaryimage"},"thumbnailUrl":"https:\/\/www.copealcoy.es\/wp-content\/uploads\/2019\/08\/Labora_a24_esto_es_elche_actualidad_24-1.jpg","keywords":["Alcoi\u00e0","Comarca","Comtat","incremento","Paro"],"articleSection":["Noticias","Pol\u00edtica y Econom\u00eda"],"inLanguage":"es"},{"@type":"WebPage","@id":"https:\/\/www.copealcoy.es\/es\/el-paro-aumento-en-la-comarca-durante-el-mes-de-julio\/","url":"https:\/\/www.copealcoy.es\/es\/el-paro-aumento-en-la-comarca-durante-el-mes-de-julio\/","name":"El paro aument\u00f3 en la comarca durante el mes de julio - COPE Alcoy","isPartOf":{"@id":"https:\/\/www.copealcoy.es\/es\/#website"},"primaryImageOfPage":{"@id":"https:\/\/www.copealcoy.es\/es\/el-paro-aumento-en-la-comarca-durante-el-mes-de-julio\/#primaryimage"},"image":{"@id":"https:\/\/www.copealcoy.es\/es\/el-paro-aumento-en-la-comarca-durante-el-mes-de-julio\/#primaryimage"},"thumbnailUrl":"https:\/\/www.copealcoy.es\/wp-content\/uploads\/2019\/08\/Labora_a24_esto_es_elche_actualidad_24-1.jpg","datePublished":"2019-08-08T15:04:50+00:00","author":{"@id":"https:\/\/www.copealcoy.es\/es\/#\/schema\/person\/e777c87fa024e57d40170af9df39882c"},"breadcrumb":{"@id":"https:\/\/www.copealcoy.es\/es\/el-paro-aumento-en-la-comarca-durante-el-mes-de-julio\/#breadcrumb"},"inLanguage":"es","potentialAction":[{"@type":"ReadAction","target":["https:\/\/www.copealcoy.es\/es\/el-paro-aumento-en-la-comarca-durante-el-mes-de-julio\/"]}]},{"@type":"ImageObject","inLanguage":"es","@id":"https:\/\/www.copealcoy.es\/es\/el-paro-aumento-en-la-comarca-durante-el-mes-de-julio\/#primaryimage","url":"https:\/\/www.copealcoy.es\/wp-content\/uploads\/2019\/08\/Labora_a24_esto_es_elche_actualidad_24-1.jpg","contentUrl":"https:\/\/www.copealcoy.es\/wp-content\/uploads\/2019\/08\/Labora_a24_esto_es_elche_actualidad_24-1.jpg","width":1080,"height":600},{"@type":"BreadcrumbList","@id":"https:\/\/www.copealcoy.es\/es\/el-paro-aumento-en-la-comarca-durante-el-mes-de-julio\/#breadcrumb","itemListElement":[{"@type":"ListItem","position":1,"name":"Portada","item":"https:\/\/www.copealcoy.es\/es\/"},{"@type":"ListItem","position":2,"name":"El paro aument\u00f3 en la comarca durante el mes de julio"}]},{"@type":"WebSite","@id":"https:\/\/www.copealcoy.es\/es\/#website","url":"https:\/\/www.copealcoy.es\/es\/","name":"COPE Alcoy","description":"Emisora COPE de radio local con emisi\u00f3n online. Pont de Sant Jordi 8-10 03803 Alcoy","potentialAction":[{"@type":"SearchAction","target":{"@type":"EntryPoint","urlTemplate":"https:\/\/www.copealcoy.es\/es\/?s={search_term_string}"},"query-input":{"@type":"PropertyValueSpecification","valueRequired":true,"valueName":"search_term_string"}}],"inLanguage":"es"},{"@type":"Person","@id":"https:\/\/www.copealcoy.es\/es\/#\/schema\/person\/e777c87fa024e57d40170af9df39882c","name":"Cope Alcoy","image":{"@type":"ImageObject","inLanguage":"es","@id":"https:\/\/secure.gravatar.com\/avatar\/bb65d0283347e303893ba14f0692005417c1e0e690a325a4c5d8bb2b3943ee14?s=96&d=mm&r=g","url":"https:\/\/secure.gravatar.com\/avatar\/bb65d0283347e303893ba14f0692005417c1e0e690a325a4c5d8bb2b3943ee14?s=96&d=mm&r=g","contentUrl":"https:\/\/secure.gravatar.com\/avatar\/bb65d0283347e303893ba14f0692005417c1e0e690a325a4c5d8bb2b3943ee14?s=96&d=mm&r=g","caption":"Cope Alcoy"}}]}},"_links":{"self":[{"href":"https:\/\/www.copealcoy.es\/es\/wp-json\/wp\/v2\/posts\/54203","targetHints":{"allow":["GET"]}}],"collection":[{"href":"https:\/\/www.copealcoy.es\/es\/wp-json\/wp\/v2\/posts"}],"about":[{"href":"https:\/\/www.copealcoy.es\/es\/wp-json\/wp\/v2\/types\/post"}],"author":[{"embeddable":true,"href":"https:\/\/www.copealcoy.es\/es\/wp-json\/wp\/v2\/users\/1"}],"replies":[{"embeddable":true,"href":"https:\/\/www.copealcoy.es\/es\/wp-json\/wp\/v2\/comments?post=54203"}],"version-history":[{"count":0,"href":"https:\/\/www.copealcoy.es\/es\/wp-json\/wp\/v2\/posts\/54203\/revisions"}],"wp:featuredmedia":[{"embeddable":true,"href":"https:\/\/www.copealcoy.es\/es\/wp-json\/wp\/v2\/media\/54204"}],"wp:attachment":[{"href":"https:\/\/www.copealcoy.es\/es\/wp-json\/wp\/v2\/media?parent=54203"}],"wp:term":[{"taxonomy":"category","embeddable":true,"href":"https:\/\/www.copealcoy.es\/es\/wp-json\/wp\/v2\/categories?post=54203"},{"taxonomy":"post_tag","embeddable":true,"href":"https:\/\/www.copealcoy.es\/es\/wp-json\/wp\/v2\/tags?post=54203"}],"curies":[{"name":"wp","href":"https:\/\/api.w.org\/{rel}","templated":true}]}}