{"id":54192,"date":"2019-08-08T14:42:09","date_gmt":"2019-08-08T14:42:09","guid":{"rendered":"https:\/\/copealcoi.es\/?p=54192"},"modified":"2019-08-08T14:42:09","modified_gmt":"2019-08-08T14:42:09","slug":"benillup-entra-de-lleno-en-sus-fiestas-patronales","status":"publish","type":"post","link":"https:\/\/www.copealcoy.es\/es\/benillup-entra-de-lleno-en-sus-fiestas-patronales\/","title":{"rendered":"Benillup entra de lleno en sus Fiestas Patronales"},"content":{"rendered":"<p style=\"text-align: justify;\">Benillup se adentra este fin de semana en <strong>la celebraci\u00f3n de sus Fiestas patronales<\/strong> que incluyen <strong>gran cantidad de actos<\/strong> para toda la familia.<\/p>\n<p style=\"text-align: justify;\">El la programaci\u00f3n de actos figuran\u00a0<strong>competiciones deportivas<\/strong>, <strong>teatro de calle<\/strong> con la representaci\u00f3n de la obra de &#8216;La Dependent&#8217; titulada &#8216;Fem i Desfem&#8217; e incluso <strong>gran cantidad de propuestas<\/strong> para los m\u00e1s peque\u00f1os. A ello se le suman <strong>las &#8216;Entraetes&#8217;<\/strong> as\u00ed como los <strong>actos religiosos<\/strong> dedicados a San Lorenzo, la Virgen del Rosario y San Jos\u00e9. \u00a0El alcalde de Benillup, <strong>Javier Navarro<\/strong>, recordaba este jueves en COPE ALCOY el <strong>car\u00e1cter participativo<\/strong> que tienes estas Fiestas veraniegos &#8220;<em>los vecinos, de todas las edades, se vuelcan en preparar los actos, en salir a los desfiles y a las procesiones e incluso en organizar las comidas y cenas. Son d\u00edas de absoluta convivencia que se viven en la calle y que sirven tambi\u00e9n para que nos reencontremos con aquellos que no viven en Benillup durante el resto del a\u00f1o<\/em>&#8220;, detalla.<\/p>\n<p style=\"text-align: justify;\">Indicar que las noches de las Fiestas de Benillup tambi\u00e9n ofrecen <strong>las cl\u00e1sicas verbenas nocturnas<\/strong>. Toda la programaci\u00f3n <strong>se puede consultar<\/strong> con todo detalla en este <a href=\"http:\/\/www.benillup.cat\/festes\/2019\/144\/programa-de-festes.html\"><span style=\"color: #0000ff;\"><strong>portal web<\/strong><\/span><\/a>.<\/p>\n","protected":false},"excerpt":{"rendered":"<p>Benillup se adentra este fin de semana en la celebraci\u00f3n de sus Fiestas patronales que incluyen gran cantidad de actos&#8230;<\/p>\n","protected":false},"author":1,"featured_media":54193,"comment_status":"open","ping_status":"open","sticky":false,"template":"","format":"standard","meta":{"footnotes":""},"categories":[98,75],"tags":[409,237,2954,1149],"class_list":["post-54192","post","type-post","status-publish","format-standard","has-post-thumbnail","hentry","category-comarcas","category-noticias","tag-benillup","tag-comtat","tag-fiestas-patronales","tag-verano"],"yoast_head":"<!-- This site is optimized with the Yoast SEO plugin v27.3 - https:\/\/yoast.com\/product\/yoast-seo-wordpress\/ -->\n<title>Benillup entra de lleno en sus Fiestas Patronales - COPE Alcoy<\/title>\n<meta name=\"robots\" content=\"index, follow, max-snippet:-1, max-image-preview:large, max-video-preview:-1\" \/>\n<link rel=\"canonical\" href=\"https:\/\/www.copealcoy.es\/es\/benillup-entra-de-lleno-en-sus-fiestas-patronales\/\" \/>\n<meta property=\"og:locale\" content=\"es_ES\" \/>\n<meta property=\"og:type\" content=\"article\" \/>\n<meta property=\"og:title\" content=\"Benillup entra de lleno en sus Fiestas Patronales - COPE Alcoy\" \/>\n<meta property=\"og:description\" content=\"Benillup se adentra este fin de semana en la celebraci\u00f3n de sus Fiestas patronales que incluyen gran cantidad de actos...\" \/>\n<meta property=\"og:url\" content=\"https:\/\/www.copealcoy.es\/es\/benillup-entra-de-lleno-en-sus-fiestas-patronales\/\" \/>\n<meta property=\"og:site_name\" content=\"COPE Alcoy\" \/>\n<meta property=\"article:published_time\" content=\"2019-08-08T14:42:09+00:00\" \/>\n<meta property=\"og:image\" content=\"https:\/\/www.copealcoy.es\/wp-content\/uploads\/2019\/08\/Vista_de_Benillup-1-scaled.jpg\" \/>\n\t<meta property=\"og:image:width\" content=\"2560\" \/>\n\t<meta property=\"og:image:height\" content=\"1690\" \/>\n\t<meta property=\"og:image:type\" content=\"image\/jpeg\" \/>\n<meta name=\"author\" content=\"Cope Alcoy\" \/>\n<meta name=\"twitter:label1\" content=\"Escrito por\" \/>\n\t<meta name=\"twitter:data1\" content=\"Cope Alcoy\" \/>\n\t<meta name=\"twitter:label2\" content=\"Tiempo de lectura\" \/>\n\t<meta name=\"twitter:data2\" content=\"1 minuto\" \/>\n<script type=\"application\/ld+json\" class=\"yoast-schema-graph\">{\"@context\":\"https:\\\/\\\/schema.org\",\"@graph\":[{\"@type\":\"Article\",\"@id\":\"https:\\\/\\\/www.copealcoy.es\\\/es\\\/benillup-entra-de-lleno-en-sus-fiestas-patronales\\\/#article\",\"isPartOf\":{\"@id\":\"https:\\\/\\\/www.copealcoy.es\\\/es\\\/benillup-entra-de-lleno-en-sus-fiestas-patronales\\\/\"},\"author\":{\"name\":\"Cope Alcoy\",\"@id\":\"https:\\\/\\\/www.copealcoy.es\\\/es\\\/#\\\/schema\\\/person\\\/e777c87fa024e57d40170af9df39882c\"},\"headline\":\"Benillup entra de lleno en sus Fiestas Patronales\",\"datePublished\":\"2019-08-08T14:42:09+00:00\",\"mainEntityOfPage\":{\"@id\":\"https:\\\/\\\/www.copealcoy.es\\\/es\\\/benillup-entra-de-lleno-en-sus-fiestas-patronales\\\/\"},\"wordCount\":210,\"commentCount\":0,\"image\":{\"@id\":\"https:\\\/\\\/www.copealcoy.es\\\/es\\\/benillup-entra-de-lleno-en-sus-fiestas-patronales\\\/#primaryimage\"},\"thumbnailUrl\":\"https:\\\/\\\/www.copealcoy.es\\\/wp-content\\\/uploads\\\/2019\\\/08\\\/Vista_de_Benillup-1-scaled.jpg\",\"keywords\":[\"Benillup\",\"Comtat\",\"fiestas patronales\",\"Verano\"],\"articleSection\":[\"Comarcas\",\"Noticias\"],\"inLanguage\":\"es\"},{\"@type\":\"WebPage\",\"@id\":\"https:\\\/\\\/www.copealcoy.es\\\/es\\\/benillup-entra-de-lleno-en-sus-fiestas-patronales\\\/\",\"url\":\"https:\\\/\\\/www.copealcoy.es\\\/es\\\/benillup-entra-de-lleno-en-sus-fiestas-patronales\\\/\",\"name\":\"Benillup entra de lleno en sus Fiestas Patronales - COPE Alcoy\",\"isPartOf\":{\"@id\":\"https:\\\/\\\/www.copealcoy.es\\\/es\\\/#website\"},\"primaryImageOfPage\":{\"@id\":\"https:\\\/\\\/www.copealcoy.es\\\/es\\\/benillup-entra-de-lleno-en-sus-fiestas-patronales\\\/#primaryimage\"},\"image\":{\"@id\":\"https:\\\/\\\/www.copealcoy.es\\\/es\\\/benillup-entra-de-lleno-en-sus-fiestas-patronales\\\/#primaryimage\"},\"thumbnailUrl\":\"https:\\\/\\\/www.copealcoy.es\\\/wp-content\\\/uploads\\\/2019\\\/08\\\/Vista_de_Benillup-1-scaled.jpg\",\"datePublished\":\"2019-08-08T14:42:09+00:00\",\"author\":{\"@id\":\"https:\\\/\\\/www.copealcoy.es\\\/es\\\/#\\\/schema\\\/person\\\/e777c87fa024e57d40170af9df39882c\"},\"breadcrumb\":{\"@id\":\"https:\\\/\\\/www.copealcoy.es\\\/es\\\/benillup-entra-de-lleno-en-sus-fiestas-patronales\\\/#breadcrumb\"},\"inLanguage\":\"es\",\"potentialAction\":[{\"@type\":\"ReadAction\",\"target\":[\"https:\\\/\\\/www.copealcoy.es\\\/es\\\/benillup-entra-de-lleno-en-sus-fiestas-patronales\\\/\"]}]},{\"@type\":\"ImageObject\",\"inLanguage\":\"es\",\"@id\":\"https:\\\/\\\/www.copealcoy.es\\\/es\\\/benillup-entra-de-lleno-en-sus-fiestas-patronales\\\/#primaryimage\",\"url\":\"https:\\\/\\\/www.copealcoy.es\\\/wp-content\\\/uploads\\\/2019\\\/08\\\/Vista_de_Benillup-1-scaled.jpg\",\"contentUrl\":\"https:\\\/\\\/www.copealcoy.es\\\/wp-content\\\/uploads\\\/2019\\\/08\\\/Vista_de_Benillup-1-scaled.jpg\",\"width\":2560,\"height\":1690},{\"@type\":\"BreadcrumbList\",\"@id\":\"https:\\\/\\\/www.copealcoy.es\\\/es\\\/benillup-entra-de-lleno-en-sus-fiestas-patronales\\\/#breadcrumb\",\"itemListElement\":[{\"@type\":\"ListItem\",\"position\":1,\"name\":\"Portada\",\"item\":\"https:\\\/\\\/www.copealcoy.es\\\/es\\\/\"},{\"@type\":\"ListItem\",\"position\":2,\"name\":\"Benillup entra de lleno en sus Fiestas Patronales\"}]},{\"@type\":\"WebSite\",\"@id\":\"https:\\\/\\\/www.copealcoy.es\\\/es\\\/#website\",\"url\":\"https:\\\/\\\/www.copealcoy.es\\\/es\\\/\",\"name\":\"COPE Alcoy\",\"description\":\"Emisora COPE de radio local con emisi\u00f3n online. Pont de Sant Jordi 8-10 03803 Alcoy\",\"potentialAction\":[{\"@type\":\"SearchAction\",\"target\":{\"@type\":\"EntryPoint\",\"urlTemplate\":\"https:\\\/\\\/www.copealcoy.es\\\/es\\\/?s={search_term_string}\"},\"query-input\":{\"@type\":\"PropertyValueSpecification\",\"valueRequired\":true,\"valueName\":\"search_term_string\"}}],\"inLanguage\":\"es\"},{\"@type\":\"Person\",\"@id\":\"https:\\\/\\\/www.copealcoy.es\\\/es\\\/#\\\/schema\\\/person\\\/e777c87fa024e57d40170af9df39882c\",\"name\":\"Cope Alcoy\",\"image\":{\"@type\":\"ImageObject\",\"inLanguage\":\"es\",\"@id\":\"https:\\\/\\\/secure.gravatar.com\\\/avatar\\\/bb65d0283347e303893ba14f0692005417c1e0e690a325a4c5d8bb2b3943ee14?s=96&d=mm&r=g\",\"url\":\"https:\\\/\\\/secure.gravatar.com\\\/avatar\\\/bb65d0283347e303893ba14f0692005417c1e0e690a325a4c5d8bb2b3943ee14?s=96&d=mm&r=g\",\"contentUrl\":\"https:\\\/\\\/secure.gravatar.com\\\/avatar\\\/bb65d0283347e303893ba14f0692005417c1e0e690a325a4c5d8bb2b3943ee14?s=96&d=mm&r=g\",\"caption\":\"Cope Alcoy\"}}]}<\/script>\n<!-- \/ Yoast SEO plugin. -->","yoast_head_json":{"title":"Benillup entra de lleno en sus Fiestas Patronales - COPE Alcoy","robots":{"index":"index","follow":"follow","max-snippet":"max-snippet:-1","max-image-preview":"max-image-preview:large","max-video-preview":"max-video-preview:-1"},"canonical":"https:\/\/www.copealcoy.es\/es\/benillup-entra-de-lleno-en-sus-fiestas-patronales\/","og_locale":"es_ES","og_type":"article","og_title":"Benillup entra de lleno en sus Fiestas Patronales - COPE Alcoy","og_description":"Benillup se adentra este fin de semana en la celebraci\u00f3n de sus Fiestas patronales que incluyen gran cantidad de actos...","og_url":"https:\/\/www.copealcoy.es\/es\/benillup-entra-de-lleno-en-sus-fiestas-patronales\/","og_site_name":"COPE Alcoy","article_published_time":"2019-08-08T14:42:09+00:00","og_image":[{"width":2560,"height":1690,"url":"https:\/\/www.copealcoy.es\/wp-content\/uploads\/2019\/08\/Vista_de_Benillup-1-scaled.jpg","type":"image\/jpeg"}],"author":"Cope Alcoy","twitter_misc":{"Escrito por":"Cope Alcoy","Tiempo de lectura":"1 minuto"},"schema":{"@context":"https:\/\/schema.org","@graph":[{"@type":"Article","@id":"https:\/\/www.copealcoy.es\/es\/benillup-entra-de-lleno-en-sus-fiestas-patronales\/#article","isPartOf":{"@id":"https:\/\/www.copealcoy.es\/es\/benillup-entra-de-lleno-en-sus-fiestas-patronales\/"},"author":{"name":"Cope Alcoy","@id":"https:\/\/www.copealcoy.es\/es\/#\/schema\/person\/e777c87fa024e57d40170af9df39882c"},"headline":"Benillup entra de lleno en sus Fiestas Patronales","datePublished":"2019-08-08T14:42:09+00:00","mainEntityOfPage":{"@id":"https:\/\/www.copealcoy.es\/es\/benillup-entra-de-lleno-en-sus-fiestas-patronales\/"},"wordCount":210,"commentCount":0,"image":{"@id":"https:\/\/www.copealcoy.es\/es\/benillup-entra-de-lleno-en-sus-fiestas-patronales\/#primaryimage"},"thumbnailUrl":"https:\/\/www.copealcoy.es\/wp-content\/uploads\/2019\/08\/Vista_de_Benillup-1-scaled.jpg","keywords":["Benillup","Comtat","fiestas patronales","Verano"],"articleSection":["Comarcas","Noticias"],"inLanguage":"es"},{"@type":"WebPage","@id":"https:\/\/www.copealcoy.es\/es\/benillup-entra-de-lleno-en-sus-fiestas-patronales\/","url":"https:\/\/www.copealcoy.es\/es\/benillup-entra-de-lleno-en-sus-fiestas-patronales\/","name":"Benillup entra de lleno en sus Fiestas Patronales - COPE Alcoy","isPartOf":{"@id":"https:\/\/www.copealcoy.es\/es\/#website"},"primaryImageOfPage":{"@id":"https:\/\/www.copealcoy.es\/es\/benillup-entra-de-lleno-en-sus-fiestas-patronales\/#primaryimage"},"image":{"@id":"https:\/\/www.copealcoy.es\/es\/benillup-entra-de-lleno-en-sus-fiestas-patronales\/#primaryimage"},"thumbnailUrl":"https:\/\/www.copealcoy.es\/wp-content\/uploads\/2019\/08\/Vista_de_Benillup-1-scaled.jpg","datePublished":"2019-08-08T14:42:09+00:00","author":{"@id":"https:\/\/www.copealcoy.es\/es\/#\/schema\/person\/e777c87fa024e57d40170af9df39882c"},"breadcrumb":{"@id":"https:\/\/www.copealcoy.es\/es\/benillup-entra-de-lleno-en-sus-fiestas-patronales\/#breadcrumb"},"inLanguage":"es","potentialAction":[{"@type":"ReadAction","target":["https:\/\/www.copealcoy.es\/es\/benillup-entra-de-lleno-en-sus-fiestas-patronales\/"]}]},{"@type":"ImageObject","inLanguage":"es","@id":"https:\/\/www.copealcoy.es\/es\/benillup-entra-de-lleno-en-sus-fiestas-patronales\/#primaryimage","url":"https:\/\/www.copealcoy.es\/wp-content\/uploads\/2019\/08\/Vista_de_Benillup-1-scaled.jpg","contentUrl":"https:\/\/www.copealcoy.es\/wp-content\/uploads\/2019\/08\/Vista_de_Benillup-1-scaled.jpg","width":2560,"height":1690},{"@type":"BreadcrumbList","@id":"https:\/\/www.copealcoy.es\/es\/benillup-entra-de-lleno-en-sus-fiestas-patronales\/#breadcrumb","itemListElement":[{"@type":"ListItem","position":1,"name":"Portada","item":"https:\/\/www.copealcoy.es\/es\/"},{"@type":"ListItem","position":2,"name":"Benillup entra de lleno en sus Fiestas Patronales"}]},{"@type":"WebSite","@id":"https:\/\/www.copealcoy.es\/es\/#website","url":"https:\/\/www.copealcoy.es\/es\/","name":"COPE Alcoy","description":"Emisora COPE de radio local con emisi\u00f3n online. Pont de Sant Jordi 8-10 03803 Alcoy","potentialAction":[{"@type":"SearchAction","target":{"@type":"EntryPoint","urlTemplate":"https:\/\/www.copealcoy.es\/es\/?s={search_term_string}"},"query-input":{"@type":"PropertyValueSpecification","valueRequired":true,"valueName":"search_term_string"}}],"inLanguage":"es"},{"@type":"Person","@id":"https:\/\/www.copealcoy.es\/es\/#\/schema\/person\/e777c87fa024e57d40170af9df39882c","name":"Cope Alcoy","image":{"@type":"ImageObject","inLanguage":"es","@id":"https:\/\/secure.gravatar.com\/avatar\/bb65d0283347e303893ba14f0692005417c1e0e690a325a4c5d8bb2b3943ee14?s=96&d=mm&r=g","url":"https:\/\/secure.gravatar.com\/avatar\/bb65d0283347e303893ba14f0692005417c1e0e690a325a4c5d8bb2b3943ee14?s=96&d=mm&r=g","contentUrl":"https:\/\/secure.gravatar.com\/avatar\/bb65d0283347e303893ba14f0692005417c1e0e690a325a4c5d8bb2b3943ee14?s=96&d=mm&r=g","caption":"Cope Alcoy"}}]}},"_links":{"self":[{"href":"https:\/\/www.copealcoy.es\/es\/wp-json\/wp\/v2\/posts\/54192","targetHints":{"allow":["GET"]}}],"collection":[{"href":"https:\/\/www.copealcoy.es\/es\/wp-json\/wp\/v2\/posts"}],"about":[{"href":"https:\/\/www.copealcoy.es\/es\/wp-json\/wp\/v2\/types\/post"}],"author":[{"embeddable":true,"href":"https:\/\/www.copealcoy.es\/es\/wp-json\/wp\/v2\/users\/1"}],"replies":[{"embeddable":true,"href":"https:\/\/www.copealcoy.es\/es\/wp-json\/wp\/v2\/comments?post=54192"}],"version-history":[{"count":0,"href":"https:\/\/www.copealcoy.es\/es\/wp-json\/wp\/v2\/posts\/54192\/revisions"}],"wp:featuredmedia":[{"embeddable":true,"href":"https:\/\/www.copealcoy.es\/es\/wp-json\/wp\/v2\/media\/54193"}],"wp:attachment":[{"href":"https:\/\/www.copealcoy.es\/es\/wp-json\/wp\/v2\/media?parent=54192"}],"wp:term":[{"taxonomy":"category","embeddable":true,"href":"https:\/\/www.copealcoy.es\/es\/wp-json\/wp\/v2\/categories?post=54192"},{"taxonomy":"post_tag","embeddable":true,"href":"https:\/\/www.copealcoy.es\/es\/wp-json\/wp\/v2\/tags?post=54192"}],"curies":[{"name":"wp","href":"https:\/\/api.w.org\/{rel}","templated":true}]}}