{"id":54142,"date":"2019-08-07T15:40:31","date_gmt":"2019-08-07T15:40:31","guid":{"rendered":"https:\/\/copealcoi.es\/?p=54142"},"modified":"2019-08-07T15:40:31","modified_gmt":"2019-08-07T15:40:31","slug":"javier-pascual-motos-es-el-abanderado-cristiano-de-la-fila-creuats","status":"publish","type":"post","link":"https:\/\/www.copealcoy.es\/es\/javier-pascual-motos-es-el-abanderado-cristiano-de-la-fila-creuats\/","title":{"rendered":"Javier Pascual Motos es el Abanderado Cristiano de la Fil\u00e0 Creuats"},"content":{"rendered":"<p style=\"text-align: justify;\">El <strong>Abanderado Cristiano<\/strong> de las Fiestas de Moros y Cristianos de Cocentaina del 2019 es <strong>Javier Pascual Motos<\/strong>, un contestano que vive con intensidad la Festa <strong>a trav\u00e9s de la Fil\u00e0 Creuats<\/strong> a la que pertenece desde hace m\u00e1s de una d\u00e9cada.<\/p>\n<p style=\"text-align: justify;\"><em>Javi Charanga<\/em>, como cari\u00f1osamente le llaman los amigos de la Fil\u00e0, <strong>afronta este reto tremendamente ilusionado<\/strong> junto a su mujer, <strong>Carol<\/strong>, y sus dos peque\u00f1os;<strong> Javier y Thiago<\/strong>. Los cuatro van a vivir <strong>un cargo muy familiar<\/strong> as\u00ed como <strong>repleto de momentos inolvidables<\/strong> \u201c<em>hasta ahora uno de los instantes m\u00e1s m\u00e1gicos que he vivido fue la Presentaci\u00f3n de Cargos en el Palau Comtal porque es el d\u00eda en el que todo lo que llevas preparando durante tanto tiempo empieza a ser una realidad<\/em>\u201d, ha se\u00f1alado este mi\u00e9rcoles en COPE ALCOY. Adem\u00e1s el Abanderado Cristiano ha dejado claro que <strong>le gusta participar en todos los actos de las Fiestas<\/strong> en honor a San Hip\u00f3lito M\u00e1rtir, especialmente<strong> la Diana<\/strong>, y ha recalcado que <strong>vive la Festa durante todo el a\u00f1o<\/strong> &#8220;<em>soy de ir a la Fil\u00e0 cada s\u00e1bado porque siempre tenemos muy buen ambiente y adem\u00e1s me implico en todas las tareas que haya que realizar como el montaje del toldo o preparar la &#8216;Olleta de la Pur\u00edssima<\/em>&#8216;&#8221;; asevera.<\/p>\n<p style=\"text-align: justify;\">Sobre el boato, Javi <strong>prefiere mantener el factor sorpresa<\/strong> pero si que advierte que <strong>su persona tendr\u00e1 especial protagonismo<\/strong> como hilo conductor del acompa\u00f1amiento \u201c<em>como yo era antes de la Fil\u00e0 Mud\u00e9jares nos basaremos en mi vida y en el paso de moro a cristiano. Nuestros trajes los ha dise\u00f1ado Roberto P\u00e9rez y queremos desfilar todos juntos porque estamos viviendo una aventura compartida<\/em>\u201d, se\u00f1ala el Abanderado Cristiano. Respecto a la trilog\u00eda que se acerca el cargo detalla que <strong>el momento que espera con m\u00e1s ilusi\u00f3n es la Entrada Cristiana<\/strong> de este pr\u00f3ximo s\u00e1bado &#8220;<em>es el instante en el que sale a la calle todo lo que has estado preparando durante todo el a\u00f1o con tanta ilusi\u00f3n. Tambi\u00e9n tengo muchas ganas de disfrutar de los acompa\u00f1amientos del d\u00eda de San Hip\u00f3lito porque sientes de cerca el cari\u00f1o de todo el pueblo. Esto es algo que se vive una sola vez en la vida<\/em>&#8220;, ha afirmado sin dejar de lado la opci\u00f3n de hacer el cargo de Capit\u00e1n en los pr\u00f3ximos a\u00f1os.<\/p>\n<p style=\"text-align: justify;\">Apuntar que Javier Pascual Motos, y su familia, recorrer\u00e1n las calles de la Villa Condal el s\u00e1bado <strong>bajo el acompa\u00f1amiento musical de la pieza \u2018Maras\u2019<\/strong> de Sa\u00fcl G\u00f3mez i Soler cuya interpretaci\u00f3n asumir\u00e1 <strong>la SIM de Benig\u00e0nim<\/strong>.<\/p>\n<p>Aqu\u00ed puedes escuchar la entrevista con Javi Pascual Motos:<\/p>\n<p><iframe loading=\"lazy\" title=\"La Ma\u00f1ana En Alcoy De Verano Mi\u00e9rcoles 7 De Agosto 2019\" width=\"100%\" height=\"120\" src=\"https:\/\/www.mixcloud.com\/widget\/iframe\/?feed=https%3A%2F%2Fwww.mixcloud.com%2FCOPEAlcoy%2Fla-ma%25C3%25B1ana-en-alcoy-mi%25C3%25A9rcoles-7-de-agosto-2019%2F&amp;hide_cover=1\" frameborder=\"0\"><\/iframe><\/p>\n","protected":false},"excerpt":{"rendered":"<p>El Abanderado Cristiano de las Fiestas de Moros y Cristianos de Cocentaina del 2019 es Javier Pascual Motos, un contestano&#8230;<\/p>\n","protected":false},"author":1,"featured_media":54143,"comment_status":"open","ping_status":"open","sticky":false,"template":"","format":"standard","meta":{"footnotes":""},"categories":[98,75],"tags":[2747,132,9098,9099,609,9100],"class_list":["post-54142","post","type-post","status-publish","format-standard","has-post-thumbnail","hentry","category-comarcas","category-noticias","tag-abanderado-cristiano","tag-cocentaina","tag-fila-creuats","tag-javier-pascual-motos","tag-moros-y-cristianos","tag-san-hipolito-matir"],"yoast_head":"<!-- This site is optimized with the Yoast SEO plugin v27.3 - https:\/\/yoast.com\/product\/yoast-seo-wordpress\/ -->\n<title>Javier Pascual Motos es el Abanderado Cristiano de la Fil\u00e0 Creuats - COPE Alcoy<\/title>\n<meta name=\"robots\" content=\"index, follow, max-snippet:-1, max-image-preview:large, max-video-preview:-1\" \/>\n<link rel=\"canonical\" href=\"https:\/\/www.copealcoy.es\/es\/javier-pascual-motos-es-el-abanderado-cristiano-de-la-fila-creuats\/\" \/>\n<meta property=\"og:locale\" content=\"es_ES\" \/>\n<meta property=\"og:type\" content=\"article\" \/>\n<meta property=\"og:title\" content=\"Javier Pascual Motos es el Abanderado Cristiano de la Fil\u00e0 Creuats - COPE Alcoy\" \/>\n<meta property=\"og:description\" content=\"El Abanderado Cristiano de las Fiestas de Moros y Cristianos de Cocentaina del 2019 es Javier Pascual Motos, un contestano...\" \/>\n<meta property=\"og:url\" content=\"https:\/\/www.copealcoy.es\/es\/javier-pascual-motos-es-el-abanderado-cristiano-de-la-fila-creuats\/\" \/>\n<meta property=\"og:site_name\" content=\"COPE Alcoy\" \/>\n<meta property=\"article:published_time\" content=\"2019-08-07T15:40:31+00:00\" \/>\n<meta property=\"og:image\" content=\"https:\/\/www.copealcoy.es\/wp-content\/uploads\/2019\/08\/IMG_9839-e1565191906657-1-scaled.jpg\" \/>\n\t<meta property=\"og:image:width\" content=\"2560\" \/>\n\t<meta property=\"og:image:height\" content=\"1472\" \/>\n\t<meta property=\"og:image:type\" content=\"image\/jpeg\" \/>\n<meta name=\"author\" content=\"Cope Alcoy\" \/>\n<meta name=\"twitter:label1\" content=\"Escrito por\" \/>\n\t<meta name=\"twitter:data1\" content=\"Cope Alcoy\" \/>\n\t<meta name=\"twitter:label2\" content=\"Tiempo de lectura\" \/>\n\t<meta name=\"twitter:data2\" content=\"2 minutos\" \/>\n<script type=\"application\/ld+json\" class=\"yoast-schema-graph\">{\"@context\":\"https:\\\/\\\/schema.org\",\"@graph\":[{\"@type\":\"Article\",\"@id\":\"https:\\\/\\\/www.copealcoy.es\\\/es\\\/javier-pascual-motos-es-el-abanderado-cristiano-de-la-fila-creuats\\\/#article\",\"isPartOf\":{\"@id\":\"https:\\\/\\\/www.copealcoy.es\\\/es\\\/javier-pascual-motos-es-el-abanderado-cristiano-de-la-fila-creuats\\\/\"},\"author\":{\"name\":\"Cope Alcoy\",\"@id\":\"https:\\\/\\\/www.copealcoy.es\\\/es\\\/#\\\/schema\\\/person\\\/e777c87fa024e57d40170af9df39882c\"},\"headline\":\"Javier Pascual Motos es el Abanderado Cristiano de la Fil\u00e0 Creuats\",\"datePublished\":\"2019-08-07T15:40:31+00:00\",\"mainEntityOfPage\":{\"@id\":\"https:\\\/\\\/www.copealcoy.es\\\/es\\\/javier-pascual-motos-es-el-abanderado-cristiano-de-la-fila-creuats\\\/\"},\"wordCount\":490,\"commentCount\":0,\"image\":{\"@id\":\"https:\\\/\\\/www.copealcoy.es\\\/es\\\/javier-pascual-motos-es-el-abanderado-cristiano-de-la-fila-creuats\\\/#primaryimage\"},\"thumbnailUrl\":\"https:\\\/\\\/www.copealcoy.es\\\/wp-content\\\/uploads\\\/2019\\\/08\\\/IMG_9839-e1565191906657-1-scaled.jpg\",\"keywords\":[\"Abanderado Cristiano\",\"Cocentaina\",\"Fil\u00e0 Creuats\",\"Javier Pascual Motos\",\"Moros Y Cristianos\",\"San Hip\u00f3lito M\u00e1tir\"],\"articleSection\":[\"Comarcas\",\"Noticias\"],\"inLanguage\":\"es\"},{\"@type\":\"WebPage\",\"@id\":\"https:\\\/\\\/www.copealcoy.es\\\/es\\\/javier-pascual-motos-es-el-abanderado-cristiano-de-la-fila-creuats\\\/\",\"url\":\"https:\\\/\\\/www.copealcoy.es\\\/es\\\/javier-pascual-motos-es-el-abanderado-cristiano-de-la-fila-creuats\\\/\",\"name\":\"Javier Pascual Motos es el Abanderado Cristiano de la Fil\u00e0 Creuats - COPE Alcoy\",\"isPartOf\":{\"@id\":\"https:\\\/\\\/www.copealcoy.es\\\/es\\\/#website\"},\"primaryImageOfPage\":{\"@id\":\"https:\\\/\\\/www.copealcoy.es\\\/es\\\/javier-pascual-motos-es-el-abanderado-cristiano-de-la-fila-creuats\\\/#primaryimage\"},\"image\":{\"@id\":\"https:\\\/\\\/www.copealcoy.es\\\/es\\\/javier-pascual-motos-es-el-abanderado-cristiano-de-la-fila-creuats\\\/#primaryimage\"},\"thumbnailUrl\":\"https:\\\/\\\/www.copealcoy.es\\\/wp-content\\\/uploads\\\/2019\\\/08\\\/IMG_9839-e1565191906657-1-scaled.jpg\",\"datePublished\":\"2019-08-07T15:40:31+00:00\",\"author\":{\"@id\":\"https:\\\/\\\/www.copealcoy.es\\\/es\\\/#\\\/schema\\\/person\\\/e777c87fa024e57d40170af9df39882c\"},\"breadcrumb\":{\"@id\":\"https:\\\/\\\/www.copealcoy.es\\\/es\\\/javier-pascual-motos-es-el-abanderado-cristiano-de-la-fila-creuats\\\/#breadcrumb\"},\"inLanguage\":\"es\",\"potentialAction\":[{\"@type\":\"ReadAction\",\"target\":[\"https:\\\/\\\/www.copealcoy.es\\\/es\\\/javier-pascual-motos-es-el-abanderado-cristiano-de-la-fila-creuats\\\/\"]}]},{\"@type\":\"ImageObject\",\"inLanguage\":\"es\",\"@id\":\"https:\\\/\\\/www.copealcoy.es\\\/es\\\/javier-pascual-motos-es-el-abanderado-cristiano-de-la-fila-creuats\\\/#primaryimage\",\"url\":\"https:\\\/\\\/www.copealcoy.es\\\/wp-content\\\/uploads\\\/2019\\\/08\\\/IMG_9839-e1565191906657-1-scaled.jpg\",\"contentUrl\":\"https:\\\/\\\/www.copealcoy.es\\\/wp-content\\\/uploads\\\/2019\\\/08\\\/IMG_9839-e1565191906657-1-scaled.jpg\",\"width\":2560,\"height\":1472,\"caption\":\"Javi Pascual en la entrevista que ha mantenido este mi\u00e9rcoles en COPE ALCOY\"},{\"@type\":\"BreadcrumbList\",\"@id\":\"https:\\\/\\\/www.copealcoy.es\\\/es\\\/javier-pascual-motos-es-el-abanderado-cristiano-de-la-fila-creuats\\\/#breadcrumb\",\"itemListElement\":[{\"@type\":\"ListItem\",\"position\":1,\"name\":\"Portada\",\"item\":\"https:\\\/\\\/www.copealcoy.es\\\/es\\\/\"},{\"@type\":\"ListItem\",\"position\":2,\"name\":\"Javier Pascual Motos es el Abanderado Cristiano de la Fil\u00e0 Creuats\"}]},{\"@type\":\"WebSite\",\"@id\":\"https:\\\/\\\/www.copealcoy.es\\\/es\\\/#website\",\"url\":\"https:\\\/\\\/www.copealcoy.es\\\/es\\\/\",\"name\":\"COPE Alcoy\",\"description\":\"Emisora COPE de radio local con emisi\u00f3n online. Pont de Sant Jordi 8-10 03803 Alcoy\",\"potentialAction\":[{\"@type\":\"SearchAction\",\"target\":{\"@type\":\"EntryPoint\",\"urlTemplate\":\"https:\\\/\\\/www.copealcoy.es\\\/es\\\/?s={search_term_string}\"},\"query-input\":{\"@type\":\"PropertyValueSpecification\",\"valueRequired\":true,\"valueName\":\"search_term_string\"}}],\"inLanguage\":\"es\"},{\"@type\":\"Person\",\"@id\":\"https:\\\/\\\/www.copealcoy.es\\\/es\\\/#\\\/schema\\\/person\\\/e777c87fa024e57d40170af9df39882c\",\"name\":\"Cope Alcoy\",\"image\":{\"@type\":\"ImageObject\",\"inLanguage\":\"es\",\"@id\":\"https:\\\/\\\/secure.gravatar.com\\\/avatar\\\/bb65d0283347e303893ba14f0692005417c1e0e690a325a4c5d8bb2b3943ee14?s=96&d=mm&r=g\",\"url\":\"https:\\\/\\\/secure.gravatar.com\\\/avatar\\\/bb65d0283347e303893ba14f0692005417c1e0e690a325a4c5d8bb2b3943ee14?s=96&d=mm&r=g\",\"contentUrl\":\"https:\\\/\\\/secure.gravatar.com\\\/avatar\\\/bb65d0283347e303893ba14f0692005417c1e0e690a325a4c5d8bb2b3943ee14?s=96&d=mm&r=g\",\"caption\":\"Cope Alcoy\"}}]}<\/script>\n<!-- \/ Yoast SEO plugin. -->","yoast_head_json":{"title":"Javier Pascual Motos es el Abanderado Cristiano de la Fil\u00e0 Creuats - COPE Alcoy","robots":{"index":"index","follow":"follow","max-snippet":"max-snippet:-1","max-image-preview":"max-image-preview:large","max-video-preview":"max-video-preview:-1"},"canonical":"https:\/\/www.copealcoy.es\/es\/javier-pascual-motos-es-el-abanderado-cristiano-de-la-fila-creuats\/","og_locale":"es_ES","og_type":"article","og_title":"Javier Pascual Motos es el Abanderado Cristiano de la Fil\u00e0 Creuats - COPE Alcoy","og_description":"El Abanderado Cristiano de las Fiestas de Moros y Cristianos de Cocentaina del 2019 es Javier Pascual Motos, un contestano...","og_url":"https:\/\/www.copealcoy.es\/es\/javier-pascual-motos-es-el-abanderado-cristiano-de-la-fila-creuats\/","og_site_name":"COPE Alcoy","article_published_time":"2019-08-07T15:40:31+00:00","og_image":[{"width":2560,"height":1472,"url":"https:\/\/www.copealcoy.es\/wp-content\/uploads\/2019\/08\/IMG_9839-e1565191906657-1-scaled.jpg","type":"image\/jpeg"}],"author":"Cope Alcoy","twitter_misc":{"Escrito por":"Cope Alcoy","Tiempo de lectura":"2 minutos"},"schema":{"@context":"https:\/\/schema.org","@graph":[{"@type":"Article","@id":"https:\/\/www.copealcoy.es\/es\/javier-pascual-motos-es-el-abanderado-cristiano-de-la-fila-creuats\/#article","isPartOf":{"@id":"https:\/\/www.copealcoy.es\/es\/javier-pascual-motos-es-el-abanderado-cristiano-de-la-fila-creuats\/"},"author":{"name":"Cope Alcoy","@id":"https:\/\/www.copealcoy.es\/es\/#\/schema\/person\/e777c87fa024e57d40170af9df39882c"},"headline":"Javier Pascual Motos es el Abanderado Cristiano de la Fil\u00e0 Creuats","datePublished":"2019-08-07T15:40:31+00:00","mainEntityOfPage":{"@id":"https:\/\/www.copealcoy.es\/es\/javier-pascual-motos-es-el-abanderado-cristiano-de-la-fila-creuats\/"},"wordCount":490,"commentCount":0,"image":{"@id":"https:\/\/www.copealcoy.es\/es\/javier-pascual-motos-es-el-abanderado-cristiano-de-la-fila-creuats\/#primaryimage"},"thumbnailUrl":"https:\/\/www.copealcoy.es\/wp-content\/uploads\/2019\/08\/IMG_9839-e1565191906657-1-scaled.jpg","keywords":["Abanderado Cristiano","Cocentaina","Fil\u00e0 Creuats","Javier Pascual Motos","Moros Y Cristianos","San Hip\u00f3lito M\u00e1tir"],"articleSection":["Comarcas","Noticias"],"inLanguage":"es"},{"@type":"WebPage","@id":"https:\/\/www.copealcoy.es\/es\/javier-pascual-motos-es-el-abanderado-cristiano-de-la-fila-creuats\/","url":"https:\/\/www.copealcoy.es\/es\/javier-pascual-motos-es-el-abanderado-cristiano-de-la-fila-creuats\/","name":"Javier Pascual Motos es el Abanderado Cristiano de la Fil\u00e0 Creuats - COPE Alcoy","isPartOf":{"@id":"https:\/\/www.copealcoy.es\/es\/#website"},"primaryImageOfPage":{"@id":"https:\/\/www.copealcoy.es\/es\/javier-pascual-motos-es-el-abanderado-cristiano-de-la-fila-creuats\/#primaryimage"},"image":{"@id":"https:\/\/www.copealcoy.es\/es\/javier-pascual-motos-es-el-abanderado-cristiano-de-la-fila-creuats\/#primaryimage"},"thumbnailUrl":"https:\/\/www.copealcoy.es\/wp-content\/uploads\/2019\/08\/IMG_9839-e1565191906657-1-scaled.jpg","datePublished":"2019-08-07T15:40:31+00:00","author":{"@id":"https:\/\/www.copealcoy.es\/es\/#\/schema\/person\/e777c87fa024e57d40170af9df39882c"},"breadcrumb":{"@id":"https:\/\/www.copealcoy.es\/es\/javier-pascual-motos-es-el-abanderado-cristiano-de-la-fila-creuats\/#breadcrumb"},"inLanguage":"es","potentialAction":[{"@type":"ReadAction","target":["https:\/\/www.copealcoy.es\/es\/javier-pascual-motos-es-el-abanderado-cristiano-de-la-fila-creuats\/"]}]},{"@type":"ImageObject","inLanguage":"es","@id":"https:\/\/www.copealcoy.es\/es\/javier-pascual-motos-es-el-abanderado-cristiano-de-la-fila-creuats\/#primaryimage","url":"https:\/\/www.copealcoy.es\/wp-content\/uploads\/2019\/08\/IMG_9839-e1565191906657-1-scaled.jpg","contentUrl":"https:\/\/www.copealcoy.es\/wp-content\/uploads\/2019\/08\/IMG_9839-e1565191906657-1-scaled.jpg","width":2560,"height":1472,"caption":"Javi Pascual en la entrevista que ha mantenido este mi\u00e9rcoles en COPE ALCOY"},{"@type":"BreadcrumbList","@id":"https:\/\/www.copealcoy.es\/es\/javier-pascual-motos-es-el-abanderado-cristiano-de-la-fila-creuats\/#breadcrumb","itemListElement":[{"@type":"ListItem","position":1,"name":"Portada","item":"https:\/\/www.copealcoy.es\/es\/"},{"@type":"ListItem","position":2,"name":"Javier Pascual Motos es el Abanderado Cristiano de la Fil\u00e0 Creuats"}]},{"@type":"WebSite","@id":"https:\/\/www.copealcoy.es\/es\/#website","url":"https:\/\/www.copealcoy.es\/es\/","name":"COPE Alcoy","description":"Emisora COPE de radio local con emisi\u00f3n online. Pont de Sant Jordi 8-10 03803 Alcoy","potentialAction":[{"@type":"SearchAction","target":{"@type":"EntryPoint","urlTemplate":"https:\/\/www.copealcoy.es\/es\/?s={search_term_string}"},"query-input":{"@type":"PropertyValueSpecification","valueRequired":true,"valueName":"search_term_string"}}],"inLanguage":"es"},{"@type":"Person","@id":"https:\/\/www.copealcoy.es\/es\/#\/schema\/person\/e777c87fa024e57d40170af9df39882c","name":"Cope Alcoy","image":{"@type":"ImageObject","inLanguage":"es","@id":"https:\/\/secure.gravatar.com\/avatar\/bb65d0283347e303893ba14f0692005417c1e0e690a325a4c5d8bb2b3943ee14?s=96&d=mm&r=g","url":"https:\/\/secure.gravatar.com\/avatar\/bb65d0283347e303893ba14f0692005417c1e0e690a325a4c5d8bb2b3943ee14?s=96&d=mm&r=g","contentUrl":"https:\/\/secure.gravatar.com\/avatar\/bb65d0283347e303893ba14f0692005417c1e0e690a325a4c5d8bb2b3943ee14?s=96&d=mm&r=g","caption":"Cope Alcoy"}}]}},"_links":{"self":[{"href":"https:\/\/www.copealcoy.es\/es\/wp-json\/wp\/v2\/posts\/54142","targetHints":{"allow":["GET"]}}],"collection":[{"href":"https:\/\/www.copealcoy.es\/es\/wp-json\/wp\/v2\/posts"}],"about":[{"href":"https:\/\/www.copealcoy.es\/es\/wp-json\/wp\/v2\/types\/post"}],"author":[{"embeddable":true,"href":"https:\/\/www.copealcoy.es\/es\/wp-json\/wp\/v2\/users\/1"}],"replies":[{"embeddable":true,"href":"https:\/\/www.copealcoy.es\/es\/wp-json\/wp\/v2\/comments?post=54142"}],"version-history":[{"count":0,"href":"https:\/\/www.copealcoy.es\/es\/wp-json\/wp\/v2\/posts\/54142\/revisions"}],"wp:featuredmedia":[{"embeddable":true,"href":"https:\/\/www.copealcoy.es\/es\/wp-json\/wp\/v2\/media\/54143"}],"wp:attachment":[{"href":"https:\/\/www.copealcoy.es\/es\/wp-json\/wp\/v2\/media?parent=54142"}],"wp:term":[{"taxonomy":"category","embeddable":true,"href":"https:\/\/www.copealcoy.es\/es\/wp-json\/wp\/v2\/categories?post=54142"},{"taxonomy":"post_tag","embeddable":true,"href":"https:\/\/www.copealcoy.es\/es\/wp-json\/wp\/v2\/tags?post=54142"}],"curies":[{"name":"wp","href":"https:\/\/api.w.org\/{rel}","templated":true}]}}