{"id":54122,"date":"2019-08-07T13:33:24","date_gmt":"2019-08-07T13:33:24","guid":{"rendered":"https:\/\/copealcoi.es\/?p=54122"},"modified":"2019-08-07T13:33:24","modified_gmt":"2019-08-07T13:33:24","slug":"famorca-prepara-sus-fiestas-patronales","status":"publish","type":"post","link":"https:\/\/www.copealcoy.es\/es\/famorca-prepara-sus-fiestas-patronales\/","title":{"rendered":"Famorca prepara sus Fiestas patronales"},"content":{"rendered":"<p style=\"text-align: justify;\">Famorca <strong>ultima los preparativos para sus Fiestas patronales<\/strong>, unas celebraciones que <strong>tienen siempre lugar<\/strong> a principios del mes de agosto.<\/p>\n<p style=\"text-align: justify;\">El Ayuntamiento de esta localidad del Comtat, con el respaldo de las vecinas y de los vecinos, <strong>han preparado un completo programa de actos<\/strong> con propuestas para toda la familia. En la programaci\u00f3n <strong>figuran actividades<\/strong> como\u00a0la ofrenda de flores a la Virgen de los Dolores, volteos generales de campanas, espect\u00e1culos infantiles, pasacalles, partidas de Pilota Valenciana las cenas al aire libre, las actuaciones de orquestas por la noche, la celebraci\u00f3n de la eucarist\u00eda o las multitudinarias procesiones en honor al Sant\u00edsimo Sacramento y San Cayetano, este \u00faltimo patr\u00f3n del municipio. El alcalde de Famorca, <strong>Vicente Antonio Ruiz<\/strong>, destacaba este mi\u00e9rcoles en el Informativo Comarcal de COPE ALCOY que <strong>los festejos reciben una peque\u00f1a subvenci\u00f3n de la Diputaci\u00f3n de Alicante<\/strong> a lo que se suma<strong> lo que aportan los vecinos<\/strong> por medio de iniciativas como la adquisici\u00f3n del programa de Fiestas &#8220;<em>son unos d\u00edas en los que nos lo pasamos muy bien, disfrutamos muchos e incluso vivimos unas jornadas de aut\u00e9ntica convivencia ya que estos festejos se viven en la calle durante pr\u00e1cticamente todo el d\u00eda<\/em>&#8220;; detalla.<\/p>\n<p style=\"text-align: justify;\">Indicar que en las Fiestas de Famorca no faltan <strong>v\u00ednculos con los Moros y Cristianos<\/strong> con actos como <strong>la Diana de la Fil\u00e0 Famorquins<\/strong> que ser\u00e1 el s\u00e1bado a las 9 de la ma\u00f1ana o <strong>la Entrada<\/strong> que protagonizar\u00e1 la misma formaci\u00f3n por las calles del pueblo a las seis de la tarde del mismo d\u00eda.<\/p>\n","protected":false},"excerpt":{"rendered":"<p>Famorca ultima los preparativos para sus Fiestas patronales, unas celebraciones que tienen siempre lugar a principios del mes de agosto&#8230;.<\/p>\n","protected":false},"author":1,"featured_media":54125,"comment_status":"open","ping_status":"open","sticky":false,"template":"","format":"standard","meta":{"footnotes":""},"categories":[98,75],"tags":[237,9097,2954,3894],"class_list":["post-54122","post","type-post","status-publish","format-standard","has-post-thumbnail","hentry","category-comarcas","category-noticias","tag-comtat","tag-famorca","tag-fiestas-patronales","tag-preparacion"],"yoast_head":"<!-- This site is optimized with the Yoast SEO plugin v27.3 - https:\/\/yoast.com\/product\/yoast-seo-wordpress\/ -->\n<title>Famorca prepara sus Fiestas patronales - COPE Alcoy<\/title>\n<meta name=\"robots\" content=\"index, follow, max-snippet:-1, max-image-preview:large, max-video-preview:-1\" \/>\n<link rel=\"canonical\" href=\"https:\/\/www.copealcoy.es\/es\/famorca-prepara-sus-fiestas-patronales\/\" \/>\n<meta property=\"og:locale\" content=\"es_ES\" \/>\n<meta property=\"og:type\" content=\"article\" \/>\n<meta property=\"og:title\" content=\"Famorca prepara sus Fiestas patronales - COPE Alcoy\" \/>\n<meta property=\"og:description\" content=\"Famorca ultima los preparativos para sus Fiestas patronales, unas celebraciones que tienen siempre lugar a principios del mes de agosto....\" \/>\n<meta property=\"og:url\" content=\"https:\/\/www.copealcoy.es\/es\/famorca-prepara-sus-fiestas-patronales\/\" \/>\n<meta property=\"og:site_name\" content=\"COPE Alcoy\" \/>\n<meta property=\"article:published_time\" content=\"2019-08-07T13:33:24+00:00\" \/>\n<meta property=\"og:image\" content=\"https:\/\/www.copealcoy.es\/wp-content\/uploads\/2019\/08\/foto5-1.jpg\" \/>\n\t<meta property=\"og:image:width\" content=\"2362\" \/>\n\t<meta property=\"og:image:height\" content=\"1549\" \/>\n\t<meta property=\"og:image:type\" content=\"image\/jpeg\" \/>\n<meta name=\"author\" content=\"Cope Alcoy\" \/>\n<meta name=\"twitter:label1\" content=\"Escrito por\" \/>\n\t<meta name=\"twitter:data1\" content=\"Cope Alcoy\" \/>\n\t<meta name=\"twitter:label2\" content=\"Tiempo de lectura\" \/>\n\t<meta name=\"twitter:data2\" content=\"1 minuto\" \/>\n<script type=\"application\/ld+json\" class=\"yoast-schema-graph\">{\"@context\":\"https:\\\/\\\/schema.org\",\"@graph\":[{\"@type\":\"Article\",\"@id\":\"https:\\\/\\\/www.copealcoy.es\\\/es\\\/famorca-prepara-sus-fiestas-patronales\\\/#article\",\"isPartOf\":{\"@id\":\"https:\\\/\\\/www.copealcoy.es\\\/es\\\/famorca-prepara-sus-fiestas-patronales\\\/\"},\"author\":{\"name\":\"Cope Alcoy\",\"@id\":\"https:\\\/\\\/www.copealcoy.es\\\/es\\\/#\\\/schema\\\/person\\\/e777c87fa024e57d40170af9df39882c\"},\"headline\":\"Famorca prepara sus Fiestas patronales\",\"datePublished\":\"2019-08-07T13:33:24+00:00\",\"mainEntityOfPage\":{\"@id\":\"https:\\\/\\\/www.copealcoy.es\\\/es\\\/famorca-prepara-sus-fiestas-patronales\\\/\"},\"wordCount\":277,\"commentCount\":0,\"image\":{\"@id\":\"https:\\\/\\\/www.copealcoy.es\\\/es\\\/famorca-prepara-sus-fiestas-patronales\\\/#primaryimage\"},\"thumbnailUrl\":\"https:\\\/\\\/www.copealcoy.es\\\/wp-content\\\/uploads\\\/2019\\\/08\\\/foto5-1.jpg\",\"keywords\":[\"Comtat\",\"Famorca\",\"fiestas patronales\",\"preparaci\u00f3n\"],\"articleSection\":[\"Comarcas\",\"Noticias\"],\"inLanguage\":\"es\"},{\"@type\":\"WebPage\",\"@id\":\"https:\\\/\\\/www.copealcoy.es\\\/es\\\/famorca-prepara-sus-fiestas-patronales\\\/\",\"url\":\"https:\\\/\\\/www.copealcoy.es\\\/es\\\/famorca-prepara-sus-fiestas-patronales\\\/\",\"name\":\"Famorca prepara sus Fiestas patronales - COPE Alcoy\",\"isPartOf\":{\"@id\":\"https:\\\/\\\/www.copealcoy.es\\\/es\\\/#website\"},\"primaryImageOfPage\":{\"@id\":\"https:\\\/\\\/www.copealcoy.es\\\/es\\\/famorca-prepara-sus-fiestas-patronales\\\/#primaryimage\"},\"image\":{\"@id\":\"https:\\\/\\\/www.copealcoy.es\\\/es\\\/famorca-prepara-sus-fiestas-patronales\\\/#primaryimage\"},\"thumbnailUrl\":\"https:\\\/\\\/www.copealcoy.es\\\/wp-content\\\/uploads\\\/2019\\\/08\\\/foto5-1.jpg\",\"datePublished\":\"2019-08-07T13:33:24+00:00\",\"author\":{\"@id\":\"https:\\\/\\\/www.copealcoy.es\\\/es\\\/#\\\/schema\\\/person\\\/e777c87fa024e57d40170af9df39882c\"},\"breadcrumb\":{\"@id\":\"https:\\\/\\\/www.copealcoy.es\\\/es\\\/famorca-prepara-sus-fiestas-patronales\\\/#breadcrumb\"},\"inLanguage\":\"es\",\"potentialAction\":[{\"@type\":\"ReadAction\",\"target\":[\"https:\\\/\\\/www.copealcoy.es\\\/es\\\/famorca-prepara-sus-fiestas-patronales\\\/\"]}]},{\"@type\":\"ImageObject\",\"inLanguage\":\"es\",\"@id\":\"https:\\\/\\\/www.copealcoy.es\\\/es\\\/famorca-prepara-sus-fiestas-patronales\\\/#primaryimage\",\"url\":\"https:\\\/\\\/www.copealcoy.es\\\/wp-content\\\/uploads\\\/2019\\\/08\\\/foto5-1.jpg\",\"contentUrl\":\"https:\\\/\\\/www.copealcoy.es\\\/wp-content\\\/uploads\\\/2019\\\/08\\\/foto5-1.jpg\",\"width\":2362,\"height\":1549},{\"@type\":\"BreadcrumbList\",\"@id\":\"https:\\\/\\\/www.copealcoy.es\\\/es\\\/famorca-prepara-sus-fiestas-patronales\\\/#breadcrumb\",\"itemListElement\":[{\"@type\":\"ListItem\",\"position\":1,\"name\":\"Portada\",\"item\":\"https:\\\/\\\/www.copealcoy.es\\\/es\\\/\"},{\"@type\":\"ListItem\",\"position\":2,\"name\":\"Famorca prepara sus Fiestas patronales\"}]},{\"@type\":\"WebSite\",\"@id\":\"https:\\\/\\\/www.copealcoy.es\\\/es\\\/#website\",\"url\":\"https:\\\/\\\/www.copealcoy.es\\\/es\\\/\",\"name\":\"COPE Alcoy\",\"description\":\"Emisora COPE de radio local con emisi\u00f3n online. Pont de Sant Jordi 8-10 03803 Alcoy\",\"potentialAction\":[{\"@type\":\"SearchAction\",\"target\":{\"@type\":\"EntryPoint\",\"urlTemplate\":\"https:\\\/\\\/www.copealcoy.es\\\/es\\\/?s={search_term_string}\"},\"query-input\":{\"@type\":\"PropertyValueSpecification\",\"valueRequired\":true,\"valueName\":\"search_term_string\"}}],\"inLanguage\":\"es\"},{\"@type\":\"Person\",\"@id\":\"https:\\\/\\\/www.copealcoy.es\\\/es\\\/#\\\/schema\\\/person\\\/e777c87fa024e57d40170af9df39882c\",\"name\":\"Cope Alcoy\",\"image\":{\"@type\":\"ImageObject\",\"inLanguage\":\"es\",\"@id\":\"https:\\\/\\\/secure.gravatar.com\\\/avatar\\\/bb65d0283347e303893ba14f0692005417c1e0e690a325a4c5d8bb2b3943ee14?s=96&d=mm&r=g\",\"url\":\"https:\\\/\\\/secure.gravatar.com\\\/avatar\\\/bb65d0283347e303893ba14f0692005417c1e0e690a325a4c5d8bb2b3943ee14?s=96&d=mm&r=g\",\"contentUrl\":\"https:\\\/\\\/secure.gravatar.com\\\/avatar\\\/bb65d0283347e303893ba14f0692005417c1e0e690a325a4c5d8bb2b3943ee14?s=96&d=mm&r=g\",\"caption\":\"Cope Alcoy\"}}]}<\/script>\n<!-- \/ Yoast SEO plugin. -->","yoast_head_json":{"title":"Famorca prepara sus Fiestas patronales - COPE Alcoy","robots":{"index":"index","follow":"follow","max-snippet":"max-snippet:-1","max-image-preview":"max-image-preview:large","max-video-preview":"max-video-preview:-1"},"canonical":"https:\/\/www.copealcoy.es\/es\/famorca-prepara-sus-fiestas-patronales\/","og_locale":"es_ES","og_type":"article","og_title":"Famorca prepara sus Fiestas patronales - COPE Alcoy","og_description":"Famorca ultima los preparativos para sus Fiestas patronales, unas celebraciones que tienen siempre lugar a principios del mes de agosto....","og_url":"https:\/\/www.copealcoy.es\/es\/famorca-prepara-sus-fiestas-patronales\/","og_site_name":"COPE Alcoy","article_published_time":"2019-08-07T13:33:24+00:00","og_image":[{"width":2362,"height":1549,"url":"https:\/\/www.copealcoy.es\/wp-content\/uploads\/2019\/08\/foto5-1.jpg","type":"image\/jpeg"}],"author":"Cope Alcoy","twitter_misc":{"Escrito por":"Cope Alcoy","Tiempo de lectura":"1 minuto"},"schema":{"@context":"https:\/\/schema.org","@graph":[{"@type":"Article","@id":"https:\/\/www.copealcoy.es\/es\/famorca-prepara-sus-fiestas-patronales\/#article","isPartOf":{"@id":"https:\/\/www.copealcoy.es\/es\/famorca-prepara-sus-fiestas-patronales\/"},"author":{"name":"Cope Alcoy","@id":"https:\/\/www.copealcoy.es\/es\/#\/schema\/person\/e777c87fa024e57d40170af9df39882c"},"headline":"Famorca prepara sus Fiestas patronales","datePublished":"2019-08-07T13:33:24+00:00","mainEntityOfPage":{"@id":"https:\/\/www.copealcoy.es\/es\/famorca-prepara-sus-fiestas-patronales\/"},"wordCount":277,"commentCount":0,"image":{"@id":"https:\/\/www.copealcoy.es\/es\/famorca-prepara-sus-fiestas-patronales\/#primaryimage"},"thumbnailUrl":"https:\/\/www.copealcoy.es\/wp-content\/uploads\/2019\/08\/foto5-1.jpg","keywords":["Comtat","Famorca","fiestas patronales","preparaci\u00f3n"],"articleSection":["Comarcas","Noticias"],"inLanguage":"es"},{"@type":"WebPage","@id":"https:\/\/www.copealcoy.es\/es\/famorca-prepara-sus-fiestas-patronales\/","url":"https:\/\/www.copealcoy.es\/es\/famorca-prepara-sus-fiestas-patronales\/","name":"Famorca prepara sus Fiestas patronales - COPE Alcoy","isPartOf":{"@id":"https:\/\/www.copealcoy.es\/es\/#website"},"primaryImageOfPage":{"@id":"https:\/\/www.copealcoy.es\/es\/famorca-prepara-sus-fiestas-patronales\/#primaryimage"},"image":{"@id":"https:\/\/www.copealcoy.es\/es\/famorca-prepara-sus-fiestas-patronales\/#primaryimage"},"thumbnailUrl":"https:\/\/www.copealcoy.es\/wp-content\/uploads\/2019\/08\/foto5-1.jpg","datePublished":"2019-08-07T13:33:24+00:00","author":{"@id":"https:\/\/www.copealcoy.es\/es\/#\/schema\/person\/e777c87fa024e57d40170af9df39882c"},"breadcrumb":{"@id":"https:\/\/www.copealcoy.es\/es\/famorca-prepara-sus-fiestas-patronales\/#breadcrumb"},"inLanguage":"es","potentialAction":[{"@type":"ReadAction","target":["https:\/\/www.copealcoy.es\/es\/famorca-prepara-sus-fiestas-patronales\/"]}]},{"@type":"ImageObject","inLanguage":"es","@id":"https:\/\/www.copealcoy.es\/es\/famorca-prepara-sus-fiestas-patronales\/#primaryimage","url":"https:\/\/www.copealcoy.es\/wp-content\/uploads\/2019\/08\/foto5-1.jpg","contentUrl":"https:\/\/www.copealcoy.es\/wp-content\/uploads\/2019\/08\/foto5-1.jpg","width":2362,"height":1549},{"@type":"BreadcrumbList","@id":"https:\/\/www.copealcoy.es\/es\/famorca-prepara-sus-fiestas-patronales\/#breadcrumb","itemListElement":[{"@type":"ListItem","position":1,"name":"Portada","item":"https:\/\/www.copealcoy.es\/es\/"},{"@type":"ListItem","position":2,"name":"Famorca prepara sus Fiestas patronales"}]},{"@type":"WebSite","@id":"https:\/\/www.copealcoy.es\/es\/#website","url":"https:\/\/www.copealcoy.es\/es\/","name":"COPE Alcoy","description":"Emisora COPE de radio local con emisi\u00f3n online. Pont de Sant Jordi 8-10 03803 Alcoy","potentialAction":[{"@type":"SearchAction","target":{"@type":"EntryPoint","urlTemplate":"https:\/\/www.copealcoy.es\/es\/?s={search_term_string}"},"query-input":{"@type":"PropertyValueSpecification","valueRequired":true,"valueName":"search_term_string"}}],"inLanguage":"es"},{"@type":"Person","@id":"https:\/\/www.copealcoy.es\/es\/#\/schema\/person\/e777c87fa024e57d40170af9df39882c","name":"Cope Alcoy","image":{"@type":"ImageObject","inLanguage":"es","@id":"https:\/\/secure.gravatar.com\/avatar\/bb65d0283347e303893ba14f0692005417c1e0e690a325a4c5d8bb2b3943ee14?s=96&d=mm&r=g","url":"https:\/\/secure.gravatar.com\/avatar\/bb65d0283347e303893ba14f0692005417c1e0e690a325a4c5d8bb2b3943ee14?s=96&d=mm&r=g","contentUrl":"https:\/\/secure.gravatar.com\/avatar\/bb65d0283347e303893ba14f0692005417c1e0e690a325a4c5d8bb2b3943ee14?s=96&d=mm&r=g","caption":"Cope Alcoy"}}]}},"_links":{"self":[{"href":"https:\/\/www.copealcoy.es\/es\/wp-json\/wp\/v2\/posts\/54122","targetHints":{"allow":["GET"]}}],"collection":[{"href":"https:\/\/www.copealcoy.es\/es\/wp-json\/wp\/v2\/posts"}],"about":[{"href":"https:\/\/www.copealcoy.es\/es\/wp-json\/wp\/v2\/types\/post"}],"author":[{"embeddable":true,"href":"https:\/\/www.copealcoy.es\/es\/wp-json\/wp\/v2\/users\/1"}],"replies":[{"embeddable":true,"href":"https:\/\/www.copealcoy.es\/es\/wp-json\/wp\/v2\/comments?post=54122"}],"version-history":[{"count":0,"href":"https:\/\/www.copealcoy.es\/es\/wp-json\/wp\/v2\/posts\/54122\/revisions"}],"wp:featuredmedia":[{"embeddable":true,"href":"https:\/\/www.copealcoy.es\/es\/wp-json\/wp\/v2\/media\/54125"}],"wp:attachment":[{"href":"https:\/\/www.copealcoy.es\/es\/wp-json\/wp\/v2\/media?parent=54122"}],"wp:term":[{"taxonomy":"category","embeddable":true,"href":"https:\/\/www.copealcoy.es\/es\/wp-json\/wp\/v2\/categories?post=54122"},{"taxonomy":"post_tag","embeddable":true,"href":"https:\/\/www.copealcoy.es\/es\/wp-json\/wp\/v2\/tags?post=54122"}],"curies":[{"name":"wp","href":"https:\/\/api.w.org\/{rel}","templated":true}]}}