{"id":54116,"date":"2019-08-06T17:48:44","date_gmt":"2019-08-06T17:48:44","guid":{"rendered":"https:\/\/copealcoi.es\/?p=54116"},"modified":"2019-08-06T17:48:44","modified_gmt":"2019-08-06T17:48:44","slug":"ruben-garces-se-incorpora-al-cd-alcoyano","status":"publish","type":"post","link":"https:\/\/www.copealcoy.es\/es\/ruben-garces-se-incorpora-al-cd-alcoyano\/","title":{"rendered":"Rub\u00e9n Garc\u00e9s se incorpora al CD Alcoyano"},"content":{"rendered":"<p style=\"text-align: justify;\">El C.D. Alcoyano ha anunciado en el d\u00eda de hoy, <strong>\u00a0la que es hasta el momento<\/strong>, su \u00faltima incorporaci\u00f3n.<\/p>\n<p style=\"text-align: justify;\">Se trata de <strong>Rub\u00e9n Garc\u00e9s<\/strong>, jugador que viene a reforzar la retaguardia de la escuadra de Vicente Parras.<\/p>\n<p style=\"text-align: justify;\">Destaca por su polivalencia, ya que puede jugar tanto de <strong>central <\/strong>como de<strong> lateral derecho<\/strong>. Tiene un muy buen desplazamiento en largo con su pierna derecha. Su altura le permite tener un buen juego aereo y suele encargarse de las principales amenazas a\u00e9reas del equipo rival.<\/p>\n<p style=\"text-align: justify;\">Es un jugador criado en<strong> la cantera del Huesca<\/strong>, y con <strong>experiencia en Segunda Divisi\u00f3n B<\/strong>. Esta \u00faltima temporada <strong>estuvo en la S.D. Ejea<\/strong>, rival del Alcoyano en el Grupo 3.<\/p>\n<p style=\"text-align: justify;\">Le deseamos la mayor de las suertes <strong>para ayudar al Deportivo<\/strong> con su objetivo de regresar a la categor\u00eda de bronce del f\u00fatbol espa\u00f1ol<\/p>\n","protected":false},"excerpt":{"rendered":"<p>El C.D. Alcoyano ha anunciado en el d\u00eda de hoy, \u00a0la que es hasta el momento, su \u00faltima incorporaci\u00f3n. Se&#8230;<\/p>\n","protected":false},"author":1,"featured_media":54117,"comment_status":"open","ping_status":"open","sticky":false,"template":"","format":"standard","meta":{"footnotes":""},"categories":[92,75],"tags":[2118,1239,9096],"class_list":["post-54116","post","type-post","status-publish","format-standard","has-post-thumbnail","hentry","category-deportes","category-noticias","tag-cd-alcoyano","tag-incorporacion","tag-ruben-garces"],"yoast_head":"<!-- This site is optimized with the Yoast SEO plugin v27.3 - https:\/\/yoast.com\/product\/yoast-seo-wordpress\/ -->\n<title>Rub\u00e9n Garc\u00e9s se incorpora al CD Alcoyano - COPE Alcoy<\/title>\n<meta name=\"robots\" content=\"index, follow, max-snippet:-1, max-image-preview:large, max-video-preview:-1\" \/>\n<link rel=\"canonical\" href=\"https:\/\/www.copealcoy.es\/es\/ruben-garces-se-incorpora-al-cd-alcoyano\/\" \/>\n<meta property=\"og:locale\" content=\"es_ES\" \/>\n<meta property=\"og:type\" content=\"article\" \/>\n<meta property=\"og:title\" content=\"Rub\u00e9n Garc\u00e9s se incorpora al CD Alcoyano - COPE Alcoy\" \/>\n<meta property=\"og:description\" content=\"El C.D. Alcoyano ha anunciado en el d\u00eda de hoy, \u00a0la que es hasta el momento, su \u00faltima incorporaci\u00f3n. Se...\" \/>\n<meta property=\"og:url\" content=\"https:\/\/www.copealcoy.es\/es\/ruben-garces-se-incorpora-al-cd-alcoyano\/\" \/>\n<meta property=\"og:site_name\" content=\"COPE Alcoy\" \/>\n<meta property=\"article:published_time\" content=\"2019-08-06T17:48:44+00:00\" \/>\n<meta property=\"og:image\" content=\"https:\/\/www.copealcoy.es\/wp-content\/uploads\/2019\/08\/GARCES-02-1.jpg\" \/>\n\t<meta property=\"og:image:width\" content=\"800\" \/>\n\t<meta property=\"og:image:height\" content=\"578\" \/>\n\t<meta property=\"og:image:type\" content=\"image\/jpeg\" \/>\n<meta name=\"author\" content=\"Cope Alcoy\" \/>\n<meta name=\"twitter:label1\" content=\"Escrito por\" \/>\n\t<meta name=\"twitter:data1\" content=\"Cope Alcoy\" \/>\n\t<meta name=\"twitter:label2\" content=\"Tiempo de lectura\" \/>\n\t<meta name=\"twitter:data2\" content=\"1 minuto\" \/>\n<script type=\"application\/ld+json\" class=\"yoast-schema-graph\">{\"@context\":\"https:\\\/\\\/schema.org\",\"@graph\":[{\"@type\":\"Article\",\"@id\":\"https:\\\/\\\/www.copealcoy.es\\\/es\\\/ruben-garces-se-incorpora-al-cd-alcoyano\\\/#article\",\"isPartOf\":{\"@id\":\"https:\\\/\\\/www.copealcoy.es\\\/es\\\/ruben-garces-se-incorpora-al-cd-alcoyano\\\/\"},\"author\":{\"name\":\"Cope Alcoy\",\"@id\":\"https:\\\/\\\/www.copealcoy.es\\\/es\\\/#\\\/schema\\\/person\\\/e777c87fa024e57d40170af9df39882c\"},\"headline\":\"Rub\u00e9n Garc\u00e9s se incorpora al CD Alcoyano\",\"datePublished\":\"2019-08-06T17:48:44+00:00\",\"mainEntityOfPage\":{\"@id\":\"https:\\\/\\\/www.copealcoy.es\\\/es\\\/ruben-garces-se-incorpora-al-cd-alcoyano\\\/\"},\"wordCount\":157,\"commentCount\":0,\"image\":{\"@id\":\"https:\\\/\\\/www.copealcoy.es\\\/es\\\/ruben-garces-se-incorpora-al-cd-alcoyano\\\/#primaryimage\"},\"thumbnailUrl\":\"https:\\\/\\\/www.copealcoy.es\\\/wp-content\\\/uploads\\\/2019\\\/08\\\/GARCES-02-1.jpg\",\"keywords\":[\"CD Alcoyano\",\"Incorporaci\u00f3n\",\"Rub\u00e9n Garc\u00e9s\"],\"articleSection\":[\"Deportes\",\"Noticias\"],\"inLanguage\":\"es\"},{\"@type\":\"WebPage\",\"@id\":\"https:\\\/\\\/www.copealcoy.es\\\/es\\\/ruben-garces-se-incorpora-al-cd-alcoyano\\\/\",\"url\":\"https:\\\/\\\/www.copealcoy.es\\\/es\\\/ruben-garces-se-incorpora-al-cd-alcoyano\\\/\",\"name\":\"Rub\u00e9n Garc\u00e9s se incorpora al CD Alcoyano - COPE Alcoy\",\"isPartOf\":{\"@id\":\"https:\\\/\\\/www.copealcoy.es\\\/es\\\/#website\"},\"primaryImageOfPage\":{\"@id\":\"https:\\\/\\\/www.copealcoy.es\\\/es\\\/ruben-garces-se-incorpora-al-cd-alcoyano\\\/#primaryimage\"},\"image\":{\"@id\":\"https:\\\/\\\/www.copealcoy.es\\\/es\\\/ruben-garces-se-incorpora-al-cd-alcoyano\\\/#primaryimage\"},\"thumbnailUrl\":\"https:\\\/\\\/www.copealcoy.es\\\/wp-content\\\/uploads\\\/2019\\\/08\\\/GARCES-02-1.jpg\",\"datePublished\":\"2019-08-06T17:48:44+00:00\",\"author\":{\"@id\":\"https:\\\/\\\/www.copealcoy.es\\\/es\\\/#\\\/schema\\\/person\\\/e777c87fa024e57d40170af9df39882c\"},\"breadcrumb\":{\"@id\":\"https:\\\/\\\/www.copealcoy.es\\\/es\\\/ruben-garces-se-incorpora-al-cd-alcoyano\\\/#breadcrumb\"},\"inLanguage\":\"es\",\"potentialAction\":[{\"@type\":\"ReadAction\",\"target\":[\"https:\\\/\\\/www.copealcoy.es\\\/es\\\/ruben-garces-se-incorpora-al-cd-alcoyano\\\/\"]}]},{\"@type\":\"ImageObject\",\"inLanguage\":\"es\",\"@id\":\"https:\\\/\\\/www.copealcoy.es\\\/es\\\/ruben-garces-se-incorpora-al-cd-alcoyano\\\/#primaryimage\",\"url\":\"https:\\\/\\\/www.copealcoy.es\\\/wp-content\\\/uploads\\\/2019\\\/08\\\/GARCES-02-1.jpg\",\"contentUrl\":\"https:\\\/\\\/www.copealcoy.es\\\/wp-content\\\/uploads\\\/2019\\\/08\\\/GARCES-02-1.jpg\",\"width\":800,\"height\":578},{\"@type\":\"BreadcrumbList\",\"@id\":\"https:\\\/\\\/www.copealcoy.es\\\/es\\\/ruben-garces-se-incorpora-al-cd-alcoyano\\\/#breadcrumb\",\"itemListElement\":[{\"@type\":\"ListItem\",\"position\":1,\"name\":\"Portada\",\"item\":\"https:\\\/\\\/www.copealcoy.es\\\/es\\\/\"},{\"@type\":\"ListItem\",\"position\":2,\"name\":\"Rub\u00e9n Garc\u00e9s se incorpora al CD Alcoyano\"}]},{\"@type\":\"WebSite\",\"@id\":\"https:\\\/\\\/www.copealcoy.es\\\/es\\\/#website\",\"url\":\"https:\\\/\\\/www.copealcoy.es\\\/es\\\/\",\"name\":\"COPE Alcoy\",\"description\":\"Emisora COPE de radio local con emisi\u00f3n online. Pont de Sant Jordi 8-10 03803 Alcoy\",\"potentialAction\":[{\"@type\":\"SearchAction\",\"target\":{\"@type\":\"EntryPoint\",\"urlTemplate\":\"https:\\\/\\\/www.copealcoy.es\\\/es\\\/?s={search_term_string}\"},\"query-input\":{\"@type\":\"PropertyValueSpecification\",\"valueRequired\":true,\"valueName\":\"search_term_string\"}}],\"inLanguage\":\"es\"},{\"@type\":\"Person\",\"@id\":\"https:\\\/\\\/www.copealcoy.es\\\/es\\\/#\\\/schema\\\/person\\\/e777c87fa024e57d40170af9df39882c\",\"name\":\"Cope Alcoy\",\"image\":{\"@type\":\"ImageObject\",\"inLanguage\":\"es\",\"@id\":\"https:\\\/\\\/secure.gravatar.com\\\/avatar\\\/bb65d0283347e303893ba14f0692005417c1e0e690a325a4c5d8bb2b3943ee14?s=96&d=mm&r=g\",\"url\":\"https:\\\/\\\/secure.gravatar.com\\\/avatar\\\/bb65d0283347e303893ba14f0692005417c1e0e690a325a4c5d8bb2b3943ee14?s=96&d=mm&r=g\",\"contentUrl\":\"https:\\\/\\\/secure.gravatar.com\\\/avatar\\\/bb65d0283347e303893ba14f0692005417c1e0e690a325a4c5d8bb2b3943ee14?s=96&d=mm&r=g\",\"caption\":\"Cope Alcoy\"}}]}<\/script>\n<!-- \/ Yoast SEO plugin. -->","yoast_head_json":{"title":"Rub\u00e9n Garc\u00e9s se incorpora al CD Alcoyano - COPE Alcoy","robots":{"index":"index","follow":"follow","max-snippet":"max-snippet:-1","max-image-preview":"max-image-preview:large","max-video-preview":"max-video-preview:-1"},"canonical":"https:\/\/www.copealcoy.es\/es\/ruben-garces-se-incorpora-al-cd-alcoyano\/","og_locale":"es_ES","og_type":"article","og_title":"Rub\u00e9n Garc\u00e9s se incorpora al CD Alcoyano - COPE Alcoy","og_description":"El C.D. Alcoyano ha anunciado en el d\u00eda de hoy, \u00a0la que es hasta el momento, su \u00faltima incorporaci\u00f3n. Se...","og_url":"https:\/\/www.copealcoy.es\/es\/ruben-garces-se-incorpora-al-cd-alcoyano\/","og_site_name":"COPE Alcoy","article_published_time":"2019-08-06T17:48:44+00:00","og_image":[{"width":800,"height":578,"url":"https:\/\/www.copealcoy.es\/wp-content\/uploads\/2019\/08\/GARCES-02-1.jpg","type":"image\/jpeg"}],"author":"Cope Alcoy","twitter_misc":{"Escrito por":"Cope Alcoy","Tiempo de lectura":"1 minuto"},"schema":{"@context":"https:\/\/schema.org","@graph":[{"@type":"Article","@id":"https:\/\/www.copealcoy.es\/es\/ruben-garces-se-incorpora-al-cd-alcoyano\/#article","isPartOf":{"@id":"https:\/\/www.copealcoy.es\/es\/ruben-garces-se-incorpora-al-cd-alcoyano\/"},"author":{"name":"Cope Alcoy","@id":"https:\/\/www.copealcoy.es\/es\/#\/schema\/person\/e777c87fa024e57d40170af9df39882c"},"headline":"Rub\u00e9n Garc\u00e9s se incorpora al CD Alcoyano","datePublished":"2019-08-06T17:48:44+00:00","mainEntityOfPage":{"@id":"https:\/\/www.copealcoy.es\/es\/ruben-garces-se-incorpora-al-cd-alcoyano\/"},"wordCount":157,"commentCount":0,"image":{"@id":"https:\/\/www.copealcoy.es\/es\/ruben-garces-se-incorpora-al-cd-alcoyano\/#primaryimage"},"thumbnailUrl":"https:\/\/www.copealcoy.es\/wp-content\/uploads\/2019\/08\/GARCES-02-1.jpg","keywords":["CD Alcoyano","Incorporaci\u00f3n","Rub\u00e9n Garc\u00e9s"],"articleSection":["Deportes","Noticias"],"inLanguage":"es"},{"@type":"WebPage","@id":"https:\/\/www.copealcoy.es\/es\/ruben-garces-se-incorpora-al-cd-alcoyano\/","url":"https:\/\/www.copealcoy.es\/es\/ruben-garces-se-incorpora-al-cd-alcoyano\/","name":"Rub\u00e9n Garc\u00e9s se incorpora al CD Alcoyano - COPE Alcoy","isPartOf":{"@id":"https:\/\/www.copealcoy.es\/es\/#website"},"primaryImageOfPage":{"@id":"https:\/\/www.copealcoy.es\/es\/ruben-garces-se-incorpora-al-cd-alcoyano\/#primaryimage"},"image":{"@id":"https:\/\/www.copealcoy.es\/es\/ruben-garces-se-incorpora-al-cd-alcoyano\/#primaryimage"},"thumbnailUrl":"https:\/\/www.copealcoy.es\/wp-content\/uploads\/2019\/08\/GARCES-02-1.jpg","datePublished":"2019-08-06T17:48:44+00:00","author":{"@id":"https:\/\/www.copealcoy.es\/es\/#\/schema\/person\/e777c87fa024e57d40170af9df39882c"},"breadcrumb":{"@id":"https:\/\/www.copealcoy.es\/es\/ruben-garces-se-incorpora-al-cd-alcoyano\/#breadcrumb"},"inLanguage":"es","potentialAction":[{"@type":"ReadAction","target":["https:\/\/www.copealcoy.es\/es\/ruben-garces-se-incorpora-al-cd-alcoyano\/"]}]},{"@type":"ImageObject","inLanguage":"es","@id":"https:\/\/www.copealcoy.es\/es\/ruben-garces-se-incorpora-al-cd-alcoyano\/#primaryimage","url":"https:\/\/www.copealcoy.es\/wp-content\/uploads\/2019\/08\/GARCES-02-1.jpg","contentUrl":"https:\/\/www.copealcoy.es\/wp-content\/uploads\/2019\/08\/GARCES-02-1.jpg","width":800,"height":578},{"@type":"BreadcrumbList","@id":"https:\/\/www.copealcoy.es\/es\/ruben-garces-se-incorpora-al-cd-alcoyano\/#breadcrumb","itemListElement":[{"@type":"ListItem","position":1,"name":"Portada","item":"https:\/\/www.copealcoy.es\/es\/"},{"@type":"ListItem","position":2,"name":"Rub\u00e9n Garc\u00e9s se incorpora al CD Alcoyano"}]},{"@type":"WebSite","@id":"https:\/\/www.copealcoy.es\/es\/#website","url":"https:\/\/www.copealcoy.es\/es\/","name":"COPE Alcoy","description":"Emisora COPE de radio local con emisi\u00f3n online. Pont de Sant Jordi 8-10 03803 Alcoy","potentialAction":[{"@type":"SearchAction","target":{"@type":"EntryPoint","urlTemplate":"https:\/\/www.copealcoy.es\/es\/?s={search_term_string}"},"query-input":{"@type":"PropertyValueSpecification","valueRequired":true,"valueName":"search_term_string"}}],"inLanguage":"es"},{"@type":"Person","@id":"https:\/\/www.copealcoy.es\/es\/#\/schema\/person\/e777c87fa024e57d40170af9df39882c","name":"Cope Alcoy","image":{"@type":"ImageObject","inLanguage":"es","@id":"https:\/\/secure.gravatar.com\/avatar\/bb65d0283347e303893ba14f0692005417c1e0e690a325a4c5d8bb2b3943ee14?s=96&d=mm&r=g","url":"https:\/\/secure.gravatar.com\/avatar\/bb65d0283347e303893ba14f0692005417c1e0e690a325a4c5d8bb2b3943ee14?s=96&d=mm&r=g","contentUrl":"https:\/\/secure.gravatar.com\/avatar\/bb65d0283347e303893ba14f0692005417c1e0e690a325a4c5d8bb2b3943ee14?s=96&d=mm&r=g","caption":"Cope Alcoy"}}]}},"_links":{"self":[{"href":"https:\/\/www.copealcoy.es\/es\/wp-json\/wp\/v2\/posts\/54116","targetHints":{"allow":["GET"]}}],"collection":[{"href":"https:\/\/www.copealcoy.es\/es\/wp-json\/wp\/v2\/posts"}],"about":[{"href":"https:\/\/www.copealcoy.es\/es\/wp-json\/wp\/v2\/types\/post"}],"author":[{"embeddable":true,"href":"https:\/\/www.copealcoy.es\/es\/wp-json\/wp\/v2\/users\/1"}],"replies":[{"embeddable":true,"href":"https:\/\/www.copealcoy.es\/es\/wp-json\/wp\/v2\/comments?post=54116"}],"version-history":[{"count":0,"href":"https:\/\/www.copealcoy.es\/es\/wp-json\/wp\/v2\/posts\/54116\/revisions"}],"wp:featuredmedia":[{"embeddable":true,"href":"https:\/\/www.copealcoy.es\/es\/wp-json\/wp\/v2\/media\/54117"}],"wp:attachment":[{"href":"https:\/\/www.copealcoy.es\/es\/wp-json\/wp\/v2\/media?parent=54116"}],"wp:term":[{"taxonomy":"category","embeddable":true,"href":"https:\/\/www.copealcoy.es\/es\/wp-json\/wp\/v2\/categories?post=54116"},{"taxonomy":"post_tag","embeddable":true,"href":"https:\/\/www.copealcoy.es\/es\/wp-json\/wp\/v2\/tags?post=54116"}],"curies":[{"name":"wp","href":"https:\/\/api.w.org\/{rel}","templated":true}]}}