{"id":54106,"date":"2019-08-06T17:21:47","date_gmt":"2019-08-06T17:21:47","guid":{"rendered":"https:\/\/copealcoi.es\/?p=54106"},"modified":"2019-08-06T17:21:47","modified_gmt":"2019-08-06T17:21:47","slug":"el-tsj-condena-a-alcoy-a-pagar-800-000-euros-por-la-reparcelacion-de-un-sector-del-casco-antiguo","status":"publish","type":"post","link":"https:\/\/www.copealcoy.es\/es\/el-tsj-condena-a-alcoy-a-pagar-800-000-euros-por-la-reparcelacion-de-un-sector-del-casco-antiguo\/","title":{"rendered":"Alcoy pagar\u00e1 800.000 \u20ac por una reparcelaci\u00f3n en el casco antiguo"},"content":{"rendered":"<p style=\"text-align: justify;\">El <strong>Tribunal Superior de Justicia de la Comunidad Valenciana<\/strong> (TSJ) condena al Ayuntamiento de Alcoy a pagar <strong>una indemnizaci\u00f3n de 513.534 euros<\/strong>, m\u00e1s intereses, al <strong>propietario de un edificio afectado por la reparcelaci\u00f3n<\/strong> de la conocida como <strong>UE 2 sector I &#8220;Vila i Raval Vell&#8221; del casco hist\u00f3rico de Alcoy<\/strong> y que fue anulada por <strong>sentencia firme<\/strong> al considerar contraria a la ley.<\/p>\n<p style=\"text-align: justify;\">Los hechos se remontan <strong>al a\u00f1o 2005<\/strong> cuando el propietario de un inmueble, situado en \u00a0la zona delimitada por el Plan de Urbanizaci\u00f3n de la &#8220;Vila i Raval Vell&#8221; del Centro Hist\u00f3rico, <strong>se vio privado de su inmueble y solicit\u00f3 al juzgado que se anulase el citado Proyecto de urbanizaci\u00f3n y el consiguiente de reparcelaci\u00f3n<\/strong> que fueron aprobados por el <strong>Gobierno Local del PP<\/strong> de entonces con un gran n\u00famero de alegaciones en contra de colectivos vecinales, entidades y propietarios de suelo.<\/p>\n<p style=\"text-align: justify;\">La sentencia, que ha difundido el Gobierno Local del PSOE, dice que <strong>la justificaci\u00f3n por parte del Ayuntamiento para modificar el Plan Especial<\/strong> aprobado era insuficiente. Asimismo refleja que <strong>no se actu\u00f3 por una m\u00e1s justa distribuci\u00f3n de beneficios y cargas urban\u00edsticas<\/strong> sino que se pretend\u00eda compensar <strong>la ausencia de atractivo<\/strong> para el posible mercado inmobiliario &#8220;<em>como pasa con otros proyectos, 14 a\u00f1os despu\u00e9s, los alcoyanos tenemos que pagar la nefasta gesti\u00f3n del PP. Han pasado ya dos legislaturas desde que accedimos al Gobierno Municipal y continuamos encontr\u00e1ndonos con hipotecas de la etapa del PP. Por donde pasa el PP no vuelve a crecer la hierba<\/em>&#8220;, afirma la edil de Urbanismo; <strong>Lorena Zamorano<\/strong>.<\/p>\n<p style=\"text-align: justify;\">Indicar que no se pudo cumplir la sentencia por qu\u00e9 el Ayuntamiento <strong>ya hab\u00eda procedido a adjudicar y desarrollar la reparcelaci\u00f3n<\/strong> <strong>y reurbanizaci\u00f3n<\/strong>, lo que comport\u00f3 que el propietario <strong>solicitara indemnizaci\u00f3n<\/strong> por la demolici\u00f3n de su inmueble. No hubo acuerdo y ahora el recurso de apelaci\u00f3n <strong>ha fijado la indemnizaci\u00f3n<\/strong> a su favor.<\/p>\n","protected":false},"excerpt":{"rendered":"<p>El Tribunal Superior de Justicia de la Comunidad Valenciana (TSJ) condena al Ayuntamiento de Alcoy a pagar una indemnizaci\u00f3n de&#8230;<\/p>\n","protected":false},"author":1,"featured_media":54108,"comment_status":"open","ping_status":"open","sticky":false,"template":"","format":"standard","meta":{"footnotes":""},"categories":[97,75,125],"tags":[9094,1494,5455,1796,227,9095],"class_list":["post-54106","post","type-post","status-publish","format-standard","has-post-thumbnail","hentry","category-alcoy","category-noticias","category-portada","tag-800-000-euros","tag-alcoy","tag-casco-antiguo","tag-lorena-zamorano","tag-pp","tag-reparcelacion"],"yoast_head":"<!-- This site is optimized with the Yoast SEO plugin v27.3 - https:\/\/yoast.com\/product\/yoast-seo-wordpress\/ -->\n<title>Alcoy pagar\u00e1 800.000 \u20ac por una reparcelaci\u00f3n en el casco antiguo - COPE Alcoy<\/title>\n<meta name=\"robots\" content=\"index, follow, max-snippet:-1, max-image-preview:large, max-video-preview:-1\" \/>\n<link rel=\"canonical\" href=\"https:\/\/www.copealcoy.es\/es\/el-tsj-condena-a-alcoy-a-pagar-800-000-euros-por-la-reparcelacion-de-un-sector-del-casco-antiguo\/\" \/>\n<meta property=\"og:locale\" content=\"es_ES\" \/>\n<meta property=\"og:type\" content=\"article\" \/>\n<meta property=\"og:title\" content=\"Alcoy pagar\u00e1 800.000 \u20ac por una reparcelaci\u00f3n en el casco antiguo - COPE Alcoy\" \/>\n<meta property=\"og:description\" content=\"El Tribunal Superior de Justicia de la Comunidad Valenciana (TSJ) condena al Ayuntamiento de Alcoy a pagar una indemnizaci\u00f3n de...\" \/>\n<meta property=\"og:url\" content=\"https:\/\/www.copealcoy.es\/es\/el-tsj-condena-a-alcoy-a-pagar-800-000-euros-por-la-reparcelacion-de-un-sector-del-casco-antiguo\/\" \/>\n<meta property=\"og:site_name\" content=\"COPE Alcoy\" \/>\n<meta property=\"article:published_time\" content=\"2019-08-06T17:21:47+00:00\" \/>\n<meta property=\"og:image\" content=\"https:\/\/www.copealcoy.es\/wp-content\/uploads\/2019\/08\/88187-600-338-1.jpg\" \/>\n\t<meta property=\"og:image:width\" content=\"600\" \/>\n\t<meta property=\"og:image:height\" content=\"338\" \/>\n\t<meta property=\"og:image:type\" content=\"image\/jpeg\" \/>\n<meta name=\"author\" content=\"Cope Alcoy\" \/>\n<meta name=\"twitter:label1\" content=\"Escrito por\" \/>\n\t<meta name=\"twitter:data1\" content=\"Cope Alcoy\" \/>\n\t<meta name=\"twitter:label2\" content=\"Tiempo de lectura\" \/>\n\t<meta name=\"twitter:data2\" content=\"2 minutos\" \/>\n<script type=\"application\/ld+json\" class=\"yoast-schema-graph\">{\"@context\":\"https:\\\/\\\/schema.org\",\"@graph\":[{\"@type\":\"Article\",\"@id\":\"https:\\\/\\\/www.copealcoy.es\\\/es\\\/el-tsj-condena-a-alcoy-a-pagar-800-000-euros-por-la-reparcelacion-de-un-sector-del-casco-antiguo\\\/#article\",\"isPartOf\":{\"@id\":\"https:\\\/\\\/www.copealcoy.es\\\/es\\\/el-tsj-condena-a-alcoy-a-pagar-800-000-euros-por-la-reparcelacion-de-un-sector-del-casco-antiguo\\\/\"},\"author\":{\"name\":\"Cope Alcoy\",\"@id\":\"https:\\\/\\\/www.copealcoy.es\\\/es\\\/#\\\/schema\\\/person\\\/e777c87fa024e57d40170af9df39882c\"},\"headline\":\"Alcoy pagar\u00e1 800.000 \u20ac por una reparcelaci\u00f3n en el casco antiguo\",\"datePublished\":\"2019-08-06T17:21:47+00:00\",\"mainEntityOfPage\":{\"@id\":\"https:\\\/\\\/www.copealcoy.es\\\/es\\\/el-tsj-condena-a-alcoy-a-pagar-800-000-euros-por-la-reparcelacion-de-un-sector-del-casco-antiguo\\\/\"},\"wordCount\":343,\"commentCount\":0,\"image\":{\"@id\":\"https:\\\/\\\/www.copealcoy.es\\\/es\\\/el-tsj-condena-a-alcoy-a-pagar-800-000-euros-por-la-reparcelacion-de-un-sector-del-casco-antiguo\\\/#primaryimage\"},\"thumbnailUrl\":\"https:\\\/\\\/www.copealcoy.es\\\/wp-content\\\/uploads\\\/2019\\\/08\\\/88187-600-338-1.jpg\",\"keywords\":[\"800.000 euros\",\"Alcoy\",\"casco antiguo\",\"Lorena Zamorano\",\"PP\",\"reparcelaci\u00f3n\"],\"articleSection\":[\"Alcoy\",\"Noticias\",\"Portada\"],\"inLanguage\":\"es\"},{\"@type\":\"WebPage\",\"@id\":\"https:\\\/\\\/www.copealcoy.es\\\/es\\\/el-tsj-condena-a-alcoy-a-pagar-800-000-euros-por-la-reparcelacion-de-un-sector-del-casco-antiguo\\\/\",\"url\":\"https:\\\/\\\/www.copealcoy.es\\\/es\\\/el-tsj-condena-a-alcoy-a-pagar-800-000-euros-por-la-reparcelacion-de-un-sector-del-casco-antiguo\\\/\",\"name\":\"Alcoy pagar\u00e1 800.000 \u20ac por una reparcelaci\u00f3n en el casco antiguo - COPE Alcoy\",\"isPartOf\":{\"@id\":\"https:\\\/\\\/www.copealcoy.es\\\/es\\\/#website\"},\"primaryImageOfPage\":{\"@id\":\"https:\\\/\\\/www.copealcoy.es\\\/es\\\/el-tsj-condena-a-alcoy-a-pagar-800-000-euros-por-la-reparcelacion-de-un-sector-del-casco-antiguo\\\/#primaryimage\"},\"image\":{\"@id\":\"https:\\\/\\\/www.copealcoy.es\\\/es\\\/el-tsj-condena-a-alcoy-a-pagar-800-000-euros-por-la-reparcelacion-de-un-sector-del-casco-antiguo\\\/#primaryimage\"},\"thumbnailUrl\":\"https:\\\/\\\/www.copealcoy.es\\\/wp-content\\\/uploads\\\/2019\\\/08\\\/88187-600-338-1.jpg\",\"datePublished\":\"2019-08-06T17:21:47+00:00\",\"author\":{\"@id\":\"https:\\\/\\\/www.copealcoy.es\\\/es\\\/#\\\/schema\\\/person\\\/e777c87fa024e57d40170af9df39882c\"},\"breadcrumb\":{\"@id\":\"https:\\\/\\\/www.copealcoy.es\\\/es\\\/el-tsj-condena-a-alcoy-a-pagar-800-000-euros-por-la-reparcelacion-de-un-sector-del-casco-antiguo\\\/#breadcrumb\"},\"inLanguage\":\"es\",\"potentialAction\":[{\"@type\":\"ReadAction\",\"target\":[\"https:\\\/\\\/www.copealcoy.es\\\/es\\\/el-tsj-condena-a-alcoy-a-pagar-800-000-euros-por-la-reparcelacion-de-un-sector-del-casco-antiguo\\\/\"]}]},{\"@type\":\"ImageObject\",\"inLanguage\":\"es\",\"@id\":\"https:\\\/\\\/www.copealcoy.es\\\/es\\\/el-tsj-condena-a-alcoy-a-pagar-800-000-euros-por-la-reparcelacion-de-un-sector-del-casco-antiguo\\\/#primaryimage\",\"url\":\"https:\\\/\\\/www.copealcoy.es\\\/wp-content\\\/uploads\\\/2019\\\/08\\\/88187-600-338-1.jpg\",\"contentUrl\":\"https:\\\/\\\/www.copealcoy.es\\\/wp-content\\\/uploads\\\/2019\\\/08\\\/88187-600-338-1.jpg\",\"width\":600,\"height\":338},{\"@type\":\"BreadcrumbList\",\"@id\":\"https:\\\/\\\/www.copealcoy.es\\\/es\\\/el-tsj-condena-a-alcoy-a-pagar-800-000-euros-por-la-reparcelacion-de-un-sector-del-casco-antiguo\\\/#breadcrumb\",\"itemListElement\":[{\"@type\":\"ListItem\",\"position\":1,\"name\":\"Portada\",\"item\":\"https:\\\/\\\/www.copealcoy.es\\\/es\\\/\"},{\"@type\":\"ListItem\",\"position\":2,\"name\":\"Alcoy pagar\u00e1 800.000 \u20ac por una reparcelaci\u00f3n en el casco antiguo\"}]},{\"@type\":\"WebSite\",\"@id\":\"https:\\\/\\\/www.copealcoy.es\\\/es\\\/#website\",\"url\":\"https:\\\/\\\/www.copealcoy.es\\\/es\\\/\",\"name\":\"COPE Alcoy\",\"description\":\"Emisora COPE de radio local con emisi\u00f3n online. Pont de Sant Jordi 8-10 03803 Alcoy\",\"potentialAction\":[{\"@type\":\"SearchAction\",\"target\":{\"@type\":\"EntryPoint\",\"urlTemplate\":\"https:\\\/\\\/www.copealcoy.es\\\/es\\\/?s={search_term_string}\"},\"query-input\":{\"@type\":\"PropertyValueSpecification\",\"valueRequired\":true,\"valueName\":\"search_term_string\"}}],\"inLanguage\":\"es\"},{\"@type\":\"Person\",\"@id\":\"https:\\\/\\\/www.copealcoy.es\\\/es\\\/#\\\/schema\\\/person\\\/e777c87fa024e57d40170af9df39882c\",\"name\":\"Cope Alcoy\",\"image\":{\"@type\":\"ImageObject\",\"inLanguage\":\"es\",\"@id\":\"https:\\\/\\\/secure.gravatar.com\\\/avatar\\\/bb65d0283347e303893ba14f0692005417c1e0e690a325a4c5d8bb2b3943ee14?s=96&d=mm&r=g\",\"url\":\"https:\\\/\\\/secure.gravatar.com\\\/avatar\\\/bb65d0283347e303893ba14f0692005417c1e0e690a325a4c5d8bb2b3943ee14?s=96&d=mm&r=g\",\"contentUrl\":\"https:\\\/\\\/secure.gravatar.com\\\/avatar\\\/bb65d0283347e303893ba14f0692005417c1e0e690a325a4c5d8bb2b3943ee14?s=96&d=mm&r=g\",\"caption\":\"Cope Alcoy\"}}]}<\/script>\n<!-- \/ Yoast SEO plugin. -->","yoast_head_json":{"title":"Alcoy pagar\u00e1 800.000 \u20ac por una reparcelaci\u00f3n en el casco antiguo - COPE Alcoy","robots":{"index":"index","follow":"follow","max-snippet":"max-snippet:-1","max-image-preview":"max-image-preview:large","max-video-preview":"max-video-preview:-1"},"canonical":"https:\/\/www.copealcoy.es\/es\/el-tsj-condena-a-alcoy-a-pagar-800-000-euros-por-la-reparcelacion-de-un-sector-del-casco-antiguo\/","og_locale":"es_ES","og_type":"article","og_title":"Alcoy pagar\u00e1 800.000 \u20ac por una reparcelaci\u00f3n en el casco antiguo - COPE Alcoy","og_description":"El Tribunal Superior de Justicia de la Comunidad Valenciana (TSJ) condena al Ayuntamiento de Alcoy a pagar una indemnizaci\u00f3n de...","og_url":"https:\/\/www.copealcoy.es\/es\/el-tsj-condena-a-alcoy-a-pagar-800-000-euros-por-la-reparcelacion-de-un-sector-del-casco-antiguo\/","og_site_name":"COPE Alcoy","article_published_time":"2019-08-06T17:21:47+00:00","og_image":[{"width":600,"height":338,"url":"https:\/\/www.copealcoy.es\/wp-content\/uploads\/2019\/08\/88187-600-338-1.jpg","type":"image\/jpeg"}],"author":"Cope Alcoy","twitter_misc":{"Escrito por":"Cope Alcoy","Tiempo de lectura":"2 minutos"},"schema":{"@context":"https:\/\/schema.org","@graph":[{"@type":"Article","@id":"https:\/\/www.copealcoy.es\/es\/el-tsj-condena-a-alcoy-a-pagar-800-000-euros-por-la-reparcelacion-de-un-sector-del-casco-antiguo\/#article","isPartOf":{"@id":"https:\/\/www.copealcoy.es\/es\/el-tsj-condena-a-alcoy-a-pagar-800-000-euros-por-la-reparcelacion-de-un-sector-del-casco-antiguo\/"},"author":{"name":"Cope Alcoy","@id":"https:\/\/www.copealcoy.es\/es\/#\/schema\/person\/e777c87fa024e57d40170af9df39882c"},"headline":"Alcoy pagar\u00e1 800.000 \u20ac por una reparcelaci\u00f3n en el casco antiguo","datePublished":"2019-08-06T17:21:47+00:00","mainEntityOfPage":{"@id":"https:\/\/www.copealcoy.es\/es\/el-tsj-condena-a-alcoy-a-pagar-800-000-euros-por-la-reparcelacion-de-un-sector-del-casco-antiguo\/"},"wordCount":343,"commentCount":0,"image":{"@id":"https:\/\/www.copealcoy.es\/es\/el-tsj-condena-a-alcoy-a-pagar-800-000-euros-por-la-reparcelacion-de-un-sector-del-casco-antiguo\/#primaryimage"},"thumbnailUrl":"https:\/\/www.copealcoy.es\/wp-content\/uploads\/2019\/08\/88187-600-338-1.jpg","keywords":["800.000 euros","Alcoy","casco antiguo","Lorena Zamorano","PP","reparcelaci\u00f3n"],"articleSection":["Alcoy","Noticias","Portada"],"inLanguage":"es"},{"@type":"WebPage","@id":"https:\/\/www.copealcoy.es\/es\/el-tsj-condena-a-alcoy-a-pagar-800-000-euros-por-la-reparcelacion-de-un-sector-del-casco-antiguo\/","url":"https:\/\/www.copealcoy.es\/es\/el-tsj-condena-a-alcoy-a-pagar-800-000-euros-por-la-reparcelacion-de-un-sector-del-casco-antiguo\/","name":"Alcoy pagar\u00e1 800.000 \u20ac por una reparcelaci\u00f3n en el casco antiguo - COPE Alcoy","isPartOf":{"@id":"https:\/\/www.copealcoy.es\/es\/#website"},"primaryImageOfPage":{"@id":"https:\/\/www.copealcoy.es\/es\/el-tsj-condena-a-alcoy-a-pagar-800-000-euros-por-la-reparcelacion-de-un-sector-del-casco-antiguo\/#primaryimage"},"image":{"@id":"https:\/\/www.copealcoy.es\/es\/el-tsj-condena-a-alcoy-a-pagar-800-000-euros-por-la-reparcelacion-de-un-sector-del-casco-antiguo\/#primaryimage"},"thumbnailUrl":"https:\/\/www.copealcoy.es\/wp-content\/uploads\/2019\/08\/88187-600-338-1.jpg","datePublished":"2019-08-06T17:21:47+00:00","author":{"@id":"https:\/\/www.copealcoy.es\/es\/#\/schema\/person\/e777c87fa024e57d40170af9df39882c"},"breadcrumb":{"@id":"https:\/\/www.copealcoy.es\/es\/el-tsj-condena-a-alcoy-a-pagar-800-000-euros-por-la-reparcelacion-de-un-sector-del-casco-antiguo\/#breadcrumb"},"inLanguage":"es","potentialAction":[{"@type":"ReadAction","target":["https:\/\/www.copealcoy.es\/es\/el-tsj-condena-a-alcoy-a-pagar-800-000-euros-por-la-reparcelacion-de-un-sector-del-casco-antiguo\/"]}]},{"@type":"ImageObject","inLanguage":"es","@id":"https:\/\/www.copealcoy.es\/es\/el-tsj-condena-a-alcoy-a-pagar-800-000-euros-por-la-reparcelacion-de-un-sector-del-casco-antiguo\/#primaryimage","url":"https:\/\/www.copealcoy.es\/wp-content\/uploads\/2019\/08\/88187-600-338-1.jpg","contentUrl":"https:\/\/www.copealcoy.es\/wp-content\/uploads\/2019\/08\/88187-600-338-1.jpg","width":600,"height":338},{"@type":"BreadcrumbList","@id":"https:\/\/www.copealcoy.es\/es\/el-tsj-condena-a-alcoy-a-pagar-800-000-euros-por-la-reparcelacion-de-un-sector-del-casco-antiguo\/#breadcrumb","itemListElement":[{"@type":"ListItem","position":1,"name":"Portada","item":"https:\/\/www.copealcoy.es\/es\/"},{"@type":"ListItem","position":2,"name":"Alcoy pagar\u00e1 800.000 \u20ac por una reparcelaci\u00f3n en el casco antiguo"}]},{"@type":"WebSite","@id":"https:\/\/www.copealcoy.es\/es\/#website","url":"https:\/\/www.copealcoy.es\/es\/","name":"COPE Alcoy","description":"Emisora COPE de radio local con emisi\u00f3n online. Pont de Sant Jordi 8-10 03803 Alcoy","potentialAction":[{"@type":"SearchAction","target":{"@type":"EntryPoint","urlTemplate":"https:\/\/www.copealcoy.es\/es\/?s={search_term_string}"},"query-input":{"@type":"PropertyValueSpecification","valueRequired":true,"valueName":"search_term_string"}}],"inLanguage":"es"},{"@type":"Person","@id":"https:\/\/www.copealcoy.es\/es\/#\/schema\/person\/e777c87fa024e57d40170af9df39882c","name":"Cope Alcoy","image":{"@type":"ImageObject","inLanguage":"es","@id":"https:\/\/secure.gravatar.com\/avatar\/bb65d0283347e303893ba14f0692005417c1e0e690a325a4c5d8bb2b3943ee14?s=96&d=mm&r=g","url":"https:\/\/secure.gravatar.com\/avatar\/bb65d0283347e303893ba14f0692005417c1e0e690a325a4c5d8bb2b3943ee14?s=96&d=mm&r=g","contentUrl":"https:\/\/secure.gravatar.com\/avatar\/bb65d0283347e303893ba14f0692005417c1e0e690a325a4c5d8bb2b3943ee14?s=96&d=mm&r=g","caption":"Cope Alcoy"}}]}},"_links":{"self":[{"href":"https:\/\/www.copealcoy.es\/es\/wp-json\/wp\/v2\/posts\/54106","targetHints":{"allow":["GET"]}}],"collection":[{"href":"https:\/\/www.copealcoy.es\/es\/wp-json\/wp\/v2\/posts"}],"about":[{"href":"https:\/\/www.copealcoy.es\/es\/wp-json\/wp\/v2\/types\/post"}],"author":[{"embeddable":true,"href":"https:\/\/www.copealcoy.es\/es\/wp-json\/wp\/v2\/users\/1"}],"replies":[{"embeddable":true,"href":"https:\/\/www.copealcoy.es\/es\/wp-json\/wp\/v2\/comments?post=54106"}],"version-history":[{"count":0,"href":"https:\/\/www.copealcoy.es\/es\/wp-json\/wp\/v2\/posts\/54106\/revisions"}],"wp:featuredmedia":[{"embeddable":true,"href":"https:\/\/www.copealcoy.es\/es\/wp-json\/wp\/v2\/media\/54108"}],"wp:attachment":[{"href":"https:\/\/www.copealcoy.es\/es\/wp-json\/wp\/v2\/media?parent=54106"}],"wp:term":[{"taxonomy":"category","embeddable":true,"href":"https:\/\/www.copealcoy.es\/es\/wp-json\/wp\/v2\/categories?post=54106"},{"taxonomy":"post_tag","embeddable":true,"href":"https:\/\/www.copealcoy.es\/es\/wp-json\/wp\/v2\/tags?post=54106"}],"curies":[{"name":"wp","href":"https:\/\/api.w.org\/{rel}","templated":true}]}}