{"id":54068,"date":"2019-08-06T15:27:44","date_gmt":"2019-08-06T15:27:44","guid":{"rendered":"https:\/\/copealcoi.es\/?p=54068"},"modified":"2019-08-06T15:27:44","modified_gmt":"2019-08-06T15:27:44","slug":"ruben-colomina-arroyo-es-el-capitan-moro-de-la-fila-bereberes-els-borts","status":"publish","type":"post","link":"https:\/\/www.copealcoy.es\/es\/ruben-colomina-arroyo-es-el-capitan-moro-de-la-fila-bereberes-els-borts\/","title":{"rendered":"Rub\u00e9n Colomina Arroyo es el Capit\u00e1n Moro de la Fil\u00e0 Bereberes &#8216;Els Borts&#8217;"},"content":{"rendered":"<p style=\"text-align: justify;\">La emblem\u00e1tica <strong>Fil\u00e0 Bereberes \u2018Els Borts\u2019 de Cocentaina<\/strong> asume este a\u00f1o el cargo de <strong>Capitan\u00eda<\/strong> en el bando moro y en esta ocasi\u00f3n el festero <strong>Rub\u00e9n Colomina Arroyo<\/strong> ser\u00e1 el encargado de asumir esta importante tarea.<\/p>\n<p style=\"text-align: justify;\">El m\u00e1ximo representante de las tropas mahometanas&nbsp; <strong>debut\u00f3 en la Festa Contestana en el a\u00f1o 2005<\/strong> y hasta el momento ha tenido oportunidad de participar en<strong> varias escuadras de negros<\/strong> con motivo de los cargos anteriores que ha desempe\u00f1ado la Fil\u00e0 al igual que<strong> ha sido Publicador<\/strong> junto a su hijo. Asimismo afronta estas Fiestas <strong>de forma especial<\/strong> y se\u00f1ala que en todo momento <strong>est\u00e1 acompa\u00f1ado por sus amigos, familiares y compa\u00f1eros<\/strong> \u201c<em>todos ellos me han animado para que yo dijese que s\u00ed e hiciese el Capit\u00e1n. En la Fil\u00e0 somos una peque\u00f1a-gran familia y estamos trabajando desde pr\u00e1cticamente el d\u00eda del descanso del a\u00f1o pasado para preparar el cargo<\/em>\u201d, ha asegurado este martes en COPE ALCOY.<\/p>\n<p style=\"text-align: justify;\">En cuanto al boato, el Capit\u00e1n Moro detalla que <strong>ha sido dise\u00f1ado en su conjunto por la firma local Roper\u00eda Chimo<\/strong> al mismo tiempo que advierte que en el mismo <strong>habr\u00e1 una gran carga simb\u00f3lica<\/strong> \u201c<em>vamos a hacer un homenaje a nuestro pasado y a la Capitan\u00eda que hicimos en 1974; la cual marc\u00f3 un antes y un despu\u00e9s. En todo el acompa\u00f1amiento tendr\u00e1n un especial protagonismo los caparazones de tortuga que tanto nos identificaban e incluso contaremos con elementos que nos trasladar\u00e1n a las tierras africanas de las que procede el pueblo Bereber<\/em>\u201d; detalla.<\/p>\n<p style=\"text-align: justify;\">Sobre las Fiestas de Moros y Cristianos de Cocentaina, el Capit\u00e1n asegura que <strong>son unas celebraciones participativas que se viven en la calle<\/strong> al igual que confiesa que <strong>la Diana es uno de sus actos favoritos<\/strong> &#8220;<em>como cargo espero la Entrada porque en Cocentaina se viven dos instantes muy especiales como son el giro que hace la carroza en la parte alta del Passeig del Comtat o la magn\u00edfica entrada a la Plaza del Pla. Otro de los momentos que me apasionan es el Alardo, un acto que vivo con intensidad ya que otro de los emblemas que diferencia a la Fil\u00e0 Bereberes &#8216;Els Borts&#8217; del resto de formaciones festeras es el espectacular ca\u00f1\u00f3n que empleamos en esa jornada para disparar<\/em>&#8220;; asevera.<\/p>\n<p style=\"text-align: justify;\">Indicar que a Rub\u00e9n le acompa\u00f1ar\u00e1n durante estas Fiestas<strong> su mujer Eva Visconti<\/strong>&nbsp;mientras que&nbsp;<b>Sara&nbsp;<\/b><span style=\"font-weight: 600;\">Visconti<\/span><b>&nbsp; Mauro Colimina y Hugo Colomina estar\u00e1n como Rodells.&nbsp;<\/b>Por su parte&nbsp;<strong>la Associaci\u00f3 Musical L\u2019Avan\u00e7 del Campello<\/strong> interpretar\u00e1 en la Entrada <strong>la pieza musical \u2018Waham\u2019<\/strong> de Francisco Valor.<\/p>\n<p>Aqu\u00ed puedes escuchar la entrevista a Rub\u00e9n Colomina Arroyo:<\/p>\n<p><iframe loading=\"lazy\" title=\"La Ma\u00f1ana En Alcoy De Verano Martes 6 De Agosto 2019\" width=\"100%\" height=\"120\" src=\"https:\/\/www.mixcloud.com\/widget\/iframe\/?feed=https%3A%2F%2Fwww.mixcloud.com%2FCOPEAlcoy%2Fla-ma%25C3%25B1ana-en-alcoy-martes-6-de-agosto-2019%2F&amp;hide_cover=1\" frameborder=\"0\"><\/iframe><\/p>\n","protected":false},"excerpt":{"rendered":"<p>La emblem\u00e1tica Fil\u00e0 Bereberes \u2018Els Borts\u2019 de Cocentaina asume este a\u00f1o el cargo de Capitan\u00eda en el bando moro y&#8230;<\/p>\n","protected":false},"author":1,"featured_media":54085,"comment_status":"open","ping_status":"open","sticky":false,"template":"","format":"standard","meta":{"footnotes":""},"categories":[98,75],"tags":[1313,9088,609,9089,4488],"class_list":["post-54068","post","type-post","status-publish","format-standard","has-post-thumbnail","hentry","category-comarcas","category-noticias","tag-capitan-moro","tag-fila-bereberes-els-borts","tag-moros-y-cristianos","tag-ruben-colomina-arroyo","tag-san-hipolito-martir"],"yoast_head":"<!-- This site is optimized with the Yoast SEO plugin v27.3 - https:\/\/yoast.com\/product\/yoast-seo-wordpress\/ -->\n<title>Rub\u00e9n Colomina Arroyo es el Capit\u00e1n Moro de la Fil\u00e0 Bereberes &#039;Els Borts&#039; - COPE Alcoy<\/title>\n<meta name=\"robots\" content=\"index, follow, max-snippet:-1, max-image-preview:large, max-video-preview:-1\" \/>\n<link rel=\"canonical\" href=\"https:\/\/www.copealcoy.es\/es\/ruben-colomina-arroyo-es-el-capitan-moro-de-la-fila-bereberes-els-borts\/\" \/>\n<meta property=\"og:locale\" content=\"es_ES\" \/>\n<meta property=\"og:type\" content=\"article\" \/>\n<meta property=\"og:title\" content=\"Rub\u00e9n Colomina Arroyo es el Capit\u00e1n Moro de la Fil\u00e0 Bereberes &#039;Els Borts&#039; - COPE Alcoy\" \/>\n<meta property=\"og:description\" content=\"La emblem\u00e1tica Fil\u00e0 Bereberes \u2018Els Borts\u2019 de Cocentaina asume este a\u00f1o el cargo de Capitan\u00eda en el bando moro y...\" \/>\n<meta property=\"og:url\" content=\"https:\/\/www.copealcoy.es\/es\/ruben-colomina-arroyo-es-el-capitan-moro-de-la-fila-bereberes-els-borts\/\" \/>\n<meta property=\"og:site_name\" content=\"COPE Alcoy\" \/>\n<meta property=\"article:published_time\" content=\"2019-08-06T15:27:44+00:00\" \/>\n<meta property=\"og:image\" content=\"https:\/\/www.copealcoy.es\/wp-content\/uploads\/2019\/08\/IMG_3566-e1565107908482-1-scaled.jpg\" \/>\n\t<meta property=\"og:image:width\" content=\"2560\" \/>\n\t<meta property=\"og:image:height\" content=\"1639\" \/>\n\t<meta property=\"og:image:type\" content=\"image\/jpeg\" \/>\n<meta name=\"author\" content=\"Cope Alcoy\" \/>\n<meta name=\"twitter:label1\" content=\"Escrito por\" \/>\n\t<meta name=\"twitter:data1\" content=\"Cope Alcoy\" \/>\n\t<meta name=\"twitter:label2\" content=\"Tiempo de lectura\" \/>\n\t<meta name=\"twitter:data2\" content=\"2 minutos\" \/>\n<script type=\"application\/ld+json\" class=\"yoast-schema-graph\">{\"@context\":\"https:\\\/\\\/schema.org\",\"@graph\":[{\"@type\":\"Article\",\"@id\":\"https:\\\/\\\/www.copealcoy.es\\\/es\\\/ruben-colomina-arroyo-es-el-capitan-moro-de-la-fila-bereberes-els-borts\\\/#article\",\"isPartOf\":{\"@id\":\"https:\\\/\\\/www.copealcoy.es\\\/es\\\/ruben-colomina-arroyo-es-el-capitan-moro-de-la-fila-bereberes-els-borts\\\/\"},\"author\":{\"name\":\"Cope Alcoy\",\"@id\":\"https:\\\/\\\/www.copealcoy.es\\\/es\\\/#\\\/schema\\\/person\\\/e777c87fa024e57d40170af9df39882c\"},\"headline\":\"Rub\u00e9n Colomina Arroyo es el Capit\u00e1n Moro de la Fil\u00e0 Bereberes &#8216;Els Borts&#8217;\",\"datePublished\":\"2019-08-06T15:27:44+00:00\",\"mainEntityOfPage\":{\"@id\":\"https:\\\/\\\/www.copealcoy.es\\\/es\\\/ruben-colomina-arroyo-es-el-capitan-moro-de-la-fila-bereberes-els-borts\\\/\"},\"wordCount\":486,\"commentCount\":0,\"image\":{\"@id\":\"https:\\\/\\\/www.copealcoy.es\\\/es\\\/ruben-colomina-arroyo-es-el-capitan-moro-de-la-fila-bereberes-els-borts\\\/#primaryimage\"},\"thumbnailUrl\":\"https:\\\/\\\/www.copealcoy.es\\\/wp-content\\\/uploads\\\/2019\\\/08\\\/IMG_3566-e1565107908482-1-scaled.jpg\",\"keywords\":[\"capit\u00e1n moro\",\"Fil\u00e0 Bereberes 'Els Borts'\",\"Moros Y Cristianos\",\"Rub\u00e9n Colomina Arroyo\",\"San Hip\u00f3lito M\u00e1rtir\"],\"articleSection\":[\"Comarcas\",\"Noticias\"],\"inLanguage\":\"es\"},{\"@type\":\"WebPage\",\"@id\":\"https:\\\/\\\/www.copealcoy.es\\\/es\\\/ruben-colomina-arroyo-es-el-capitan-moro-de-la-fila-bereberes-els-borts\\\/\",\"url\":\"https:\\\/\\\/www.copealcoy.es\\\/es\\\/ruben-colomina-arroyo-es-el-capitan-moro-de-la-fila-bereberes-els-borts\\\/\",\"name\":\"Rub\u00e9n Colomina Arroyo es el Capit\u00e1n Moro de la Fil\u00e0 Bereberes 'Els Borts' - COPE Alcoy\",\"isPartOf\":{\"@id\":\"https:\\\/\\\/www.copealcoy.es\\\/es\\\/#website\"},\"primaryImageOfPage\":{\"@id\":\"https:\\\/\\\/www.copealcoy.es\\\/es\\\/ruben-colomina-arroyo-es-el-capitan-moro-de-la-fila-bereberes-els-borts\\\/#primaryimage\"},\"image\":{\"@id\":\"https:\\\/\\\/www.copealcoy.es\\\/es\\\/ruben-colomina-arroyo-es-el-capitan-moro-de-la-fila-bereberes-els-borts\\\/#primaryimage\"},\"thumbnailUrl\":\"https:\\\/\\\/www.copealcoy.es\\\/wp-content\\\/uploads\\\/2019\\\/08\\\/IMG_3566-e1565107908482-1-scaled.jpg\",\"datePublished\":\"2019-08-06T15:27:44+00:00\",\"author\":{\"@id\":\"https:\\\/\\\/www.copealcoy.es\\\/es\\\/#\\\/schema\\\/person\\\/e777c87fa024e57d40170af9df39882c\"},\"breadcrumb\":{\"@id\":\"https:\\\/\\\/www.copealcoy.es\\\/es\\\/ruben-colomina-arroyo-es-el-capitan-moro-de-la-fila-bereberes-els-borts\\\/#breadcrumb\"},\"inLanguage\":\"es\",\"potentialAction\":[{\"@type\":\"ReadAction\",\"target\":[\"https:\\\/\\\/www.copealcoy.es\\\/es\\\/ruben-colomina-arroyo-es-el-capitan-moro-de-la-fila-bereberes-els-borts\\\/\"]}]},{\"@type\":\"ImageObject\",\"inLanguage\":\"es\",\"@id\":\"https:\\\/\\\/www.copealcoy.es\\\/es\\\/ruben-colomina-arroyo-es-el-capitan-moro-de-la-fila-bereberes-els-borts\\\/#primaryimage\",\"url\":\"https:\\\/\\\/www.copealcoy.es\\\/wp-content\\\/uploads\\\/2019\\\/08\\\/IMG_3566-e1565107908482-1-scaled.jpg\",\"contentUrl\":\"https:\\\/\\\/www.copealcoy.es\\\/wp-content\\\/uploads\\\/2019\\\/08\\\/IMG_3566-e1565107908482-1-scaled.jpg\",\"width\":2560,\"height\":1639,\"caption\":\"Rub\u00e9n Colomina Arroyo en la entrevista mantenida en COPE ALCOY este martes\"},{\"@type\":\"BreadcrumbList\",\"@id\":\"https:\\\/\\\/www.copealcoy.es\\\/es\\\/ruben-colomina-arroyo-es-el-capitan-moro-de-la-fila-bereberes-els-borts\\\/#breadcrumb\",\"itemListElement\":[{\"@type\":\"ListItem\",\"position\":1,\"name\":\"Portada\",\"item\":\"https:\\\/\\\/www.copealcoy.es\\\/es\\\/\"},{\"@type\":\"ListItem\",\"position\":2,\"name\":\"Rub\u00e9n Colomina Arroyo es el Capit\u00e1n Moro de la Fil\u00e0 Bereberes &#8216;Els Borts&#8217;\"}]},{\"@type\":\"WebSite\",\"@id\":\"https:\\\/\\\/www.copealcoy.es\\\/es\\\/#website\",\"url\":\"https:\\\/\\\/www.copealcoy.es\\\/es\\\/\",\"name\":\"COPE Alcoy\",\"description\":\"Emisora COPE de radio local con emisi\u00f3n online. Pont de Sant Jordi 8-10 03803 Alcoy\",\"potentialAction\":[{\"@type\":\"SearchAction\",\"target\":{\"@type\":\"EntryPoint\",\"urlTemplate\":\"https:\\\/\\\/www.copealcoy.es\\\/es\\\/?s={search_term_string}\"},\"query-input\":{\"@type\":\"PropertyValueSpecification\",\"valueRequired\":true,\"valueName\":\"search_term_string\"}}],\"inLanguage\":\"es\"},{\"@type\":\"Person\",\"@id\":\"https:\\\/\\\/www.copealcoy.es\\\/es\\\/#\\\/schema\\\/person\\\/e777c87fa024e57d40170af9df39882c\",\"name\":\"Cope Alcoy\",\"image\":{\"@type\":\"ImageObject\",\"inLanguage\":\"es\",\"@id\":\"https:\\\/\\\/secure.gravatar.com\\\/avatar\\\/bb65d0283347e303893ba14f0692005417c1e0e690a325a4c5d8bb2b3943ee14?s=96&d=mm&r=g\",\"url\":\"https:\\\/\\\/secure.gravatar.com\\\/avatar\\\/bb65d0283347e303893ba14f0692005417c1e0e690a325a4c5d8bb2b3943ee14?s=96&d=mm&r=g\",\"contentUrl\":\"https:\\\/\\\/secure.gravatar.com\\\/avatar\\\/bb65d0283347e303893ba14f0692005417c1e0e690a325a4c5d8bb2b3943ee14?s=96&d=mm&r=g\",\"caption\":\"Cope Alcoy\"}}]}<\/script>\n<!-- \/ Yoast SEO plugin. -->","yoast_head_json":{"title":"Rub\u00e9n Colomina Arroyo es el Capit\u00e1n Moro de la Fil\u00e0 Bereberes 'Els Borts' - COPE Alcoy","robots":{"index":"index","follow":"follow","max-snippet":"max-snippet:-1","max-image-preview":"max-image-preview:large","max-video-preview":"max-video-preview:-1"},"canonical":"https:\/\/www.copealcoy.es\/es\/ruben-colomina-arroyo-es-el-capitan-moro-de-la-fila-bereberes-els-borts\/","og_locale":"es_ES","og_type":"article","og_title":"Rub\u00e9n Colomina Arroyo es el Capit\u00e1n Moro de la Fil\u00e0 Bereberes 'Els Borts' - COPE Alcoy","og_description":"La emblem\u00e1tica Fil\u00e0 Bereberes \u2018Els Borts\u2019 de Cocentaina asume este a\u00f1o el cargo de Capitan\u00eda en el bando moro y...","og_url":"https:\/\/www.copealcoy.es\/es\/ruben-colomina-arroyo-es-el-capitan-moro-de-la-fila-bereberes-els-borts\/","og_site_name":"COPE Alcoy","article_published_time":"2019-08-06T15:27:44+00:00","og_image":[{"width":2560,"height":1639,"url":"https:\/\/www.copealcoy.es\/wp-content\/uploads\/2019\/08\/IMG_3566-e1565107908482-1-scaled.jpg","type":"image\/jpeg"}],"author":"Cope Alcoy","twitter_misc":{"Escrito por":"Cope Alcoy","Tiempo de lectura":"2 minutos"},"schema":{"@context":"https:\/\/schema.org","@graph":[{"@type":"Article","@id":"https:\/\/www.copealcoy.es\/es\/ruben-colomina-arroyo-es-el-capitan-moro-de-la-fila-bereberes-els-borts\/#article","isPartOf":{"@id":"https:\/\/www.copealcoy.es\/es\/ruben-colomina-arroyo-es-el-capitan-moro-de-la-fila-bereberes-els-borts\/"},"author":{"name":"Cope Alcoy","@id":"https:\/\/www.copealcoy.es\/es\/#\/schema\/person\/e777c87fa024e57d40170af9df39882c"},"headline":"Rub\u00e9n Colomina Arroyo es el Capit\u00e1n Moro de la Fil\u00e0 Bereberes &#8216;Els Borts&#8217;","datePublished":"2019-08-06T15:27:44+00:00","mainEntityOfPage":{"@id":"https:\/\/www.copealcoy.es\/es\/ruben-colomina-arroyo-es-el-capitan-moro-de-la-fila-bereberes-els-borts\/"},"wordCount":486,"commentCount":0,"image":{"@id":"https:\/\/www.copealcoy.es\/es\/ruben-colomina-arroyo-es-el-capitan-moro-de-la-fila-bereberes-els-borts\/#primaryimage"},"thumbnailUrl":"https:\/\/www.copealcoy.es\/wp-content\/uploads\/2019\/08\/IMG_3566-e1565107908482-1-scaled.jpg","keywords":["capit\u00e1n moro","Fil\u00e0 Bereberes 'Els Borts'","Moros Y Cristianos","Rub\u00e9n Colomina Arroyo","San Hip\u00f3lito M\u00e1rtir"],"articleSection":["Comarcas","Noticias"],"inLanguage":"es"},{"@type":"WebPage","@id":"https:\/\/www.copealcoy.es\/es\/ruben-colomina-arroyo-es-el-capitan-moro-de-la-fila-bereberes-els-borts\/","url":"https:\/\/www.copealcoy.es\/es\/ruben-colomina-arroyo-es-el-capitan-moro-de-la-fila-bereberes-els-borts\/","name":"Rub\u00e9n Colomina Arroyo es el Capit\u00e1n Moro de la Fil\u00e0 Bereberes 'Els Borts' - COPE Alcoy","isPartOf":{"@id":"https:\/\/www.copealcoy.es\/es\/#website"},"primaryImageOfPage":{"@id":"https:\/\/www.copealcoy.es\/es\/ruben-colomina-arroyo-es-el-capitan-moro-de-la-fila-bereberes-els-borts\/#primaryimage"},"image":{"@id":"https:\/\/www.copealcoy.es\/es\/ruben-colomina-arroyo-es-el-capitan-moro-de-la-fila-bereberes-els-borts\/#primaryimage"},"thumbnailUrl":"https:\/\/www.copealcoy.es\/wp-content\/uploads\/2019\/08\/IMG_3566-e1565107908482-1-scaled.jpg","datePublished":"2019-08-06T15:27:44+00:00","author":{"@id":"https:\/\/www.copealcoy.es\/es\/#\/schema\/person\/e777c87fa024e57d40170af9df39882c"},"breadcrumb":{"@id":"https:\/\/www.copealcoy.es\/es\/ruben-colomina-arroyo-es-el-capitan-moro-de-la-fila-bereberes-els-borts\/#breadcrumb"},"inLanguage":"es","potentialAction":[{"@type":"ReadAction","target":["https:\/\/www.copealcoy.es\/es\/ruben-colomina-arroyo-es-el-capitan-moro-de-la-fila-bereberes-els-borts\/"]}]},{"@type":"ImageObject","inLanguage":"es","@id":"https:\/\/www.copealcoy.es\/es\/ruben-colomina-arroyo-es-el-capitan-moro-de-la-fila-bereberes-els-borts\/#primaryimage","url":"https:\/\/www.copealcoy.es\/wp-content\/uploads\/2019\/08\/IMG_3566-e1565107908482-1-scaled.jpg","contentUrl":"https:\/\/www.copealcoy.es\/wp-content\/uploads\/2019\/08\/IMG_3566-e1565107908482-1-scaled.jpg","width":2560,"height":1639,"caption":"Rub\u00e9n Colomina Arroyo en la entrevista mantenida en COPE ALCOY este martes"},{"@type":"BreadcrumbList","@id":"https:\/\/www.copealcoy.es\/es\/ruben-colomina-arroyo-es-el-capitan-moro-de-la-fila-bereberes-els-borts\/#breadcrumb","itemListElement":[{"@type":"ListItem","position":1,"name":"Portada","item":"https:\/\/www.copealcoy.es\/es\/"},{"@type":"ListItem","position":2,"name":"Rub\u00e9n Colomina Arroyo es el Capit\u00e1n Moro de la Fil\u00e0 Bereberes &#8216;Els Borts&#8217;"}]},{"@type":"WebSite","@id":"https:\/\/www.copealcoy.es\/es\/#website","url":"https:\/\/www.copealcoy.es\/es\/","name":"COPE Alcoy","description":"Emisora COPE de radio local con emisi\u00f3n online. Pont de Sant Jordi 8-10 03803 Alcoy","potentialAction":[{"@type":"SearchAction","target":{"@type":"EntryPoint","urlTemplate":"https:\/\/www.copealcoy.es\/es\/?s={search_term_string}"},"query-input":{"@type":"PropertyValueSpecification","valueRequired":true,"valueName":"search_term_string"}}],"inLanguage":"es"},{"@type":"Person","@id":"https:\/\/www.copealcoy.es\/es\/#\/schema\/person\/e777c87fa024e57d40170af9df39882c","name":"Cope Alcoy","image":{"@type":"ImageObject","inLanguage":"es","@id":"https:\/\/secure.gravatar.com\/avatar\/bb65d0283347e303893ba14f0692005417c1e0e690a325a4c5d8bb2b3943ee14?s=96&d=mm&r=g","url":"https:\/\/secure.gravatar.com\/avatar\/bb65d0283347e303893ba14f0692005417c1e0e690a325a4c5d8bb2b3943ee14?s=96&d=mm&r=g","contentUrl":"https:\/\/secure.gravatar.com\/avatar\/bb65d0283347e303893ba14f0692005417c1e0e690a325a4c5d8bb2b3943ee14?s=96&d=mm&r=g","caption":"Cope Alcoy"}}]}},"_links":{"self":[{"href":"https:\/\/www.copealcoy.es\/es\/wp-json\/wp\/v2\/posts\/54068","targetHints":{"allow":["GET"]}}],"collection":[{"href":"https:\/\/www.copealcoy.es\/es\/wp-json\/wp\/v2\/posts"}],"about":[{"href":"https:\/\/www.copealcoy.es\/es\/wp-json\/wp\/v2\/types\/post"}],"author":[{"embeddable":true,"href":"https:\/\/www.copealcoy.es\/es\/wp-json\/wp\/v2\/users\/1"}],"replies":[{"embeddable":true,"href":"https:\/\/www.copealcoy.es\/es\/wp-json\/wp\/v2\/comments?post=54068"}],"version-history":[{"count":0,"href":"https:\/\/www.copealcoy.es\/es\/wp-json\/wp\/v2\/posts\/54068\/revisions"}],"wp:featuredmedia":[{"embeddable":true,"href":"https:\/\/www.copealcoy.es\/es\/wp-json\/wp\/v2\/media\/54085"}],"wp:attachment":[{"href":"https:\/\/www.copealcoy.es\/es\/wp-json\/wp\/v2\/media?parent=54068"}],"wp:term":[{"taxonomy":"category","embeddable":true,"href":"https:\/\/www.copealcoy.es\/es\/wp-json\/wp\/v2\/categories?post=54068"},{"taxonomy":"post_tag","embeddable":true,"href":"https:\/\/www.copealcoy.es\/es\/wp-json\/wp\/v2\/tags?post=54068"}],"curies":[{"name":"wp","href":"https:\/\/api.w.org\/{rel}","templated":true}]}}